{"id":1288,"date":"2023-08-15T01:36:10","date_gmt":"2023-08-15T01:36:10","guid":{"rendered":"https:\/\/ligadosantorosario.com\/?p=1288"},"modified":"2024-08-11T21:15:52","modified_gmt":"2024-08-11T21:15:52","slug":"dogma-da-assuncao-de-nossa-senhora","status":"publish","type":"post","link":"https:\/\/ligadosantorosario.com\/?p=1288","title":{"rendered":"Dogma da Assun\u00e7\u00e3o de Nossa Senhora"},"content":{"rendered":"\t\t<div data-elementor-type=\"wp-post\" data-elementor-id=\"1288\" class=\"elementor elementor-1288\" data-elementor-post-type=\"post\">\n\t\t\t\t\t\t<section class=\"elementor-section elementor-top-section elementor-element elementor-element-de822fa elementor-section-boxed elementor-section-height-default elementor-section-height-default\" data-id=\"de822fa\" data-element_type=\"section\">\n\t\t\t\t\t\t<div class=\"elementor-container elementor-column-gap-default\">\n\t\t\t\t\t<div class=\"elementor-column elementor-col-100 elementor-top-column elementor-element elementor-element-243a984\" data-id=\"243a984\" data-element_type=\"column\">\n\t\t\t<div class=\"elementor-widget-wrap elementor-element-populated\">\n\t\t\t\t\t\t<div class=\"elementor-element elementor-element-d452ca6 elementor-widget elementor-widget-image\" data-id=\"d452ca6\" data-element_type=\"widget\" data-widget_type=\"image.default\">\n\t\t\t\t<div class=\"elementor-widget-container\">\n\t\t\t<style>\/*! elementor - v3.23.0 - 05-08-2024 *\/\n.elementor-widget-image{text-align:center}.elementor-widget-image a{display:inline-block}.elementor-widget-image a img[src$=\".svg\"]{width:48px}.elementor-widget-image img{vertical-align:middle;display:inline-block}<\/style>\t\t\t\t\t\t\t\t\t\t<img fetchpriority=\"high\" decoding=\"async\" width=\"550\" height=\"611\" src=\"https:\/\/ligadosantorosario.com\/wp-content\/uploads\/Assuncao_Fra_Angelico_2.jpg\" class=\"attachment-large size-large wp-image-1290\" alt=\"\" srcset=\"https:\/\/ligadosantorosario.com\/wp-content\/uploads\/Assuncao_Fra_Angelico_2.jpg 550w, https:\/\/ligadosantorosario.com\/wp-content\/uploads\/Assuncao_Fra_Angelico_2-270x300.jpg 270w\" sizes=\"(max-width: 550px) 100vw, 550px\" \/>\t\t\t\t\t\t\t\t\t\t\t\t\t<\/div>\n\t\t\t\t<\/div>\n\t\t\t\t\t<\/div>\n\t\t<\/div>\n\t\t\t\t\t<\/div>\n\t\t<\/section>\n\t\t\t\t<section class=\"elementor-section elementor-top-section elementor-element elementor-element-f0c137b elementor-section-boxed elementor-section-height-default elementor-section-height-default\" data-id=\"f0c137b\" data-element_type=\"section\">\n\t\t\t\t\t\t<div class=\"elementor-container elementor-column-gap-default\">\n\t\t\t\t\t<div class=\"elementor-column elementor-col-100 elementor-top-column elementor-element elementor-element-136f2a5\" data-id=\"136f2a5\" data-element_type=\"column\">\n\t\t\t<div class=\"elementor-widget-wrap elementor-element-populated\">\n\t\t\t\t\t\t<div class=\"elementor-element elementor-element-ac7c956 elementor-widget elementor-widget-text-editor\" data-id=\"ac7c956\" data-element_type=\"widget\" data-widget_type=\"text-editor.default\">\n\t\t\t\t<div class=\"elementor-widget-container\">\n\t\t\t<style>\/*! elementor - v3.23.0 - 05-08-2024 *\/\n.elementor-widget-text-editor.elementor-drop-cap-view-stacked .elementor-drop-cap{background-color:#69727d;color:#fff}.elementor-widget-text-editor.elementor-drop-cap-view-framed .elementor-drop-cap{color:#69727d;border:3px solid;background-color:transparent}.elementor-widget-text-editor:not(.elementor-drop-cap-view-default) .elementor-drop-cap{margin-top:8px}.elementor-widget-text-editor:not(.elementor-drop-cap-view-default) .elementor-drop-cap-letter{width:1em;height:1em}.elementor-widget-text-editor .elementor-drop-cap{float:left;text-align:center;line-height:1;font-size:50px}.elementor-widget-text-editor .elementor-drop-cap-letter{display:inline-block}<\/style>\t\t\t\t<h4><h3>O dogma&nbsp; da Assun\u00e7\u00e3o ( ou eleva\u00e7\u00e3o ao c\u00e9u ) de Nossa Senhora foi proclamado em 1\u00ba de novembro de 1950. Por\u00e9m a festa remonta os s\u00e9culos V e VII, pois j\u00e1 era celebrada pelos fi\u00e9is da \u00e9poca.<span style=\"color: var( --e-global-color-text ); font-family: var( --e-global-typography-text-font-family ), Sans-serif; font-weight: var( --e-global-typography-text-font-weight ); font-size: 1rem;\">&nbsp;<br><\/span><\/h3><h3>Esse dogma que trouxe a Santa Igreja uma felicidade imensa tem como finalidade confirmar a Tradi\u00e7\u00e3o que nos teria ensinado que Nossa Senhora foi para o C\u00e9u em corpo e alma.<br>Tendo em vista que Ela foi a criatura mais perfeita que Deus criou e&nbsp; isenta de pecado, seu fim n\u00e3o poderia ser outro e por isso a Santa Igreja n\u00e3o hesitou em proclamar sua Assun\u00e7\u00e3o ao C\u00e9u.<\/h3><\/h4>\t\t\t\t\t\t<\/div>\n\t\t\t\t<\/div>\n\t\t\t\t\t<\/div>\n\t\t<\/div>\n\t\t\t\t\t<\/div>\n\t\t<\/section>\n\t\t\t\t<section class=\"elementor-section elementor-top-section elementor-element elementor-element-b62eb22 elementor-section-boxed elementor-section-height-default elementor-section-height-default\" data-id=\"b62eb22\" data-element_type=\"section\">\n\t\t\t\t\t\t<div class=\"elementor-container elementor-column-gap-default\">\n\t\t\t\t\t<div class=\"elementor-column elementor-col-100 elementor-top-column elementor-element elementor-element-21209c1\" data-id=\"21209c1\" data-element_type=\"column\">\n\t\t\t<div class=\"elementor-widget-wrap elementor-element-populated\">\n\t\t\t\t\t\t<div class=\"elementor-element elementor-element-05efd20 elementor-widget__width-initial elementor-widget elementor-widget-text-editor\" data-id=\"05efd20\" data-element_type=\"widget\" data-widget_type=\"text-editor.default\">\n\t\t\t\t<div class=\"elementor-widget-container\">\n\t\t\t\t\t\t\t<h2><b><i>Proclama\u00e7\u00e3o do Dogma<\/i><\/b><\/h2>\n<h3><i>&#8220;Pelo que, depois de termos dirigido a Deus repetidas s\u00faplicas, e de termos invocado a paz do Esp\u00edrito de verdade, para gl\u00f3ria de Deus onipotente que \u00e0 virgem Maria concedeu a sua especial benevol\u00eancia, para honra do seu Filho, Rei imortal dos s\u00e9culos e triunfador do pecado e da morte, para aumento da gl\u00f3ria da sua augusta m\u00e3e, e para gozo e j\u00fabilo de toda a Igreja, com a autoridade de nosso Senhor Jesus Cristo, dos bem-aventurados ap\u00f3stolos s. Pedro e s. Paulo e com a nossa, pronunciamos, declaramos e definimos ser dogma divinamente revelado que: a imaculada M\u00e3e de Deus, a sempre virgem Maria, terminado o curso da vida terrestre, foi assunta em corpo e alma \u00e0 gl\u00f3ria celestial&#8221;<\/i>&nbsp;(Pio XII, Munificentissimus Deus, 1\u00ba de novembro de 1950).<\/h3><h3><i>\u00abNaqueles dias, Maria se levantou e foi \u00e0s pressas \u00e0s montanhas, a uma cidade de Jud\u00e1. Entrou em casa de Zacarias e saudou Isabel. Ora, apenas Isabel ouviu a sauda\u00e7\u00e3o de Maria, a crian\u00e7a estremeceu no seu seio; e Isabel ficou cheia do Esp\u00edrito Santo. E exclamou em alta voz: \u201cBendita \u00e9s tu entre as mulheres e bendito \u00e9 o fruto do teu ventre. Donde me vem esta honra de vir a mim a m\u00e3e de meu Senhor? Pois assim que a voz de tua sauda\u00e7\u00e3o chegou aos meus ouvidos, a crian\u00e7a estremeceu de alegria no meu seio. Bem-aventurada \u00e9s tu que creste, pois se h\u00e3o de cumprir as coisas que da parte do Senhor te foram ditas!\u201d. E Maria disse:<\/i><\/h3><h3><i><br><\/i><i>\u201cMinha alma glorifica ao Senhor,<br><\/i><i>meu esp\u00edrito exulta de alegria em Deus, meu Salvador,<br><\/i><i>porque olhou para sua pobre serva.<br><\/i><i>Por isso, desde agora, me proclamar\u00e3o bem-aventurada<br><\/i><i>todas as gera\u00e7\u00f5es, porque realizou em mim maravilhas<br><\/i><i>aquele que \u00e9 Poderoso e cujo nome \u00e9 Santo.<\/i><\/h3><h3><i>Sua miseric\u00f3rdia se estende, de gera\u00e7\u00e3o em gera\u00e7\u00e3o,<br><\/i><i>sobre os que o temem.<\/i><\/h3><h3><i style=\"color: inherit; font-family: inherit; font-size: 1.75rem;\">Manifestou o poder do seu bra\u00e7o:<\/i><\/h3><h3><i>desconcertou os cora\u00e7\u00f5es dos soberbos.<br><\/i><i>Derrubou do trono os poderosos<br><\/i><i>e exaltou os humildes.<br><\/i><i>Saciou de bens os indigentes,<br><\/i><i>despediu de m\u00e3os vazias os ricos.<\/i><\/h3><h3><i>Acolheu a Israel, seu servo,<br><\/i><i>lembrado da sua miseric\u00f3rdia,<br><\/i><i>conforme prometera a nossos pais,<br><\/i><i>em favor de Abra\u00e3o e sua posteridade, para sempre\u201d.<br><\/i><i>Maria ficou com Isabel cerca de tr\u00eas meses. Depois voltou para casa\u00bb (Lc 1,39-56).<\/i><\/h3>\n\n\n\n\n<p><\/p>\t\t\t\t\t\t<\/div>\n\t\t\t\t<\/div>\n\t\t\t\t\t<\/div>\n\t\t<\/div>\n\t\t\t\t\t<\/div>\n\t\t<\/section>\n\t\t\t\t<section class=\"elementor-section elementor-top-section elementor-element elementor-element-0b25b3c elementor-section-boxed elementor-section-height-default elementor-section-height-default\" data-id=\"0b25b3c\" data-element_type=\"section\">\n\t\t\t\t\t\t<div class=\"elementor-container elementor-column-gap-default\">\n\t\t\t\t\t<div class=\"elementor-column elementor-col-100 elementor-top-column elementor-element elementor-element-1028e9f\" data-id=\"1028e9f\" data-element_type=\"column\">\n\t\t\t<div class=\"elementor-widget-wrap elementor-element-populated\">\n\t\t\t\t\t\t\t<\/div>\n\t\t<\/div>\n\t\t\t\t\t<\/div>\n\t\t<\/section>\n\t\t\t\t<section class=\"elementor-section elementor-top-section elementor-element elementor-element-3dc3da8 elementor-section-boxed elementor-section-height-default elementor-section-height-default\" data-id=\"3dc3da8\" data-element_type=\"section\">\n\t\t\t\t\t\t<div class=\"elementor-container elementor-column-gap-default\">\n\t\t\t\t\t<div class=\"elementor-column elementor-col-100 elementor-top-column elementor-element elementor-element-15e17c8\" data-id=\"15e17c8\" data-element_type=\"column\">\n\t\t\t<div class=\"elementor-widget-wrap elementor-element-populated\">\n\t\t\t\t\t\t<div class=\"elementor-element elementor-element-9d2b2b5 elementor-widget elementor-widget-text-editor\" data-id=\"9d2b2b5\" data-element_type=\"widget\" data-widget_type=\"text-editor.default\">\n\t\t\t\t<div class=\"elementor-widget-container\">\n\t\t\t\t\t\t\t<h2><strong><em>Plinio Corr\u00eaa de Oliveira<br \/><\/em><\/strong><strong><em>\u00a0<br \/><\/em><\/strong><strong><em>A Assun\u00e7\u00e3o de Nossa Senhora:<\/em><\/strong><strong><em><img decoding=\"async\" class=\"size-medium wp-image-937 alignright\" src=\"http:\/\/ligadosantorosario.com\/wp-content\/uploads\/fundador-da-tfp-tradicao-familia-e-propriedade-plinio-correa-de-oliveira-em-foto-de-1993-1609031871595_v2_450x1-300x225.jpg\" alt=\"\" width=\"300\" height=\"225\" srcset=\"https:\/\/ligadosantorosario.com\/wp-content\/uploads\/fundador-da-tfp-tradicao-familia-e-propriedade-plinio-correa-de-oliveira-em-foto-de-1993-1609031871595_v2_450x1-300x225.jpg 300w, https:\/\/ligadosantorosario.com\/wp-content\/uploads\/fundador-da-tfp-tradicao-familia-e-propriedade-plinio-correa-de-oliveira-em-foto-de-1993-1609031871595_v2_450x1.jpg 450w\" sizes=\"(max-width: 300px) 100vw, 300px\" \/><\/em><\/strong><strong><em>&#8220;ela deixou um perfume por toda a Igreja que se prolongar\u00e1 por todos os s\u00e9culos&#8221;<br \/><\/em><\/strong><strong><em>\u00a0<br \/><\/em><\/strong><strong><em>\u00a0<br \/><\/em><\/strong><\/h2><h6><strong><em>&#8220;Santo do Dia&#8221;,\u00a015 de agosto de 1975<\/em><\/strong><\/h6>\t\t\t\t\t\t<\/div>\n\t\t\t\t<\/div>\n\t\t\t\t\t<\/div>\n\t\t<\/div>\n\t\t\t\t\t<\/div>\n\t\t<\/section>\n\t\t\t\t<section class=\"elementor-section elementor-top-section elementor-element elementor-element-ef9f85f elementor-section-boxed elementor-section-height-default elementor-section-height-default\" data-id=\"ef9f85f\" data-element_type=\"section\">\n\t\t\t\t\t\t<div class=\"elementor-container elementor-column-gap-default\">\n\t\t\t\t\t<div class=\"elementor-column elementor-col-100 elementor-top-column elementor-element elementor-element-97b5d17\" data-id=\"97b5d17\" data-element_type=\"column\">\n\t\t\t<div class=\"elementor-widget-wrap elementor-element-populated\">\n\t\t\t\t\t\t<div class=\"elementor-element elementor-element-bc6d68e elementor-widget elementor-widget-text-editor\" data-id=\"bc6d68e\" data-element_type=\"widget\" data-widget_type=\"text-editor.default\">\n\t\t\t\t<div class=\"elementor-widget-container\">\n\t\t\t\t\t\t\t<table width=\"900\"><tbody><tr><td width=\"848\"><p><strong>A D V E R T \u00ca N C I A<br \/><\/strong><br \/>O presente texto \u00e9 adapta\u00e7\u00e3o de transcri\u00e7\u00e3o de grava\u00e7\u00e3o de confer\u00eancia do Prof. Plinio Corr\u00eaa de Oliveira a s\u00f3cios e cooperadores da TFP, mantendo portanto o estilo verbal, e n\u00e3o foi revisto pelo autor.<br \/><br \/>Se o Prof. Plinio Corr\u00eaa de Oliveira estivesse entre n\u00f3s, certamente pediria que se colocasse expl\u00edcita men\u00e7\u00e3o a sua filial disposi\u00e7\u00e3o de retificar qualquer discrep\u00e2ncia em rela\u00e7\u00e3o ao Magist\u00e9rio da Igreja. \u00c9 o que fazemos aqui constar, com suas pr\u00f3prias palavras, como homenagem a t\u00e3o belo e constante estado de esp\u00edrito:<br \/><br \/>\u201cCat\u00f3lico apost\u00f3lico romano, o autor deste texto se submete com filial ardor ao ensinamento tradicional da Santa Igreja. Se, no entanto, por lapso, algo nele ocorra que n\u00e3o esteja conforme \u00e0quele ensinamento, desde j\u00e1 e categoricamente o rejeita\u201d.<br \/><br \/>As palavras &#8220;Revolu\u00e7\u00e3o&#8221; e &#8220;Contra-Revolu\u00e7\u00e3o&#8221;, s\u00e3o aqui empregadas no sentido que lhes d\u00e1 o Prof. Pl\u00ednio Corr\u00eaa de Oliveira em seu livro &#8220;<a href=\"https:\/\/www.pliniocorreadeoliveira.info\/livros.asp\"><strong>Revolu\u00e7\u00e3o e Contra-Revolu\u00e7\u00e3o<\/strong><\/a>&#8220;, cuja primeira edi\u00e7\u00e3o foi publicada no N\u00ba 100 de &#8220;<a href=\"https:\/\/www.pliniocorreadeoliveira.info\/artigoscatolicismo_1959.asp\"><strong>Catolicismo<\/strong><\/a>&#8220;, em abril de 1959.<\/p><\/td><\/tr><\/tbody><\/table>\t\t\t\t\t\t<\/div>\n\t\t\t\t<\/div>\n\t\t\t\t\t<\/div>\n\t\t<\/div>\n\t\t\t\t\t<\/div>\n\t\t<\/section>\n\t\t\t\t<section class=\"elementor-section elementor-top-section elementor-element elementor-element-5f61177 elementor-section-boxed elementor-section-height-default elementor-section-height-default\" data-id=\"5f61177\" data-element_type=\"section\">\n\t\t\t\t\t\t<div class=\"elementor-container elementor-column-gap-default\">\n\t\t\t\t\t<div class=\"elementor-column elementor-col-100 elementor-top-column elementor-element elementor-element-72547f2\" data-id=\"72547f2\" data-element_type=\"column\">\n\t\t\t<div class=\"elementor-widget-wrap\">\n\t\t\t\t\t\t\t<\/div>\n\t\t<\/div>\n\t\t\t\t\t<\/div>\n\t\t<\/section>\n\t\t\t\t<section class=\"elementor-section elementor-top-section elementor-element elementor-element-b726eea elementor-section-boxed elementor-section-height-default elementor-section-height-default\" data-id=\"b726eea\" data-element_type=\"section\">\n\t\t\t\t\t\t<div class=\"elementor-container elementor-column-gap-default\">\n\t\t\t\t\t<div class=\"elementor-column elementor-col-100 elementor-top-column elementor-element elementor-element-996d017\" data-id=\"996d017\" data-element_type=\"column\">\n\t\t\t<div class=\"elementor-widget-wrap elementor-element-populated\">\n\t\t\t\t\t\t<div class=\"elementor-element elementor-element-ae27ff5 elementor-widget elementor-widget-text-editor\" data-id=\"ae27ff5\" data-element_type=\"widget\" data-widget_type=\"text-editor.default\">\n\t\t\t\t<div class=\"elementor-widget-container\">\n\t\t\t\t\t\t\t<h3>Eu creio que n\u00f3s podemos tratar do\u00a0Santo do Dia de hoje. E tratarmos, ent\u00e3o, da Assun\u00e7\u00e3o de Nossa Senhora. O que n\u00f3s devemos meditar a respeito da Assun\u00e7\u00e3o? Antes de tudo eu queria lembrar aos senhores a distin\u00e7\u00e3o que h\u00e1 entre a\u00a0<strong>ascens\u00e3o<\/strong>\u00a0e a\u00a0<strong>assun\u00e7\u00e3o<\/strong>, que mostra como no esp\u00edrito da Igreja tudo \u00e9 refletido, raciocinado e adequado. Tudo \u00e9 pr\u00f3prio.<\/h3><h3>A\u00a0<strong>ascens\u00e3o<\/strong>\u00a0de Nosso Senhor diz-se da subida de Nosso Senhor aos c\u00e9us;\u00a0<strong>ascens\u00e3o<\/strong>\u00a0\u00e9 para marcar que Nosso Senhor\u00a0<strong>pelas suas pr\u00f3prias for\u00e7as<\/strong>\u00a0subiu aos c\u00e9us. Ele n\u00e3o foi carregado por anjos. Foi pelo seu pr\u00f3prio poder que Ele anulou a lei da gravidade e subiu. \u00c9 natural, Ele \u00e9 o Homem-Deus, todas as coisas est\u00e3o sujeitas a Ele, Ele disp\u00f4s assim e subiu aos c\u00e9us.<\/h3><h3>A\u00a0<strong>assun\u00e7\u00e3o<\/strong>\u00a0de Nossa Senhora \u00e9 um voc\u00e1bulo usado para indicar que\u00a0<strong>Nossa Senhora subiu carregada pelos anjos<\/strong>. Ela \u00e9 a mais excelsa de todas as criaturas. Mas ela n\u00e3o tem sobre as criaturas um poder pr\u00f3prio, Ela tem o poder que Deus lhe d\u00e1. Enquanto Nosso Senhor Jesus Cristo tem um poder pr\u00f3prio. E por causa disso Ela teve uma Assun\u00e7\u00e3o aos c\u00e9us, Ela foi carregada pelos anjos.<br \/>Qual \u00e9 a raz\u00e3o de ser dessa assun\u00e7\u00e3o?<\/h3><h3>Eu tive ocasi\u00e3o de dizer dias atr\u00e1s que, na sua condi\u00e7\u00e3o de\u00a0<strong>pessoa concebida sem pecado original<\/strong>, na sua condi\u00e7\u00e3o de\u00a0<strong>m\u00e3e de Deus<\/strong>, era mais do que natural que Ela fosse levada ao c\u00e9u sem passar pelos tormentos da morte. Mas\u00a0<strong>Ela quis imitar seu divino Filho<\/strong>. E assim como Nosso Senhor Jesus Cristo morreu, Ela quis morrer tamb\u00e9m. E Ela quis oferecer pela Igreja esse sacrif\u00edcio, quis oferecer pela Igreja absolutamente tudo quanto se poderia oferecer. E por causa disso, Ela quis morrer.\u00a0<\/h3><h3>Ela de fato morreu porque quis.<img decoding=\"async\" class=\" wp-image-6904 alignright\" src=\"http:\/\/ligadosantorosario.com\/wp-content\/uploads\/DORMICAO_NSRA.jpg\" alt=\"\" width=\"315\" height=\"285\" \/>Falecida Nossa Senhora, e enriquecida portanto a Igreja com o tesouro enorme desse sofrimento, \u2014 morte que tamb\u00e9m pelo vocabul\u00e1rio muito adequado e antigo da Igreja se chama a\u00a0<strong>Dormi\u00e7\u00e3o de Nossa Senhora,<\/strong>\u00a0<em>dormitio<\/em>, o sono de Nossa Senhora, que \u00e9 uma\u00a0<strong>efetiva e aut\u00eantica morte<\/strong>, mas uma morte seguida logo depois da ressurrei\u00e7\u00e3o. E uma morte por assim dizer t\u00e3o leve que se poderia compar\u00e1-la a uma dormi\u00e7\u00e3o, [em que] o aspecto dEla era t\u00e3o intacto que mais dava a impress\u00e3o de estar dormindo do que morta, e depois de morta, Nosso Senhor Jesus Cristo A ressuscitou e A elevou aos c\u00e9us \u2014, o que devemos pensar a respeito desta morte, desta ressurrei\u00e7\u00e3o e desta assun\u00e7\u00e3o aos c\u00e9us?<\/h3><h3>Em primeiro lugar, n\u00e3o pensem os senhores que por ser uma dormi\u00e7\u00e3o, essa morte n\u00e3o era terr\u00edvel. Porque a morte \u00e9 a separa\u00e7\u00e3o da alma do corpo, \u00e9 a separa\u00e7\u00e3o portanto dos dois elementos constitutivos da pessoa humana, do corpo humano, da unidade humana, da totalidade humana. E esta dilacera\u00e7\u00e3o \u00e9 muit\u00edssimo dolorosa. Foi muit\u00edssimo dolorosa em Nosso Senhor, n\u00e3o s\u00f3 porque Ele morreu na cruz, mas exatamente por Ele sentir este esfacelamento. A alma se separa do corpo. Ainda que n\u00e3o tivesse morrido na cruz, a morte para Ele teria sido doloros\u00edssima.<\/h3><h3>Para Nossa Senhora o foi tamb\u00e9m. Ela sofreu o mais alto tormento, provavelmente, que uma alma possa sofrer. Quem v\u00ea uma pessoa expirar, n\u00e3o tem necessariamente essa impress\u00e3o, porque h\u00e1 pessoas que expiram t\u00e3o mansamente, expiram t\u00e3o tranq\u00fcilamente que se tem a impress\u00e3o que n\u00e3o sofreram. Mas isso n\u00e3o \u00e9 real. Tudo leva a crer que a pessoa sofre enormemente embora, naturalmente, n\u00e3o volte para contar o que sofreu.<\/h3><h3>Nossa Senhora passou por esse imenso tormento. E \u00e9 claro que sendo um tormento expiat\u00f3rio, quanto maior o tormento, tanto maior a for\u00e7a expiat\u00f3ria.\u00a0<strong>E, portanto, Nossa Senhora enriqueceu enormemente a Igreja por meio da sua morte.<\/strong><\/h3><h3>Da\u00ed se deduz uma coisa que eu recomendo muito aos senhores nos dias de afli\u00e7\u00e3o [que] para o mundo inteiro v\u00e3o se aproximando, para os dias de Bagarre (nota: um grande triunfo da Igreja e da Civiliza\u00e7\u00e3o Crist\u00e3, depois de uma crise metaforicamente definida, na linguagem quotidiana da TFP, com esta palavra francesa &#8211; cfr. &#8220;O Cruzado do s\u00e9culo XX &#8211; Plinio Corr\u00eaa de Oliveira&#8221;, Roberto de Mattei, Civiliza\u00e7\u00e3o Editora, Porto, 1996,\u00a0<a href=\"https:\/\/www.pliniocorreadeoliveira.info\/Cruzado0710.htm\"><strong>Cap. VII, n. 10<\/strong><\/a>). \u00c9 o seguinte:\u00a0<strong>unirem a sua morte \u00e0 morte de Nossa Senhora<\/strong>. Quer dizer, quando estiverem para morrer ou que tiverem a impress\u00e3o que est\u00e3o para morrer, pe\u00e7am a Nossa Senhora que una a morte do senhores \u00e0 morte dEla. Para por meio da uni\u00e3o com a morte incalculavelmente preciosa dEla, os senhores se unam melhor \u00e0 morte infinitamente preciosa de Nosso Senhor Jesus Cristo.<\/h3><h3>\u00c9 uma velha tradi\u00e7\u00e3o da Igreja,\u00a0nem preciso dizer\u00a0qu\u00e3o fundada, aproximar o crucifixo dos moribundos. Quando uma pessoa est\u00e1 moribunda, leva-se uma cruz para a pessoa oscular. Esta cruz representa Nosso Senhor agonizando \u2014 n\u00e3o morto no alto da cruz, mas agonizando no alto da cruz \u2014, e \u00e9 para produzir um sentimento de uni\u00e3o daquele moribundo com Aquele que estava moribundo, para compreendermos que se Ele quis sofrer isso por n\u00f3s, \u00e9 razo\u00e1vel que n\u00f3s soframos por Ele. E se \u00e9 verdade que Ele atravessou essa dor e depois foi para a gl\u00f3ria do c\u00e9u, \u00e9 verdade tamb\u00e9m que conosco pode acontecer o mesmo. E que expirando tranq\u00fcilamente e em uni\u00e3o com Ele, n\u00f3s podemos alcan\u00e7ar a gl\u00f3ria eterna.<\/h3><h3>Que a morte \u00e9 assim uma dilacera\u00e7\u00e3o tremenda, um castigo tremendo do pecado original e dos nossos pecados, \u00e9 verdade. Mas que ela \u00e9, de outro lado, o p\u00f3rtico da gl\u00f3ria. E n\u00f3s ent\u00e3o dizermos a Nosso Senhor e a Nossa Senhora na hora de nossa morte, &#8220;V\u00f3s quisestes morrer, e se V\u00f3s quisestes morrer, eu quero aceitar livremente a morte que V\u00f3s me impondes t\u00e3o justamente. Se vossa morte inocente, V\u00f3s a quisestes sofrer, eu que sou culpado quero sofr\u00ea-la tamb\u00e9m. E abro os meus bra\u00e7os para a morte. \u00d3 morte, chegou a minha hora, venha ent\u00e3o, eu me entrego a ti em uni\u00e3o com Nosso Senhor e com Nossa Senhora.<\/h3><h3>A pessoa tem muito mais alento, tem muito mais \u00e2nimo. Nosso Senhor e Nossa Senhora concedem gra\u00e7as muito maiores para a pessoa que se disp\u00f5e para a morte desta maneira. E a pessoa at\u00e9 pode oferecer em favor da Igreja, em favor da causa cat\u00f3lica, em favor da TFP, pode oferecer o valor de sua morte, os m\u00e9ritos de sua morte. E assim expira nas melhores condi\u00e7\u00f5es poss\u00edveis.<\/h3><h3>Mas assim como o escravo de Maria (O Prof. Plinio se refere \u00e0 Escravid\u00e3o de Amor a Nossa Senhora cf. o m\u00e9todo de S\u00e3o Lu\u00eds Maria Grignion de Montfort) passa a vida inteira\u00a0<strong>unindo-se a Nosso Senhor por meio de Nossa Senhora<\/strong>, compreendendo que qualquer uni\u00e3o a Ele n\u00e3o \u00e9 nada sen\u00e3o feita por meio dEla,\u00a0<strong>assim a morte do cat\u00f3lico, deve ser unida \u00e0 morte de Nosso Senhor por meio da morte de Nossa Senhora<\/strong>. E \u00e9 na considera\u00e7\u00e3o da morte de Nossa Senhora que ele se une adequadamente, plenamente \u00e0 morte de Nosso Senhor. Ent\u00e3o, se acontecer com os senhores aquilo que diz o salmo,\u00a0<em>&#8220;as dores da morte me ladearam&#8230;&#8221;<\/em>\u00a0<em>circumdederunt me<\/em>, me ladearam inteiramente, quando os Srs. sentirem que as dores da morte est\u00e3o em torno dos senhores, fa\u00e7am este ato de uni\u00e3o, para que a sua morte tenha verdadeiramente todo o valor.<\/h3><h3>Com Nossa Senhora os fatos devem se ter passado com uma verdadeira beleza.\u00a0<\/h3><h3><img loading=\"lazy\" decoding=\"async\" class=\" wp-image-6905 alignright\" src=\"http:\/\/ligadosantorosario.com\/wp-content\/uploads\/NOSSOSENHOR_LIMBRO_PATRIARCAS-300x197.jpg\" alt=\"\" width=\"436\" height=\"286\" srcset=\"https:\/\/ligadosantorosario.com\/wp-content\/uploads\/NOSSOSENHOR_LIMBRO_PATRIARCAS-300x197.jpg 300w, https:\/\/ligadosantorosario.com\/wp-content\/uploads\/NOSSOSENHOR_LIMBRO_PATRIARCAS-768x503.jpg 768w, https:\/\/ligadosantorosario.com\/wp-content\/uploads\/NOSSOSENHOR_LIMBRO_PATRIARCAS.jpg 859w\" sizes=\"(max-width: 436px) 100vw, 436px\" \/>Conta-se de Nosso Senhor que [quando] o precioso corpo dEle estava na sepultura, sepultura fechada, com guardas do lado de fora, a alma dEle, \u2014 sant\u00edssima, hipostaticamente unida \u00e0 Sant\u00edssima Trindade, como ali\u00e1s o corpo dEle \u2014, ligada \u00e0 Sant\u00edssima Trindade foi aos infernos \u2014 n\u00e3o o inferno de Satan\u00e1s, mas o Limbo, inferno quer dizer lugar inferior \u2013 no Limbo onde as almas justas O esperavam e onde Ele as alegrou indizivelmente, \u2014 sobretudo as dos judeus fi\u00e9is da Antiga Lei que tinham esperado o Messias \u2014, fazendo-se conhecer por elas, e anunciando-lhes que dentro de n\u00e3o muito tempo subiria ao c\u00e9u e as levaria ao c\u00e9u, que era o fim desta longa espera em que estavam. Ent\u00e3o alegrou-as muito e depois de ter visitado os justos voltou para seu corpo.<\/h3><h3>Os Srs. podem pensar no Santo Sud\u00e1rio de Turim, imaginar como era expressiva ao infinito a fisionomia dEle, e a impress\u00e3o desprendida do corpo dEle estendido provavelmente sobre uma mesa, uma laje de pedra dentro da sepultura. Em determinado momento um fr\u00eamito se faz sentir dentro daquele lugar marcado pela desola\u00e7\u00e3o, pela tristeza da morte, lugar escuro com<img loading=\"lazy\" decoding=\"async\" class=\"wp-image-6906 alignright\" src=\"http:\/\/ligadosantorosario.com\/wp-content\/uploads\/SAGRADA-FACE-217x300.jpg\" alt=\"\" width=\"255\" height=\"353\" srcset=\"https:\/\/ligadosantorosario.com\/wp-content\/uploads\/SAGRADA-FACE-217x300.jpg 217w, https:\/\/ligadosantorosario.com\/wp-content\/uploads\/SAGRADA-FACE-742x1024.jpg 742w, https:\/\/ligadosantorosario.com\/wp-content\/uploads\/SAGRADA-FACE-768x1060.jpg 768w, https:\/\/ligadosantorosario.com\/wp-content\/uploads\/SAGRADA-FACE-1113x1536.jpg 1113w, https:\/\/ligadosantorosario.com\/wp-content\/uploads\/SAGRADA-FACE-1484x2048.jpg 1484w, https:\/\/ligadosantorosario.com\/wp-content\/uploads\/SAGRADA-FACE-scaled.jpg 1855w\" sizes=\"(max-width: 255px) 100vw, 255px\" \/> certeza,\u00a0que no momento ficou cheio de luz, e aquele fr\u00eamito de vida entra dentro de Nosso Senhor, e o seu corpo sagrado come\u00e7a a se mover, e imediatamente as suas chagas, as suas feridas, come\u00e7am a resplandecer. E aquilo que fora a marca de tanta dor, de tanto opr\u00f3brio, de tanto sofrimento, tudo nEle come\u00e7a a luzir, a brilhar. Os anjos entram numa quantidade incont\u00e1vel dentro da sepultura e come\u00e7am aclam\u00e1-Lo, a glorific\u00e1-Lo, etc., embora nenhum homem visse isso.<\/h3><h3>\u00a0E Ele ent\u00e3o gloriosamente atravessa a sepultura, e sai de maneira tal, que nem era necess\u00e1rio derrubar a pedra, porque Ele poderia atravessar qualquer corpo, Ele era um corpo glorioso e poderia passar, portanto. Ele vai imediatamente visitar Nossa Senhora.<\/h3><h3>Os Srs. podem imaginar o que foi a cena. No aposento de Nossa Senhora, Ela rezando sozinha, quando vem de encontro a Ela n\u00e3o mais um mero anjo para anunciar a Encarna\u00e7\u00e3o, mas vem o Verbo que se encarnara nEla, que quis tomar a carne dEla para se fazer homem, vem acompanhado com uma revoada de anjos extraordin\u00e1ria, e vem na gl\u00f3ria. E Ela tem portanto a alegria de ver o Filho dela vivo, como Ela esperava, o filho glorioso e o filho triunfante.<\/h3><h3>Os Srs. podem imaginar qual \u00e9 a rea\u00e7\u00e3o dela. N\u00e3o pensem que Ela se levantou, gesticulou, n\u00e3o. Assim como aos p\u00e9s da Cruz, Ela estava de p\u00e9, serena, digna, tranq\u00fcila, numa dor profunda, assim tamb\u00e9m quando Nosso Senhor penetrou no aposento dela para fazer-se ver por Ela, com certeza a atitude dela foi uma atitude de recolhimento profundo, de \u00eaxtase extraordin\u00e1rio, de adora\u00e7\u00e3o silenciosa. Ela talvez apenas tenha dito: \u00f3 meu filho, \u00f3 meu Deus. Mas nisso disse mais do que todos os anjos cantavam, do que at\u00e9 o fim do mundo todos os homens glorificar\u00e3o. Porque os Srs. podem imaginar com que adora\u00e7\u00e3o, com que ato de repara\u00e7\u00e3o, com que a\u00e7\u00e3o de gra\u00e7as, com quantas peti\u00e7\u00f5es isso foi acompanhado. Palavras de uma beleza suprema: Nosso Senhor tinha ressuscitado.<\/h3><h3>Os Srs. podem comparar isto, agora, \u00e0 ressurrei\u00e7\u00e3o de Nossa Senhora. O corpo virginal de Nossa Senhora estendido, digamos, sobre um leito. Os Srs. podem imaginar a tristeza da morte em torno do corpo dela, a tristeza de todos os Ap\u00f3stolos, de todos os disc\u00edpulos, de todo o mundo vendo que aquela que era a luz do universo j\u00e1 n\u00e3o existia mais. Em determinado momento, um fr\u00eamito e aquela aus\u00eancia pungent\u00edssima, doloros\u00edssima era remediada: a Sant\u00edssima Virgem no momento que abre os olhos, contempla de um lado a gl\u00f3ria celeste, mas de outro lado Ela contempla esta terra, e Ela dirige um sorriso, podemos imagin\u00e1-lo, inef\u00e1vel aos que estavam ajoelhados em torno dela.<\/h3><h3>Os Srs. podem imaginar a alegria deles vendo que os grilh\u00f5es da morte estavam partidos e que Nossa Senhora estava ressurrecta.<br \/>O que aconteceu depois disto? Quem assistiu a esta cena pode dizer que viveu. Uma pessoa que tenha assistido a ressurrei\u00e7\u00e3o de Nossa Senhora poderia dizer: eu agora posso morrer, eu n\u00e3o preciso ver mais nada porque tudo que eu veja daqui por diante, por augusto e excelso que seja, \u00e9 nada. Digamos que alguma dessas pessoas que assistiram a ressurrei\u00e7\u00e3o de Nossa Senhora tenha assistido tamb\u00e9m S\u00e3o Pedro entrar em casa, fugido da pris\u00e3o de que o anjo o tinha libertado. Uma grande cena. Uma coisa magn\u00edfica. Ajoelhar-se imediatamente e oscular os p\u00e9s e as m\u00e3os de S\u00e3o Pedro. O primeiro papa, o fundamento da Igreja, miraculosamente libertado.<\/h3><h3>Mas o que isto \u00e9 em compara\u00e7\u00e3o a assistir a ressurrei\u00e7\u00e3o de Nossa Senhora e os mil movimentos da alma dela no momento de estar ressurrecta? E as primeiras tomadas de contato com os Ap\u00f3stolos e disc\u00edpulos&#8230; n\u00e3o h\u00e1 palavras para descrever uma coisa dessas. Ou seja, depois da ressurrei\u00e7\u00e3o de Nosso Senhor, a cena mais bonita da hist\u00f3ria tem que ter sido a ressurrei\u00e7\u00e3o de Nossa Senhora. E \u00e9 muito adequado que n\u00f3s pensemos nisto, para pensarmos depois na assun\u00e7\u00e3o dela.<\/h3><h3>N\u00e3o sei o que mediou entre a ressurrei\u00e7\u00e3o e a assun\u00e7\u00e3o. Com os dias super ocupados que tenho tido ultimamente n\u00e3o tive tempo de verificar nos livros o que eles diziam. N\u00e3o tive tempo sequer de mandar trazer aqui uma narra\u00e7\u00e3o para comentar com os senhores. Mas \u00e0 maneira de uma medita\u00e7\u00e3o, podemos imaginar que tenham mediado alguns dias, n\u00e3o sei quantos, entre a ressurrei\u00e7\u00e3o dela e a assun\u00e7\u00e3o. Ou que tenham mediado algumas horas. E que talvez Ela tenha estado em alguns lugares misteriosos, que ningu\u00e9m saiba, apresentando-se a almas que Ela queria que A vissem, consolando esses, animando aqueles etc., at\u00e9 chegar o momento de sua assun\u00e7\u00e3o.<img loading=\"lazy\" decoding=\"async\" class=\"size-medium wp-image-6907 alignright\" src=\"http:\/\/ligadosantorosario.com\/wp-content\/uploads\/ASSUNCAO-DE-NOSSA-SENHORA-247x300.jpg\" alt=\"\" width=\"247\" height=\"300\" srcset=\"https:\/\/ligadosantorosario.com\/wp-content\/uploads\/ASSUNCAO-DE-NOSSA-SENHORA-247x300.jpg 247w, https:\/\/ligadosantorosario.com\/wp-content\/uploads\/ASSUNCAO-DE-NOSSA-SENHORA-768x932.jpg 768w, https:\/\/ligadosantorosario.com\/wp-content\/uploads\/ASSUNCAO-DE-NOSSA-SENHORA.jpg 781w\" sizes=\"(max-width: 247px) 100vw, 247px\" \/>O fato \u00e9 que \u00e9 a assun\u00e7\u00e3o dela se deu no alto de um morro e que toda a igreja da Palestina daquele tempo estava reunida neste momento para ver a assun\u00e7\u00e3o dela.<\/h3><h3>\u00a0Os Srs. podem imaginar, n\u00e3o sei se ela subiu o morro com eles ou se ela apareceu de repente no alto do morro. O Srs. podem imaginar que em determinado momento, depois de Ela falar, depois de Ela se despedir, todo mundo recolhido, inimaginavelmente recolhido junto as p\u00e9s dela, sagrados, de repente quando todos estavam num tal \u00eaxtase [percebem] que Nossa Senhora come\u00e7ava a voar, voar, a subir, a subir, eles olhando, e o resto n\u00e3o era sen\u00e3o sil\u00eancio.<\/h3><h3>E Ela tamb\u00e9m em sil\u00eancio, os anjos em volta, e eles provavelmente vendo os anjos, o c\u00e9u tomando mil coloridos, os anjos cantando mil harmonias, a natureza mais espl\u00eandida do que nunca para festejar a Nossa Senhora. E \u00e0 medida que Ela ia subindo, a impress\u00e3o que Ela dava era de mais intimidade, de maior bondade, de maior majestade, de maior grandeza. Na medida em que Ela ia subindo, aspectos da alma dela que Ela nunca tinha revelado at\u00e9 ent\u00e3o, ou ao menos cuja intensidade eles nunca tinham considerado de tal maneira, se manifestavam inteiramente, e as pessoas estavam est\u00e1ticas.<\/h3><h3>Eu creio que algumas talvez tenham subido da terra tamb\u00e9m, e tenham sido admitidas a acompanhar um pouco Nossa Senhora. Afinal, no alto, quando ela chegou bem no alto e subiu, os anjos falaram e explicaram que Nossa Senhora tinha subido aos c\u00e9us e tinha acabado o contato dEla com a terra.<\/h3><h3>Os senhores dir\u00e3o: \u00f3 dilacera\u00e7\u00e3o, \u00f3 tristeza, valeria a pena n\u00e3o ter nascido para n\u00e3o viver neste momento em que Nossa Senhora saiu, em que Nossa Senhora morreu, em que Nossa Senhora n\u00e3o [estava] mais. Mas, \u00e9 o contr\u00e1rio que \u00e9 verdade.\u00a0<strong>A morte verdadeiramente cat\u00f3lica n\u00e3o \u00e9 assim<\/strong>.\u00a0<strong>A pessoa rompe e sai, mas ela deixa atr\u00e1s de si uma recorda\u00e7\u00e3o, ela deixa uma mem\u00f3ria que \u00e9 a quintess\u00eancia da presen\u00e7a dela na terra, e que se perpetua entre as pessoas, indefinidamente<\/strong>. De maneira tal que de algum ponto de vista, o morto verdadeiramente cat\u00f3lico, vive mais depois de morto do que quando ele estava na terra.<\/h3><h3>Assim tamb\u00e9m se deu com Nossa Senhora na Santa Igreja Cat\u00f3lica. Nossa Senhora morreu, ali a presen\u00e7a dEla, na assun\u00e7\u00e3o cessou. Cessou, n\u00f3s n\u00e3o a vemos mais com os nossos olhos carnais,\u00a0<strong>mas Ela deixou um perfume por toda a Igreja que se prolongar\u00e1 por todos os s\u00e9culos<\/strong>.\u00a0<strong>Ela deixou um perfume por toda a Igreja que se exprime por aquilo de inef\u00e1vel que n\u00f3s sentimos em nossa alma quando se fala de Nossa Senhora.<\/strong>\u00a0\u00c9 Nossa Senhora, acabou-se.\u00a0<\/h3><h3>Est\u00e1 dito qualquer coisa que n\u00e3o tem palavras, que \u00e9 inexprim\u00edvel, perfeito, completo, \u00e9 a m\u00e3e de Nosso Senhor Jesus Cristo.<img loading=\"lazy\" decoding=\"async\" class=\" wp-image-5143 alignright\" src=\"http:\/\/ligadosantorosario.com\/wp-content\/uploads\/Mater-Boni-Consilii-Genazzano-262x300.jpg\" alt=\"\" width=\"300\" height=\"343\" srcset=\"https:\/\/ligadosantorosario.com\/wp-content\/uploads\/Mater-Boni-Consilii-Genazzano-262x300.jpg 262w, https:\/\/ligadosantorosario.com\/wp-content\/uploads\/Mater-Boni-Consilii-Genazzano-768x879.jpg 768w, https:\/\/ligadosantorosario.com\/wp-content\/uploads\/Mater-Boni-Consilii-Genazzano.jpg 895w\" sizes=\"(max-width: 300px) 100vw, 300px\" \/>Nossa Senhora continua a visitar os seus filhos at\u00e9 mesmo com a sua fisionomia, sem entretanto fazer propriamente uma apari\u00e7\u00e3o. Os senhores sabem que o quadro de Nossa Senhora em Genazzano muda de fisionomia. O Dr. &#8220;X&#8221; que esteve l\u00e1, pessoalmente, e que viu, me disse que \u00e9 uma mudan\u00e7a cont\u00ednua, o quadro muda continuamente de fisionomia.<\/h3><h3>Vi num livro sobre Genazzano que eu tenho, o atestado de um grande pintor que quis pintar uma c\u00f3pia da imagem e que at\u00e9 teve licen\u00e7a de colocar seu cavalete sobre o altar e ele sentado no altar para pintar. E que a imagem mudou tanto, tanto de fisionomia que lhe foi imposs\u00edvel pintar. Ele saiu sem ter realizado o seu quadro. Isso nos leva a lembrar a imagem de Nossa Senhora de F\u00e1tima. Essa fisionomia que n\u00f3s n\u00e3o sentimos na terra a n\u00e3o ser pela Sagrada Imagem e que n\u00f3s veremos no c\u00e9u, essa fisionomia na considera\u00e7\u00e3o da Sagrada Imagem se faz ver.<\/h3><h3>Ent\u00e3o, eu achei que muit\u00edssimo melhor do que falar sobre a assun\u00e7\u00e3o, era trazer para c\u00e1 a Sagrada Imagem. E recomendar que ela fosse trazida para dentro da sala para n\u00f3s aqui agradecermos a ela que ela nos tenha feito ver algo da fisionomia dela, que com a assun\u00e7\u00e3o os homens deixaram de ver.<\/h3><h3>A imagem nos aparece assim como uma ponte lan\u00e7ada daquele passado profundo, para o presente. Daquela altura inimagin\u00e1vel para a nossa baixeza, para n\u00f3s vermos algo da sagrada fisionomia dela. A imagem mostrar\u00e1, agora \u00e0 noite, essa fisionomia? Tamb\u00e9m n\u00e3o sei, pe\u00e7amos a ela que ou hoje ou outro dia tenha pena de n\u00f3s e que volte de novo a mostrar a sua fisionomia augusta para n\u00f3s vermos. Dizermos a ela: minha m\u00e3e, um olhar, uma express\u00e3o, um pouco de voz, para nossas almas ressequidas e t\u00e3o desejosas desta gra\u00e7a.<\/h3><h3>Eu recomendo que todos se ponham de p\u00e9, a Sagrada Imagem vai entrar. Cantem alguma coisa.<em>\u00a0[Canta-se o Ave Maris Stela]<br \/><\/em>Neste momento vamos rezar a Ladainha Lauretana. Quem tem aqui a ladainha?<br \/><em>[O Sr. Dr. Plinio reza a ladainha]<\/em><\/h3>\t\t\t\t\t\t<\/div>\n\t\t\t\t<\/div>\n\t\t\t\t\t<\/div>\n\t\t<\/div>\n\t\t\t\t\t<\/div>\n\t\t<\/section>\n\t\t\t\t<\/div>\n\t\t","protected":false},"excerpt":{"rendered":"<p>O dogma&nbsp; da Assun\u00e7\u00e3o ( ou eleva\u00e7\u00e3o ao c\u00e9u ) de Nossa Senhora foi proclamado em 1\u00ba de novembro de 1950. Por\u00e9m a festa remonta os s\u00e9culos V e VII, pois j\u00e1 era celebrada pelos fi\u00e9is da \u00e9poca.&nbsp; Esse dogma que trouxe a Santa Igreja uma felicidade imensa tem como finalidade confirmar a Tradi\u00e7\u00e3o que nos teria ensinado que Nossa Senhora foi para o C\u00e9u em corpo e alma.Tendo em vista que Ela foi a criatura mais perfeita que Deus criou e&nbsp; isenta de pecado, seu fim n\u00e3o poderia ser outro e por isso a Santa Igreja n\u00e3o hesitou em&#8230;<\/p>\n","protected":false},"author":1,"featured_media":0,"comment_status":"open","ping_status":"open","sticky":false,"template":"","format":"standard","meta":{"jetpack_post_was_ever_published":false,"_jetpack_newsletter_access":"","_jetpack_dont_email_post_to_subs":false,"_jetpack_newsletter_tier_id":0,"footnotes":""},"categories":[7],"tags":[],"jetpack_sharing_enabled":true,"jetpack_featured_media_url":"","_links":{"self":[{"href":"https:\/\/ligadosantorosario.com\/index.php?rest_route=\/wp\/v2\/posts\/1288"}],"collection":[{"href":"https:\/\/ligadosantorosario.com\/index.php?rest_route=\/wp\/v2\/posts"}],"about":[{"href":"https:\/\/ligadosantorosario.com\/index.php?rest_route=\/wp\/v2\/types\/post"}],"author":[{"embeddable":true,"href":"https:\/\/ligadosantorosario.com\/index.php?rest_route=\/wp\/v2\/users\/1"}],"replies":[{"embeddable":true,"href":"https:\/\/ligadosantorosario.com\/index.php?rest_route=%2Fwp%2Fv2%2Fcomments&post=1288"}],"version-history":[{"count":20,"href":"https:\/\/ligadosantorosario.com\/index.php?rest_route=\/wp\/v2\/posts\/1288\/revisions"}],"predecessor-version":[{"id":6955,"href":"https:\/\/ligadosantorosario.com\/index.php?rest_route=\/wp\/v2\/posts\/1288\/revisions\/6955"}],"wp:attachment":[{"href":"https:\/\/ligadosantorosario.com\/index.php?rest_route=%2Fwp%2Fv2%2Fmedia&parent=1288"}],"wp:term":[{"taxonomy":"category","embeddable":true,"href":"https:\/\/ligadosantorosario.com\/index.php?rest_route=%2Fwp%2Fv2%2Fcategories&post=1288"},{"taxonomy":"post_tag","embeddable":true,"href":"https:\/\/ligadosantorosario.com\/index.php?rest_route=%2Fwp%2Fv2%2Ftags&post=1288"}],"curies":[{"name":"wp","href":"https:\/\/api.w.org\/{rel}","templated":true}]}}