{"id":1386,"date":"2023-08-22T01:34:00","date_gmt":"2023-08-22T01:34:00","guid":{"rendered":"https:\/\/ligadosantorosario.com\/?p=1386"},"modified":"2023-08-22T01:37:40","modified_gmt":"2023-08-22T01:37:40","slug":"sao-pio-x","status":"publish","type":"post","link":"https:\/\/ligadosantorosario.com\/?p=1386","title":{"rendered":"S\u00e3o Pio X"},"content":{"rendered":"\t\t<div data-elementor-type=\"wp-post\" data-elementor-id=\"1386\" class=\"elementor elementor-1386\" data-elementor-post-type=\"post\">\n\t\t\t\t\t\t<section class=\"elementor-section elementor-top-section elementor-element elementor-element-17b9c44 elementor-section-boxed elementor-section-height-default elementor-section-height-default\" data-id=\"17b9c44\" data-element_type=\"section\">\n\t\t\t\t\t\t<div class=\"elementor-container elementor-column-gap-default\">\n\t\t\t\t\t<div class=\"elementor-column elementor-col-100 elementor-top-column elementor-element elementor-element-896ecab\" data-id=\"896ecab\" data-element_type=\"column\">\n\t\t\t<div class=\"elementor-widget-wrap elementor-element-populated\">\n\t\t\t\t\t\t<div class=\"elementor-element elementor-element-8b14c99 elementor-widget elementor-widget-heading\" data-id=\"8b14c99\" data-element_type=\"widget\" data-widget_type=\"heading.default\">\n\t\t\t\t<div class=\"elementor-widget-container\">\n\t\t\t<style>\/*! elementor - v3.23.0 - 05-08-2024 *\/\n.elementor-heading-title{padding:0;margin:0;line-height:1}.elementor-widget-heading .elementor-heading-title[class*=elementor-size-]>a{color:inherit;font-size:inherit;line-height:inherit}.elementor-widget-heading .elementor-heading-title.elementor-size-small{font-size:15px}.elementor-widget-heading .elementor-heading-title.elementor-size-medium{font-size:19px}.elementor-widget-heading .elementor-heading-title.elementor-size-large{font-size:29px}.elementor-widget-heading .elementor-heading-title.elementor-size-xl{font-size:39px}.elementor-widget-heading .elementor-heading-title.elementor-size-xxl{font-size:59px}<\/style><h2 class=\"elementor-heading-title elementor-size-default\">UM PAPA \u00cdMPAR PARA UM MOMENTO \u00cdMPAR NA HIST\u00d3RIA<\/h2>\t\t<\/div>\n\t\t\t\t<\/div>\n\t\t\t\t\t<\/div>\n\t\t<\/div>\n\t\t\t\t\t<\/div>\n\t\t<\/section>\n\t\t\t\t<section class=\"elementor-section elementor-top-section elementor-element elementor-element-9533fe4 elementor-section-boxed elementor-section-height-default elementor-section-height-default\" data-id=\"9533fe4\" data-element_type=\"section\">\n\t\t\t\t\t\t<div class=\"elementor-container elementor-column-gap-default\">\n\t\t\t\t\t<div class=\"elementor-column elementor-col-100 elementor-top-column elementor-element elementor-element-450444c\" data-id=\"450444c\" data-element_type=\"column\">\n\t\t\t<div class=\"elementor-widget-wrap elementor-element-populated\">\n\t\t\t\t\t\t<div class=\"elementor-element elementor-element-32ca291 elementor-widget elementor-widget-image\" data-id=\"32ca291\" data-element_type=\"widget\" data-widget_type=\"image.default\">\n\t\t\t\t<div class=\"elementor-widget-container\">\n\t\t\t<style>\/*! elementor - v3.23.0 - 05-08-2024 *\/\n.elementor-widget-image{text-align:center}.elementor-widget-image a{display:inline-block}.elementor-widget-image a img[src$=\".svg\"]{width:48px}.elementor-widget-image img{vertical-align:middle;display:inline-block}<\/style>\t\t\t\t\t\t\t\t\t\t<img fetchpriority=\"high\" decoding=\"async\" width=\"299\" height=\"450\" src=\"https:\/\/ligadosantorosario.com\/wp-content\/uploads\/ssf.jpg\" class=\"attachment-large size-large wp-image-1388\" alt=\"\" srcset=\"https:\/\/ligadosantorosario.com\/wp-content\/uploads\/ssf.jpg 299w, https:\/\/ligadosantorosario.com\/wp-content\/uploads\/ssf-199x300.jpg 199w\" sizes=\"(max-width: 299px) 100vw, 299px\" \/>\t\t\t\t\t\t\t\t\t\t\t\t\t<\/div>\n\t\t\t\t<\/div>\n\t\t\t\t\t<\/div>\n\t\t<\/div>\n\t\t\t\t\t<\/div>\n\t\t<\/section>\n\t\t\t\t<section class=\"elementor-section elementor-top-section elementor-element elementor-element-1868c5c elementor-section-boxed elementor-section-height-default elementor-section-height-default\" data-id=\"1868c5c\" data-element_type=\"section\">\n\t\t\t\t\t\t<div class=\"elementor-container elementor-column-gap-default\">\n\t\t\t\t\t<div class=\"elementor-column elementor-col-100 elementor-top-column elementor-element elementor-element-45191fb\" data-id=\"45191fb\" data-element_type=\"column\">\n\t\t\t<div class=\"elementor-widget-wrap elementor-element-populated\">\n\t\t\t\t\t\t<div class=\"elementor-element elementor-element-3727b7f elementor-widget elementor-widget-text-editor\" data-id=\"3727b7f\" data-element_type=\"widget\" data-widget_type=\"text-editor.default\">\n\t\t\t\t<div class=\"elementor-widget-container\">\n\t\t\t<style>\/*! elementor - v3.23.0 - 05-08-2024 *\/\n.elementor-widget-text-editor.elementor-drop-cap-view-stacked .elementor-drop-cap{background-color:#69727d;color:#fff}.elementor-widget-text-editor.elementor-drop-cap-view-framed .elementor-drop-cap{color:#69727d;border:3px solid;background-color:transparent}.elementor-widget-text-editor:not(.elementor-drop-cap-view-default) .elementor-drop-cap{margin-top:8px}.elementor-widget-text-editor:not(.elementor-drop-cap-view-default) .elementor-drop-cap-letter{width:1em;height:1em}.elementor-widget-text-editor .elementor-drop-cap{float:left;text-align:center;line-height:1;font-size:50px}.elementor-widget-text-editor .elementor-drop-cap-letter{display:inline-block}<\/style>\t\t\t\t<p><em>Por Plinio Correa de Oliveira<\/em><\/p>\t\t\t\t\t\t<\/div>\n\t\t\t\t<\/div>\n\t\t\t\t\t<\/div>\n\t\t<\/div>\n\t\t\t\t\t<\/div>\n\t\t<\/section>\n\t\t\t\t<section class=\"elementor-section elementor-top-section elementor-element elementor-element-7650d9a elementor-section-boxed elementor-section-height-default elementor-section-height-default\" data-id=\"7650d9a\" data-element_type=\"section\">\n\t\t\t\t\t\t<div class=\"elementor-container elementor-column-gap-default\">\n\t\t\t\t\t<div class=\"elementor-column elementor-col-100 elementor-top-column elementor-element elementor-element-784ca16\" data-id=\"784ca16\" data-element_type=\"column\">\n\t\t\t<div class=\"elementor-widget-wrap elementor-element-populated\">\n\t\t\t\t\t\t<div class=\"elementor-element elementor-element-54b41dc elementor-widget elementor-widget-text-editor\" data-id=\"54b41dc\" data-element_type=\"widget\" data-widget_type=\"text-editor.default\">\n\t\t\t\t<div class=\"elementor-widget-container\">\n\t\t\t\t\t\t\t<p>Recente not\u00edcia proveniente do Vaticano informou que entrou na sua fase final perante a Sagrada Congrega\u00e7\u00e3o dos Ritos a causa de beatifica\u00e7\u00e3o do glorioso Servo de Deus que sob o nome de Pio X governou a Igreja Universal.<\/p>\n<p>A not\u00edcia da beatifica\u00e7\u00e3o do Papa Pio X causou em todo orbe cat\u00f3lico o mais santo contentamento. De origem humilde, e n\u00e3o tendo passado pela admir\u00e1vel escola de forma\u00e7\u00e3o pol\u00edtica que \u00e9 a carreira da diplomacia pontif\u00edcia, o Santo Padre Pio X teve de arcar com a sucess\u00e3o do Papa Le\u00e3o XIII. Quando este \u00faltimo ascendeu ao trono pontif\u00edcio, encontrou a Igreja em situa\u00e7\u00e3o delicad\u00edssima, amea\u00e7ada de todos os lados por uma das crises mais complexas e graves de sua hist\u00f3ria. Desenvolvendo qualidades de intelig\u00eancia, habilidade e zelo que assombraram o mundo inteiro, Le\u00e3o XIII, durante um longo pontificado que foi uma s\u00e9rie ininterrupta de triunfos, alterou fundamente esta situa\u00e7\u00e3o cr\u00edtica.<\/p><p><br><\/p>\n<h4><em><b>Uma luz suav\u00edssima que atra\u00eda e iluminava o mundo inteiro<\/b><\/em><\/h4><div><em><b><br><\/b><\/em><\/div>\n<p>Com tudo isto, sua personalidade marcant\u00edssima de tal maneira assombrou os contempor\u00e2neos que, quando o velho Pont\u00edfice expirou, era impress\u00e3o un\u00e2nime que o Pontificado de seu sucessor ficaria irremediavelmente esmagado pelo confronto inevit\u00e1vel com as gl\u00f3rias dos dias em que reinara Le\u00e3o XIII.<\/p>\n<p>Esta impress\u00e3o cresceu de ponto quando se soube da elei\u00e7\u00e3o de Pio X, cuja personalidade parecia despojada de todos os predicados que em Le\u00e3o XIII haviam brilhado com t\u00e3o intenso fulgor. Neste sentido, a imprensa declaradamente \u00edmpia ou simplesmente neutra explorou com uma insist\u00eancia insolente o contraste entre Le\u00e3o XIII e Pio X.<\/p>\n<p>Na realidade, n\u00e3o faltavam a Pio X altos predicados de intelig\u00eancia e cultura, por\u00e9m, in\u00fatil tentar equipar\u00e1-la ao de seu imortal antecessor. Entretanto, aos poucos, da personalidade do novo Pont\u00edfice come\u00e7ou a se irradiar uma luz suav\u00edssima que atra\u00eda e iluminava o mundo inteiro. De uma bondade verdadeiramente ang\u00e9lica, de uma piedade que deixava transparecer o mais vivo e ardente esp\u00edrito sobrenatural, Pio X era para todos os peregrinos que o visitavam bem como para toda cristandade o Pai por excel\u00eancia, de cora\u00e7\u00e3o inexprimivelmente suave e compassivo, sempre disposto a acolher a expans\u00e3o de todas as m\u00e1goas, de todos os sofrimentos, de todas as dores que pungem o homem neste vale de tristezas. E, para cada qual, encontrava sempre a palavra adequada, escolhida com uma finura de tacto que s\u00f3 os cora\u00e7\u00f5es de escol possuem, e revestida de uma efic\u00e1cia verdadeiramente carism\u00e1tica.<\/p>\n<p>&nbsp;&nbsp;&nbsp;&nbsp;&nbsp;&nbsp;&nbsp;&nbsp; Um r\u00e1pido conselho, uma palavra, at\u00e9 um sorriso do Papa enchia de luz os cora\u00e7\u00f5es mais desditosos, mais ainda sua virtude era comunicativa, e se aproximavam. Pio X foi t\u00edpica e caracteristicamente o homem de Deus descrito por Dom Chautard, estuante de vida interior, e irradiando de todos os modos, em sua maneira de rezar, de falar, de agir, e at\u00e9 de olhar, a gra\u00e7a de Deus que subjugava os cora\u00e7\u00f5es mais rebeldes. E, aos poucos, not\u00edcias singulares come\u00e7avam a correr entre os fi\u00e9is. Eram curas obtidas pela intercess\u00e3o decisiva do Servo de Deus. Eram atos e gestos que revelavam um conhecimento sobrenatural dos fatos. Pio X era um verdadeiro Santo. Era esta a voz corrente em toda a cristandade.<\/p>\t\t\t\t\t\t<\/div>\n\t\t\t\t<\/div>\n\t\t\t\t\t<\/div>\n\t\t<\/div>\n\t\t\t\t\t<\/div>\n\t\t<\/section>\n\t\t\t\t<section class=\"elementor-section elementor-top-section elementor-element elementor-element-e736383 elementor-section-boxed elementor-section-height-default elementor-section-height-default\" data-id=\"e736383\" data-element_type=\"section\">\n\t\t\t\t\t\t<div class=\"elementor-container elementor-column-gap-default\">\n\t\t\t\t\t<div class=\"elementor-column elementor-col-100 elementor-top-column elementor-element elementor-element-84172c6\" data-id=\"84172c6\" data-element_type=\"column\">\n\t\t\t<div class=\"elementor-widget-wrap elementor-element-populated\">\n\t\t\t\t\t\t<div class=\"elementor-element elementor-element-690a9af elementor-widget elementor-widget-heading\" data-id=\"690a9af\" data-element_type=\"widget\" data-widget_type=\"heading.default\">\n\t\t\t\t<div class=\"elementor-widget-container\">\n\t\t\t<h2 class=\"elementor-heading-title elementor-size-default\"><em>Papa providencial para um momento cr\u00edtico na Hist\u00f3ria<\/em><\/h2>\t\t<\/div>\n\t\t\t\t<\/div>\n\t\t\t\t\t<\/div>\n\t\t<\/div>\n\t\t\t\t\t<\/div>\n\t\t<\/section>\n\t\t\t\t<section class=\"elementor-section elementor-top-section elementor-element elementor-element-175dace elementor-section-boxed elementor-section-height-default elementor-section-height-default\" data-id=\"175dace\" data-element_type=\"section\">\n\t\t\t\t\t\t<div class=\"elementor-container elementor-column-gap-default\">\n\t\t\t\t\t<div class=\"elementor-column elementor-col-50 elementor-top-column elementor-element elementor-element-17afc9f\" data-id=\"17afc9f\" data-element_type=\"column\">\n\t\t\t<div class=\"elementor-widget-wrap elementor-element-populated\">\n\t\t\t\t\t\t<div class=\"elementor-element elementor-element-4e75cb8 elementor-widget__width-initial elementor-widget elementor-widget-text-editor\" data-id=\"4e75cb8\" data-element_type=\"widget\" data-widget_type=\"text-editor.default\">\n\t\t\t\t<div class=\"elementor-widget-container\">\n\t\t\t\t\t\t\t<div><figure><img decoding=\"async\" src=\"https:\/\/www.abim.inf.br\/wp-content\/uploads\/2023\/08\/Sao-Pio-X-_-14-1024x806.jpg\" sizes=\"(max-width: 346px) 100vw, 346px\" srcset=\"https:\/\/www.abim.inf.br\/wp-content\/uploads\/2023\/08\/Sao-Pio-X-_-14-1024x806.jpg 1024w, https:\/\/www.abim.inf.br\/wp-content\/uploads\/2023\/08\/Sao-Pio-X-_-14-300x236.jpg 300w, https:\/\/www.abim.inf.br\/wp-content\/uploads\/2023\/08\/Sao-Pio-X-_-14-768x604.jpg 768w, https:\/\/www.abim.inf.br\/wp-content\/uploads\/2023\/08\/Sao-Pio-X-_-14-220x173.jpg 220w, https:\/\/www.abim.inf.br\/wp-content\/uploads\/2023\/08\/Sao-Pio-X-_-14-570x448.jpg 570w, https:\/\/www.abim.inf.br\/wp-content\/uploads\/2023\/08\/Sao-Pio-X-_-14-701x551.jpg 701w, https:\/\/www.abim.inf.br\/wp-content\/uploads\/2023\/08\/Sao-Pio-X-_-14-1067x839.jpg 1067w, https:\/\/www.abim.inf.br\/wp-content\/uploads\/2023\/08\/Sao-Pio-X-_-14.jpg 1280w\" alt=\"\" width=\"346\" height=\"272\" \/><\/figure><div><figure><figcaption>S\u00e3o Pio X nos jardins do Vaticano. Foto que passou pelo processo de coloriza\u00e7\u00e3o.<\/figcaption><\/figure><\/div><\/div>\t\t\t\t\t\t<\/div>\n\t\t\t\t<\/div>\n\t\t\t\t\t<\/div>\n\t\t<\/div>\n\t\t\t\t<div class=\"elementor-column elementor-col-50 elementor-top-column elementor-element elementor-element-85f6857\" data-id=\"85f6857\" data-element_type=\"column\">\n\t\t\t<div class=\"elementor-widget-wrap elementor-element-populated\">\n\t\t\t\t\t\t<div class=\"elementor-element elementor-element-de6a865 elementor-widget__width-initial elementor-widget elementor-widget-text-editor\" data-id=\"de6a865\" data-element_type=\"widget\" data-widget_type=\"text-editor.default\">\n\t\t\t\t<div class=\"elementor-widget-container\">\n\t\t\t\t\t\t\t<p>Deus governa com sabedoria infinita a sua Santa Igreja, dando-lhe, para as ocasi\u00f5es de crise, os Pont\u00edfices adequados para o momento. Desbastando o campo doutrin\u00e1rio em que pululavam os erros os mais grosseiros, Le\u00e3o XIII, dotado de zelo apost\u00f3lico admir\u00e1vel e relevantes virtudes, precisou e definiu os contornos da ortodoxia, amea\u00e7ados e a todo momento transgredidos por fautores de ideias novas que quereriam, entretanto, continuar a se dizer cat\u00f3licos. Restaurando os estudos do tomismo; refutando os erros pestilenciais do liberalismo, do socialismo e do comunismo, Le\u00e3o XIII imprimiu ao pensamento cat\u00f3lico rumos definitivos, e, al\u00e9m disto, lhes indicou as normas de a\u00e7\u00e3o adequadas, na imortal Enc\u00edclica\u00a0<em>Rerum Novarum<\/em>.<\/p><p>\u00a0\u00a0\u00a0\u00a0\u00a0\u00a0\u00a0\u00a0 Mas isto n\u00e3o bastava. O erro que deprava a intelig\u00eancia arrasta a vontade para o mal. A debela\u00e7\u00e3o radical de toda a pestil\u00eancia dos erros que desde o humanismo e a renascen\u00e7a, passando pelo jansenismo, o pombalismo ou josefismo, o filosofismo etc., se haviam atirado sobre a Cristandade infeliz, exigia uma obra mais funda.<\/p><p>\u00a0<\/p>\t\t\t\t\t\t<\/div>\n\t\t\t\t<\/div>\n\t\t\t\t\t<\/div>\n\t\t<\/div>\n\t\t\t\t\t<\/div>\n\t\t<\/section>\n\t\t\t\t<section class=\"elementor-section elementor-top-section elementor-element elementor-element-09eff58 elementor-section-boxed elementor-section-height-default elementor-section-height-default\" data-id=\"09eff58\" data-element_type=\"section\">\n\t\t\t\t\t\t<div class=\"elementor-container elementor-column-gap-default\">\n\t\t\t\t\t<div class=\"elementor-column elementor-col-100 elementor-top-column elementor-element elementor-element-3635f6d\" data-id=\"3635f6d\" data-element_type=\"column\">\n\t\t\t<div class=\"elementor-widget-wrap elementor-element-populated\">\n\t\t\t\t\t\t<div class=\"elementor-element elementor-element-88eec04 elementor-widget elementor-widget-text-editor\" data-id=\"88eec04\" data-element_type=\"widget\" data-widget_type=\"text-editor.default\">\n\t\t\t\t<div class=\"elementor-widget-container\">\n\t\t\t\t\t\t\t<p>Era preciso reanimar as vontades t\u00edbias, chamar \u00e0 virtude as pessoas mal intencionadas, arrancar o pecador ao seu pecado, e inspirar no homem um verdadeiro horror \u00e0s veredas \u00edmpias seguidas por seus contempor\u00e2neos. Um erro se define, se refuta e se condena. \u00c9 tarefa \u00e1rdua, mas francamente realiz\u00e1vel. Mas retificar uma vontade sinuosa; dar novo calor a uma alma enregelada pela tibieza; avivar a chama do bem que bruxuleava at\u00e9 na alma de muitos cat\u00f3licos retos, eis a\u00ed tarefa dif\u00edcil, soberanamente dif\u00edcil, quase inexequ\u00edvel. Foi a tarefa que a Divina Provid\u00eancia confiou a quem com inexced\u00edvel efic\u00e1cia a poderia realizar: a um Santo, a Pio X. E, por isso, disse certo historiador da Igreja que o reinado de Pio X foi dos mais gloriosos e dif\u00edceis que tenhamos visto.<\/p>\t\t\t\t\t\t<\/div>\n\t\t\t\t<\/div>\n\t\t\t\t\t<\/div>\n\t\t<\/div>\n\t\t\t\t\t<\/div>\n\t\t<\/section>\n\t\t\t\t<section class=\"elementor-section elementor-top-section elementor-element elementor-element-17834e2 elementor-section-boxed elementor-section-height-default elementor-section-height-default\" data-id=\"17834e2\" data-element_type=\"section\">\n\t\t\t\t\t\t<div class=\"elementor-container elementor-column-gap-default\">\n\t\t\t\t\t<div class=\"elementor-column elementor-col-100 elementor-top-column elementor-element elementor-element-83457c4\" data-id=\"83457c4\" data-element_type=\"column\">\n\t\t\t<div class=\"elementor-widget-wrap elementor-element-populated\">\n\t\t\t\t\t\t<div class=\"elementor-element elementor-element-e86efb6 elementor-widget elementor-widget-heading\" data-id=\"e86efb6\" data-element_type=\"widget\" data-widget_type=\"heading.default\">\n\t\t\t\t<div class=\"elementor-widget-container\">\n\t\t\t<h2 class=\"elementor-heading-title elementor-size-default\">O melhor meio de propagar verdades n\u00e3o consiste em dilu\u00ed-las<\/h2>\t\t<\/div>\n\t\t\t\t<\/div>\n\t\t\t\t\t<\/div>\n\t\t<\/div>\n\t\t\t\t\t<\/div>\n\t\t<\/section>\n\t\t\t\t<section class=\"elementor-section elementor-top-section elementor-element elementor-element-a9a7845 elementor-section-boxed elementor-section-height-default elementor-section-height-default\" data-id=\"a9a7845\" data-element_type=\"section\">\n\t\t\t\t\t\t<div class=\"elementor-container elementor-column-gap-default\">\n\t\t\t\t\t<div class=\"elementor-column elementor-col-100 elementor-top-column elementor-element elementor-element-ebde8c3\" data-id=\"ebde8c3\" data-element_type=\"column\">\n\t\t\t<div class=\"elementor-widget-wrap elementor-element-populated\">\n\t\t\t\t\t\t<section class=\"elementor-section elementor-inner-section elementor-element elementor-element-becfefe elementor-section-boxed elementor-section-height-default elementor-section-height-default\" data-id=\"becfefe\" data-element_type=\"section\">\n\t\t\t\t\t\t<div class=\"elementor-container elementor-column-gap-default\">\n\t\t\t\t\t<div class=\"elementor-column elementor-col-50 elementor-inner-column elementor-element elementor-element-ff7291f\" data-id=\"ff7291f\" data-element_type=\"column\">\n\t\t\t<div class=\"elementor-widget-wrap elementor-element-populated\">\n\t\t\t\t\t\t<div class=\"elementor-element elementor-element-f25058b elementor-widget elementor-widget-text-editor\" data-id=\"f25058b\" data-element_type=\"widget\" data-widget_type=\"text-editor.default\">\n\t\t\t\t<div class=\"elementor-widget-container\">\n\t\t\t\t\t\t\t<p>Para que essa obra fosse levada a cabo, era preciso antes de tudo que do Santu\u00e1rio fossem eliminadas as esc\u00f3rias de todas as influ\u00eancias meramente naturais e profanas. Pio X se imortalizou por sua obra de reerguimento dos estudos e da piedade dos fi\u00e9is acerca da Sagrada Liturgia, com o que concorreu notavelmente para o aperfei\u00e7oamento do senso cat\u00f3lico. A Sagrada Liturgia \u00e9 a pr\u00f3pria voz da Igreja que ora. Estud\u00e1-la, conhec\u00ea-la, am\u00e1-la, inserir-se na vida sobrenatural que ela comunica, corresponder generosamente, com a mortifica\u00e7\u00e3o e a vida interior, \u00e0s gra\u00e7as que ela transmite, com isto s\u00f3 podia lucrar imensamente a piedade dos fi\u00e9is.<\/p><p>Entretanto, havia um obst\u00e1culo, al\u00e9m do desinteresse, desconhecimento e ignor\u00e2ncia em que em n\u00e3o raros lugares estavam os conhecimentos lit\u00fargicos. Era a m\u00fasica profana, que se associava \u00e0s celebra\u00e7\u00f5es religiosas, roubando-lhes sua dignidade, seu car\u00e1ter sobrenatural, toda a sua austeridade.<\/p><p>Como fazer? Atra\u00eddas por toda sorte de divers\u00f5es novas, as massas fugiam ao Santu\u00e1rio. Se a Igreja lhes tirasse a m\u00fasica profana, muito mais acess\u00edvel ao gosto moderno do que o canto ch\u00e3o ou at\u00e9 polif\u00f4nico, as igrejas se esvaziariam de vez. N\u00e3o seria melhor contemporizar? \u00c9 o eterno problema dos que julgam que o melhor meio de propagar verdades consiste em dilu\u00ed-las e ocultar, como se o melhor meio de disseminar a luz fosse quebr\u00e1-la com um\u00a0<em>abat-jour<\/em>\u2026<\/p><p>Pio X pensou de modo radicalmente diverso. No seu famoso\u00a0<em>Motu Proprio<\/em>, condenou formalmente a m\u00fasica profana nas igrejas, e, desembara\u00e7ando dessa flora\u00e7\u00e3o inconveniente e \u00e0s vezes at\u00e9 m\u00e1, o ambiente do santu\u00e1rio, reeducou os fi\u00e9is para a aprecia\u00e7\u00e3o do verdadeiro canto sacro. O que se lucrou com isto, \u00e9 f\u00e1cil v\u00ea-lo em nossos dias, quando j\u00e1 ningu\u00e9m suporta de bom grado a m\u00fasica profana que por vezes tenta reintroduzir-se pertinazmente no lugar santo.<\/p><p>.<\/p>\t\t\t\t\t\t<\/div>\n\t\t\t\t<\/div>\n\t\t\t\t\t<\/div>\n\t\t<\/div>\n\t\t\t\t<div class=\"elementor-column elementor-col-50 elementor-inner-column elementor-element elementor-element-9402ce4\" data-id=\"9402ce4\" data-element_type=\"column\">\n\t\t\t<div class=\"elementor-widget-wrap elementor-element-populated\">\n\t\t\t\t\t\t<div class=\"elementor-element elementor-element-b04d743 elementor-widget elementor-widget-text-editor\" data-id=\"b04d743\" data-element_type=\"widget\" data-widget_type=\"text-editor.default\">\n\t\t\t\t<div class=\"elementor-widget-container\">\n\t\t\t\t\t\t\t<p><img decoding=\"async\" style=\"color: var( --e-global-color-text ); font-family: var( --e-global-typography-text-font-family ), Sans-serif; font-weight: var( --e-global-typography-text-font-weight ); font-size: 1rem;\" src=\"https:\/\/www.abim.inf.br\/wp-content\/uploads\/2023\/08\/Sao-Pio-X-_-13-300x241.jpg\" sizes=\"(max-width: 397px) 100vw, 397px\" srcset=\"https:\/\/www.abim.inf.br\/wp-content\/uploads\/2023\/08\/Sao-Pio-X-_-13-300x241.jpg 300w, https:\/\/www.abim.inf.br\/wp-content\/uploads\/2023\/08\/Sao-Pio-X-_-13-1024x821.jpg 1024w, https:\/\/www.abim.inf.br\/wp-content\/uploads\/2023\/08\/Sao-Pio-X-_-13-768x616.jpg 768w, https:\/\/www.abim.inf.br\/wp-content\/uploads\/2023\/08\/Sao-Pio-X-_-13-570x457.jpg 570w, https:\/\/www.abim.inf.br\/wp-content\/uploads\/2023\/08\/Sao-Pio-X-_-13-701x562.jpg 701w, https:\/\/www.abim.inf.br\/wp-content\/uploads\/2023\/08\/Sao-Pio-X-_-13-1067x856.jpg 1067w, https:\/\/www.abim.inf.br\/wp-content\/uploads\/2023\/08\/Sao-Pio-X-_-13.jpg 1277w\" alt=\"\" width=\"397\" height=\"319\" \/><\/p><div><figure><p>\u00a0<\/p><figcaption>A m\u00fasica profana estava associada \u00e0s celebra\u00e7\u00f5es religiosas, roubando-lhes sua dignidade, seu car\u00e1ter sobrenatural, toda a sua austeridade. No seu famoso\u00a0<em>Motu Propri<\/em>o, Pio X condenou formalmente esse tipo de m\u00fasica nas igrejas e reeducou os fi\u00e9is para a aprecia\u00e7\u00e3o do verdadeiro canto sacro.<br \/>[ O Concerto dos Anjos \u2013 Gaudenzio Ferrari (1474-1546). C\u00fapula do transepto, Santu\u00e1rio da Virgem dos Milagres, Saronno, It\u00e1lia].<\/figcaption><\/figure><\/div>\t\t\t\t\t\t<\/div>\n\t\t\t\t<\/div>\n\t\t\t\t\t<\/div>\n\t\t<\/div>\n\t\t\t\t\t<\/div>\n\t\t<\/section>\n\t\t\t\t\t<\/div>\n\t\t<\/div>\n\t\t\t\t\t<\/div>\n\t\t<\/section>\n\t\t\t\t<section class=\"elementor-section elementor-top-section elementor-element elementor-element-2b30e4a elementor-section-boxed elementor-section-height-default elementor-section-height-default\" data-id=\"2b30e4a\" data-element_type=\"section\">\n\t\t\t\t\t\t<div class=\"elementor-container elementor-column-gap-default\">\n\t\t\t\t\t<div class=\"elementor-column elementor-col-100 elementor-top-column elementor-element elementor-element-a00d9ae\" data-id=\"a00d9ae\" data-element_type=\"column\">\n\t\t\t<div class=\"elementor-widget-wrap elementor-element-populated\">\n\t\t\t\t\t\t<div class=\"elementor-element elementor-element-ff78fc7 elementor-widget elementor-widget-heading\" data-id=\"ff78fc7\" data-element_type=\"widget\" data-widget_type=\"heading.default\">\n\t\t\t\t<div class=\"elementor-widget-container\">\n\t\t\t<h2 class=\"elementor-heading-title elementor-size-default\">Torrente de benef\u00edcios espirituais para toda a Cristandade<\/h2>\t\t<\/div>\n\t\t\t\t<\/div>\n\t\t\t\t\t<\/div>\n\t\t<\/div>\n\t\t\t\t\t<\/div>\n\t\t<\/section>\n\t\t\t\t<section class=\"elementor-section elementor-top-section elementor-element elementor-element-158e442 elementor-section-boxed elementor-section-height-default elementor-section-height-default\" data-id=\"158e442\" data-element_type=\"section\">\n\t\t\t\t\t\t<div class=\"elementor-container elementor-column-gap-default\">\n\t\t\t\t\t<div class=\"elementor-column elementor-col-100 elementor-top-column elementor-element elementor-element-0f0b166\" data-id=\"0f0b166\" data-element_type=\"column\">\n\t\t\t<div class=\"elementor-widget-wrap elementor-element-populated\">\n\t\t\t\t\t\t\t<\/div>\n\t\t<\/div>\n\t\t\t\t\t<\/div>\n\t\t<\/section>\n\t\t\t\t<section class=\"elementor-section elementor-top-section elementor-element elementor-element-509fcff elementor-section-boxed elementor-section-height-default elementor-section-height-default\" data-id=\"509fcff\" data-element_type=\"section\">\n\t\t\t\t\t\t<div class=\"elementor-container elementor-column-gap-default\">\n\t\t\t\t\t<div class=\"elementor-column elementor-col-100 elementor-top-column elementor-element elementor-element-42c79b9\" data-id=\"42c79b9\" data-element_type=\"column\">\n\t\t\t<div class=\"elementor-widget-wrap elementor-element-populated\">\n\t\t\t\t\t\t<section class=\"elementor-section elementor-inner-section elementor-element elementor-element-7e4b1f2 elementor-section-boxed elementor-section-height-default elementor-section-height-default\" data-id=\"7e4b1f2\" data-element_type=\"section\">\n\t\t\t\t\t\t<div class=\"elementor-container elementor-column-gap-default\">\n\t\t\t\t\t<div class=\"elementor-column elementor-col-50 elementor-inner-column elementor-element elementor-element-4d1277a\" data-id=\"4d1277a\" data-element_type=\"column\">\n\t\t\t<div class=\"elementor-widget-wrap elementor-element-populated\">\n\t\t\t\t\t\t<div class=\"elementor-element elementor-element-2d70c5d elementor-widget elementor-widget-text-editor\" data-id=\"2d70c5d\" data-element_type=\"widget\" data-widget_type=\"text-editor.default\">\n\t\t\t\t<div class=\"elementor-widget-container\">\n\t\t\t\t\t\t\t<p><img decoding=\"async\" src=\"https:\/\/www.abim.inf.br\/wp-content\/uploads\/2023\/08\/Sao-Pio-X-_-12-249x300.jpg\" sizes=\"(max-width: 249px) 100vw, 249px\" srcset=\"https:\/\/www.abim.inf.br\/wp-content\/uploads\/2023\/08\/Sao-Pio-X-_-12-249x300.jpg 249w, https:\/\/www.abim.inf.br\/wp-content\/uploads\/2023\/08\/Sao-Pio-X-_-12-768x924.jpg 768w, https:\/\/www.abim.inf.br\/wp-content\/uploads\/2023\/08\/Sao-Pio-X-_-12-570x686.jpg 570w, https:\/\/www.abim.inf.br\/wp-content\/uploads\/2023\/08\/Sao-Pio-X-_-12-701x844.jpg 701w, https:\/\/www.abim.inf.br\/wp-content\/uploads\/2023\/08\/Sao-Pio-X-_-12.jpg 851w\" alt=\"\" \/><\/p><p>\u00a0<\/p><p>C\u00e1lice usado por S\u00e3o Pio X<\/p>\t\t\t\t\t\t<\/div>\n\t\t\t\t<\/div>\n\t\t\t\t\t<\/div>\n\t\t<\/div>\n\t\t\t\t<div class=\"elementor-column elementor-col-50 elementor-inner-column elementor-element elementor-element-11421f5\" data-id=\"11421f5\" data-element_type=\"column\">\n\t\t\t<div class=\"elementor-widget-wrap elementor-element-populated\">\n\t\t\t\t\t\t<div class=\"elementor-element elementor-element-d8179b2 elementor-widget elementor-widget-text-editor\" data-id=\"d8179b2\" data-element_type=\"widget\" data-widget_type=\"text-editor.default\">\n\t\t\t\t<div class=\"elementor-widget-container\">\n\t\t\t\t\t\t\t<p>Seria preciso todo um artigo de jornal para falar a respeito dos atos pelos quais o Santo Padre Pio X, abrindo mais francamente as fontes da gra\u00e7a que a obstina\u00e7\u00e3o dos jansenistas pretendera fechar, inaugurou na Santa Igreja uma era nova de fervor eucar\u00edstico. Aconselhando a comunh\u00e3o ass\u00eddua e at\u00e9 quotidiana, o Santo Padre determinou uma admir\u00e1vel eclos\u00e3o de esp\u00edrito eucar\u00edstico, que se manifestou pelas mais variadas obras. Por outro lado, aproximando desde os albores da idade de raz\u00e3o as crian\u00e7as da Sagrada Mesa, Pio X op\u00f4s \u00e0 expans\u00e3o da imoralidade e impiedade fort\u00edssima barreira, robustecendo as vontades e as intelig\u00eancias com a gra\u00e7a de Deus ainda na idade da inoc\u00eancia.<\/p><p>De tudo isto decorreu um aumento de piedade em toda a Cristandade, que iluminou o reinado de Pio X com uma gl\u00f3ria inextingu\u00edvel. Devot\u00edssimo da M\u00e3e de Deus e Senhora Nossa, Maria Sant\u00edssima, o Santo Padre Pio X incentivou notavelmente a devo\u00e7\u00e3o para com aquela que a Igreja ainda proclamar\u00e1 solenemente a Medianeira Universal de todas as gra\u00e7as. E, por isto, foi imensa a torrente de benef\u00edcios espirituais com que se enriqueceu a Santa Igreja.<\/p>\t\t\t\t\t\t<\/div>\n\t\t\t\t<\/div>\n\t\t\t\t\t<\/div>\n\t\t<\/div>\n\t\t\t\t\t<\/div>\n\t\t<\/section>\n\t\t\t\t\t<\/div>\n\t\t<\/div>\n\t\t\t\t\t<\/div>\n\t\t<\/section>\n\t\t\t\t<section class=\"elementor-section elementor-top-section elementor-element elementor-element-1f068da elementor-section-boxed elementor-section-height-default elementor-section-height-default\" data-id=\"1f068da\" data-element_type=\"section\">\n\t\t\t\t\t\t<div class=\"elementor-container elementor-column-gap-default\">\n\t\t\t\t\t<div class=\"elementor-column elementor-col-100 elementor-top-column elementor-element elementor-element-c501c9b\" data-id=\"c501c9b\" data-element_type=\"column\">\n\t\t\t<div class=\"elementor-widget-wrap elementor-element-populated\">\n\t\t\t\t\t\t<div class=\"elementor-element elementor-element-a68c01f elementor-widget elementor-widget-heading\" data-id=\"a68c01f\" data-element_type=\"widget\" data-widget_type=\"heading.default\">\n\t\t\t\t<div class=\"elementor-widget-container\">\n\t\t\t<h2 class=\"elementor-heading-title elementor-size-default\">Tomado de um zelo sobrenatural pela Casa de Deus\n\n<\/h2>\t\t<\/div>\n\t\t\t\t<\/div>\n\t\t\t\t\t<\/div>\n\t\t<\/div>\n\t\t\t\t\t<\/div>\n\t\t<\/section>\n\t\t\t\t<section class=\"elementor-section elementor-top-section elementor-element elementor-element-6719aa5 elementor-section-boxed elementor-section-height-default elementor-section-height-default\" data-id=\"6719aa5\" data-element_type=\"section\">\n\t\t\t\t\t\t<div class=\"elementor-container elementor-column-gap-default\">\n\t\t\t\t\t<div class=\"elementor-column elementor-col-100 elementor-top-column elementor-element elementor-element-aeb9440\" data-id=\"aeb9440\" data-element_type=\"column\">\n\t\t\t<div class=\"elementor-widget-wrap elementor-element-populated\">\n\t\t\t\t\t\t<section class=\"elementor-section elementor-inner-section elementor-element elementor-element-433f5a3 elementor-section-boxed elementor-section-height-default elementor-section-height-default\" data-id=\"433f5a3\" data-element_type=\"section\">\n\t\t\t\t\t\t<div class=\"elementor-container elementor-column-gap-default\">\n\t\t\t\t\t<div class=\"elementor-column elementor-col-50 elementor-inner-column elementor-element elementor-element-eab6019\" data-id=\"eab6019\" data-element_type=\"column\">\n\t\t\t<div class=\"elementor-widget-wrap elementor-element-populated\">\n\t\t\t\t\t\t<div class=\"elementor-element elementor-element-fd28ac7 elementor-widget elementor-widget-text-editor\" data-id=\"fd28ac7\" data-element_type=\"widget\" data-widget_type=\"text-editor.default\">\n\t\t\t\t<div class=\"elementor-widget-container\">\n\t\t\t\t\t\t\t<p><img loading=\"lazy\" decoding=\"async\" src=\"https:\/\/www.abim.inf.br\/wp-content\/uploads\/2023\/08\/Sao-Pio-X-_-11.jpg\" sizes=\"(max-width: 315px) 100vw, 315px\" srcset=\"https:\/\/www.abim.inf.br\/wp-content\/uploads\/2023\/08\/Sao-Pio-X-_-11.jpg 835w, https:\/\/www.abim.inf.br\/wp-content\/uploads\/2023\/08\/Sao-Pio-X-_-11-245x300.jpg 245w, https:\/\/www.abim.inf.br\/wp-content\/uploads\/2023\/08\/Sao-Pio-X-_-11-768x942.jpg 768w, https:\/\/www.abim.inf.br\/wp-content\/uploads\/2023\/08\/Sao-Pio-X-_-11-570x699.jpg 570w, https:\/\/www.abim.inf.br\/wp-content\/uploads\/2023\/08\/Sao-Pio-X-_-11-701x860.jpg 701w\" alt=\"\" width=\"315\" height=\"386\" \/><\/p><div><figure><figcaption>S\u00e3o Pio X falece em 20 de agosto de 1914.<\/figcaption><\/figure><\/div>\t\t\t\t\t\t<\/div>\n\t\t\t\t<\/div>\n\t\t\t\t\t<\/div>\n\t\t<\/div>\n\t\t\t\t<div class=\"elementor-column elementor-col-50 elementor-inner-column elementor-element elementor-element-bb43e9a\" data-id=\"bb43e9a\" data-element_type=\"column\">\n\t\t\t<div class=\"elementor-widget-wrap elementor-element-populated\">\n\t\t\t\t\t\t<div class=\"elementor-element elementor-element-d8cb201 elementor-widget elementor-widget-text-editor\" data-id=\"d8cb201\" data-element_type=\"widget\" data-widget_type=\"text-editor.default\">\n\t\t\t\t<div class=\"elementor-widget-container\">\n\t\t\t\t\t\t\t<p>Mas havia um grave erro, de nenhum valor intelectual \u00e9 certo, pois que n\u00e3o consiste sen\u00e3o em uma indecorosa cole\u00e7\u00e3o de subterf\u00fagios, de sofismas e de mentiras, mas que \u00e0 socapa, como serpente insidiosa, se havia insinuado entre os fi\u00e9is. Era o modernismo. Ele exprimia em \u00faltima an\u00e1lise, o esfor\u00e7o desesperado de certos esp\u00edritos de, conservando embora certas formas e exterioridades cat\u00f3licas com que n\u00e3o ousavam romper, aceitar ao mesmo tempo todos os erros do s\u00e9culo. A primeira caracter\u00edstica do Modernismo era que todas as palavras que na Igreja tem um sentido definido e tradicional valiam como \u00edndices de outro sentido no vocabul\u00e1rio dos modernistas. Usavam o mesmo vocabul\u00e1rio que n\u00f3s, mas com outro esp\u00edrito, e com um segundo sentido que s\u00f3 com habilidade deixavam entrever em seus escritos, e s\u00f3 aos poucos iam revelando oralmente aos seus adeptos. Da\u00ed uma confian\u00e7a ilimitada de esp\u00edritos ing\u00eanuos, mas \u00e0s vezes retos e bem intencionados que, vendo salvas as apar\u00eancias, julgavam salvas as realidades. E o mal circulava impune.<\/p>\n<p><br><\/p>\t\t\t\t\t\t<\/div>\n\t\t\t\t<\/div>\n\t\t\t\t\t<\/div>\n\t\t<\/div>\n\t\t\t\t\t<\/div>\n\t\t<\/section>\n\t\t\t\t\t<\/div>\n\t\t<\/div>\n\t\t\t\t\t<\/div>\n\t\t<\/section>\n\t\t\t\t<section class=\"elementor-section elementor-top-section elementor-element elementor-element-7fea1fd elementor-section-boxed elementor-section-height-default elementor-section-height-default\" data-id=\"7fea1fd\" data-element_type=\"section\">\n\t\t\t\t\t\t<div class=\"elementor-container elementor-column-gap-default\">\n\t\t\t\t\t<div class=\"elementor-column elementor-col-100 elementor-top-column elementor-element elementor-element-c9b21ed\" data-id=\"c9b21ed\" data-element_type=\"column\">\n\t\t\t<div class=\"elementor-widget-wrap elementor-element-populated\">\n\t\t\t\t\t\t<div class=\"elementor-element elementor-element-0f7fe35 elementor-widget elementor-widget-text-editor\" data-id=\"0f7fe35\" data-element_type=\"widget\" data-widget_type=\"text-editor.default\">\n\t\t\t\t<div class=\"elementor-widget-container\">\n\t\t\t\t\t\t\t<p>Em uma Enc\u00edclica famosa, Pio X condenou violentamente este mal, e fez ver a todos os fi\u00e9is que, se as m\u00e3os de um Papa e de um Santo sabem ser maternais para cicatrizar as feridas dos que sofrem, sabem ser pesadas como montanhas, para esmagar erros e matar heresias.<\/p><p>A Enc\u00edclica\u00a0<em>Pascendi Dominici Gregis<\/em>, contra o Modernismo, \u00e9 dos documentos mais edificantes de Pio X. Suas p\u00e1ginas ardem e vibram de santa indigna\u00e7\u00e3o. Tomado de um zelo sobrenatural pela Casa de Deus, o Santo Padre denuncia com palavras de fogo o veneno que escorria sub-rept\u00edcio \u201cdentro das pr\u00f3prias veias da Cristandade\u201d, e com uma precis\u00e3o admir\u00e1vel a\u00ed, ponto por ponto, denunciando os subterf\u00fagios, esmagando as alega\u00e7\u00f5es falsas, e deixando a nu toda a vileza dessa corrente que era, segundo suas express\u00f5es, a \u201cs\u00famula de todas as heresias\u201d.<\/p><p>Um dos lances sem d\u00favida mais fortes da luta de Pio X contra o Modernismo se encontra na condena\u00e7\u00e3o do \u201cSillon\u201d. Essa organiza\u00e7\u00e3o de jovens franceses tinha tomado orienta\u00e7\u00f5es perigosas. Apaixonadamente amiga de todas as novidades indistintamente, odiando indistintamente todas as tradi\u00e7\u00f5es, partid\u00e1ria sistem\u00e1tica dos regimes sociais e pol\u00edticos igualit\u00e1rios e condenando os aristocr\u00e1ticos como anticrist\u00e3os (contra o expresso ensinamento de Le\u00e3o XIII), inimiga de toda autoridade a ponto de n\u00e3o admitir que existissem professores nem cursos organizados para seus s\u00f3cios, e admitindo apenas cooperativas intelectuais, inimiga de toda sele\u00e7\u00e3o de membros, de um interconfessionalismo tipicamente liberal, o \u201cSillon\u201d, gostava de se afirmar \u201crevolucion\u00e1rio\u201d, e de apontar em Jesus Cristo, Senhor Nosso, um grande \u201crevolucion\u00e1rio\u201d. Pode-se imaginar a indigna\u00e7\u00e3o de Pio X contra tal s\u00e9rie de erros. Ele os condenou e fustigou em uma Enc\u00edclica que deveria estar nas m\u00e3os de todos, de tal maneira esclarece pontos doutrin\u00e1rios important\u00edssimos, que h\u00e3o de interessar os fi\u00e9is at\u00e9 a consuma\u00e7\u00e3o dos s\u00e9culos.<\/p>\t\t\t\t\t\t<\/div>\n\t\t\t\t<\/div>\n\t\t\t\t\t<\/div>\n\t\t<\/div>\n\t\t\t\t\t<\/div>\n\t\t<\/section>\n\t\t\t\t<section class=\"elementor-section elementor-top-section elementor-element elementor-element-a53075f elementor-section-boxed elementor-section-height-default elementor-section-height-default\" data-id=\"a53075f\" data-element_type=\"section\">\n\t\t\t\t\t\t<div class=\"elementor-container elementor-column-gap-default\">\n\t\t\t\t\t<div class=\"elementor-column elementor-col-100 elementor-top-column elementor-element elementor-element-f7fe07a\" data-id=\"f7fe07a\" data-element_type=\"column\">\n\t\t\t<div class=\"elementor-widget-wrap elementor-element-populated\">\n\t\t\t\t\t\t<div class=\"elementor-element elementor-element-d7e1647 elementor-widget elementor-widget-heading\" data-id=\"d7e1647\" data-element_type=\"widget\" data-widget_type=\"heading.default\">\n\t\t\t\t<div class=\"elementor-widget-container\">\n\t\t\t<h2 class=\"elementor-heading-title elementor-size-default\">Poderoso intercessor para os cat\u00f3licos do mundo inteiro\n\n<\/h2>\t\t<\/div>\n\t\t\t\t<\/div>\n\t\t\t\t\t<\/div>\n\t\t<\/div>\n\t\t\t\t\t<\/div>\n\t\t<\/section>\n\t\t\t\t<section class=\"elementor-section elementor-top-section elementor-element elementor-element-34dea2d elementor-section-boxed elementor-section-height-default elementor-section-height-default\" data-id=\"34dea2d\" data-element_type=\"section\">\n\t\t\t\t\t\t<div class=\"elementor-container elementor-column-gap-default\">\n\t\t\t\t\t<div class=\"elementor-column elementor-col-100 elementor-top-column elementor-element elementor-element-87815c3\" data-id=\"87815c3\" data-element_type=\"column\">\n\t\t\t<div class=\"elementor-widget-wrap elementor-element-populated\">\n\t\t\t\t\t\t<div class=\"elementor-element elementor-element-47a93ab elementor-widget elementor-widget-text-editor\" data-id=\"47a93ab\" data-element_type=\"widget\" data-widget_type=\"text-editor.default\">\n\t\t\t\t<div class=\"elementor-widget-container\">\n\t\t\t\t\t\t\t<p>O esplendor das virtudes de Pio X, havia, por fim, abafado inteiramente o ru\u00eddo est\u00fapido dos que, inteiramente naturalistas, julgavam que o fator mais importante do apostolado est\u00e1 na intelig\u00eancia, e n\u00e3o na virtude. E, por isto, o ambiente criado pela admir\u00e1vel figura do Papa era de verdadeiro e universal enlevo.<\/p><p>Infelizmente, por\u00e9m, veio a guerra. E, como todos sabem, n\u00e3o resistindo ao golpe, bem como \u00e0s in\u00fameras lutas de seu \u00e1rduo Pontificado, Pio X morreu.<\/p><div class=\"wp-block-image\"><figure class=\"alignright size-large is-resized\"><\/figure><\/div><p>No C\u00e9u, mais um santo se sentou no n\u00famero dos eleitos. E, na Terra, sua mem\u00f3ria continua a embalsamar todos os cora\u00e7\u00f5es, a edificar todas as almas, e a consolar in\u00fameras dores. At\u00e9 hoje, chegam ao Vaticano cartas endere\u00e7adas a Pio X, em que dos mais variados pontos da Terra os fi\u00e9is pedem ao grande Papa, cujos restos mortais sabem estar ali sepultados, que reze por eles e lhes obtenha as gra\u00e7as espirituais ou temporais necess\u00e1rias.<\/p><p>A cripta em que seu corpo repousa \u00e9 visitada constantemente por peregrinos*. E, como n\u00e3o est\u00e1 sempre aberta, no lajedo de m\u00e1rmore da Bas\u00edlica do Vaticano, exatamente sobre a l\u00e1pide embaixo da qual est\u00e1 o lugar em que, na cripta subterr\u00e2nea os restos mortais de Pio X dormem no Senhor, se fixou um sinal de metal. Em torno dele, rezam os fi\u00e9is nas horas em que a cripta n\u00e3o est\u00e1 exposta \u00e0 visita\u00e7\u00e3o p\u00fablica.<\/p><p>Quando morreu o grande Pio XI, abriu-se seu testamento. E l\u00e1 se encontrou o pedido comovedor de que queria ser sepultado junto a Pio X, a fim de que os fi\u00e9is que fossem pedir gra\u00e7as perto da sepultura deste \u00faltimo, se lembrassem de orar pela alma do que fora Achilles Ratti.<\/p><p>Esta delicadeza de sentimentos brotada do peito santamente viril desse her\u00f3i que foi Pio XI, lembra os cruzados. Ali repousam, lado a lado, os dois grandes Papas, muralhas fort\u00edssimas, colunas da Santa Igreja de Deus, que certamente oram para assistir no governo pontif\u00edcio, nestes tormentos\u00edssimos dias, aquele que com o nome de Pio XII, a piedade popular j\u00e1 aclamou \u201cPastor Angelicus\u201d, consagrando assim o lema de velh\u00edssima e interessante profecia. \u00a0<\/p>\t\t\t\t\t\t<\/div>\n\t\t\t\t<\/div>\n\t\t\t\t\t<\/div>\n\t\t<\/div>\n\t\t\t\t\t<\/div>\n\t\t<\/section>\n\t\t\t\t<section class=\"elementor-section elementor-top-section elementor-element elementor-element-0cb3c27 elementor-section-boxed elementor-section-height-default elementor-section-height-default\" data-id=\"0cb3c27\" data-element_type=\"section\">\n\t\t\t\t\t\t<div class=\"elementor-container elementor-column-gap-default\">\n\t\t\t\t\t<div class=\"elementor-column elementor-col-50 elementor-top-column elementor-element elementor-element-51216f5\" data-id=\"51216f5\" data-element_type=\"column\">\n\t\t\t<div class=\"elementor-widget-wrap elementor-element-populated\">\n\t\t\t\t\t\t<div class=\"elementor-element elementor-element-330fdc5 elementor-widget elementor-widget-text-editor\" data-id=\"330fdc5\" data-element_type=\"widget\" data-widget_type=\"text-editor.default\">\n\t\t\t\t<div class=\"elementor-widget-container\">\n\t\t\t\t\t\t\t<p><img loading=\"lazy\" decoding=\"async\" src=\"https:\/\/www.abim.inf.br\/wp-content\/uploads\/2023\/08\/Sao-Pio-X-_-10-300x225.jpg\" sizes=\"(max-width: 404px) 100vw, 404px\" srcset=\"https:\/\/www.abim.inf.br\/wp-content\/uploads\/2023\/08\/Sao-Pio-X-_-10-300x225.jpg 300w, https:\/\/www.abim.inf.br\/wp-content\/uploads\/2023\/08\/Sao-Pio-X-_-10-1024x768.jpg 1024w, https:\/\/www.abim.inf.br\/wp-content\/uploads\/2023\/08\/Sao-Pio-X-_-10-768x576.jpg 768w, https:\/\/www.abim.inf.br\/wp-content\/uploads\/2023\/08\/Sao-Pio-X-_-10-119x89.jpg 119w, https:\/\/www.abim.inf.br\/wp-content\/uploads\/2023\/08\/Sao-Pio-X-_-10-570x428.jpg 570w, https:\/\/www.abim.inf.br\/wp-content\/uploads\/2023\/08\/Sao-Pio-X-_-10-701x526.jpg 701w, https:\/\/www.abim.inf.br\/wp-content\/uploads\/2023\/08\/Sao-Pio-X-_-10-1067x800.jpg 1067w, https:\/\/www.abim.inf.br\/wp-content\/uploads\/2023\/08\/Sao-Pio-X-_-10.jpg 1280w\" alt=\"\" width=\"404\" height=\"303\" \/><\/p><p>T\u00famulo antigo<\/p>\t\t\t\t\t\t<\/div>\n\t\t\t\t<\/div>\n\t\t\t\t\t<\/div>\n\t\t<\/div>\n\t\t\t\t<div class=\"elementor-column elementor-col-50 elementor-top-column elementor-element elementor-element-5dbdaff\" data-id=\"5dbdaff\" data-element_type=\"column\">\n\t\t\t<div class=\"elementor-widget-wrap elementor-element-populated\">\n\t\t\t\t\t\t<div class=\"elementor-element elementor-element-d1b69e8 elementor-widget elementor-widget-text-editor\" data-id=\"d1b69e8\" data-element_type=\"widget\" data-widget_type=\"text-editor.default\">\n\t\t\t\t<div class=\"elementor-widget-container\">\n\t\t\t\t\t\t\t<p><br><\/p><p><img loading=\"lazy\" decoding=\"async\" src=\"https:\/\/www.abim.inf.br\/wp-content\/uploads\/2023\/08\/Sao-Pio-X-_-9-1024x686.jpg\" sizes=\"(max-width: 397px) 100vw, 397px\" srcset=\"https:\/\/www.abim.inf.br\/wp-content\/uploads\/2023\/08\/Sao-Pio-X-_-9-1024x686.jpg 1024w, https:\/\/www.abim.inf.br\/wp-content\/uploads\/2023\/08\/Sao-Pio-X-_-9-300x201.jpg 300w, https:\/\/www.abim.inf.br\/wp-content\/uploads\/2023\/08\/Sao-Pio-X-_-9-768x514.jpg 768w, https:\/\/www.abim.inf.br\/wp-content\/uploads\/2023\/08\/Sao-Pio-X-_-9-570x382.jpg 570w, https:\/\/www.abim.inf.br\/wp-content\/uploads\/2023\/08\/Sao-Pio-X-_-9-701x469.jpg 701w, https:\/\/www.abim.inf.br\/wp-content\/uploads\/2023\/08\/Sao-Pio-X-_-9-1067x714.jpg 1067w, https:\/\/www.abim.inf.br\/wp-content\/uploads\/2023\/08\/Sao-Pio-X-_-9.jpg 1280w\" alt=\"\" width=\"397\" height=\"265\"><\/p>\n<p>T\u00famulo atual<\/p>\t\t\t\t\t\t<\/div>\n\t\t\t\t<\/div>\n\t\t\t\t\t<\/div>\n\t\t<\/div>\n\t\t\t\t\t<\/div>\n\t\t<\/section>\n\t\t\t\t<section class=\"elementor-section elementor-top-section elementor-element elementor-element-8192b72 elementor-section-boxed elementor-section-height-default elementor-section-height-default\" data-id=\"8192b72\" data-element_type=\"section\">\n\t\t\t\t\t\t<div class=\"elementor-container elementor-column-gap-default\">\n\t\t\t\t\t<div class=\"elementor-column elementor-col-100 elementor-top-column elementor-element elementor-element-b20b132\" data-id=\"b20b132\" data-element_type=\"column\">\n\t\t\t<div class=\"elementor-widget-wrap elementor-element-populated\">\n\t\t\t\t\t\t<div class=\"elementor-element elementor-element-15a76f3 elementor-widget elementor-widget-text-editor\" data-id=\"15a76f3\" data-element_type=\"widget\" data-widget_type=\"text-editor.default\">\n\t\t\t\t<div class=\"elementor-widget-container\">\n\t\t\t\t\t\t\t<p>____________<\/p><p>* Atualmente o corpo incorrupto de S\u00e3o Pio X n\u00e3o se encontra na cripta, mas exposto em sepultura na Bas\u00edlica de S\u00e3o Pedro sob o altar da capela da Apresenta\u00e7\u00e3o.<\/p>\t\t\t\t\t\t<\/div>\n\t\t\t\t<\/div>\n\t\t\t\t\t<\/div>\n\t\t<\/div>\n\t\t\t\t\t<\/div>\n\t\t<\/section>\n\t\t\t\t<section class=\"elementor-section elementor-top-section elementor-element elementor-element-1c41ef4 elementor-section-boxed elementor-section-height-default elementor-section-height-default\" data-id=\"1c41ef4\" data-element_type=\"section\">\n\t\t\t\t\t\t<div class=\"elementor-container elementor-column-gap-default\">\n\t\t\t\t\t<div class=\"elementor-column elementor-col-100 elementor-top-column elementor-element elementor-element-a8bb475\" data-id=\"a8bb475\" data-element_type=\"column\">\n\t\t\t<div class=\"elementor-widget-wrap elementor-element-populated\">\n\t\t\t\t\t\t<div class=\"elementor-element elementor-element-d77bfa3 elementor-widget elementor-widget-spacer\" data-id=\"d77bfa3\" data-element_type=\"widget\" data-widget_type=\"spacer.default\">\n\t\t\t\t<div class=\"elementor-widget-container\">\n\t\t\t<style>\/*! elementor - v3.23.0 - 05-08-2024 *\/\n.elementor-column .elementor-spacer-inner{height:var(--spacer-size)}.e-con{--container-widget-width:100%}.e-con-inner>.elementor-widget-spacer,.e-con>.elementor-widget-spacer{width:var(--container-widget-width,var(--spacer-size));--align-self:var(--container-widget-align-self,initial);--flex-shrink:0}.e-con-inner>.elementor-widget-spacer>.elementor-widget-container,.e-con>.elementor-widget-spacer>.elementor-widget-container{height:100%;width:100%}.e-con-inner>.elementor-widget-spacer>.elementor-widget-container>.elementor-spacer,.e-con>.elementor-widget-spacer>.elementor-widget-container>.elementor-spacer{height:100%}.e-con-inner>.elementor-widget-spacer>.elementor-widget-container>.elementor-spacer>.elementor-spacer-inner,.e-con>.elementor-widget-spacer>.elementor-widget-container>.elementor-spacer>.elementor-spacer-inner{height:var(--container-widget-height,var(--spacer-size))}.e-con-inner>.elementor-widget-spacer.elementor-widget-empty,.e-con>.elementor-widget-spacer.elementor-widget-empty{position:relative;min-height:22px;min-width:22px}.e-con-inner>.elementor-widget-spacer.elementor-widget-empty .elementor-widget-empty-icon,.e-con>.elementor-widget-spacer.elementor-widget-empty .elementor-widget-empty-icon{position:absolute;top:0;bottom:0;left:0;right:0;margin:auto;padding:0;width:22px;height:22px}<\/style>\t\t<div class=\"elementor-spacer\">\n\t\t\t<div class=\"elementor-spacer-inner\"><\/div>\n\t\t<\/div>\n\t\t\t\t<\/div>\n\t\t\t\t<\/div>\n\t\t\t\t\t<\/div>\n\t\t<\/div>\n\t\t\t\t\t<\/div>\n\t\t<\/section>\n\t\t\t\t<\/div>\n\t\t","protected":false},"excerpt":{"rendered":"<p>UM PAPA \u00cdMPAR PARA UM MOMENTO \u00cdMPAR NA HIST\u00d3RIA Por Plinio Correa de Oliveira Recente not\u00edcia proveniente do Vaticano informou que entrou na sua fase final perante a Sagrada Congrega\u00e7\u00e3o dos Ritos a causa de beatifica\u00e7\u00e3o do glorioso Servo de Deus que sob o nome de Pio X governou a Igreja Universal. A not\u00edcia da beatifica\u00e7\u00e3o do Papa Pio X causou em todo orbe cat\u00f3lico o mais santo contentamento. De origem humilde, e n\u00e3o tendo passado pela admir\u00e1vel escola de forma\u00e7\u00e3o pol\u00edtica que \u00e9 a carreira da diplomacia pontif\u00edcia, o Santo Padre Pio X teve de arcar com a sucess\u00e3o&#8230;<\/p>\n","protected":false},"author":1,"featured_media":0,"comment_status":"open","ping_status":"open","sticky":false,"template":"","format":"standard","meta":{"jetpack_post_was_ever_published":false,"_jetpack_newsletter_access":"","_jetpack_dont_email_post_to_subs":false,"_jetpack_newsletter_tier_id":0,"footnotes":""},"categories":[1],"tags":[],"jetpack_sharing_enabled":true,"jetpack_featured_media_url":"","_links":{"self":[{"href":"https:\/\/ligadosantorosario.com\/index.php?rest_route=\/wp\/v2\/posts\/1386"}],"collection":[{"href":"https:\/\/ligadosantorosario.com\/index.php?rest_route=\/wp\/v2\/posts"}],"about":[{"href":"https:\/\/ligadosantorosario.com\/index.php?rest_route=\/wp\/v2\/types\/post"}],"author":[{"embeddable":true,"href":"https:\/\/ligadosantorosario.com\/index.php?rest_route=\/wp\/v2\/users\/1"}],"replies":[{"embeddable":true,"href":"https:\/\/ligadosantorosario.com\/index.php?rest_route=%2Fwp%2Fv2%2Fcomments&post=1386"}],"version-history":[{"count":4,"href":"https:\/\/ligadosantorosario.com\/index.php?rest_route=\/wp\/v2\/posts\/1386\/revisions"}],"predecessor-version":[{"id":1391,"href":"https:\/\/ligadosantorosario.com\/index.php?rest_route=\/wp\/v2\/posts\/1386\/revisions\/1391"}],"wp:attachment":[{"href":"https:\/\/ligadosantorosario.com\/index.php?rest_route=%2Fwp%2Fv2%2Fmedia&parent=1386"}],"wp:term":[{"taxonomy":"category","embeddable":true,"href":"https:\/\/ligadosantorosario.com\/index.php?rest_route=%2Fwp%2Fv2%2Fcategories&post=1386"},{"taxonomy":"post_tag","embeddable":true,"href":"https:\/\/ligadosantorosario.com\/index.php?rest_route=%2Fwp%2Fv2%2Ftags&post=1386"}],"curies":[{"name":"wp","href":"https:\/\/api.w.org\/{rel}","templated":true}]}}