{"id":1405,"date":"2023-08-22T02:09:50","date_gmt":"2023-08-22T02:09:50","guid":{"rendered":"https:\/\/ligadosantorosario.com\/?p=1405"},"modified":"2023-08-22T02:17:29","modified_gmt":"2023-08-22T02:17:29","slug":"imaculado-coracao-de-maria","status":"publish","type":"post","link":"https:\/\/ligadosantorosario.com\/?p=1405","title":{"rendered":"Imaculado Cora\u00e7\u00e3o de Maria"},"content":{"rendered":"\t\t<div data-elementor-type=\"wp-post\" data-elementor-id=\"1405\" class=\"elementor elementor-1405\" data-elementor-post-type=\"post\">\n\t\t\t\t\t\t<section class=\"elementor-section elementor-top-section elementor-element elementor-element-4e0a370 elementor-section-boxed elementor-section-height-default elementor-section-height-default\" data-id=\"4e0a370\" data-element_type=\"section\">\n\t\t\t\t\t\t<div class=\"elementor-container elementor-column-gap-default\">\n\t\t\t\t\t<div class=\"elementor-column elementor-col-100 elementor-top-column elementor-element elementor-element-5287430\" data-id=\"5287430\" data-element_type=\"column\">\n\t\t\t<div class=\"elementor-widget-wrap elementor-element-populated\">\n\t\t\t\t\t\t<div class=\"elementor-element elementor-element-09006c8 elementor-widget elementor-widget-image\" data-id=\"09006c8\" data-element_type=\"widget\" data-widget_type=\"image.default\">\n\t\t\t\t<div class=\"elementor-widget-container\">\n\t\t\t<style>\/*! elementor - v3.23.0 - 05-08-2024 *\/\n.elementor-widget-image{text-align:center}.elementor-widget-image a{display:inline-block}.elementor-widget-image a img[src$=\".svg\"]{width:48px}.elementor-widget-image img{vertical-align:middle;display:inline-block}<\/style>\t\t\t\t\t\t\t\t\t\t<img fetchpriority=\"high\" decoding=\"async\" width=\"413\" height=\"608\" src=\"https:\/\/ligadosantorosario.com\/wp-content\/uploads\/imaculadoCorMaria.jpg\" class=\"attachment-large size-large wp-image-1407\" alt=\"\" srcset=\"https:\/\/ligadosantorosario.com\/wp-content\/uploads\/imaculadoCorMaria.jpg 413w, https:\/\/ligadosantorosario.com\/wp-content\/uploads\/imaculadoCorMaria-204x300.jpg 204w\" sizes=\"(max-width: 413px) 100vw, 413px\" \/>\t\t\t\t\t\t\t\t\t\t\t\t\t<\/div>\n\t\t\t\t<\/div>\n\t\t\t\t\t<\/div>\n\t\t<\/div>\n\t\t\t\t\t<\/div>\n\t\t<\/section>\n\t\t\t\t<section class=\"elementor-section elementor-top-section elementor-element elementor-element-6173ca4 elementor-section-boxed elementor-section-height-default elementor-section-height-default\" data-id=\"6173ca4\" data-element_type=\"section\">\n\t\t\t\t\t\t<div class=\"elementor-container elementor-column-gap-default\">\n\t\t\t\t\t<div class=\"elementor-column elementor-col-100 elementor-top-column elementor-element elementor-element-39f155b\" data-id=\"39f155b\" data-element_type=\"column\">\n\t\t\t<div class=\"elementor-widget-wrap elementor-element-populated\">\n\t\t\t\t\t\t<div class=\"elementor-element elementor-element-edd584d elementor-widget elementor-widget-text-editor\" data-id=\"edd584d\" data-element_type=\"widget\" data-widget_type=\"text-editor.default\">\n\t\t\t\t<div class=\"elementor-widget-container\">\n\t\t\t<style>\/*! elementor - v3.23.0 - 05-08-2024 *\/\n.elementor-widget-text-editor.elementor-drop-cap-view-stacked .elementor-drop-cap{background-color:#69727d;color:#fff}.elementor-widget-text-editor.elementor-drop-cap-view-framed .elementor-drop-cap{color:#69727d;border:3px solid;background-color:transparent}.elementor-widget-text-editor:not(.elementor-drop-cap-view-default) .elementor-drop-cap{margin-top:8px}.elementor-widget-text-editor:not(.elementor-drop-cap-view-default) .elementor-drop-cap-letter{width:1em;height:1em}.elementor-widget-text-editor .elementor-drop-cap{float:left;text-align:center;line-height:1;font-size:50px}.elementor-widget-text-editor .elementor-drop-cap-letter{display:inline-block}<\/style>\t\t\t\t<p><em>Por Plinio Correa de Oliveira<\/em><\/p>\t\t\t\t\t\t<\/div>\n\t\t\t\t<\/div>\n\t\t\t\t\t<\/div>\n\t\t<\/div>\n\t\t\t\t\t<\/div>\n\t\t<\/section>\n\t\t\t\t<section class=\"elementor-section elementor-top-section elementor-element elementor-element-4aa7307 elementor-section-boxed elementor-section-height-default elementor-section-height-default\" data-id=\"4aa7307\" data-element_type=\"section\">\n\t\t\t\t\t\t<div class=\"elementor-container elementor-column-gap-default\">\n\t\t\t\t\t<div class=\"elementor-column elementor-col-100 elementor-top-column elementor-element elementor-element-4c1e45b\" data-id=\"4c1e45b\" data-element_type=\"column\">\n\t\t\t<div class=\"elementor-widget-wrap elementor-element-populated\">\n\t\t\t\t\t\t<div class=\"elementor-element elementor-element-c323d09 elementor-widget elementor-widget-text-editor\" data-id=\"c323d09\" data-element_type=\"widget\" data-widget_type=\"text-editor.default\">\n\t\t\t\t<div class=\"elementor-widget-container\">\n\t\t\t\t\t\t\t<p align=\"JUSTIFY\"><span style=\"font-family: Verdana;\">Os senhores ter\u00e3o visto que n\u00f3s acrescentamos um adjetivo \u00e0 express\u00e3o Imaculado Cora\u00e7\u00e3o de Maria: \u00e9\u00a0<b>Sapiencial e Imaculado Cora\u00e7\u00e3o de Maria<\/b>. Qual \u00e9 a raz\u00e3o desse adjetivo e por que n\u00f3s falamos do Cora\u00e7\u00e3o Sapiencial?<\/span><\/p><p align=\"JUSTIFY\"><span style=\"font-family: Verdana;\">Tanto se tem falado a respeito do Imaculado Cora\u00e7\u00e3o de Maria que quase n\u00e3o julgo necess\u00e1rio dizer uma palavra a esse respeito. Nossa Senhora, como os senhores sabem, foi concebida sem pecado original, e o Seu Cora\u00e7\u00e3o \u2014 que \u00e9 o s\u00edmbolo de Sua alma, de Sua santidade, das cogita\u00e7\u00f5es de Sua mente \u2014 \u00e9 Imaculado porque Ela \u00e9 Imaculada. Tudo aquilo que procede de uma pessoa imaculada \u00e9 sem m\u00e1cula, e dizer que o Cora\u00e7\u00e3o de Maria \u00e9 Imaculado, marca uma diferen\u00e7a abism\u00e1tica entre Ela e n\u00f3s.<\/span><\/p><p align=\"JUSTIFY\"><span style=\"font-family: Verdana;\">\u00c9 que n\u00f3s somos concebidos no pecado original e, por causa disso, por mais que n\u00f3s sub\u00edssemos na vida espiritual, n\u00f3s sempre ter\u00edamos impulsos maus. Seria preciso estar vencendo esses impulsos maus, combatendo esses impulsos maus at\u00e9 o fim da vida, mas n\u00f3s sempre ter\u00edamos impulsos maus; impulsos dos quais n\u00e3o ter\u00edamos culpa precisamente porque lhes negar\u00edamos toda e qualquer ades\u00e3o de nossa vontade, n\u00f3s os detestar\u00edamos, mas ter\u00edamos os impulsos maus.<\/span><\/p><p align=\"JUSTIFY\"><span style=\"font-family: Verdana;\">Os senhores t\u00eam o exemplo de Santo Afonso de Lig\u00f3rio: Bispo, Doutor da Igreja, fundador de uma Ordem religiosa que [tamb\u00e9m] foi insigne, que \u00e9 a Congrega\u00e7\u00e3o dos Redentoristas, ele sofria tenta\u00e7\u00f5es contra a pureza t\u00e3o tremendas, que at\u00e9 depois de velho, com mais de oitenta anos, n\u00e3o podendo mais andar e caminhando em cadeira de rodas, ainda as tenta\u00e7\u00f5es contra a pureza eram para ele uma verdadeira dificuldade, embora fosse cast\u00edssimo; mas ele tinha o impulso da impureza.<\/span><\/p><p align=\"JUSTIFY\"><span style=\"font-family: Verdana;\">Com Nossa Senhora nada disso acontecia. NEla nenhum impulso era mau, todos os impulsos eram conformes \u00e0 raz\u00e3o, e todos movimentos da raz\u00e3o eram inspirados pela gra\u00e7a, de maneira que nEla tudo era harm\u00f4nico, tudo era perfeito, e tudo estava continuamente voltado para o bem. E quando falamos do Imaculado Cora\u00e7\u00e3o de Maria queremos caracterizar este fato, de uma pureza tal, que Ela n\u00e3o tinha nem no que diz respeito \u00e0 castidade, nem a qualquer outra virtude, o menor pendor para o mal. Ela nunca teve o menor pendor e a menor inclina\u00e7\u00e3o para o mal.<\/span><\/p><p align=\"right\"><b><span style=\"font-family: Trebuchet MS;\">* A virtude da sabedoria<\/span><\/b><\/p><p align=\"JUSTIFY\"><span style=\"font-family: Verdana;\">O que vem a ser a sapiencialidade do Cora\u00e7\u00e3o de Maria? Evidentemente o Cora\u00e7\u00e3o Sapiencial \u00e9 o Cora\u00e7\u00e3o cheio de sabedoria.\u00a0<i>Sapientia<\/i>\u00a0em latim se traduz para o portugu\u00eas em sabedoria. Mas o que vem a ser propriamente a sabedoria, e por que o Imaculado Cora\u00e7\u00e3o de Maria \u00e9 um Cora\u00e7\u00e3o Sapiencial? O que quer dizer isto com o Cora\u00e7\u00e3o Sapiencial?<\/span><\/p><p align=\"JUSTIFY\"><span style=\"font-family: Verdana;\">A virtude da sabedoria \u00e9 aquela virtude que nos faz ver as coisas pelos seus aspectos mais elevados, e que por causa disso tamb\u00e9m nos faz ver as coisas numa maravilhosa unidade, a partir de uma maravilhosa unidade. Porque se o mundo \u00e9 organizado em forma de pir\u00e2mide, quanto mais n\u00f3s vamos analisando pelos seus aspectos elevados o universo, tanto mais as nossas considera\u00e7\u00f5es v\u00e3o se ajuntando umas \u00e0s outras, umas \u00e0s outras, at\u00e9 atingir o ponto extremo que \u00e9 a exist\u00eancia de Deus, Ser absoluto, infinito, perfeito, eterno, que jamais poder\u00e1 sofrer nenhuma altera\u00e7\u00e3o, nenhum fim, que se basta perfeitamente a Si mesmo, e que \u00e9 o Criador, o Modelo e o fim de todas as coisas.<\/span><\/p><p align=\"JUSTIFY\"><span style=\"font-family: Verdana;\">A considera\u00e7\u00e3o de todas as coisas enquanto representando a Deus, enquanto feitas para servirem a Deus, esta concep\u00e7\u00e3o das coisas onde elas s\u00e3o vistas pelo seu mais alto aspecto, quer dizer, pelo seu aspecto deiforme &#8211; porque o mais alto aspecto de qualquer coisa \u00e9 o por onde essa coisa mais se parece com Deus Nosso Senhor -, esta considera\u00e7\u00e3o faz com que a mente tenha uma unidade admir\u00e1vel, tenha uma coer\u00eancia extraordin\u00e1ria, nada de contradi\u00e7\u00e3o, nada de dilacera\u00e7\u00e3o, nada de hesita\u00e7\u00e3o, mas certeza, f\u00e9, convic\u00e7\u00e3o, coer\u00eancia, firmeza desde os mais altos princ\u00edpios at\u00e9 as menores coisas.<\/span><\/p><p align=\"JUSTIFY\"><span style=\"font-family: Verdana;\">Esta \u00e9 a fisionomia moral do var\u00e3o verdadeiramente cat\u00f3lico: coerente em tudo, porque tudo nele prov\u00e9m das mais altas cogita\u00e7\u00f5es do esp\u00edrito, quer dizer, das cogita\u00e7\u00f5es que se ancoram em Deus Nosso Senhor. A sabedoria enquanto virtude da intelig\u00eancia \u00e9 isto, e enquanto virtude da vontade ela \u00e9 uma disposi\u00e7\u00e3o firme na palavra ou da vontade de seguir o que a intelig\u00eancia sabe e nos mostra, e portanto de fazermos inabal\u00e1vel e firmemente aquilo que \u00e9 o nosso dever. Ent\u00e3o, uma intelig\u00eancia soberanamente l\u00edmpida e l\u00facida porque cheia de convic\u00e7\u00e3o da exist\u00eancia de Deus, cheia de f\u00e9 sobrenatural; uma intelig\u00eancia, porque l\u00edmpida e l\u00facida, sumamente coerente, uma vontade forte, firme, inabal\u00e1vel, constantemente voltada para o fim que ela deve ter em vista e para a hierarquia em que este esp\u00edrito se p\u00f5e, isso nos mostra o homem sapiencial.<\/span><\/p><p align=\"right\"><b><span style=\"font-family: Trebuchet MS;\">* A sapiencialidade do Cora\u00e7\u00e3o de Maria<\/span><\/b><\/p><p align=\"JUSTIFY\"><span style=\"font-family: Verdana;\">Esta virtude da sabedoria \u00e9 uma virtude que cont\u00e9m, portanto, todas as outras virtudes, e ela est\u00e1 posta no primeiro mandamento da Lei de Deus. Quando o Dec\u00e1logo nos diz \u201camar\u00e1s ao Senhor teu Deus, de todo teu cora\u00e7\u00e3o, de toda tua alma, de todo teu entendimento\u201d etc., etc., ele nos prescreve sermos assim, e era assim que era Nossa Senhora.<\/span><\/p><p align=\"JUSTIFY\"><span style=\"font-family: Verdana;\">O Cora\u00e7\u00e3o dEla, quer dizer a alma dEla, a mente dEla era soberanamente elevada, soberanamente grande, soberanamente s\u00e9ria, soberanamente profunda, porque era assim. Ela era o Vaso de Elei\u00e7\u00e3o no qual pousou o Esp\u00edrito Santo para fazer Seu casto con\u00fabio com Ela e gerar a Nosso Senhor. E uma das poucas coisas que n\u00f3s conhecemos (atrav\u00e9s do Evangelho) como dita por Nossa Senhora, \u00e9 uma verdadeira maravilha de sabedoria, \u00e9 o\u00a0<\/span><i><span style=\"font-family: Verdana;\">Magnificat.<\/span><\/i><\/p><p align=\"right\"><b><span style=\"font-family: Trebuchet MS;\">* O Magnificat: exemplo de ora\u00e7\u00e3o contra-revolucion\u00e1ria<\/span><\/b><\/p><p align=\"JUSTIFY\"><span style=\"font-family: Verdana;\">Em uma ocasi\u00e3o j\u00e1 fiz aqui uma an\u00e1lise do\u00a0<i>Magnificat<\/i>\u00a0e n\u00e3o \u00e9 o caso de fazer neste momento, mas eu gostaria de mostrar apenas o que h\u00e1 de sapiencialidade na primeira palavra do\u00a0<\/span><i><span style=\"font-family: Verdana;\">Magnificat.<\/span><\/i><\/p><p align=\"JUSTIFY\"><i><span style=\"font-family: Verdana;\">Magnificat<\/span><\/i><span style=\"font-family: Verdana;\">\u00a0quer dizer \u201cengrandecer\u201d.\u00a0<i>\u201cMagnificat anima<\/i>\u00a0<i>mea Dominum\u201d<\/i>\u00a0quer dizer \u201ca Minha alma engrandece o Senhor\u201d, ou em outros termos: \u201cMinha alma est\u00e1 enlevada com a grandeza do Meu Senhor, ela adora o Meu Senhor na sua perfeita e insond\u00e1vel grandeza, e ela d\u00e1 um aumento extr\u00ednseco a essa grandeza cantando a grandeza do Meu Senhor\u201d.<\/span><\/p><p align=\"JUSTIFY\"><span style=\"font-family: Verdana;\">Os senhores v\u00eaem que a palavra com que Ela irrompe o seu c\u00e2ntico \u00e9 um c\u00e2ntico de grandeza, \u00e9 um c\u00e2ntico de uma alma nobil\u00edssima, e que voa para considerar a Deus nos seus mais altos aspectos, e depois volta, por um contraste harm\u00f4nico e maravilhoso, para a considera\u00e7\u00e3o de seu pr\u00f3prio nada: \u201cMinha alma engrandece o Senhor e o meu esp\u00edrito exultou em Deus meu Salvador\u201d.<\/span><\/p><p align=\"JUSTIFY\"><span style=\"font-family: Verdana;\">Por que? Porque\u00a0<i>\u201cconsiderou a humildade de sua escrava e por causa disto todas as gera\u00e7\u00f5es me chamar\u00e3o Bem-aventurada\u201d.<\/i>\u00a0Os senhores est\u00e3o vendo que beleza isto, n\u00e3o \u00e9? Como pela sabedoria Ela mediu toda a grandeza de Deus e se alegrou nisto tanto quanto uma mente criada pode medir a grandeza de Deus; como, de outro lado, Ela mediu sua pequenez, e ent\u00e3o diz: Eu me alegro em Deus meu Salvador porque Ele olhou para a pequenez de Sua Escrava. \u00c9 um poema de Contra-Revolu\u00e7\u00e3o que se encontra nisto. \u00c9 a escrava que se encanta de ser pequena, e se encanta de ver como Deus \u00e9 superior a Ela, infinitamente superior a Ela, e do fundo de seu nada d\u00e1 gl\u00f3ria a Deus, e depois diz: Meu esp\u00edrito exultou nEle porque Ele olhou para Mim que sou t\u00e3o pequena.<\/span><\/p><p align=\"JUSTIFY\"><span style=\"font-family: Verdana;\">Os senhores est\u00e3o vendo aqui o pequeno que reconhece a sua pequenez, e que gosta de ser pequeno, que n\u00e3o se revolta, que n\u00e3o se indigna, mas que se coloca no \u00faltimo dos \u00faltimos lugares, no \u00faltimo dos pap\u00e9is. Nada existe de mais vil do que o escravo: o escravo \u00e9 um nada, ele n\u00e3o tem direitos, ele est\u00e1 colocado abaixo da condi\u00e7\u00e3o comum do homem (*)<b><\/b>. Pois Nossa Senhora se proclama Escrava de Nosso Senhor, Precursora de todos os escravos dEla que Ela iria ter ao longo dos s\u00e9culos. Ela se encanta de ser nada, se encanta de ser escrava do Senhor: foi \u00e0 pequenez desta criatura e de uma criatura escrava que Meu Senhor se dignou deitar os olhos, e por isto eu exulto, porque sou pequena e porque Deus \u00e9 grande e porque a grandeza amou a pequenez.<\/span><\/p><p align=\"JUSTIFY\"><span style=\"font-family: Verdana;\">Os senhores vejam como isto \u00e9 profundamente contra-revolucion\u00e1rio e, para dizer tudo numa palavra s\u00f3, \u00e9 profundamente o oposto do esp\u00edrito da Revolu\u00e7\u00e3o Francesa, do esp\u00edrito do comunismo. T\u00e3o oposto que \u00e9 quase at\u00e9 uma blasf\u00eamia fazer uma compara\u00e7\u00e3o.\u00a0<b>A\u00ed est\u00e1 a verdadeira humildade, que ama [o] seu lugar, ama a pequenez do seu lugar, mas adora a grandeza [de Deus] e se eleva com a grandeza, ainda que n\u00e3o seja dona da grandeza: pelo contr\u00e1rio, proclama que a grandeza \u00e9 dona dEla.<\/b><\/span><\/p><p align=\"JUSTIFY\"><span style=\"font-family: Verdana;\">\u00c9 isto que meditamos quando consideramos o Cora\u00e7\u00e3o Sapiencial de Maria e considerando-o assim, amanh\u00e3 teremos um tema especial para a nossa medita\u00e7\u00e3o. Pedir a Nossa Senhora na hora da Comunh\u00e3o que Ela nos fa\u00e7a puros como Ela, que Ela nos fa\u00e7a sapienciais como Ela, que Ela nos fa\u00e7a amar a nossa pequenez, que Ela fa\u00e7a que n\u00f3s tomemos a s\u00e9rio e at\u00e9 \u00e0s \u00faltimas conseq\u00fc\u00eancias a nossa escravid\u00e3o a Ela (**)<b><\/b>. Que, de outro lado, n\u00f3s lembremos a grandeza dEla e todas as grandezas que n\u00e3o s\u00e3o as nossas, porque assim a grandeza se debru\u00e7a sobre n\u00f3s e nos olha e n\u00f3s podemos nos encantar com este debru\u00e7ar-se amoroso da grandeza sobre a pequenez. Isto \u00e9 a medita\u00e7\u00e3o para a v\u00e9spera da festa do Sapiencial e do Imaculado Cora\u00e7\u00e3o de Maria.<\/span><\/p>\t\t\t\t\t\t<\/div>\n\t\t\t\t<\/div>\n\t\t\t\t\t<\/div>\n\t\t<\/div>\n\t\t\t\t\t<\/div>\n\t\t<\/section>\n\t\t\t\t<section class=\"elementor-section elementor-top-section elementor-element elementor-element-39521c5 elementor-section-boxed elementor-section-height-default elementor-section-height-default\" data-id=\"39521c5\" data-element_type=\"section\">\n\t\t\t\t\t\t<div class=\"elementor-container elementor-column-gap-default\">\n\t\t\t\t\t<div class=\"elementor-column elementor-col-100 elementor-top-column elementor-element elementor-element-a4d5e05\" data-id=\"a4d5e05\" data-element_type=\"column\">\n\t\t\t<div class=\"elementor-widget-wrap elementor-element-populated\">\n\t\t\t\t\t\t<div class=\"elementor-element elementor-element-749bf6d elementor-widget elementor-widget-text-editor\" data-id=\"749bf6d\" data-element_type=\"widget\" data-widget_type=\"text-editor.default\">\n\t\t\t\t<div class=\"elementor-widget-container\">\n\t\t\t\t\t\t\t<p align=\"JUSTIFY\"><span style=\"font-family: Trebuchet MS;\"><b><\/b>(*) Sobre a quest\u00e3o da &#8220;escravid\u00e3o&#8221;, no &#8220;Tratado da Verdadeira Devo\u00e7\u00e3o a Nossa Senhora&#8221;, quando S\u00e3o Luis Maria Grignion de Montfort trata da &#8220;escravid\u00e3o de amor a Nossa Senhora&#8221;, usa como analogia a situa\u00e7\u00e3o do escravo diante de seu senhor. Uma nota de p\u00e9 de p\u00e1gina da referida obra explica a express\u00e3o, e cremos que tem todo cabimento aqui transcrev\u00ea-la, para esclarecer o sentido em que o Prof. Plinio usa o termo:<\/span><\/p><p align=\"JUSTIFY\"><span style=\"font-family: Trebuchet MS;\"><i>&#8220;A lei natural, a lei mosaica e as leis modernas n\u00e3o reconhecem tal direito, a n\u00e3o ser por um mandato especial do soberano Senhor da vida e da morte. O bem-aventurado se coloca aqui simplesmente do ponto de vista do fato, conforme as leis civis dos pa\u00edses em que vigorava a escravid\u00e3o (Cf. Secret de Marie, p. 34). Abstraindo da moralidade do ato, seu fito \u00e9 mostrar, por um exemplo, a total depend\u00eancia de que fala&#8221;\u00a0<\/i>(\u00a0<b>Tratado da verdadeira devo\u00e7\u00e3o \u00e0 Sant\u00edssima Virgem<\/b> por S\u00e3o Luis Maria Grignion de Montfort; Cap\u00edtulo II; Artigo II:&#8221;Pertencemos a Jesus Cristo e a Maria na qualidade de escravos&#8221;. Editora VOZES Ltda &#8211; Petr\u00f3polis &#8211; RJ; VI edi\u00e7\u00e3o, p\u00e1g. 76 ).<\/span><\/p><p align=\"JUSTIFY\"><span style=\"font-family: Trebuchet MS;\">(**) <\/span><span style=\"font-family: Trebuchet MS;\"><b><\/b>O Prof. Plinio refere-se \u00e0 &#8220;Escravid\u00e3o de Amor a Nossa Senhora&#8221;, cf. doutrina e m\u00e9todo de S\u00e3o Luis Maria Grignion de Montfort.\u00a0<\/span><\/p>\t\t\t\t\t\t<\/div>\n\t\t\t\t<\/div>\n\t\t\t\t\t<\/div>\n\t\t<\/div>\n\t\t\t\t\t<\/div>\n\t\t<\/section>\n\t\t\t\t<section class=\"elementor-section elementor-top-section elementor-element elementor-element-f1f91fd elementor-section-boxed elementor-section-height-default elementor-section-height-default\" data-id=\"f1f91fd\" data-element_type=\"section\">\n\t\t\t\t\t\t<div class=\"elementor-container elementor-column-gap-default\">\n\t\t\t\t\t<div class=\"elementor-column elementor-col-100 elementor-top-column elementor-element elementor-element-a1ab284\" data-id=\"a1ab284\" data-element_type=\"column\">\n\t\t\t<div class=\"elementor-widget-wrap elementor-element-populated\">\n\t\t\t\t\t\t<div class=\"elementor-element elementor-element-cb23f21 elementor-widget elementor-widget-spacer\" data-id=\"cb23f21\" data-element_type=\"widget\" data-widget_type=\"spacer.default\">\n\t\t\t\t<div class=\"elementor-widget-container\">\n\t\t\t<style>\/*! elementor - v3.23.0 - 05-08-2024 *\/\n.elementor-column .elementor-spacer-inner{height:var(--spacer-size)}.e-con{--container-widget-width:100%}.e-con-inner>.elementor-widget-spacer,.e-con>.elementor-widget-spacer{width:var(--container-widget-width,var(--spacer-size));--align-self:var(--container-widget-align-self,initial);--flex-shrink:0}.e-con-inner>.elementor-widget-spacer>.elementor-widget-container,.e-con>.elementor-widget-spacer>.elementor-widget-container{height:100%;width:100%}.e-con-inner>.elementor-widget-spacer>.elementor-widget-container>.elementor-spacer,.e-con>.elementor-widget-spacer>.elementor-widget-container>.elementor-spacer{height:100%}.e-con-inner>.elementor-widget-spacer>.elementor-widget-container>.elementor-spacer>.elementor-spacer-inner,.e-con>.elementor-widget-spacer>.elementor-widget-container>.elementor-spacer>.elementor-spacer-inner{height:var(--container-widget-height,var(--spacer-size))}.e-con-inner>.elementor-widget-spacer.elementor-widget-empty,.e-con>.elementor-widget-spacer.elementor-widget-empty{position:relative;min-height:22px;min-width:22px}.e-con-inner>.elementor-widget-spacer.elementor-widget-empty .elementor-widget-empty-icon,.e-con>.elementor-widget-spacer.elementor-widget-empty .elementor-widget-empty-icon{position:absolute;top:0;bottom:0;left:0;right:0;margin:auto;padding:0;width:22px;height:22px}<\/style>\t\t<div class=\"elementor-spacer\">\n\t\t\t<div class=\"elementor-spacer-inner\"><\/div>\n\t\t<\/div>\n\t\t\t\t<\/div>\n\t\t\t\t<\/div>\n\t\t\t\t\t<\/div>\n\t\t<\/div>\n\t\t\t\t\t<\/div>\n\t\t<\/section>\n\t\t\t\t<section class=\"elementor-section elementor-top-section elementor-element elementor-element-55eafc4 elementor-section-boxed elementor-section-height-default elementor-section-height-default\" data-id=\"55eafc4\" data-element_type=\"section\">\n\t\t\t\t\t\t<div class=\"elementor-container elementor-column-gap-default\">\n\t\t\t\t\t<div class=\"elementor-column elementor-col-100 elementor-top-column elementor-element elementor-element-8aae4ad\" data-id=\"8aae4ad\" data-element_type=\"column\">\n\t\t\t<div class=\"elementor-widget-wrap elementor-element-populated\">\n\t\t\t\t\t\t<div class=\"elementor-element elementor-element-74bed15 elementor-widget elementor-widget-text-editor\" data-id=\"74bed15\" data-element_type=\"widget\" data-widget_type=\"text-editor.default\">\n\t\t\t\t<div class=\"elementor-widget-container\">\n\t\t\t\t\t\t\t<p><em>Fonte: https:\/\/www.pliniocorreadeoliveira.info\/DIS_SD_680821_Imaculado_Coracao_de_Maria.htm<\/em><\/p>\t\t\t\t\t\t<\/div>\n\t\t\t\t<\/div>\n\t\t\t\t\t<\/div>\n\t\t<\/div>\n\t\t\t\t\t<\/div>\n\t\t<\/section>\n\t\t\t\t<section class=\"elementor-section elementor-top-section elementor-element elementor-element-cc1cf41 elementor-section-boxed elementor-section-height-default elementor-section-height-default\" data-id=\"cc1cf41\" data-element_type=\"section\">\n\t\t\t\t\t\t<div class=\"elementor-container elementor-column-gap-default\">\n\t\t\t\t\t<div class=\"elementor-column elementor-col-100 elementor-top-column elementor-element elementor-element-d09e3a2\" data-id=\"d09e3a2\" data-element_type=\"column\">\n\t\t\t<div class=\"elementor-widget-wrap elementor-element-populated\">\n\t\t\t\t\t\t<div class=\"elementor-element elementor-element-d33546d elementor-widget elementor-widget-spacer\" data-id=\"d33546d\" data-element_type=\"widget\" data-widget_type=\"spacer.default\">\n\t\t\t\t<div class=\"elementor-widget-container\">\n\t\t\t\t\t<div class=\"elementor-spacer\">\n\t\t\t<div class=\"elementor-spacer-inner\"><\/div>\n\t\t<\/div>\n\t\t\t\t<\/div>\n\t\t\t\t<\/div>\n\t\t\t\t\t<\/div>\n\t\t<\/div>\n\t\t\t\t\t<\/div>\n\t\t<\/section>\n\t\t\t\t<\/div>\n\t\t","protected":false},"excerpt":{"rendered":"<p>Por Plinio Correa de Oliveira Os senhores ter\u00e3o visto que n\u00f3s acrescentamos um adjetivo \u00e0 express\u00e3o Imaculado Cora\u00e7\u00e3o de Maria: \u00e9\u00a0Sapiencial e Imaculado Cora\u00e7\u00e3o de Maria. Qual \u00e9 a raz\u00e3o desse adjetivo e por que n\u00f3s falamos do Cora\u00e7\u00e3o Sapiencial? Tanto se tem falado a respeito do Imaculado Cora\u00e7\u00e3o de Maria que quase n\u00e3o julgo necess\u00e1rio dizer uma palavra a esse respeito. Nossa Senhora, como os senhores sabem, foi concebida sem pecado original, e o Seu Cora\u00e7\u00e3o \u2014 que \u00e9 o s\u00edmbolo de Sua alma, de Sua santidade, das cogita\u00e7\u00f5es de Sua mente \u2014 \u00e9 Imaculado porque Ela \u00e9 Imaculada&#8230;.<\/p>\n","protected":false},"author":1,"featured_media":0,"comment_status":"open","ping_status":"open","sticky":false,"template":"","format":"standard","meta":{"jetpack_post_was_ever_published":false,"_jetpack_newsletter_access":"","_jetpack_dont_email_post_to_subs":false,"_jetpack_newsletter_tier_id":0,"footnotes":""},"categories":[1],"tags":[],"jetpack_sharing_enabled":true,"jetpack_featured_media_url":"","_links":{"self":[{"href":"https:\/\/ligadosantorosario.com\/index.php?rest_route=\/wp\/v2\/posts\/1405"}],"collection":[{"href":"https:\/\/ligadosantorosario.com\/index.php?rest_route=\/wp\/v2\/posts"}],"about":[{"href":"https:\/\/ligadosantorosario.com\/index.php?rest_route=\/wp\/v2\/types\/post"}],"author":[{"embeddable":true,"href":"https:\/\/ligadosantorosario.com\/index.php?rest_route=\/wp\/v2\/users\/1"}],"replies":[{"embeddable":true,"href":"https:\/\/ligadosantorosario.com\/index.php?rest_route=%2Fwp%2Fv2%2Fcomments&post=1405"}],"version-history":[{"count":4,"href":"https:\/\/ligadosantorosario.com\/index.php?rest_route=\/wp\/v2\/posts\/1405\/revisions"}],"predecessor-version":[{"id":1410,"href":"https:\/\/ligadosantorosario.com\/index.php?rest_route=\/wp\/v2\/posts\/1405\/revisions\/1410"}],"wp:attachment":[{"href":"https:\/\/ligadosantorosario.com\/index.php?rest_route=%2Fwp%2Fv2%2Fmedia&parent=1405"}],"wp:term":[{"taxonomy":"category","embeddable":true,"href":"https:\/\/ligadosantorosario.com\/index.php?rest_route=%2Fwp%2Fv2%2Fcategories&post=1405"},{"taxonomy":"post_tag","embeddable":true,"href":"https:\/\/ligadosantorosario.com\/index.php?rest_route=%2Fwp%2Fv2%2Ftags&post=1405"}],"curies":[{"name":"wp","href":"https:\/\/api.w.org\/{rel}","templated":true}]}}