{"id":1641,"date":"2023-09-05T00:36:03","date_gmt":"2023-09-05T00:36:03","guid":{"rendered":"https:\/\/ligadosantorosario.com\/?p=1641"},"modified":"2024-09-01T20:20:53","modified_gmt":"2024-09-01T20:20:53","slug":"consideracoes-sobre-a-natividade-de-nossa-senhora","status":"publish","type":"post","link":"https:\/\/ligadosantorosario.com\/?p=1641","title":{"rendered":"Considera\u00e7\u00f5es sobre a Natividade de Nossa Senhora"},"content":{"rendered":"\t\t<div data-elementor-type=\"wp-post\" data-elementor-id=\"1641\" class=\"elementor elementor-1641\" data-elementor-post-type=\"post\">\n\t\t\t\t\t\t<section class=\"elementor-section elementor-top-section elementor-element elementor-element-e47042c elementor-section-boxed elementor-section-height-default elementor-section-height-default\" data-id=\"e47042c\" data-element_type=\"section\">\n\t\t\t\t\t\t<div class=\"elementor-container elementor-column-gap-default\">\n\t\t\t\t\t<div class=\"elementor-column elementor-col-100 elementor-top-column elementor-element elementor-element-7c8b943\" data-id=\"7c8b943\" data-element_type=\"column\">\n\t\t\t<div class=\"elementor-widget-wrap elementor-element-populated\">\n\t\t\t\t\t\t<div class=\"elementor-element elementor-element-66e34fe elementor-widget elementor-widget-image\" data-id=\"66e34fe\" data-element_type=\"widget\" data-widget_type=\"image.default\">\n\t\t\t\t<div class=\"elementor-widget-container\">\n\t\t\t<style>\/*! elementor - v3.23.0 - 05-08-2024 *\/\n.elementor-widget-image{text-align:center}.elementor-widget-image a{display:inline-block}.elementor-widget-image a img[src$=\".svg\"]{width:48px}.elementor-widget-image img{vertical-align:middle;display:inline-block}<\/style>\t\t\t\t\t\t\t\t\t\t<img fetchpriority=\"high\" decoding=\"async\" width=\"701\" height=\"409\" src=\"https:\/\/ligadosantorosario.com\/wp-content\/uploads\/Nascimento-de-Nossa-Senhora-701x409-1.jpg\" class=\"attachment-large size-large wp-image-7113\" alt=\"\" srcset=\"https:\/\/ligadosantorosario.com\/wp-content\/uploads\/Nascimento-de-Nossa-Senhora-701x409-1.jpg 701w, https:\/\/ligadosantorosario.com\/wp-content\/uploads\/Nascimento-de-Nossa-Senhora-701x409-1-300x175.jpg 300w\" sizes=\"(max-width: 701px) 100vw, 701px\" \/>\t\t\t\t\t\t\t\t\t\t\t\t\t<\/div>\n\t\t\t\t<\/div>\n\t\t\t\t<div class=\"elementor-element elementor-element-68fb622 elementor-widget elementor-widget-text-editor\" data-id=\"68fb622\" data-element_type=\"widget\" data-widget_type=\"text-editor.default\">\n\t\t\t\t<div class=\"elementor-widget-container\">\n\t\t\t<style>\/*! elementor - v3.23.0 - 05-08-2024 *\/\n.elementor-widget-text-editor.elementor-drop-cap-view-stacked .elementor-drop-cap{background-color:#69727d;color:#fff}.elementor-widget-text-editor.elementor-drop-cap-view-framed .elementor-drop-cap{color:#69727d;border:3px solid;background-color:transparent}.elementor-widget-text-editor:not(.elementor-drop-cap-view-default) .elementor-drop-cap{margin-top:8px}.elementor-widget-text-editor:not(.elementor-drop-cap-view-default) .elementor-drop-cap-letter{width:1em;height:1em}.elementor-widget-text-editor .elementor-drop-cap{float:left;text-align:center;line-height:1;font-size:50px}.elementor-widget-text-editor .elementor-drop-cap-letter{display:inline-block}<\/style>\t\t\t\t<p><b>Afresco \u201cNascimento da Virgem\u201d (entre 1486 e 1490), na Capela Tornabuoni da Igreja Santa Maria Novella (Floren\u00e7a).<\/b> <b>Obra do artista florentino Domenico Ghirlandaio (1449 \u2013 1494).<\/b><\/p>\t\t\t\t\t\t<\/div>\n\t\t\t\t<\/div>\n\t\t\t\t<div class=\"elementor-element elementor-element-01dc6e3 elementor-widget elementor-widget-text-editor\" data-id=\"01dc6e3\" data-element_type=\"widget\" data-widget_type=\"text-editor.default\">\n\t\t\t\t<div class=\"elementor-widget-container\">\n\t\t\t\t\t\t\t<h1 align=\"center\"><i style=\"\"><b>O dia da Natividade de Maria Sant\u00edssima consiste para a humanidade em imenso g\u00e1udio, pren\u00fancio do nascimento do nosso Redentor&nbsp;<\/b><\/i><\/h1>\t\t\t\t\t\t<\/div>\n\t\t\t\t<\/div>\n\t\t\t\t<div class=\"elementor-element elementor-element-9f80c47 elementor-widget elementor-widget-text-editor\" data-id=\"9f80c47\" data-element_type=\"widget\" data-widget_type=\"text-editor.default\">\n\t\t\t\t<div class=\"elementor-widget-container\">\n\t\t\t\t\t\t\t<h4><strong>N<\/strong>ingu\u00e9m esquece, e com toda raz\u00e3o, o anivers\u00e1rio de sua pr\u00f3pria m\u00e3e. Por\u00e9m, infelizmente, h\u00e1 cat\u00f3licos que esquecem o dia natal\u00edcio da Sant\u00edssima M\u00e3e de todas as m\u00e3es, M\u00e3e de Deus e nossa tamb\u00e9m.<br \/>A festa do nascimento de Nossa Senhora \u00e9 comemorada a 8 de setembro.<br \/>A fim de fixarmos bem essa magna data, e n\u00e3o nos esquecermos de a celebrar condignamente todos os anos, apresentamos a seguir admir\u00e1vel coment\u00e1rio de\u00a0<strong>Plinio Corr\u00eaa de Oliveira,<\/strong>\u00a0proferido durante confer\u00eancia comemorativa desse augusto anivers\u00e1rio, em 1965.<\/h4><p>\u00a0 \u00a0 \u00a0 \u00a0 \u00a0 \u00a0 \u00a0 \u00a0 \u00a0 \u00a0 \u00a0 \u00a0 \u00a0 \u00a0 \u00a0 \u00a0 \u00a0 \u00a0 \u00a0 \u00a0 \u00a0 \u00a0 \u00a0 \u00a0 \u00a0 \u00a0 \u00a0 \u00a0 \u00a0 \u00a0 \u00a0 \u00a0 \u00a0 \u00a0 \u00a0 \u00a0 \u00a0 <b>\u00a0 \u00a0 *\u00a0 \u00a0 \u00a0 \u00a0 \u00a0*\u00a0 \u00a0 \u00a0 \u00a0 \u00a0 \u00a0*<\/b><\/p>\t\t\t\t\t\t<\/div>\n\t\t\t\t<\/div>\n\t\t\t\t<div class=\"elementor-element elementor-element-067226e elementor-widget elementor-widget-text-editor\" data-id=\"067226e\" data-element_type=\"widget\" data-widget_type=\"text-editor.default\">\n\t\t\t\t<div class=\"elementor-widget-container\">\n\t\t\t\t\t\t\t<h4><strong>\u201c<\/strong><b>Como Nossa Senhora \u00e9 a M\u00e3e de Nosso Senhor Jesus Cristo, tudo quanto se pode dizer do Natal, guardadas as devidas propor\u00e7\u00f5es, pode-se dizer da Natividade de Nossa Senhora. Assim, a Natividade da Sant\u00edssima Virgem tamb\u00e9m deve ser ocasi\u00e3o para n\u00f3s de todas as alegrias, todas as impress\u00f5es, todas as gra\u00e7as da noite de Natal.<br \/><\/b><b>A salva\u00e7\u00e3o veio ao mundo com o nascimento de Nosso Senhor Jesus Cristo. Mas, de algum modo, esta afirma\u00e7\u00e3o \u00e9 tamb\u00e9m verdadeira em rela\u00e7\u00e3o \u00e0 Natividade da M\u00e3e do Salvador. Porque, se \u00e9 verdade que o \u00fanico Salvador \u00e9 Nosso Senhor Jesus Cristo, Nossa Senhora, com sua ora\u00e7\u00e3o onipotente, pediu e apressou a vinda do Messias que j\u00e1 estava prometida. Pode-se dizer portanto que, de certo modo, com Ela veio a salva\u00e7\u00e3o.<br \/><\/b><b>O Natal representou uma honra incompar\u00e1vel para a humanidade, porque o Verbo Encarnado veio ao mundo na noite de Natal. Mas \u00e9 tamb\u00e9m verdade que \u2014 repito, guardadas as devidas propor\u00e7\u00f5es \u2014 representou uma honra enorme para a humanidade o nascimento de Nossa Senhora. A criatura mais perfeita nascida em todos os s\u00e9culos; uma criatura concebida sem pecado original, trazendo em si uma plenitude de gra\u00e7as para todo o mundo. Compreendemos assim como a Natividade da Virgem \u00e9 parecida com a noite de Natal\u201d.\u00a0<\/b><\/h4><p><b>\u00a0<\/b><b style=\"font-family: var( --e-global-typography-text-font-family ), Sans-serif; font-size: 1rem;\">\u00a0 \u00a0 \u00a0 \u00a0 \u00a0 \u00a0 \u00a0 \u00a0 \u00a0 \u00a0 \u00a0 \u00a0 \u00a0 \u00a0 \u00a0 \u00a0 \u00a0 \u00a0 \u00a0 \u00a0 \u00a0 \u00a0 \u00a0 \u00a0 \u00a0 \u00a0 \u00a0 \u00a0 \u00a0 \u00a0 \u00a0 \u00a0 \u00a0 \u00a0 \u00a0 *\u00a0 \u00a0 \u00a0 \u00a0 \u00a0 \u00a0 \u00a0 \u00a0*\u00a0 \u00a0 \u00a0 \u00a0 \u00a0 \u00a0 \u00a0 \u00a0 \u00a0 *<\/b><\/p>\t\t\t\t\t\t<\/div>\n\t\t\t\t<\/div>\n\t\t\t\t\t<\/div>\n\t\t<\/div>\n\t\t\t\t\t<\/div>\n\t\t<\/section>\n\t\t\t\t<section class=\"elementor-section elementor-top-section elementor-element elementor-element-53a40c1 elementor-section-boxed elementor-section-height-default elementor-section-height-default\" data-id=\"53a40c1\" data-element_type=\"section\">\n\t\t\t\t\t\t<div class=\"elementor-container elementor-column-gap-default\">\n\t\t\t\t\t<div class=\"elementor-column elementor-col-100 elementor-top-column elementor-element elementor-element-c4e66ec\" data-id=\"c4e66ec\" data-element_type=\"column\">\n\t\t\t<div class=\"elementor-widget-wrap elementor-element-populated\">\n\t\t\t\t\t\t<div class=\"elementor-element elementor-element-f6dcd0b elementor-widget elementor-widget-text-editor\" data-id=\"f6dcd0b\" data-element_type=\"widget\" data-widget_type=\"text-editor.default\">\n\t\t\t\t<div class=\"elementor-widget-container\">\n\t\t\t\t\t\t\t<p style=\"font-weight: 400;\"><strong>A D V E R T \u00ca N C I A<\/strong><\/p><p>O presente texto \u00e9 adapta\u00e7\u00e3o de transcri\u00e7\u00e3o de grava\u00e7\u00e3o de confer\u00eancia do Prof. Plinio Corr\u00eaa de Oliveira a s\u00f3cios e cooperadores da TFP, mantendo portanto o estilo verbal, e n\u00e3o foi revisto pelo autor.<\/p><p>Se o\u00a0Prof.\u00a0Plinio Corr\u00eaa de Oliveira estivesse entre n\u00f3s, certamente pediria que se colocasse expl\u00edcita men\u00e7\u00e3o a sua filial disposi\u00e7\u00e3o de retificar qualquer discrep\u00e2ncia em rela\u00e7\u00e3o ao Magist\u00e9rio da Igreja. \u00c9 o que fazemos aqui constar, com suas pr\u00f3prias palavras, como homenagem\u00a0a\u00a0t\u00e3o belo e constante estado de esp\u00edrito:<\/p><p><strong>\u201cCat\u00f3lico apost\u00f3lico romano, o autor deste texto\u00a0\u00a0se submete com filial ardor ao ensinamento tradicional da Santa Igreja. Se, no entanto,\u00a0 por lapso, algo nele ocorra que n\u00e3o esteja conforme \u00e0quele ensinamento, desde j\u00e1 e categoricamente o rejeita\u201d.<\/strong><\/p><p>As palavras &#8220;Revolu\u00e7\u00e3o&#8221; e &#8220;Contra-Revolu\u00e7\u00e3o&#8221;, s\u00e3o aqui empregadas no sentido que lhes d\u00e1 o Prof. Pl\u00ednio Corr\u00eaa de Oliveira em seu livro &#8220;<strong><a href=\"https:\/\/www.pliniocorreadeoliveira.info\/livros.asp\">Revolu\u00e7\u00e3o e Contra-Revolu\u00e7\u00e3o<\/a><\/strong>&#8220;, cuja primeira edi\u00e7\u00e3o foi publicada no N\u00ba 100 de\u00a0<strong><a href=\"https:\/\/www.pliniocorreadeoliveira.info\/artigoscatolicismo_1959.asp\">&#8220;Catolicismo&#8221;<\/a><\/strong>, em abril de 1959.<\/p>\t\t\t\t\t\t<\/div>\n\t\t\t\t<\/div>\n\t\t\t\t\t<\/div>\n\t\t<\/div>\n\t\t\t\t\t<\/div>\n\t\t<\/section>\n\t\t\t\t<section class=\"elementor-section elementor-top-section elementor-element elementor-element-3096e12 elementor-section-boxed elementor-section-height-default elementor-section-height-default\" data-id=\"3096e12\" data-element_type=\"section\">\n\t\t\t\t\t\t<div class=\"elementor-container elementor-column-gap-default\">\n\t\t\t\t\t<div class=\"elementor-column elementor-col-100 elementor-top-column elementor-element elementor-element-00ccbe1\" data-id=\"00ccbe1\" data-element_type=\"column\">\n\t\t\t<div class=\"elementor-widget-wrap\">\n\t\t\t\t\t\t\t<\/div>\n\t\t<\/div>\n\t\t\t\t\t<\/div>\n\t\t<\/section>\n\t\t\t\t<section class=\"elementor-section elementor-top-section elementor-element elementor-element-2db8700 elementor-section-boxed elementor-section-height-default elementor-section-height-default\" data-id=\"2db8700\" data-element_type=\"section\">\n\t\t\t\t\t\t<div class=\"elementor-container elementor-column-gap-default\">\n\t\t\t\t\t<div class=\"elementor-column elementor-col-100 elementor-top-column elementor-element elementor-element-3e4b1d0\" data-id=\"3e4b1d0\" data-element_type=\"column\">\n\t\t\t<div class=\"elementor-widget-wrap\">\n\t\t\t\t\t\t\t<\/div>\n\t\t<\/div>\n\t\t\t\t\t<\/div>\n\t\t<\/section>\n\t\t\t\t<section class=\"elementor-section elementor-top-section elementor-element elementor-element-fba5336 elementor-section-boxed elementor-section-height-default elementor-section-height-default\" data-id=\"fba5336\" data-element_type=\"section\">\n\t\t\t\t\t\t<div class=\"elementor-container elementor-column-gap-default\">\n\t\t\t\t\t<div class=\"elementor-column elementor-col-100 elementor-top-column elementor-element elementor-element-80fbd6c\" data-id=\"80fbd6c\" data-element_type=\"column\">\n\t\t\t<div class=\"elementor-widget-wrap elementor-element-populated\">\n\t\t\t\t\t\t<div class=\"elementor-element elementor-element-6cb0d9f elementor-widget elementor-widget-image\" data-id=\"6cb0d9f\" data-element_type=\"widget\" data-widget_type=\"image.default\">\n\t\t\t\t<div class=\"elementor-widget-container\">\n\t\t\t\t\t\t\t\t\t\t\t\t\t<img decoding=\"async\" width=\"229\" height=\"300\" src=\"https:\/\/ligadosantorosario.com\/wp-content\/uploads\/WhatsApp-Image-2023-09-04-at-19.47.30-229x300.jpeg\" class=\"attachment-medium size-medium wp-image-1643\" alt=\"\" srcset=\"https:\/\/ligadosantorosario.com\/wp-content\/uploads\/WhatsApp-Image-2023-09-04-at-19.47.30-229x300.jpeg 229w, https:\/\/ligadosantorosario.com\/wp-content\/uploads\/WhatsApp-Image-2023-09-04-at-19.47.30.jpeg 598w\" sizes=\"(max-width: 229px) 100vw, 229px\" \/>\t\t\t\t\t\t\t\t\t\t\t\t\t<\/div>\n\t\t\t\t<\/div>\n\t\t\t\t<div class=\"elementor-element elementor-element-2c6d64c elementor-widget elementor-widget-text-editor\" data-id=\"2c6d64c\" data-element_type=\"widget\" data-widget_type=\"text-editor.default\">\n\t\t\t\t<div class=\"elementor-widget-container\">\n\t\t\t\t\t\t\t<h3><b><i><u>Reuni\u00e3o de 8 de setembro de 1963<\/u><\/i><\/b><\/h3>\n<div><b><i><u><br><\/u><\/i><\/b><\/div>\n<h4><b>\u00c9 um costume comum festejar-se o anivers\u00e1rio das pessoas. A raz\u00e3o disso est\u00e1 em que o anivers\u00e1rio da pessoa representa o momento em que a pessoa entrou na cena dessa vida, e o momento em que o ambiente em que essa pessoa \u00e9 destinada a viver se enriquece com mais uma presen\u00e7a.<br><\/b><b>Em princ\u00edpio, todo nascimento \u00e9 um favor, \u00e9 uma gra\u00e7a de Deus, \u00e9 um enriquecimento para a sociedade humana, porque todo homem tem um grande valor.<br><\/b><b>Ainda que ele seja concebido em pecado original, ainda que a natureza humana seja inferior \u00e0 natureza ang\u00e9lica, ainda que o homem, al\u00e9m do pecado original, traga algum v\u00edcio moral existente na fam\u00edlia, cada homem \u00e9 uma criatura de grande valor. Cada criatura que aparece na Terra representa um enriquecimento altamente ponder\u00e1vel para essa obra de Deus em seu conjunto, que \u00e9 a humanidade.<br><\/b><b>Assim, quando se festeja o anivers\u00e1rio de uma pessoa, festeja-se a entrada de algu\u00e9m no mundo, se festeja a entrada daquele na cena do mundo com tudo quanto ele trouxe e que lhe \u00e9 caracter\u00edstico de luz primordial, de virtudes que dever\u00e1 realizar, de riquezas de alma que tem dentro de si. E at\u00e9 mesmo o pecado original, com os defeitos que a pessoa leva dentro de si, como coisa a ser vencida e combatida, como aumento de gl\u00f3ria, representa tamb\u00e9m algo no nascimento da pessoa e no enriquecimento em rela\u00e7\u00e3o \u00e0 humanidade.<\/b><\/h4>\t\t\t\t\t\t<\/div>\n\t\t\t\t<\/div>\n\t\t\t\t\t<\/div>\n\t\t<\/div>\n\t\t\t\t\t<\/div>\n\t\t<\/section>\n\t\t\t\t<section class=\"elementor-section elementor-top-section elementor-element elementor-element-832a3bb elementor-section-boxed elementor-section-height-default elementor-section-height-default\" data-id=\"832a3bb\" data-element_type=\"section\">\n\t\t\t\t\t\t<div class=\"elementor-container elementor-column-gap-default\">\n\t\t\t\t\t<div class=\"elementor-column elementor-col-100 elementor-top-column elementor-element elementor-element-323c6e6\" data-id=\"323c6e6\" data-element_type=\"column\">\n\t\t\t<div class=\"elementor-widget-wrap elementor-element-populated\">\n\t\t\t\t\t\t<div class=\"elementor-element elementor-element-3de721b elementor-widget elementor-widget-heading\" data-id=\"3de721b\" data-element_type=\"widget\" data-widget_type=\"heading.default\">\n\t\t\t\t<div class=\"elementor-widget-container\">\n\t\t\t<style>\/*! elementor - v3.23.0 - 05-08-2024 *\/\n.elementor-heading-title{padding:0;margin:0;line-height:1}.elementor-widget-heading .elementor-heading-title[class*=elementor-size-]>a{color:inherit;font-size:inherit;line-height:inherit}.elementor-widget-heading .elementor-heading-title.elementor-size-small{font-size:15px}.elementor-widget-heading .elementor-heading-title.elementor-size-medium{font-size:19px}.elementor-widget-heading .elementor-heading-title.elementor-size-large{font-size:29px}.elementor-widget-heading .elementor-heading-title.elementor-size-xl{font-size:39px}.elementor-widget-heading .elementor-heading-title.elementor-size-xxl{font-size:59px}<\/style><h2 class=\"elementor-heading-title elementor-size-default\">Concebida sem pecado, com todas as riquezas naturais pr\u00f3prias \u00e0 condi\u00e7\u00e3o feminina e cheia de Gra\u00e7as: predicados de Nossa Senhora<\/h2>\t\t<\/div>\n\t\t\t\t<\/div>\n\t\t\t\t\t<\/div>\n\t\t<\/div>\n\t\t\t\t\t<\/div>\n\t\t<\/section>\n\t\t\t\t<section class=\"elementor-section elementor-top-section elementor-element elementor-element-64d9d7c elementor-section-boxed elementor-section-height-default elementor-section-height-default\" data-id=\"64d9d7c\" data-element_type=\"section\">\n\t\t\t\t\t\t<div class=\"elementor-container elementor-column-gap-default\">\n\t\t\t\t\t<div class=\"elementor-column elementor-col-100 elementor-top-column elementor-element elementor-element-de27971\" data-id=\"de27971\" data-element_type=\"column\">\n\t\t\t<div class=\"elementor-widget-wrap elementor-element-populated\">\n\t\t\t\t\t\t<div class=\"elementor-element elementor-element-37839f6 elementor-widget elementor-widget-text-editor\" data-id=\"37839f6\" data-element_type=\"widget\" data-widget_type=\"text-editor.default\">\n\t\t\t\t<div class=\"elementor-widget-container\">\n\t\t\t\t\t\t\t<h4>N<b>estas condi\u00e7\u00f5es, a festa da Natividade de Nossa Senhora leva-nos a perguntar qual o enriquecimento que Ela trouxe para a humanidade e a que t\u00edtulo especial a humanidade deve festejar seu nascimento. Se nos colocarmos nessa perspectiva quase n\u00e3o se sabe o que dizer. Porque na ordem da natureza, Nossa Senhora foi concebida sem pecado original.<br>Assim Ela, [\u00fanica no] mundo desde o pecado original, isenta de todas as manchas, um l\u00edrio incompar\u00e1vel na formosura do g\u00eanero humano, algo, portanto, que deveria dar alegria \u00e0 terra inteira e a todos os coros ang\u00e9licos. Apareceu nesse ex\u00edlio, no meio dessa humanidade, uma criatura sem pecado original.<br>Mas acontece que, al\u00e9m disso, Nossa Senhora trazia consigo todas as riquezas naturais que dentro de uma mulher possam caber. Nosso Senhor deu a Ela, segundo a ordem da natureza, uma personalidade riqu\u00edssima, precios\u00edssima, valios\u00edssima e, a esse t\u00edtulo, a presen\u00e7a dEla entre os homens representava outro tesouro verdadeiramente incalcul\u00e1vel.<br>Mas, se a tudo isso juntarmos os tesouros das gra\u00e7as que vinham com Ela, que Ela tinha consigo e que s\u00e3o as maiores gra\u00e7as que Deus Nosso Senhor tenha concedido a algu\u00e9m, gra\u00e7as verdadeiramente incomensur\u00e1veis, compreendemos ent\u00e3o o que representa a entrada de Nossa Senhora no mundo.<br>O nascer do sol \u00e9 uma realidade p\u00e1lida em rela\u00e7\u00e3o \u00e0 entrada de Nossa Senhora no mundo. Todos os fen\u00f4menos mais grandiosos da natureza que representem algo de precioso, algo de inestim\u00e1vel, nada s\u00e3o em compara\u00e7\u00e3o disso. A entrada mais solene que se possa imaginar de um rei ou de uma rainha no seu reino, n\u00e3o \u00e9 nada em compara\u00e7\u00e3o disso.<br>A alegria de todos os Anjos do C\u00e9u, a alegria talvez de muitas almas justas que tenham ficado cientes desse fato, talvez sentimentos confusos de alegria espalhados por aqui e por l\u00e1 nas almas boas, tudo isso deve ter saudado o<\/b> <b>momento bendito em que Nossa Senhora entrou no mundo.<\/b><\/h4>\n<h4><b>H\u00e1 uma frase de J\u00f3, que eu gosto muito de citar e que me parece adequada para isso:&nbsp;<em>\u201cBendito o dia que me viu nascer, benditas as estrelas que me viram pequenino, bendito o momento em que minha m\u00e3e disse: nasceu um var\u00e3o\u201d.<br><\/em><\/b><b>Tamb\u00e9m se poderia dizer:&nbsp;<em>\u201cBendito o dia em que viu Nossa Senhora nascer, benditas as estrelas que brilharam sobre Nossa Senhora quando pequenina, bendito o momento em que os pais de Nossa Senhora verificaram que tinha nascido a criatura virginal que era chamada a ser a M\u00e3e do Salvador\u201d!<\/em><\/b><\/h4>\n<p><\/p>\t\t\t\t\t\t<\/div>\n\t\t\t\t<\/div>\n\t\t\t\t\t<\/div>\n\t\t<\/div>\n\t\t\t\t\t<\/div>\n\t\t<\/section>\n\t\t\t\t<section class=\"elementor-section elementor-top-section elementor-element elementor-element-798aff4 elementor-section-boxed elementor-section-height-default elementor-section-height-default\" data-id=\"798aff4\" data-element_type=\"section\">\n\t\t\t\t\t\t<div class=\"elementor-container elementor-column-gap-default\">\n\t\t\t\t\t<div class=\"elementor-column elementor-col-100 elementor-top-column elementor-element elementor-element-def3813\" data-id=\"def3813\" data-element_type=\"column\">\n\t\t\t<div class=\"elementor-widget-wrap elementor-element-populated\">\n\t\t\t\t\t\t<div class=\"elementor-element elementor-element-71cb49d elementor-widget elementor-widget-heading\" data-id=\"71cb49d\" data-element_type=\"widget\" data-widget_type=\"heading.default\">\n\t\t\t\t<div class=\"elementor-widget-container\">\n\t\t\t<h2 class=\"elementor-heading-title elementor-size-default\">O nascimento de Nossa Senhora num mundo imerso no paganismo e as irrup\u00e7\u00f5es da a\u00e7\u00e3o dEla na alma dos fi\u00e9is nos per\u00edodos de prova\u00e7\u00e3o<\/h2>\t\t<\/div>\n\t\t\t\t<\/div>\n\t\t\t\t\t<\/div>\n\t\t<\/div>\n\t\t\t\t\t<\/div>\n\t\t<\/section>\n\t\t\t\t<section class=\"elementor-section elementor-top-section elementor-element elementor-element-ab5d750 elementor-section-boxed elementor-section-height-default elementor-section-height-default\" data-id=\"ab5d750\" data-element_type=\"section\">\n\t\t\t\t\t\t<div class=\"elementor-container elementor-column-gap-default\">\n\t\t\t\t\t<div class=\"elementor-column elementor-col-50 elementor-top-column elementor-element elementor-element-e15a1e7\" data-id=\"e15a1e7\" data-element_type=\"column\">\n\t\t\t<div class=\"elementor-widget-wrap elementor-element-populated\">\n\t\t\t\t\t\t<div class=\"elementor-element elementor-element-44ce382 elementor-widget elementor-widget-image\" data-id=\"44ce382\" data-element_type=\"widget\" data-widget_type=\"image.default\">\n\t\t\t\t<div class=\"elementor-widget-container\">\n\t\t\t\t\t\t\t\t\t\t\t\t\t<img decoding=\"async\" width=\"169\" height=\"300\" src=\"https:\/\/ligadosantorosario.com\/wp-content\/uploads\/WhatsApp-Image-2023-09-04-at-19.52.23-169x300.jpeg\" class=\"attachment-medium size-medium wp-image-1644\" alt=\"\" srcset=\"https:\/\/ligadosantorosario.com\/wp-content\/uploads\/WhatsApp-Image-2023-09-04-at-19.52.23-169x300.jpeg 169w, https:\/\/ligadosantorosario.com\/wp-content\/uploads\/WhatsApp-Image-2023-09-04-at-19.52.23.jpeg 577w\" sizes=\"(max-width: 169px) 100vw, 169px\" \/>\t\t\t\t\t\t\t\t\t\t\t\t\t<\/div>\n\t\t\t\t<\/div>\n\t\t\t\t\t<\/div>\n\t\t<\/div>\n\t\t\t\t<div class=\"elementor-column elementor-col-50 elementor-top-column elementor-element elementor-element-35d1ab9\" data-id=\"35d1ab9\" data-element_type=\"column\">\n\t\t\t<div class=\"elementor-widget-wrap elementor-element-populated\">\n\t\t\t\t\t\t<div class=\"elementor-element elementor-element-21b0b16 elementor-widget elementor-widget-text-editor\" data-id=\"21b0b16\" data-element_type=\"widget\" data-widget_type=\"text-editor.default\">\n\t\t\t\t<div class=\"elementor-widget-container\">\n\t\t\t\t\t\t\t<h4><b>A Natividade de Nossa Senhora nos traz outro pensamento. O mundo estava prostrado no paganismo. A situa\u00e7\u00e3o do mundo naquele tempo era parecida com a do mundo de hoje; todos os v\u00edcios imperavam, todas as formas de idolatria tinham dominado a terra, a abomina\u00e7\u00e3o tinha penetrado na pr\u00f3pria religi\u00e3o judaica, que era o pren\u00fancio da religi\u00e3o cat\u00f3lica; o mal e o dem\u00f4nio venciam inteiramente.<br>Mas, no momento decretado por Deus em sua miseric\u00f3rdia, Ele arrebenta a muralha, come\u00e7a a derrocada da ordem do dem\u00f4nio quando menos se podia imaginar, faz nascer Nossa Senhora e, com o nascimento de Nossa Senhora que era a raiz bendita de onde nasceria Nosso Senhor, come\u00e7ava a obra de derrocamento do dem\u00f4nio.<\/b><\/h4>\t\t\t\t\t\t<\/div>\n\t\t\t\t<\/div>\n\t\t\t\t\t<\/div>\n\t\t<\/div>\n\t\t\t\t\t<\/div>\n\t\t<\/section>\n\t\t\t\t<section class=\"elementor-section elementor-top-section elementor-element elementor-element-f2afc7d elementor-section-boxed elementor-section-height-default elementor-section-height-default\" data-id=\"f2afc7d\" data-element_type=\"section\">\n\t\t\t\t\t\t<div class=\"elementor-container elementor-column-gap-default\">\n\t\t\t\t\t<div class=\"elementor-column elementor-col-100 elementor-top-column elementor-element elementor-element-6298c3b\" data-id=\"6298c3b\" data-element_type=\"column\">\n\t\t\t<div class=\"elementor-widget-wrap elementor-element-populated\">\n\t\t\t\t\t\t<div class=\"elementor-element elementor-element-30dc3fa elementor-widget elementor-widget-text-editor\" data-id=\"30dc3fa\" data-element_type=\"widget\" data-widget_type=\"text-editor.default\">\n\t\t\t\t<div class=\"elementor-widget-container\">\n\t\t\t\t\t\t\t<h4>Quantas<b> vezes n\u00e3o se passa coisa semelhante na vida espiritual do cat\u00f3lico! Quantas vezes a alma deste, daquele, daquele outro, est\u00e1 em luta, est\u00e1 com problemas, contorcendo e revolvendo-se em dificuldades! A pobre alma nem se d\u00e1 id\u00e9ia de quando vir\u00e1 o dia bendito em que uma grande gra\u00e7a, um grande favor ir\u00e1 acabar com seus tormentos, com suas lutas e, afinal de contas, proporcionar-lhe um grande progresso na vida espiritual.<br>H\u00e1 aqui o nascimento, num sentido especial da palavra, das irrup\u00e7\u00f5es de Nossa Senhora na alma do fiel. E que na noite das maiores dificuldades, das maiores trevas, de repente Nossa Senhora aparece e come\u00e7a a quebrar as dificuldades com que ele se defronta.<br>Ela aparece como uma aurora em sua vida e come\u00e7a a representar algo de novo em sua vida espiritual, que ele nem conhecia.<br>H\u00e1 outra considera\u00e7\u00e3o tamb\u00e9m: Nossa Senhora parece t\u00e3o ausente!<br>O mundo de hoje \u00e9 t\u00e3o parecido com o mundo daquele tempo que, se levarmos em conta que de um momento para o outro Nossa Senhora pode come\u00e7ar a agir, pode tornar sua atividade mais constante, mais cont\u00ednua, mais intensa do que tem sido at\u00e9 aqui para a restaura\u00e7\u00e3o de seu Reino, podem come\u00e7ar a acontecer fatos extraordin\u00e1rios que fa\u00e7am sentir sua presen\u00e7a, a\u00ed teremos mais uma irrup\u00e7\u00e3o de Nossa Senhora no mundo.<br>E essa irrup\u00e7\u00e3o poderia se fazer atrav\u00e9s do nosso Movimento com tudo quanto ele tem de humanamente pobre, de humanamente fraco. Mas que, como David, pela f\u00e9, pela dedica\u00e7\u00e3o e pelo uso das t\u00e1ticas da RCR, poderia derrubar e esmagar o gigante da Revolu\u00e7\u00e3o(2). Uma a\u00e7\u00e3o assim seria uma irrup\u00e7\u00e3o de Nossa Senhora na Hist\u00f3ria do mundo, uma manifesta\u00e7\u00e3o do desejo de Nossa Senhora de vencer. As muralhas que temos derrubado, as gra\u00e7as de que, embora indignos, temos sido canais, n\u00e3o podem representar sen\u00e3o a manifesta\u00e7\u00e3o da vontade do Imaculado Cora\u00e7\u00e3o de Maria de implantar seu Reino.<br>Ent\u00e3o, tudo isso nos deve dar muita alegria e muita esperan\u00e7a, com a certeza de que Nossa Senhora nunca abandona seus filhos, e que mesmo nas ocasi\u00f5es mais dif\u00edceis Ela os visita, sua presen\u00e7a como que irrompe entre eles, resolve seus problemas, cura suas dores, d\u00e1-lhes a combatividade e a coragem necess\u00e1rias para cumprirem seu dever at\u00e9 o fim, por mais \u00e1rduo que seja.<\/b><\/h4>\t\t\t\t\t\t<\/div>\n\t\t\t\t<\/div>\n\t\t\t\t\t<\/div>\n\t\t<\/div>\n\t\t\t\t\t<\/div>\n\t\t<\/section>\n\t\t\t\t<section class=\"elementor-section elementor-top-section elementor-element elementor-element-1d4c0d9 elementor-section-boxed elementor-section-height-default elementor-section-height-default\" data-id=\"1d4c0d9\" data-element_type=\"section\">\n\t\t\t\t\t\t<div class=\"elementor-container elementor-column-gap-default\">\n\t\t\t\t\t<div class=\"elementor-column elementor-col-100 elementor-top-column elementor-element elementor-element-3f22b5f\" data-id=\"3f22b5f\" data-element_type=\"column\">\n\t\t\t<div class=\"elementor-widget-wrap elementor-element-populated\">\n\t\t\t\t\t\t<div class=\"elementor-element elementor-element-2b94a53 elementor-widget elementor-widget-heading\" data-id=\"2b94a53\" data-element_type=\"widget\" data-widget_type=\"heading.default\">\n\t\t\t\t<div class=\"elementor-widget-container\">\n\t\t\t<h2 class=\"elementor-heading-title elementor-size-default\">Devemos pedir para haver uma irrup\u00e7\u00e3o de Nossa Senhora nos dia de hoje<\/h2>\t\t<\/div>\n\t\t\t\t<\/div>\n\t\t\t\t\t<\/div>\n\t\t<\/div>\n\t\t\t\t\t<\/div>\n\t\t<\/section>\n\t\t\t\t<section class=\"elementor-section elementor-top-section elementor-element elementor-element-7e67a11 elementor-section-boxed elementor-section-height-default elementor-section-height-default\" data-id=\"7e67a11\" data-element_type=\"section\">\n\t\t\t\t\t\t<div class=\"elementor-container elementor-column-gap-default\">\n\t\t\t\t\t<div class=\"elementor-column elementor-col-100 elementor-top-column elementor-element elementor-element-40be1af\" data-id=\"40be1af\" data-element_type=\"column\">\n\t\t\t<div class=\"elementor-widget-wrap elementor-element-populated\">\n\t\t\t\t\t\t<div class=\"elementor-element elementor-element-043a9af elementor-widget elementor-widget-text-editor\" data-id=\"043a9af\" data-element_type=\"widget\" data-widget_type=\"text-editor.default\">\n\t\t\t\t<div class=\"elementor-widget-container\">\n\t\t\t\t\t\t\t<h4><b>Um prelado conversava comigo ontem dizendo que sustenta uma tese, para a qual ele at\u00e9 pretende recolher material, que \u00e9 a seguinte:<br \/><\/b><b>H\u00e1 elementos hist\u00f3ricos para dizer que todas as grandes almas que lutaram contra os hereges, os grandes martelos das heresias aparecidos atrav\u00e9s dos s\u00e9culos, t\u00eam sido escolhidos especialmente por Nossa Senhora, pessoalmente por Nossa Senhora.<br \/><\/b><b>A suscita\u00e7\u00e3o dessas almas realmente lembra algo de muito bonito existente no bras\u00e3o dos padres do Imaculado Cora\u00e7\u00e3o de Maria! Cora\u00e7\u00e3o de Nossa Senhora e no alto do bras\u00e3o, S\u00e3o Miguel Arcanjo, e depois essas palavras: \u201cOs filhos dEla se levantaram e a proclamaram Bem-aventurada\u201d.<br \/><\/b><b>Essa presen\u00e7a de guerreiros espirituais que, como soldados de S\u00e3o Miguel Arcanjo, armados com o gl\u00e1dio da F\u00e9 se levantam para combater o advers\u00e1rio, proclamando o Cora\u00e7\u00e3o de Maria bem-aventurado, isto n\u00e3o seria tamb\u00e9m uma irrup\u00e7\u00e3o de Nossa Senhora na Hist\u00f3ria?<br \/><\/b><b>Eu acreditaria que fosse. E devemos pedir que venham esses guerreiros indom\u00e1veis, de um \u00f3dio implac\u00e1vel ao dem\u00f4nio e aos seus sequazes, \u00e0 Revolu\u00e7\u00e3o e \u00e0s suas obras, desejosos de liquidar \u2013 segundo a Lei de Deus e dos homens \u2013 a Revolu\u00e7\u00e3o! Desse \u00f3dio \u00e0 Revolu\u00e7\u00e3o \u00e9 que devem estar cheios os cora\u00e7\u00f5es daqueles que amam realmente Nossa Senhora.<br \/><\/b><b>Vamos pedir a Nossa Senhora essa gra\u00e7a especial: que haja uma irrup\u00e7\u00e3o dEla no mundo de hoje, almas armadas de esp\u00edrito de luta legal e doutrin\u00e1ria, de esp\u00edrito implac\u00e1vel de hostilidade \u00e0 Revolu\u00e7\u00e3o sat\u00e2nica,\u00a0 para humilh\u00e1-la, para restabelecer definitivamente a gl\u00f3ria da Igreja, t\u00e3o conspurcada pela Revolu\u00e7\u00e3o neste momento.<br \/><\/b><b>De maneira tal que, quando morrerem, se possa colocar na sepultura de cada um deles, esta express\u00e3o: Este foi um filho dEla, que se levantou e a proclamou Bem-aventurada nessa \u00e9poca de apostasia, de humilha\u00e7\u00e3o e desfalecimento da Santa Igreja Cat\u00f3lica, Apost\u00f3lica, Romana.<\/b><\/h4>\t\t\t\t\t\t<\/div>\n\t\t\t\t<\/div>\n\t\t\t\t\t<\/div>\n\t\t<\/div>\n\t\t\t\t\t<\/div>\n\t\t<\/section>\n\t\t\t\t<section class=\"elementor-section elementor-top-section elementor-element elementor-element-2bd8cdc elementor-section-boxed elementor-section-height-default elementor-section-height-default\" data-id=\"2bd8cdc\" data-element_type=\"section\">\n\t\t\t\t\t\t<div class=\"elementor-container elementor-column-gap-default\">\n\t\t\t\t\t<div class=\"elementor-column elementor-col-100 elementor-top-column elementor-element elementor-element-3837367\" data-id=\"3837367\" data-element_type=\"column\">\n\t\t\t<div class=\"elementor-widget-wrap elementor-element-populated\">\n\t\t\t\t\t\t<div class=\"elementor-element elementor-element-d8f1c1a elementor-widget elementor-widget-heading\" data-id=\"d8f1c1a\" data-element_type=\"widget\" data-widget_type=\"heading.default\">\n\t\t\t\t<div class=\"elementor-widget-container\">\n\t\t\t<h2 class=\"elementor-heading-title elementor-size-default\"> Nossa Senhora teve o uso da raz\u00e3o desde o primeiro instante de seu ser e j\u00e1 neste momento come\u00e7ou a influir no destino da humanidade\n<\/h2>\t\t<\/div>\n\t\t\t\t<\/div>\n\t\t\t\t\t<\/div>\n\t\t<\/div>\n\t\t\t\t\t<\/div>\n\t\t<\/section>\n\t\t\t\t<section class=\"elementor-section elementor-top-section elementor-element elementor-element-356de23 elementor-section-boxed elementor-section-height-default elementor-section-height-default\" data-id=\"356de23\" data-element_type=\"section\">\n\t\t\t\t\t\t<div class=\"elementor-container elementor-column-gap-default\">\n\t\t\t\t\t<div class=\"elementor-column elementor-col-100 elementor-top-column elementor-element elementor-element-5c3aa56\" data-id=\"5c3aa56\" data-element_type=\"column\">\n\t\t\t<div class=\"elementor-widget-wrap elementor-element-populated\">\n\t\t\t\t\t\t<div class=\"elementor-element elementor-element-4e4bdbd elementor-widget elementor-widget-text-editor\" data-id=\"4e4bdbd\" data-element_type=\"widget\" data-widget_type=\"text-editor.default\">\n\t\t\t\t<div class=\"elementor-widget-container\">\n\t\t\t\t\t\t\t<h4>A<b> festa<\/b> <b>da Natividade est\u00e1 para Nossa Senhora como o Natal para Nosso Senhor. Assim como a festa do Natal celebra o momento bendito em que Nosso Senhor entrou no mundo e come\u00e7ou a fazer visivelmente parte da sociedade humana, a festa da Natividade celebra o momento em que Nossa Senhora entrou no mundo e come\u00e7ou a fazer parte da sociedade humana.<br \/><\/b><b>Os senhores me dir\u00e3o: \u00ad \u201cMas o que representa para a sociedade humana a entrada de um beb\u00ea nessa sociedade? Uma crian\u00e7a que n\u00e3o tem o uso da palavra, o uso da raz\u00e3o, uma crian\u00e7a que, afinal de contas, n\u00e3o pesa no conv\u00edvio dos homens\u2026\u201d<br \/><\/b><b>Com Nossa Senhora isto n\u00e3o houve. Como Ela era concebida sem pecado original, teve o uso da raz\u00e3o desde o primeiro instante de seu ser; e j\u00e1 a partir do ventre materno Nossa Senhora pensava, e tinha pensamentos elevad\u00edssimos e sublim\u00edssimos, vivendo no seio de Santa Ana como num verdadeiro tabern\u00e1culo.<br \/><\/b><b>Temos uma confirma\u00e7\u00e3o indireta disso no que conta o Evangelho sobre S\u00e3o Jo\u00e3o Batista. Quando S\u00e3o Jo\u00e3o Batista \u2013 que n\u00e3o foi isento do pecado original, mas teria sido purificado dele ao ouvir a sauda\u00e7\u00e3o de Maria a Santa Isabel \u2013 estremeceu de alegria no seio de Santa Isabel ao ouvir a voz de Nossa Senhora cantando, saudando Santa Isabel. E Santa Isabel disse isso a Nossa Senhora (cfr., por ex., D. Duarte Leopoldo e Silva, \u201cConcord\u00e2ncia dos Santos Evangelhos\u201d, pg. 20, nota (4), Edit. LTR, S\u00e9tima Edi\u00e7\u00e3o, S\u00e3o Paulo, 1988).<br \/><\/b><b>Assim tamb\u00e9m, Nossa Senhora viveu no seio de Santa Ana e desde ali Ela come\u00e7ou a rezar pela humanidade, come\u00e7ou com a ci\u00eancia alt\u00edssima que tinha recebido pela gra\u00e7a de Deus, come\u00e7ou a pedir a vinda do Messias, come\u00e7ou a pedir pela queda de todo Mal no g\u00eanero humano, e desde ali formou-se, com certeza, em seu esp\u00edrito, aquele intuito elevad\u00edssimo, de vir a ser uma servidora do Salvador, que pudesse servir a M\u00e3e do Salvador e ajud\u00e1-la. Na realidade, por essa forma Nossa Senhora j\u00e1 come\u00e7ou a influir nos destinos da humanidade.<br \/><\/b><b>Mas acontece tamb\u00e9m que sua presen\u00e7a na terra j\u00e1 era uma fonte de gra\u00e7as para todos aqueles que se aproximavam dEla na sua inf\u00e2ncia e mesmo antes dEla nascer.<br \/><\/b><b>Se a Escritura nos diz que da t\u00fanica de Nosso Senhor sa\u00eda uma virtude que curava todos, ou melhor, os que tocavam em seu manto beneficiavam-se de uma virtude curativa, quanto mais a M\u00e3e de Nosso Senhor, Aquela que estava escolhida como vaso de elei\u00e7\u00e3o.<br \/><\/b><b>A presen\u00e7a de Nossa Senhora nessa terra, j\u00e1 como menina, mesmo como criancinha, era uma fonte enorme de gra\u00e7as.<br \/><\/b><b>Por isso se pode dizer que, embora Ela fosse criancinha, j\u00e1 em seu natal gra\u00e7as enormes come\u00e7aram a raiar para a humanidade; j\u00e1 a\u00ed o dem\u00f4nio come\u00e7ou a ser esmagado e a vit\u00f3ria da Contra-Revolu\u00e7\u00e3o come\u00e7ou a ser afirmada e o dem\u00f4nio come\u00e7ou a perceber que algo de seu cetro estava partido e que nunca mais se consertaria.<br \/><\/b><b>Compreende-se ent\u00e3o como a vinda de Nossa Senhora \u00e0 terra foi uma gra\u00e7a para todos os homens e compreende-se a import\u00e2ncia da festa que celebramos hoje.<\/b><\/h4><p>\u00a0<\/p>\t\t\t\t\t\t<\/div>\n\t\t\t\t<\/div>\n\t\t\t\t\t<\/div>\n\t\t<\/div>\n\t\t\t\t\t<\/div>\n\t\t<\/section>\n\t\t\t\t<section class=\"elementor-section elementor-top-section elementor-element elementor-element-0865958 elementor-section-boxed elementor-section-height-default elementor-section-height-default\" data-id=\"0865958\" data-element_type=\"section\">\n\t\t\t\t\t\t<div class=\"elementor-container elementor-column-gap-default\">\n\t\t\t\t\t<div class=\"elementor-column elementor-col-100 elementor-top-column elementor-element elementor-element-e7cea3e\" data-id=\"e7cea3e\" data-element_type=\"column\">\n\t\t\t<div class=\"elementor-widget-wrap elementor-element-populated\">\n\t\t\t\t\t\t<div class=\"elementor-element elementor-element-1c72814 elementor-widget elementor-widget-heading\" data-id=\"1c72814\" data-element_type=\"widget\" data-widget_type=\"heading.default\">\n\t\t\t\t<div class=\"elementor-widget-container\">\n\t\t\t<h2 class=\"elementor-heading-title elementor-size-default\">Semelhante a \u201caurora\u201d do luar \u00e9 o \u201cnatal\u201d de Nossa Senhora. Nesta noite devemos pedir a Nossa Senhora uma gra\u00e7a que Ela queira nos conceder<\/h2>\t\t<\/div>\n\t\t\t\t<\/div>\n\t\t\t\t\t<\/div>\n\t\t<\/div>\n\t\t\t\t\t<\/div>\n\t\t<\/section>\n\t\t\t\t<section class=\"elementor-section elementor-top-section elementor-element elementor-element-a6dc009 elementor-section-boxed elementor-section-height-default elementor-section-height-default\" data-id=\"a6dc009\" data-element_type=\"section\">\n\t\t\t\t\t\t<div class=\"elementor-container elementor-column-gap-default\">\n\t\t\t\t\t<div class=\"elementor-column elementor-col-50 elementor-top-column elementor-element elementor-element-4978643\" data-id=\"4978643\" data-element_type=\"column\">\n\t\t\t<div class=\"elementor-widget-wrap elementor-element-populated\">\n\t\t\t\t\t\t<div class=\"elementor-element elementor-element-1bf1085 elementor-widget elementor-widget-text-editor\" data-id=\"1bf1085\" data-element_type=\"widget\" data-widget_type=\"text-editor.default\">\n\t\t\t\t<div class=\"elementor-widget-container\">\n\t\t\t\t\t\t\t<h4><b>Para resumir, tenham os senhores em mente uma noite de Natal. H\u00e1 1963 anos e tanto \u2013 simplificando os dados cronol\u00f3gicos \u2013 que Nosso Senhor nasceu.<br \/><\/b><b>H\u00e1 1963 anos que essa festa se repete e em toda noite de Natal tem-se a sensa\u00e7\u00e3o de que uma b\u00ean\u00e7\u00e3o enorme desce de C\u00e9u sobre a terra e que, de algum modo, as energias espirituais de todos os homens se renovam. H\u00e1 uma verdadeira aurora.<br \/><\/b><b>\u00c9 por causa disso que a noite de Natal \u00e9 \u00fanica no ano. Isso que se d\u00e1 com a noite de Natal nos d\u00e1 uma id\u00e9ia do que foi a primeira noite de Natal, em que Nosso Senhor nasceu.<\/b><\/h4><p>\u00a0<\/p>\t\t\t\t\t\t<\/div>\n\t\t\t\t<\/div>\n\t\t\t\t\t<\/div>\n\t\t<\/div>\n\t\t\t\t<div class=\"elementor-column elementor-col-50 elementor-top-column elementor-element elementor-element-1482a43\" data-id=\"1482a43\" data-element_type=\"column\">\n\t\t\t<div class=\"elementor-widget-wrap elementor-element-populated\">\n\t\t\t\t\t\t<div class=\"elementor-element elementor-element-2dfae1f elementor-widget elementor-widget-image\" data-id=\"2dfae1f\" data-element_type=\"widget\" data-widget_type=\"image.default\">\n\t\t\t\t<div class=\"elementor-widget-container\">\n\t\t\t\t\t\t\t\t\t\t\t\t\t<img loading=\"lazy\" decoding=\"async\" width=\"225\" height=\"300\" src=\"https:\/\/ligadosantorosario.com\/wp-content\/uploads\/WhatsApp-Image-2023-09-04-at-19.56.06-225x300.jpeg\" class=\"attachment-medium size-medium wp-image-1645\" alt=\"\" srcset=\"https:\/\/ligadosantorosario.com\/wp-content\/uploads\/WhatsApp-Image-2023-09-04-at-19.56.06-225x300.jpeg 225w, https:\/\/ligadosantorosario.com\/wp-content\/uploads\/WhatsApp-Image-2023-09-04-at-19.56.06.jpeg 600w\" sizes=\"(max-width: 225px) 100vw, 225px\" \/>\t\t\t\t\t\t\t\t\t\t\t\t\t<\/div>\n\t\t\t\t<\/div>\n\t\t\t\t\t<\/div>\n\t\t<\/div>\n\t\t\t\t\t<\/div>\n\t\t<\/section>\n\t\t\t\t<section class=\"elementor-section elementor-top-section elementor-element elementor-element-f3c2efb elementor-section-boxed elementor-section-height-default elementor-section-height-default\" data-id=\"f3c2efb\" data-element_type=\"section\">\n\t\t\t\t\t\t<div class=\"elementor-container elementor-column-gap-default\">\n\t\t\t\t\t<div class=\"elementor-column elementor-col-100 elementor-top-column elementor-element elementor-element-6dd052e\" data-id=\"6dd052e\" data-element_type=\"column\">\n\t\t\t<div class=\"elementor-widget-wrap elementor-element-populated\">\n\t\t\t\t\t\t<div class=\"elementor-element elementor-element-bacb814 elementor-widget elementor-widget-text-editor\" data-id=\"bacb814\" data-element_type=\"widget\" data-widget_type=\"text-editor.default\">\n\t\t\t\t<div class=\"elementor-widget-container\">\n\t\t\t\t\t\t\t<h4><b>Ora, como tudo quanto \u00e9 de Nossa Senhora \u00e9 muito parecido com o de Nosso Senhor, tudo quanto diz respeito a Ela tem uma \u00edntima conex\u00e3o com o que diz respeito a Ele, pode-se tamb\u00e9m imaginar assim na noite de hoje.<br \/><\/b><b>Seria bonito que numa noite como a de hoje, tiv\u00e9ssemos uma no\u00e7\u00e3o mais viva e mais concreta da Natividade de Nossa Senhora. Que semelhan\u00e7a h\u00e1 entre um e outro? Quando se fala em Natal de Nosso Senhor, lembramo-nos do nascer do sol. Mas se Nosso Senhor \u00e9 o sol, Nossa Senhora \u00e9, muitas vezes, comparada \u00e0 lua.<\/b><\/h4>\t\t\t\t\t\t<\/div>\n\t\t\t\t<\/div>\n\t\t\t\t\t<\/div>\n\t\t<\/div>\n\t\t\t\t\t<\/div>\n\t\t<\/section>\n\t\t\t\t<section class=\"elementor-section elementor-top-section elementor-element elementor-element-2baac64 elementor-section-boxed elementor-section-height-default elementor-section-height-default\" data-id=\"2baac64\" data-element_type=\"section\">\n\t\t\t\t\t\t<div class=\"elementor-container elementor-column-gap-default\">\n\t\t\t\t\t<div class=\"elementor-column elementor-col-100 elementor-top-column elementor-element elementor-element-66123c8\" data-id=\"66123c8\" data-element_type=\"column\">\n\t\t\t<div class=\"elementor-widget-wrap elementor-element-populated\">\n\t\t\t\t\t\t<div class=\"elementor-element elementor-element-3ccb0ca elementor-widget elementor-widget-text-editor\" data-id=\"3ccb0ca\" data-element_type=\"widget\" data-widget_type=\"text-editor.default\">\n\t\t\t\t<div class=\"elementor-widget-container\">\n\t\t\t\t\t\t\t<h4>E<b> como \u00e9 bonito vermos a luz que nasce! O nascer da lua n\u00e3o tem a gl\u00f3ria do nascer do sol e nem \u00e9 o nascer do sol; mas quanto tem de parecido, de an\u00e1logo com o nascer do sol. Como ele \u00e9 benfazejo, como ele alegra, como ele estimula, como ele consola. Isso nos poderia dar a id\u00e9ia do que foi esse bendito natal de Nossa Senhora. E como somos \u2013 est\u00edmulo muito particular \u2013 filhos de Nossa Senhora pela consagra\u00e7\u00e3o a seu Sapiencial e Imaculado Cora\u00e7\u00e3o conforme o m\u00e9todo de S\u00e3o Luis Maria Grignion de Montfort, n\u00e3o por m\u00e9ritos nossos, mas pela vontade dEla, podemos pedir nesta noite de hoje, que Nossa Senhora nos d\u00ea alguma gra\u00e7a especial.<br \/><\/b><b>J\u00e1 se disse que nas revela\u00e7\u00f5es privadas de muitos santos conta-se que nas festas especiais de Nossa Senhora Ela desce ao Purgat\u00f3rio, concede um grande n\u00famero de gra\u00e7as e leva um n\u00famero enorme de almas para o C\u00e9u e, por outro lado, melhora as condi\u00e7\u00f5es de muitas almas que n\u00e3o leva para o C\u00e9u.<br \/><\/b><b>Isto nos d\u00e1 um pouco a id\u00e9ia do que Ela faz na Igreja militante. Sua gra\u00e7a baixa sobre n\u00f3s e nos obt\u00e9m uma por\u00e7\u00e3o de favores. \u00c9 o momento de pedirmos a Nossa Senhora que nos conceda um favor.<br \/><\/b><b>Qual o favor que devemos pedir? Que cada um se recolha um pouco, se concentre e pe\u00e7a uma gra\u00e7a qualquer.<br \/><\/b><b>Mas eu sugiro que esteja presente, de modo especial, essa gra\u00e7a: de Nossa Senhora estabelecer com cada um de n\u00f3s, como que uma alian\u00e7a especial. Como que constituir v\u00ednculos de uma filia\u00e7\u00e3o especial na nossa rela\u00e7\u00e3o com Ela, de maneira que nos tome debaixo de seu amparo particular e que a esse t\u00edtulo, nos cure da chaga da alma que Ela mais entenda que nos deva curar. \u00c0s vezes n\u00e3o \u00e9 bem o que imaginamos, mas outra coisa. Aquilo de que mais necessitar nossa alma, que Ela nos d\u00ea nessa sua noite de natal.<\/b><\/h4>\t\t\t\t\t\t<\/div>\n\t\t\t\t<\/div>\n\t\t\t\t\t<\/div>\n\t\t<\/div>\n\t\t\t\t\t<\/div>\n\t\t<\/section>\n\t\t\t\t<section class=\"elementor-section elementor-top-section elementor-element elementor-element-d636426 elementor-section-boxed elementor-section-height-default elementor-section-height-default\" data-id=\"d636426\" data-element_type=\"section\">\n\t\t\t\t\t\t<div class=\"elementor-container elementor-column-gap-default\">\n\t\t\t\t\t<div class=\"elementor-column elementor-col-100 elementor-top-column elementor-element elementor-element-0e1caec\" data-id=\"0e1caec\" data-element_type=\"column\">\n\t\t\t<div class=\"elementor-widget-wrap elementor-element-populated\">\n\t\t\t\t\t\t<div class=\"elementor-element elementor-element-2994eae elementor-widget elementor-widget-spacer\" data-id=\"2994eae\" data-element_type=\"widget\" data-widget_type=\"spacer.default\">\n\t\t\t\t<div class=\"elementor-widget-container\">\n\t\t\t<style>\/*! elementor - v3.23.0 - 05-08-2024 *\/\n.elementor-column .elementor-spacer-inner{height:var(--spacer-size)}.e-con{--container-widget-width:100%}.e-con-inner>.elementor-widget-spacer,.e-con>.elementor-widget-spacer{width:var(--container-widget-width,var(--spacer-size));--align-self:var(--container-widget-align-self,initial);--flex-shrink:0}.e-con-inner>.elementor-widget-spacer>.elementor-widget-container,.e-con>.elementor-widget-spacer>.elementor-widget-container{height:100%;width:100%}.e-con-inner>.elementor-widget-spacer>.elementor-widget-container>.elementor-spacer,.e-con>.elementor-widget-spacer>.elementor-widget-container>.elementor-spacer{height:100%}.e-con-inner>.elementor-widget-spacer>.elementor-widget-container>.elementor-spacer>.elementor-spacer-inner,.e-con>.elementor-widget-spacer>.elementor-widget-container>.elementor-spacer>.elementor-spacer-inner{height:var(--container-widget-height,var(--spacer-size))}.e-con-inner>.elementor-widget-spacer.elementor-widget-empty,.e-con>.elementor-widget-spacer.elementor-widget-empty{position:relative;min-height:22px;min-width:22px}.e-con-inner>.elementor-widget-spacer.elementor-widget-empty .elementor-widget-empty-icon,.e-con>.elementor-widget-spacer.elementor-widget-empty .elementor-widget-empty-icon{position:absolute;top:0;bottom:0;left:0;right:0;margin:auto;padding:0;width:22px;height:22px}<\/style>\t\t<div class=\"elementor-spacer\">\n\t\t\t<div class=\"elementor-spacer-inner\"><\/div>\n\t\t<\/div>\n\t\t\t\t<\/div>\n\t\t\t\t<\/div>\n\t\t\t\t\t<\/div>\n\t\t<\/div>\n\t\t\t\t\t<\/div>\n\t\t<\/section>\n\t\t\t\t<section class=\"elementor-section elementor-top-section elementor-element elementor-element-bb454a7 elementor-section-boxed elementor-section-height-default elementor-section-height-default\" data-id=\"bb454a7\" data-element_type=\"section\">\n\t\t\t\t\t\t<div class=\"elementor-container elementor-column-gap-default\">\n\t\t\t\t\t<div class=\"elementor-column elementor-col-100 elementor-top-column elementor-element elementor-element-2eff6b4\" data-id=\"2eff6b4\" data-element_type=\"column\">\n\t\t\t<div class=\"elementor-widget-wrap elementor-element-populated\">\n\t\t\t\t\t\t<div class=\"elementor-element elementor-element-7b26cb5 elementor-widget elementor-widget-text-editor\" data-id=\"7b26cb5\" data-element_type=\"widget\" data-widget_type=\"text-editor.default\">\n\t\t\t\t<div class=\"elementor-widget-container\">\n\t\t\t\t\t\t\t<p><strong>(1)<\/strong>\u00a0Sobre o tema da utiliza\u00e7\u00e3o das t\u00e1ticas RCR para o combate ideol\u00f3gico \u00e0 Revolu\u00e7\u00e3o sugerimos a leitura da terceira parte do livro \u201c<strong><a href=\"http:\/\/www.pliniocorreadeoliveira.info\/livros.asp\">Revolu\u00e7\u00e3o e Contra-Revolu\u00e7\u00e3o<\/a><\/strong>\u201c, do mesmo autor:\u00a0<strong><em>\u201cParte III \u2013 Revolu\u00e7\u00e3o e Contra-Revolu\u00e7\u00e3o vinte anos depois\u201d.<\/em><\/strong><\/p><p><strong>(2)\u00a0<\/strong>Para o Prof. Pl\u00ednio Corr\u00eaa de Oliveira, Revolu\u00e7\u00e3o \u00e9 o processo quatro vezes secular que vem devastando a Civiliza\u00e7\u00e3o Crist\u00e3. E a Contra-Revolu\u00e7\u00e3o consiste no movimento de almas que se op\u00f5e a essa derrubada. Ver o ensaio\u00a0<strong><a href=\"http:\/\/www.pliniocorreadeoliveira.info\/livros.asp\">\u201cRevolu\u00e7\u00e3o e Contra-Revolu\u00e7\u00e3o\u201d<\/a><\/strong>, do mesmo autor.<\/p><p>.<\/p>\t\t\t\t\t\t<\/div>\n\t\t\t\t<\/div>\n\t\t\t\t\t<\/div>\n\t\t<\/div>\n\t\t\t\t\t<\/div>\n\t\t<\/section>\n\t\t\t\t<section class=\"elementor-section elementor-top-section elementor-element elementor-element-870e73d elementor-section-boxed elementor-section-height-default elementor-section-height-default\" data-id=\"870e73d\" data-element_type=\"section\">\n\t\t\t\t\t\t<div class=\"elementor-container elementor-column-gap-default\">\n\t\t\t\t\t<div class=\"elementor-column elementor-col-100 elementor-top-column elementor-element elementor-element-3a6cf7b\" data-id=\"3a6cf7b\" data-element_type=\"column\">\n\t\t\t<div class=\"elementor-widget-wrap elementor-element-populated\">\n\t\t\t\t\t\t<div class=\"elementor-element elementor-element-b8acbc8 elementor-widget elementor-widget-spacer\" data-id=\"b8acbc8\" data-element_type=\"widget\" data-widget_type=\"spacer.default\">\n\t\t\t\t<div class=\"elementor-widget-container\">\n\t\t\t\t\t<div class=\"elementor-spacer\">\n\t\t\t<div class=\"elementor-spacer-inner\"><\/div>\n\t\t<\/div>\n\t\t\t\t<\/div>\n\t\t\t\t<\/div>\n\t\t\t\t\t<\/div>\n\t\t<\/div>\n\t\t\t\t\t<\/div>\n\t\t<\/section>\n\t\t\t\t<\/div>\n\t\t","protected":false},"excerpt":{"rendered":"<p>Afresco \u201cNascimento da Virgem\u201d (entre 1486 e 1490), na Capela Tornabuoni da Igreja Santa Maria Novella (Floren\u00e7a). Obra do artista florentino Domenico Ghirlandaio (1449 \u2013 1494). O dia da Natividade de Maria Sant\u00edssima consiste para a humanidade em imenso g\u00e1udio, pren\u00fancio do nascimento do nosso Redentor&nbsp; Ningu\u00e9m esquece, e com toda raz\u00e3o, o anivers\u00e1rio de sua pr\u00f3pria m\u00e3e. Por\u00e9m, infelizmente, h\u00e1 cat\u00f3licos que esquecem o dia natal\u00edcio da Sant\u00edssima M\u00e3e de todas as m\u00e3es, M\u00e3e de Deus e nossa tamb\u00e9m.A festa do nascimento de Nossa Senhora \u00e9 comemorada a 8 de setembro.A fim de fixarmos bem essa magna data, e&#8230;<\/p>\n","protected":false},"author":1,"featured_media":0,"comment_status":"open","ping_status":"open","sticky":false,"template":"","format":"standard","meta":{"jetpack_post_was_ever_published":false,"_jetpack_newsletter_access":"","_jetpack_dont_email_post_to_subs":false,"_jetpack_newsletter_tier_id":0,"footnotes":""},"categories":[1],"tags":[],"jetpack_sharing_enabled":true,"jetpack_featured_media_url":"","_links":{"self":[{"href":"https:\/\/ligadosantorosario.com\/index.php?rest_route=\/wp\/v2\/posts\/1641"}],"collection":[{"href":"https:\/\/ligadosantorosario.com\/index.php?rest_route=\/wp\/v2\/posts"}],"about":[{"href":"https:\/\/ligadosantorosario.com\/index.php?rest_route=\/wp\/v2\/types\/post"}],"author":[{"embeddable":true,"href":"https:\/\/ligadosantorosario.com\/index.php?rest_route=\/wp\/v2\/users\/1"}],"replies":[{"embeddable":true,"href":"https:\/\/ligadosantorosario.com\/index.php?rest_route=%2Fwp%2Fv2%2Fcomments&post=1641"}],"version-history":[{"count":52,"href":"https:\/\/ligadosantorosario.com\/index.php?rest_route=\/wp\/v2\/posts\/1641\/revisions"}],"predecessor-version":[{"id":7150,"href":"https:\/\/ligadosantorosario.com\/index.php?rest_route=\/wp\/v2\/posts\/1641\/revisions\/7150"}],"wp:attachment":[{"href":"https:\/\/ligadosantorosario.com\/index.php?rest_route=%2Fwp%2Fv2%2Fmedia&parent=1641"}],"wp:term":[{"taxonomy":"category","embeddable":true,"href":"https:\/\/ligadosantorosario.com\/index.php?rest_route=%2Fwp%2Fv2%2Fcategories&post=1641"},{"taxonomy":"post_tag","embeddable":true,"href":"https:\/\/ligadosantorosario.com\/index.php?rest_route=%2Fwp%2Fv2%2Ftags&post=1641"}],"curies":[{"name":"wp","href":"https:\/\/api.w.org\/{rel}","templated":true}]}}