{"id":1759,"date":"2023-09-08T17:56:48","date_gmt":"2023-09-08T17:56:48","guid":{"rendered":"https:\/\/ligadosantorosario.com\/?p=1759"},"modified":"2023-09-08T18:04:37","modified_gmt":"2023-09-08T18:04:37","slug":"as-fontes-miraculosas-de-fatima","status":"publish","type":"post","link":"https:\/\/ligadosantorosario.com\/?p=1759","title":{"rendered":"As fontes miraculosas de F\u00e1tima"},"content":{"rendered":"\t\t<div data-elementor-type=\"wp-post\" data-elementor-id=\"1759\" class=\"elementor elementor-1759\" data-elementor-post-type=\"post\">\n\t\t\t\t\t\t<section class=\"elementor-section elementor-top-section elementor-element elementor-element-1136eea elementor-section-boxed elementor-section-height-default elementor-section-height-default\" data-id=\"1136eea\" data-element_type=\"section\">\n\t\t\t\t\t\t<div class=\"elementor-container elementor-column-gap-default\">\n\t\t\t\t\t<div class=\"elementor-column elementor-col-100 elementor-top-column elementor-element elementor-element-c1ac10c\" data-id=\"c1ac10c\" data-element_type=\"column\">\n\t\t\t<div class=\"elementor-widget-wrap elementor-element-populated\">\n\t\t\t\t\t\t<div class=\"elementor-element elementor-element-1339ba0 elementor-widget elementor-widget-text-editor\" data-id=\"1339ba0\" data-element_type=\"widget\" data-widget_type=\"text-editor.default\">\n\t\t\t\t<div class=\"elementor-widget-container\">\n\t\t\t<style>\/*! elementor - v3.23.0 - 05-08-2024 *\/\n.elementor-widget-text-editor.elementor-drop-cap-view-stacked .elementor-drop-cap{background-color:#69727d;color:#fff}.elementor-widget-text-editor.elementor-drop-cap-view-framed .elementor-drop-cap{color:#69727d;border:3px solid;background-color:transparent}.elementor-widget-text-editor:not(.elementor-drop-cap-view-default) .elementor-drop-cap{margin-top:8px}.elementor-widget-text-editor:not(.elementor-drop-cap-view-default) .elementor-drop-cap-letter{width:1em;height:1em}.elementor-widget-text-editor .elementor-drop-cap{float:left;text-align:center;line-height:1;font-size:50px}.elementor-widget-text-editor .elementor-drop-cap-letter{display:inline-block}<\/style>\t\t\t\t<div class=\"elementor-element elementor-element-bc7a73d elementor-widget elementor-widget-theme-post-content\" data-id=\"bc7a73d\" data-element_type=\"widget\" data-widget_type=\"theme-post-content.default\"><div class=\"elementor-widget-container\"><p><img fetchpriority=\"high\" decoding=\"async\" class=\"aligncenter wp-image-9939 \" src=\"https:\/\/www.pliniocorreadeoliveira.info\/wp-content\/uploads\/2023\/08\/Fatima-fonte-milagrosa-uma-das-torneiras-small.jpg\" sizes=\"(max-width: 779px) 100vw, 779px\" srcset=\"https:\/\/www.pliniocorreadeoliveira.info\/wp-content\/uploads\/2023\/08\/Fatima-fonte-milagrosa-uma-das-torneiras-small.jpg 741w, https:\/\/www.pliniocorreadeoliveira.info\/wp-content\/uploads\/2023\/08\/Fatima-fonte-milagrosa-uma-das-torneiras-small-192x300.jpg 192w, https:\/\/www.pliniocorreadeoliveira.info\/wp-content\/uploads\/2023\/08\/Fatima-fonte-milagrosa-uma-das-torneiras-small-654x1024.jpg 654w\" width=\"779\" height=\"1219\"><\/p>\n<p><b><i>Santu\u00e1rio de F\u00e1tima como se v\u00ea atualmente: \u00e0 esquerda, a Capelinha das Apari\u00e7\u00f5es; \u00e0 direita, a coluna com a imagem do Sagrado Cora\u00e7\u00e3o de Jesus, na base da qual existem algumas torneiras para se levar \u00e1gua (foto de Miguel Angel Gutierrez)<\/i><\/b><\/p>\n<p><img decoding=\"async\" class=\"size-full wp-image-6807 aligncenter\" src=\"https:\/\/www.pliniocorreadeoliveira.info\/wp-content\/uploads\/2023\/03\/vignette_leao1.png\" width=\"40\" height=\"33\"><\/p>\n<p><span lang=\"PT-BR\"><b>Da obra \u201cNovos esplendores de F\u00e1tima\u201d<\/b>,<\/span><span lang=\"it\">&nbsp;<b>de autoria do<\/b><\/span><b><span lang=\"PT-BR\">&nbsp;P<\/span><span lang=\"it\">adre<\/span><\/b><span lang=\"PT-BR\"><b>&nbsp;Valentim Armas C.M.F<\/b>., Editora \u201cAve Maria\u201d, 1944, S\u00e3o Paulo, p\u00e1gs. 209-212<\/span><span lang=\"it\">, recomenadada pelo Prof. Plinio Corr\u00eaa de Oliveira, em artigo no \u201cLegion\u00e1rio\u201d de 8 de abril de 1945, intitulado \u201c<i><b><a href=\"https:\/\/www.pliniocorreadeoliveira.info\/LEG%2045-04-08_Livrosversuscanhoes.htm\">Livros versus canh\u00f4es<\/a><\/b><\/i>\u201d (<b>\u201ccuja leitura \u00e9 da mais absoluta necessidade para o mundo contempor\u00e2neo\u201d<\/b>).<\/span><\/p>\n<p><img decoding=\"async\" class=\"aligncenter wp-image-9940 size-full\" src=\"https:\/\/www.pliniocorreadeoliveira.info\/wp-content\/uploads\/2023\/08\/Novos-esplendores-de-Fatima-01.jpg\" sizes=\"(max-width: 434px) 100vw, 434px\" srcset=\"https:\/\/www.pliniocorreadeoliveira.info\/wp-content\/uploads\/2023\/08\/Novos-esplendores-de-Fatima-01.jpg 434w, https:\/\/www.pliniocorreadeoliveira.info\/wp-content\/uploads\/2023\/08\/Novos-esplendores-de-Fatima-01-217x300.jpg 217w\" width=\"434\" height=\"599\"><\/p>\n<p>Nas apari\u00e7\u00f5es de F\u00e1tima n\u00e3o brotou \u00e1gua, como em Lourdes.<\/p>\n<p>Subsistia, portanto, um problema vital, de solu\u00e7\u00e3o dific\u00edlima.<\/p>\n<p>Vinha agravar essa dificuldade, a natureza do terreno calc\u00e1reo e muito poroso daqu\u00eale lugar e dos seus arredores, incapaz portanto de conservar a humidade.<\/p>\n<p>Os habitantes de F\u00e1tima e das povoa\u00e7\u00f5es das circunvizinhan\u00e7as, para terem \u00e1gua em suas casas, v\u00eam-se obrigados a recolher em dep\u00f3sitos, a chuva que escorre dos beirais das casas.<\/p>\n<p>Como e quando se haviam logo de reunir peregrina\u00e7\u00f5es de centenas de milhares de pessoas num lugar privado de \u00e1gua como era a Cova da Iria?<\/p>\n<p>Humanamente falando, isso parecia de todo ponto imposs\u00edvel.<\/p>\n<p>Mais uma vez, viu-se a\u00ed o dedo da Provid\u00eancia. Onde falhou o humano, acudiu o divino.<\/p>\n<p>Era o dia 13 de Novembro de 1921.<\/p>\n<p>Logo ap\u00f3s a primeira missa campal celebrada na capelinha comemorativa das Apari\u00e7\u00f5es, precisou-se de \u00e1gua em grande quantidade, para as constru\u00e7\u00f5es projetadas.<\/p>\n<p>O Sr. Bispo de Leiria teve a boa inspira\u00e7\u00e3o de mandar explorar o solo e deu ordem para ali no fundo da Cova, precisamente no lugar que ocupavam os pastorinhos no momento da primeira apari\u00e7\u00e3o, f\u00f4sse aberto um po\u00e7o.<\/p>\n<p>Em obedi\u00eancia \u00e0 ordem do zeloso Prelado, os oper\u00e1rios abriram uma valeta de pequenas dimens\u00f5es e, com n\u00e3o pequena surpresa viram brotar a poucos passos da azinheira sagrada, \u00e1gua cristalina e abundante.<\/p>\n<p>N\u00e3o faltou entre os camponeses quem se risse da id\u00e9ia do senhor Bispo e afirmasse que era dinheiro malbaratado. O senhor Bispo era de fora e n\u00e3o conhecia. o terreno.<\/p>\n<p>\u201cN\u00e3o sei como explicar o caso disse surpreendido um dos circunstantes.<\/p>\n<p>\u201cNada, aqui, n\u00e3o podia rebentar veia nenhuma. Naturalmente foi milagre do c\u00e9u\u2026 ou do Sr. Bispo\u201d.<\/p>\n<p>Deu-se \u00easse fato l\u00e1 por volta das nove horas do dia 13 de Novembro de 1921.<\/p>\n<p>Pouco depois, como a \u00e1gua n\u00e3o fosse suficiente nas peregrina\u00e7\u00f5es, o Sr. Bispo mandou cavar mais dois po\u00e7os a poucos metros do primeiro, e a \u00e1gua brotou como da&nbsp;primeira vez.<\/p>\n<p>Da\u00ed por diante n\u00e3o faltou jamais o precioso l\u00edquido, quer para as constru\u00e7\u00f5es, quer para os peregrinos que a carregam em quantidade para as suas casas.<\/p>\n<p>A \u00e1gua de diversas fontes \u00e9 recolhida num grande reservat\u00f3rio constru\u00eddo em cimento armado e que forma a base do monumento ao Sagrado Cora\u00e7\u00e3o de Jesus.<\/p>\n<p><img loading=\"lazy\" decoding=\"async\" class=\"aligncenter wp-image-9941 \" src=\"https:\/\/www.pliniocorreadeoliveira.info\/wp-content\/uploads\/2023\/08\/Fatima-fontes-milagrosas-001.jpg\" sizes=\"(max-width: 712px) 100vw, 712px\" srcset=\"https:\/\/www.pliniocorreadeoliveira.info\/wp-content\/uploads\/2023\/08\/Fatima-fontes-milagrosas-001.jpg 594w, https:\/\/www.pliniocorreadeoliveira.info\/wp-content\/uploads\/2023\/08\/Fatima-fontes-milagrosas-001-300x140.jpg 300w\" width=\"712\" height=\"332\"><\/p>\n<p><b><i>Acima, \u00e0 direita v\u00ea-se a Capelinha das Apari\u00e7\u00f5es e \u00e0 esquerda o conjunto da imagem do Sagrado Cora\u00e7\u00e3o de Jesus e o fontan\u00e1rio (as \u201cfontes milagrosas\u201d). Abaixo, vista das \u201cfontes miraculosas\u201d e da constru\u00e7\u00e3o da igreja de Nossa Senhora do Ros\u00e1rio\u2026<\/i><\/b><\/p>\n<p><img loading=\"lazy\" decoding=\"async\" class=\"aligncenter wp-image-9942 size-full\" src=\"https:\/\/www.pliniocorreadeoliveira.info\/wp-content\/uploads\/2023\/08\/Fatima-fontanario-construcao-igreja-Na-Sra-Rosario.jpg\" sizes=\"(max-width: 773px) 100vw, 773px\" srcset=\"https:\/\/www.pliniocorreadeoliveira.info\/wp-content\/uploads\/2023\/08\/Fatima-fontanario-construcao-igreja-Na-Sra-Rosario.jpg 773w, https:\/\/www.pliniocorreadeoliveira.info\/wp-content\/uploads\/2023\/08\/Fatima-fontanario-construcao-igreja-Na-Sra-Rosario-300x135.jpg 300w, https:\/\/www.pliniocorreadeoliveira.info\/wp-content\/uploads\/2023\/08\/Fatima-fontanario-construcao-igreja-Na-Sra-Rosario-768x346.jpg 768w\" width=\"773\" height=\"348\"><\/p>\n<p><b><i>\u2026e alguns anos mais tarde.<\/i><\/b><\/p>\n<p><img loading=\"lazy\" decoding=\"async\" class=\"aligncenter wp-image-9943 \" src=\"https:\/\/www.pliniocorreadeoliveira.info\/wp-content\/uploads\/2023\/08\/Fatima-esplanada-small.jpg\" sizes=\"(max-width: 799px) 100vw, 799px\" srcset=\"https:\/\/www.pliniocorreadeoliveira.info\/wp-content\/uploads\/2023\/08\/Fatima-esplanada-small.jpg 636w, https:\/\/www.pliniocorreadeoliveira.info\/wp-content\/uploads\/2023\/08\/Fatima-esplanada-small-300x227.jpg 300w\" width=\"799\" height=\"604\"><\/p>\n<p>Transcrevemos da \u201c<strong><em>VOZ DA F\u00c1TIMA<\/em><\/strong>\u201d, as seguintes notas descritivas das fontes milagrosas:<\/p>\n<p><em>\u201cA fonte miraculosa forma um c\u00edrculo de cerca de 2 m. de altura por 10 de di\u00e2metro, apresentando a forma de um gas\u00f4metro bastante esvasiado e por isso um tanto decido, como \u00e9 vulgar ver-se nas grandes cidades de Portugal. A forma circular da fonte facilita a satisfa\u00e7\u00e3o dos extraordin\u00e1rios pedidos de \u00e1gua por ocasi\u00e3o das grandes peregrina\u00e7\u00f5es.<\/em><\/p>\n<p><em>Em t\u00f4da a volta da parede s\u00e3o colocadas 15 torneiras, tantas quantas os mist\u00e9rios do Ros\u00e1rio.<\/em><\/p>\n<p><em>Em cima da plataforma da fonte e junto das torneiras, est\u00e1 postado um certo n\u00famero de jovens e encarregados de distribuir aos peregrinos, em dias de grande aflu\u00eancia, &nbsp;t\u00f4da a \u00e1gua que necessitem.<\/em><\/p>\n<p><em>Sobre a fonte encontra-se um aviso declarando que a concess\u00e3o da \u00e1gua \u00e9 gratuita e que \u00e9 expressamente proibido dar ou receber gorgeta por \u00easse motivo.<\/em><\/p>\n<p><em>Dos dois lados da fonte existem fossos formados pelo aterro ou muralha da avenida central.<\/em><\/p>\n<p><em>Tamb\u00e9m aqui se encontram torneiras, e, com t\u00f4da probabilidade, \u00e9 neste lugar que vir\u00e3o, de futuro a serem instaladas as picinas para o banho dos doentes tal e qual se efetuou em Lourdes.<\/em><\/p>\n<p><em>Nos dias de grande romaria, logo depois da primeira missa campal, uma multid\u00e3o in\u00famer\u00e1vel fervilha desde manh\u00e3 c\u00eado e estaciona no local da fonte miraculosa, na ansiedade irreprim\u00edvel de fazer provis\u00e3o da \u00e1gua ben\u00e9fica e salutar.<\/em><\/p>\n<p><em>A forma circular da fonte prodigiosa facilita bastante a adquisi\u00e7\u00e3o do precioso liquido que jorra copiosamente por quinze grandes torneiras de metal amarelo, que simbolizam pelo seu n\u00famero os quinze mist\u00e9rios do Sant\u00edssimo Ros\u00e1rio, como acima se indicou.<\/em><\/p>\n<p><em>Algumas torneiras por\u00e9m s\u00f3 podem ser utilizadas por aqueles fi\u00e9is que se limitam a beber \u00e1gua no pr\u00f3prio local onde ela \u00e9 fornecida.<\/em><\/p>\n<p><em>\u00c1 ligeira impaci\u00eancia dos mais apressados \u00e9 facilmente contida pelos servitas, que regulam, ao mesmo tempo com prud\u00eancia e firmeza, o dif\u00edcil acesso as torneiras.<\/em><\/p>\n<p><em>O aprovisionamento da linfa maravilhosa dura horas cumpridas, intermin\u00e1veis, d\u00easde as primeiras da manh\u00e3, at\u00e9 as \u00faltimas da tarde.<\/em><\/p>\n<p><em>Os peregrinos enchem recipientes de todos os tamanhos e de todos os feitios que levam consigo para as suas terras distantes com a fagueira esperan\u00e7a de provocar, mediante a aplica\u00e7\u00e3o da \u00e1gua, a cura de alguma pessoa da fam\u00edlia ou de amizade, ou, ao menos, proporcionar um pouco de lenitivo aos seus sofrimentos<\/em>\u201d.<\/p>\n<p><img loading=\"lazy\" decoding=\"async\" class=\"aligncenter wp-image-9944 size-full\" src=\"https:\/\/www.pliniocorreadeoliveira.info\/wp-content\/uploads\/2023\/08\/Fatima-fontes-milagrosas.jpg\" sizes=\"(max-width: 560px) 100vw, 560px\" srcset=\"https:\/\/www.pliniocorreadeoliveira.info\/wp-content\/uploads\/2023\/08\/Fatima-fontes-milagrosas.jpg 560w, https:\/\/www.pliniocorreadeoliveira.info\/wp-content\/uploads\/2023\/08\/Fatima-fontes-milagrosas-196x300.jpg 196w\" width=\"560\" height=\"859\"><\/p>\n<p>N\u00e3o tem conta os casos de curas maravilhosas atribu\u00eddos \u00e0 \u00e1gua da fonte miraculosa de F\u00e1tima.<\/p>\n<p>Correndo os olhos pela sec\u00e7\u00e3o de gra\u00e7as, registradas no \u00faltimo n\u00famero da \u201c<strong><em>VOZ DA F\u00c1TIMA<\/em><\/strong>\u201d que temos a m\u00e3o, \u00e9 f\u00e1cil constatar que, em quase todas elas, a interven\u00e7\u00e3o sobrenatural opera-se, \u00e0s mais das v\u00eazes, mediante a aplica\u00e7\u00e3o ou uso da \u00e1gua miraculosa.<\/p>\n<p>Sejam exemplo as seguintes, que oferecemos, resumidas, aos nossos am\u00e1veis leitores:<\/p>\n<p>\u2013 \u201cO meu estado era grav\u00edssimo; recebidos os \u00faltimos sacramentos, s\u00f3 me restava a morte. Tomei, com a mais viva f\u00e9, \u00e1gua maravilhosa de Nossa Senhora de F\u00e1tima que uma piedosa senhora me forneceu. A primeira colher ingerida senti um grande alivio. Seguiu uma novena \u00e0 Nossa Senhora de F\u00e1tima. Terminada esta, estava completamente boa. O meu reconhecimento para com Nossa Senhora ser\u00e1 eterno\u201d. Arminda dos Anjos.<\/p>\n<p>\u2013 \u201cHavia j\u00e1 12 anos que sofria fortes dores no est\u00f3mago e intestinos. Fiz, com a maior devo\u00e7\u00e3o que me foi poss\u00edvel, uma novena a Nossa Senhora de F\u00e1tima e bebi tr\u00eas dias sua milagrosa \u00e1gua, encontrando logo r\u00e1pidas melhoras, sem nunca mais aparecer as c\u00f3licas.<\/p>\n<p>Agrade\u00e7o de todo o meu cora\u00e7\u00e3o \u00e0 Nossa Senhora de F\u00e1tima, t\u00e3o grande gra\u00e7a.\u201d Fernanda Franco.<\/p>\n<p>\u2013 \u201cSofria horrivelmente\u2026 Consultei alguns especialistas\u2026 Tudo in\u00fatil\u2026 at\u00e9 que me lembrei de fazer uma novena \u00e0 Nossa Senhora de F\u00e1tima, aplicando algumas gotas da sua milagrosa \u00e1gua todos os dias da novena, finda a qual, me encontrei radicalmente curada\u2026 Gra\u00e7as infinitas sejam dadas \u00e0 SS. M\u00e3e de Deus\u201d. Evandra C. Ferreira.<\/p>\n<p>\u2013 \u201cAdelino Pinto, jovem de 22 anos, enlouquecera\u2026 Uma piedosa pessoa aconselha a pobre m\u00e3e a que fizesse uma novena, dando-lhe uma medalha para colocar no pesco\u00e7o do filho, uma poucochinha de \u00e1gua de F\u00e1tima e uma estampazinha de Nossa Senhora de F\u00e1tima que ele, no meio da sua loucura, beijava. Passado um m\u00eas, recuperou a raz\u00e3o e at\u00e9 hoje est\u00e1 em perfeito estado\u201d.<\/p>\n<p>\u2013 \u201cAngelina Cabral Rosa agradece \u00e0 Nossa Senhora de F\u00e1tima a cicatriza\u00e7\u00e3o de cinco feridas\u2026 resultado obtido depois de aplicar \u00e0s feridas \u00e1gua de F\u00e1tima\u201d.<\/p>\n<p>*&nbsp;&nbsp; *&nbsp;&nbsp; *<\/p>\n<p>\u00d3 amada Rainha e excelsa Senhora do Ros\u00e1rio de F\u00e1tima!<\/p>\n<p>Esta fonte milagrosa que v\u00f3s fizestes brotar um dia ao p\u00e9 da azinheira sagrada, s\u00edmbolo expressivo \u00e9 do vosso Cora\u00e7\u00e3o Materno manifestado ali, em F\u00e1tima, como penhor seguro de paz e salva\u00e7\u00e3o para a humanidade.<\/p>\n<p>Fonte de vida \u00e9 o vosso Cora\u00e7\u00e3o Imaculado, \u00f3 Senhora, porque dele nasceu para n\u00f3s Aquele que \u00e9 nosso caminho, verdade e vida, Jesus Cristo.<\/p>\n<p>Fonte aberta sois V\u00f3s, \u00f3 bendit\u00edssima Virgem, da qual fluem os rios de vossas gra\u00e7as e liberalidades.<\/p>\n<p>Fonte sempre aberta para os justos pelos efl\u00favios da vossa caridade; e para os pecadores arrependidos, pelas \u00e1guas de vossa compaix\u00e3o e miseric\u00f3rdia.<\/p>\n<p>V\u00f3s sois aquela fonte de que nos fala o G\u00eanesis, 2, 6, pois assim como aquela era abismo de muitas \u00e1guas, da qual nasciam outras fontes, assim V\u00f3s sois abismo de muitas gra\u00e7as para todos os que Vos invocam.<\/p>\n<p>Sois ainda, \u00f3 Virgem benigna, a fonte selada apregoada no C\u00e2ntico dos C\u00e2nticos, 4, 12, onde esteve por nove meses oculta a Humanidade sant\u00edssima do Filho de Deus.<\/p>\n<p>V\u00f3s sois aquela fonte de Silo\u00e9 cujas \u00e1guas correm silenciosas e por intervalos, a maneira como correm vossos favores, consoante a vossa vontade.<\/p>\n<p>Salve Maria, fonte de gra\u00e7a, de piedade e de miseric\u00f3rdia; manancial inexaur\u00edvel de do\u00e7ura e de clem\u00eancia.<\/p>\n<p>Fazei-nos ouvir aquelas doces palavras que um dia proferiu vosso Filho:&nbsp;<em>Vinde a mim, todos os que tendes s\u00eade, Eu sou a fonte de \u00e1guas vivas que jorram para a vida eterna<\/em>.<\/p>\n<p>Afastai-nos dessas \u00e1guas lodosas do pecado, que se precipitam no abismo e guiai-nos para essas outras que desalteram e acalmam, que curam e ressuscitam.<\/p>\n<p>E regai com as \u00e1guas puras e cristalinas de vossa gra\u00e7a a terra seca e \u00e1rida de nossos cora\u00e7\u00f5es; lavai as manchas de nossa alma, a fim de sermos dignos de seguir nessa nossa peregrina\u00e7\u00e3o e depois possuirmos por t\u00f4da a eternidade, o vosso amado Filho. Fonte viva e indefect\u00edvel de todo bem.<\/p>\n<p>Deixai que n\u00f3s vos proclamemos com vosso amado servo S\u00e3o Metodio:<\/p>\n<p><em>FONS PROPICIATIONIS FILII ERGA GENUS HUMANUM<\/em>&nbsp;\u2013 Fonte de propicia\u00e7\u00e3o de Jesus Cristo para com o g\u00e9nero humano, rogai por n\u00f3s.<\/p>\n<p><img loading=\"lazy\" decoding=\"async\" class=\"aligncenter wp-image-9945 size-full\" src=\"https:\/\/www.pliniocorreadeoliveira.info\/wp-content\/uploads\/2023\/08\/Fatima-fontes-milagrosas-01.jpg\" sizes=\"(max-width: 651px) 100vw, 651px\" srcset=\"https:\/\/www.pliniocorreadeoliveira.info\/wp-content\/uploads\/2023\/08\/Fatima-fontes-milagrosas-01.jpg 651w, https:\/\/www.pliniocorreadeoliveira.info\/wp-content\/uploads\/2023\/08\/Fatima-fontes-milagrosas-01-211x300.jpg 211w\" width=\"651\" height=\"925\"><\/p>\n<p><\/p>\n<h2><strong><em>Para ver mais fotos antigas do Santu\u00e1rio de F\u00e1tima, clique em<\/em><\/strong><\/h2>\n<p><strong><em><a href=\"https:\/\/restosdecoleccao.blogspot.it\/2013\/05\/santuario-de-fatima.html\">https:\/\/restosdecoleccao.blogspot.it\/2013\/05\/santuario-de-fatima.html<\/a><\/em><\/strong><\/p>\n<p><\/p>\n<p><img loading=\"lazy\" decoding=\"async\" class=\"aligncenter wp-image-9946 \" src=\"https:\/\/www.pliniocorreadeoliveira.info\/wp-content\/uploads\/2023\/08\/Fatima-Fontes-milagrosas-13-05-1946-Cardeal-Masella.jpg\" sizes=\"(max-width: 780px) 100vw, 780px\" srcset=\"https:\/\/www.pliniocorreadeoliveira.info\/wp-content\/uploads\/2023\/08\/Fatima-Fontes-milagrosas-13-05-1946-Cardeal-Masella.jpg 718w, https:\/\/www.pliniocorreadeoliveira.info\/wp-content\/uploads\/2023\/08\/Fatima-Fontes-milagrosas-13-05-1946-Cardeal-Masella-300x274.jpg 300w\" width=\"780\" height=\"712\"><\/p>\n<p><\/p>\n<p><strong>Recomenda-se tamb\u00e9m vivamente a mat\u00e9ria de \u201cCatolicismo\u201d<\/strong>&nbsp;de maio de 2021, intitulada \u201c<a href=\"https:\/\/catolicismo.com.br\/Acervo\/Num\/0845\/P01.html\"><strong><em>F\u00e1tima, a Lourdes portuguesa<\/em><\/strong><\/a>\u201c: A fonte de \u00e1guas milagrosas da Cova da Iria operou numerosas curas f\u00edsicas e espirituais, mas hoje nem se fala mais delas. Por qu\u00ea? A quem interessa ocultar tantos milagres?<\/p>\n<\/div>\n<\/div>\t\t\t\t\t\t<\/div>\n\t\t\t\t<\/div>\n\t\t\t\t\t<\/div>\n\t\t<\/div>\n\t\t\t\t\t<\/div>\n\t\t<\/section>\n\t\t\t\t<\/div>\n\t\t","protected":false},"excerpt":{"rendered":"<p>Santu\u00e1rio de F\u00e1tima como se v\u00ea atualmente: \u00e0 esquerda, a Capelinha das Apari\u00e7\u00f5es; \u00e0 direita, a coluna com a imagem do Sagrado Cora\u00e7\u00e3o de Jesus, na base da qual existem algumas torneiras para se levar \u00e1gua (foto de Miguel Angel Gutierrez) Da obra \u201cNovos esplendores de F\u00e1tima\u201d,&nbsp;de autoria do&nbsp;Padre&nbsp;Valentim Armas C.M.F., Editora \u201cAve Maria\u201d, 1944, S\u00e3o Paulo, p\u00e1gs. 209-212, recomenadada pelo Prof. Plinio Corr\u00eaa de Oliveira, em artigo no \u201cLegion\u00e1rio\u201d de 8 de abril de 1945, intitulado \u201cLivros versus canh\u00f4es\u201d (\u201ccuja leitura \u00e9 da mais absoluta necessidade para o mundo contempor\u00e2neo\u201d). Nas apari\u00e7\u00f5es de F\u00e1tima n\u00e3o brotou \u00e1gua, como em&#8230;<\/p>\n","protected":false},"author":1,"featured_media":0,"comment_status":"open","ping_status":"open","sticky":false,"template":"","format":"standard","meta":{"jetpack_post_was_ever_published":false,"_jetpack_newsletter_access":"","_jetpack_dont_email_post_to_subs":false,"_jetpack_newsletter_tier_id":0,"footnotes":""},"categories":[1],"tags":[],"jetpack_sharing_enabled":true,"jetpack_featured_media_url":"","_links":{"self":[{"href":"https:\/\/ligadosantorosario.com\/index.php?rest_route=\/wp\/v2\/posts\/1759"}],"collection":[{"href":"https:\/\/ligadosantorosario.com\/index.php?rest_route=\/wp\/v2\/posts"}],"about":[{"href":"https:\/\/ligadosantorosario.com\/index.php?rest_route=\/wp\/v2\/types\/post"}],"author":[{"embeddable":true,"href":"https:\/\/ligadosantorosario.com\/index.php?rest_route=\/wp\/v2\/users\/1"}],"replies":[{"embeddable":true,"href":"https:\/\/ligadosantorosario.com\/index.php?rest_route=%2Fwp%2Fv2%2Fcomments&post=1759"}],"version-history":[{"count":4,"href":"https:\/\/ligadosantorosario.com\/index.php?rest_route=\/wp\/v2\/posts\/1759\/revisions"}],"predecessor-version":[{"id":1763,"href":"https:\/\/ligadosantorosario.com\/index.php?rest_route=\/wp\/v2\/posts\/1759\/revisions\/1763"}],"wp:attachment":[{"href":"https:\/\/ligadosantorosario.com\/index.php?rest_route=%2Fwp%2Fv2%2Fmedia&parent=1759"}],"wp:term":[{"taxonomy":"category","embeddable":true,"href":"https:\/\/ligadosantorosario.com\/index.php?rest_route=%2Fwp%2Fv2%2Fcategories&post=1759"},{"taxonomy":"post_tag","embeddable":true,"href":"https:\/\/ligadosantorosario.com\/index.php?rest_route=%2Fwp%2Fv2%2Ftags&post=1759"}],"curies":[{"name":"wp","href":"https:\/\/api.w.org\/{rel}","templated":true}]}}