{"id":1774,"date":"2023-09-08T18:22:44","date_gmt":"2023-09-08T18:22:44","guid":{"rendered":"https:\/\/ligadosantorosario.com\/?p=1774"},"modified":"2023-09-08T18:46:35","modified_gmt":"2023-09-08T18:46:35","slug":"verdades-esquecidas-aparentando-amar-e-defender-a-igreja-empenham-se-em-perverter-lhe-a-doutrina","status":"publish","type":"post","link":"https:\/\/ligadosantorosario.com\/?p=1774","title":{"rendered":"Verdades Esquecidas: Aparentando amar e defender a Igreja, empenham-se em perverter-Lhe a doutrina"},"content":{"rendered":"\t\t<div data-elementor-type=\"wp-post\" data-elementor-id=\"1774\" class=\"elementor elementor-1774\" data-elementor-post-type=\"post\">\n\t\t\t\t\t\t<section class=\"elementor-section elementor-top-section elementor-element elementor-element-eb4a37f elementor-section-boxed elementor-section-height-default elementor-section-height-default\" data-id=\"eb4a37f\" data-element_type=\"section\">\n\t\t\t\t\t\t<div class=\"elementor-container elementor-column-gap-default\">\n\t\t\t\t\t<div class=\"elementor-column elementor-col-100 elementor-top-column elementor-element elementor-element-aef2dd4\" data-id=\"aef2dd4\" data-element_type=\"column\">\n\t\t\t<div class=\"elementor-widget-wrap elementor-element-populated\">\n\t\t\t\t\t\t<div class=\"elementor-element elementor-element-4d49579 elementor-widget elementor-widget-text-editor\" data-id=\"4d49579\" data-element_type=\"widget\" data-widget_type=\"text-editor.default\">\n\t\t\t\t<div class=\"elementor-widget-container\">\n\t\t\t<style>\/*! elementor - v3.23.0 - 05-08-2024 *\/\n.elementor-widget-text-editor.elementor-drop-cap-view-stacked .elementor-drop-cap{background-color:#69727d;color:#fff}.elementor-widget-text-editor.elementor-drop-cap-view-framed .elementor-drop-cap{color:#69727d;border:3px solid;background-color:transparent}.elementor-widget-text-editor:not(.elementor-drop-cap-view-default) .elementor-drop-cap{margin-top:8px}.elementor-widget-text-editor:not(.elementor-drop-cap-view-default) .elementor-drop-cap-letter{width:1em;height:1em}.elementor-widget-text-editor .elementor-drop-cap{float:left;text-align:center;line-height:1;font-size:50px}.elementor-widget-text-editor .elementor-drop-cap-letter{display:inline-block}<\/style>\t\t\t\t<p>Da carta \u201cQuo Durior\u201d de Pio IX, ao Senador de Cannart d\u2019Hamale e a toda a Federa\u00e7\u00e3o dos C\u00edrculos Cat\u00f3licos da B\u00e9lgica, de 8 de maio de 1873:<\/p><p>\u201cCom o fim de n\u00e3o somente fazer malograr esses esfor\u00e7os da impiedade, mas tamb\u00e9m de ligar a N\u00f3s os fi\u00e9is por la\u00e7os constantemente mais estreitos, v\u00f3s colocais em comum vossas luzes, vossas for\u00e7as, vossos recursos. O que mais louvamos nessa empresa cheia de piedade \u00e9 que estais, segundo Nos informam, repletos de avers\u00e3o pelos princ\u00edpios cat\u00f3lico-liberais, que vos esfor\u00e7ais por apagar das intelig\u00eancias tanto quanto est\u00e1 em vosso poder.<\/p><p>\u201cOs que est\u00e3o imbu\u00eddos desses princ\u00edpios podem fazer profiss\u00e3o de amor e respeito \u00e0 Igreja e aparentar que empregam em sua defesa os pr\u00f3prios talentos e trabalhos; entretanto, est\u00e3o empenhados em perverter-Lhe a doutrina e o esp\u00edrito, tendendo, segundo as disposi\u00e7\u00f5es de cada um, ao servilismo quer para com Cesar, quer para com os promotores dos direitos de uma falsa liberdade. Pensam que \u00e9 absolutamente necess\u00e1rio seguir este caminho para suprimir as causas de conflitos, conciliar o Evangelho com o progresso da sociedade atual e restabelecer a ordem e a tranq\u00fcilidade, como se a luz pudesse unir-se \u00e0s trevas e a verdade n\u00e3o fosse privada de sua natureza quando, ao ser curvada pela viol\u00eancia, se v\u00ea despojada de seu vigor natural.<\/p><p>\u201cEste erro insidioso \u00e9 mais perigoso que uma hostilidade aberta, visto que se recobre com o capcioso v\u00e9u do zelo e da caridade; esfor\u00e7ando-vos por combat\u00ea-lo e empregando um cuidado ass\u00edduo em afastar dele os simples, \u00e9 que extirpareis a raiz fatal das disc\u00f3rdias e trabalhareis eficazmente em proporcionar e manter a estreita uni\u00e3o dos esp\u00edritos\u201d (\u201cCatolicismo\u201d, n\u00ba 109, janeiro de 1960).<\/p>\t\t\t\t\t\t<\/div>\n\t\t\t\t<\/div>\n\t\t\t\t\t<\/div>\n\t\t<\/div>\n\t\t\t\t\t<\/div>\n\t\t<\/section>\n\t\t\t\t<\/div>\n\t\t","protected":false},"excerpt":{"rendered":"<p>Da carta \u201cQuo Durior\u201d de Pio IX, ao Senador de Cannart d\u2019Hamale e a toda a Federa\u00e7\u00e3o dos C\u00edrculos Cat\u00f3licos da B\u00e9lgica, de 8 de maio de 1873: \u201cCom o fim de n\u00e3o somente fazer malograr esses esfor\u00e7os da impiedade, mas tamb\u00e9m de ligar a N\u00f3s os fi\u00e9is por la\u00e7os constantemente mais estreitos, v\u00f3s colocais em comum vossas luzes, vossas for\u00e7as, vossos recursos. O que mais louvamos nessa empresa cheia de piedade \u00e9 que estais, segundo Nos informam, repletos de avers\u00e3o pelos princ\u00edpios cat\u00f3lico-liberais, que vos esfor\u00e7ais por apagar das intelig\u00eancias tanto quanto est\u00e1 em vosso poder. \u201cOs que est\u00e3o&#8230;<\/p>\n","protected":false},"author":1,"featured_media":0,"comment_status":"open","ping_status":"open","sticky":false,"template":"","format":"standard","meta":{"jetpack_post_was_ever_published":false,"_jetpack_newsletter_access":"","_jetpack_dont_email_post_to_subs":false,"_jetpack_newsletter_tier_id":0,"footnotes":""},"categories":[8],"tags":[],"jetpack_sharing_enabled":true,"jetpack_featured_media_url":"","_links":{"self":[{"href":"https:\/\/ligadosantorosario.com\/index.php?rest_route=\/wp\/v2\/posts\/1774"}],"collection":[{"href":"https:\/\/ligadosantorosario.com\/index.php?rest_route=\/wp\/v2\/posts"}],"about":[{"href":"https:\/\/ligadosantorosario.com\/index.php?rest_route=\/wp\/v2\/types\/post"}],"author":[{"embeddable":true,"href":"https:\/\/ligadosantorosario.com\/index.php?rest_route=\/wp\/v2\/users\/1"}],"replies":[{"embeddable":true,"href":"https:\/\/ligadosantorosario.com\/index.php?rest_route=%2Fwp%2Fv2%2Fcomments&post=1774"}],"version-history":[{"count":7,"href":"https:\/\/ligadosantorosario.com\/index.php?rest_route=\/wp\/v2\/posts\/1774\/revisions"}],"predecessor-version":[{"id":1800,"href":"https:\/\/ligadosantorosario.com\/index.php?rest_route=\/wp\/v2\/posts\/1774\/revisions\/1800"}],"wp:attachment":[{"href":"https:\/\/ligadosantorosario.com\/index.php?rest_route=%2Fwp%2Fv2%2Fmedia&parent=1774"}],"wp:term":[{"taxonomy":"category","embeddable":true,"href":"https:\/\/ligadosantorosario.com\/index.php?rest_route=%2Fwp%2Fv2%2Fcategories&post=1774"},{"taxonomy":"post_tag","embeddable":true,"href":"https:\/\/ligadosantorosario.com\/index.php?rest_route=%2Fwp%2Fv2%2Ftags&post=1774"}],"curies":[{"name":"wp","href":"https:\/\/api.w.org\/{rel}","templated":true}]}}