{"id":1801,"date":"2023-09-08T18:47:39","date_gmt":"2023-09-08T18:47:39","guid":{"rendered":"https:\/\/ligadosantorosario.com\/?p=1801"},"modified":"2023-09-08T18:48:34","modified_gmt":"2023-09-08T18:48:34","slug":"verdades-esquecidas-o-que-merece-mais-apreco-os-milagres-ou-a-grandeza-da-doutrina-sao-tomas-de-aquino","status":"publish","type":"post","link":"https:\/\/ligadosantorosario.com\/?p=1801","title":{"rendered":"Verdades Esquecidas \u2013 O que merece mais apre\u00e7o: os milagres ou a grandeza da doutrina? (S\u00e3o Tom\u00e1s de Aquino)"},"content":{"rendered":"\t\t<div data-elementor-type=\"wp-post\" data-elementor-id=\"1801\" class=\"elementor elementor-1801\" data-elementor-post-type=\"post\">\n\t\t\t\t\t\t<section class=\"elementor-section elementor-top-section elementor-element elementor-element-af48d66 elementor-section-boxed elementor-section-height-default elementor-section-height-default\" data-id=\"af48d66\" data-element_type=\"section\">\n\t\t\t\t\t\t<div class=\"elementor-container elementor-column-gap-default\">\n\t\t\t\t\t<div class=\"elementor-column elementor-col-100 elementor-top-column elementor-element elementor-element-661caf1\" data-id=\"661caf1\" data-element_type=\"column\">\n\t\t\t<div class=\"elementor-widget-wrap elementor-element-populated\">\n\t\t\t\t\t\t<div class=\"elementor-element elementor-element-4290e92 elementor-widget elementor-widget-text-editor\" data-id=\"4290e92\" data-element_type=\"widget\" data-widget_type=\"text-editor.default\">\n\t\t\t\t<div class=\"elementor-widget-container\">\n\t\t\t<style>\/*! elementor - v3.23.0 - 05-08-2024 *\/\n.elementor-widget-text-editor.elementor-drop-cap-view-stacked .elementor-drop-cap{background-color:#69727d;color:#fff}.elementor-widget-text-editor.elementor-drop-cap-view-framed .elementor-drop-cap{color:#69727d;border:3px solid;background-color:transparent}.elementor-widget-text-editor:not(.elementor-drop-cap-view-default) .elementor-drop-cap{margin-top:8px}.elementor-widget-text-editor:not(.elementor-drop-cap-view-default) .elementor-drop-cap-letter{width:1em;height:1em}.elementor-widget-text-editor .elementor-drop-cap{float:left;text-align:center;line-height:1;font-size:50px}.elementor-widget-text-editor .elementor-drop-cap-letter{display:inline-block}<\/style>\t\t\t\t<p><strong>\u201cOs milagres n\u00e3o foram operados em favor dos fi\u00e9is, mas dos infi\u00e9is\u201d (S\u00e3o Paulo).<\/strong><\/p><p><strong>\u201cEram mais s\u00e1bios aqueles que, segundo S\u00e3o Mateus, admiravam sobretudo a grandeza de sua doutrina.\u201d<\/strong><\/p><p><img fetchpriority=\"high\" decoding=\"async\" class=\"aligncenter wp-image-10649 size-full\" src=\"https:\/\/www.pliniocorreadeoliveira.info\/wp-content\/uploads\/2023\/09\/Milagre-da-multiplicacao-dos-paes.jpg\" sizes=\"(max-width: 981px) 100vw, 981px\" srcset=\"https:\/\/www.pliniocorreadeoliveira.info\/wp-content\/uploads\/2023\/09\/Milagre-da-multiplicacao-dos-paes.jpg 981w, https:\/\/www.pliniocorreadeoliveira.info\/wp-content\/uploads\/2023\/09\/Milagre-da-multiplicacao-dos-paes-300x254.jpg 300w, https:\/\/www.pliniocorreadeoliveira.info\/wp-content\/uploads\/2023\/09\/Milagre-da-multiplicacao-dos-paes-768x651.jpg 768w\" width=\"981\" height=\"831\" \/><\/p><p><strong>Evangelho de S\u00e3o Jo\u00e3o<\/strong>\u00a0(6, 1-11):<strong>\u00a0<\/strong><\/p><p>\u201cPassou Jesus \u00e0 outra banda do mar da Galileia, que \u00e9 o de Tiber\u00edades. Seguia-O grande multid\u00e3o de gente, porque viam os milagres que fazia sobre os que se achavam doentes.<\/p><p>\u201cSubiu, pois, Jesus a um monte e ali se sentou com seus disc\u00edpulos. E estava pr\u00f3xima a P\u00e1scoa, dia da festa dos judeus.\u00a0<strong>Jesus<\/strong>, levantando os olhos e vendo a grand\u00edssima multid\u00e3o de povo que O seguia,\u00a0<strong>disse a Felipe:<\/strong>\u00a0<strong>onde compraremos p\u00e3o a fim de que estes tenham de que comer?<\/strong>\u00a0Mas Ele assim falava para o experimentar, porque sabia o que havia de fazer. Respondeu-lhe Felipe: duzentos dinheiros de p\u00e3o n\u00e3o lhes bastam, para que cada um receba um pequeno bocado. Um dos seus disc\u00edpulos, chamado Andr\u00e9, irm\u00e3o de Sim\u00e3o Pedro, disse-Lhe: Aqui est\u00e1 um jovem que tem\u00a0<strong>cinco p\u00e3es de cevada e dois peixes<\/strong>; mas que \u00e9 isto para repartir entre tanta gente? Ent\u00e3o, disse Jesus: Fazei assentar essa gente. E havia muito feno naquele lugar. E se sentaram, para comer,\u00a0<strong>cerca de cinco mil homens<\/strong>.\u00a0<strong>Tomou, pois, Jesus os p\u00e3es, e tendo dado gra\u00e7as, distribuiu-os<\/strong>\u00a0aos que estavam sentados. E assim tamb\u00e9m com os peixes, dando-lhes quanto quiseram\u201d.<\/p><p><strong>Coment\u00e1rios extra\u00eddos da\u00a0<em>Catena Aurea<\/em>, de Santo Tom\u00e1s de Aquino<\/strong><\/p><p>Este mar (da Galileia) toma diferentes nomes conforme os diversos lugares pelos quais se estende. E quanto ao lugar presente, chama-se\u00a0<strong>mar da Galileia<\/strong>, pela prov\u00edncia, e de\u00a0<strong>Tiber\u00edades<\/strong>, pela cidade.<\/p><p>Diz-se\u00a0<strong>mar, n\u00e3o porque a \u00e1gua seja salgada, mas acomodando-se ao costume hebreu, que denominava mar todas as grandes reuni\u00f5es de \u00e1gua<\/strong>.<\/p><p>Este mar, Nosso Senhor Jesus Cristo o transp\u00f4s v\u00e1rias vezes para difundir sua doutrina entre todos os povos que habitavam junto a ele.<\/p><p><strong>Milagres corporais e regenera\u00e7\u00e3o do esp\u00edrito<\/strong><\/p><p>Passou de povoado a povoado, a fim de provar a vontade dos homens e para torn\u00e1-los mais \u00e1vidos e sol\u00edcitos na F\u00e9. Dava vista aos cegos e fazia outras coisas semelhantes.<\/p><p>Mas h\u00e1 de ter-se em conta que,\u00a0<strong>a todos os que sarava quanto ao corpo, os regenerava no esp\u00edrito<\/strong>.<\/p><p>Contudo,\u00a0<strong>degustando t\u00e3o alta doutrina, s\u00f3 retinham na mem\u00f3ria os milagres, porque seus entendimentos estavam obscurecidos<\/strong>, pois, como\u00a0<strong>diz S\u00e3o Paulo, os milagres n\u00e3o foram operados em favor dos fi\u00e9is, mas dos infi\u00e9is<\/strong>. Eram, ent\u00e3o,\u00a0<strong>mais s\u00e1bios aqueles que, segundo S\u00e3o Mateus, admiravam sobretudo a grandeza de sua doutrina<\/strong>.<\/p><p>Subiu ao monte por causa do milagre que pretendia realizar. Mas tamb\u00e9m para\u00a0<strong>nos ensinar a aquietar o \u00e2nimo, fugindo do tumulto e da agita\u00e7\u00e3o das coisas mundanas<\/strong>; porque a\u00a0<strong>solid\u00e3o vem muito a prop\u00f3sito para a contempla\u00e7\u00e3o<\/strong>\u00a0(ou para o conhecimento das verdades sublimes e a medita\u00e7\u00e3o das coisas divinas).<\/p><p>Prossegue: \u201cE tendo Jesus levantado os olhos\u201d, para que conhe\u00e7amos que n\u00e3o estava simplesmente sentado com seus disc\u00edpulos; falava-lhes alguma coisa com cuidado e os atra\u00eda para si. Depois, olhando longe, viu a multid\u00e3o que se acercava.<\/p><p><strong>Nos milagres operados pelo Redentor, poder criador ilimitado<\/strong><\/p><p><strong>Com que fim perguntou a Felipe onde comprar p\u00e3o?<\/strong>\u00a0Nosso Senhor sabia que\u00a0<strong>os disc\u00edpulos<\/strong>, na verdade,\u00a0<strong>necessitavam de mais amplos conhecimentos, como sucedia com Felipe<\/strong>, o qual logo depois iria dizer \u201cd\u00e1-nos a conhecer ao Pai, e com isto teremos bastante\u201d.\u00a0<strong>Por esta raz\u00e3o o instrui antes da multiplica\u00e7\u00e3o dos p\u00e3es<\/strong>, e, antes do acontecimento,\u00a0<strong>o obriga a confessar a car\u00eancia de p\u00e3o, para que conhe\u00e7a melhor a magnitude do milagre<\/strong>.\u00a0<strong>Porque, se tivesse conhecido claramente que Aquele era o Criador, n\u00e3o teria duvidado da extens\u00e3o de seu poder<\/strong>. E Nosso Senhor viu que Andr\u00e9 era parecido a Felipe, embora seu pensamento se elevasse um pouco mais. Havia ouvido falar do milagre que Eliseu fez: alimentou cem homens com vinte p\u00e3es de cevada. Elevou-se mentalmente a algo mais alto, mas n\u00e3o p\u00f4de chegar ao auge, como manifesta sua conclus\u00e3o: \u201cmas que \u00e9 isto para tanta gente?\u201d Acreditava, portanto, que de poucos havia de fazer poucos e de muitos, muitos, Aquele que fazia milagres. Mas isto n\u00e3o era verdade.\u00a0<strong>Do mesmo modo lhe era f\u00e1cil alimentar a multid\u00e3o, fosse de pouco ou de muito, porque Ele n\u00e3o necessitava de uma mat\u00e9ria limitada. Utilizava as coisas criadas nos milagres para que n\u00e3o viessem a julgar que as criaturas lhe eram estranhas<\/strong>.<\/p><p><strong>Antes das refei\u00e7\u00f5es: ora\u00e7\u00e3o e a\u00e7\u00e3o de gra\u00e7as<\/strong><\/p><p>Por que n\u00e3o ora quando vai curar o paral\u00edtico, nem quando ressuscita os mortos ou quando acalma a tempestade do mar, e aqui ora e d\u00e1 gra\u00e7as?<\/p><p><strong>Para manifestar que aqueles que come\u00e7am a comer devem dar gra\u00e7as a Deus.<\/strong><\/p><p>E\u00a0<strong>tamb\u00e9m por outra raz\u00e3o<\/strong>.\u00a0<strong>Ora nas coisas pequenas para que se veja que o faz n\u00e3o por necessidade<\/strong>. Se necessitasse orar, faria isto com muito mais raz\u00e3o nos milagres de maior import\u00e2ncia. Mas, como os fazia com autoridade pr\u00f3pria, d\u00e1 a entender que aqui ora para acomodar-se ao nosso modo de ser. E ademais,\u00a0<strong>como havia muita gente, convinha ensinar-lhes que isto sucedia por vontade de Deus<\/strong>, e para que n\u00e3o cressem, como alguns o acusavam, que era inimigo de Deus.<\/p><p><strong>Nota:<\/strong>\u00a0Santo Tom\u00e1s de Aquino \u2014 Catena Aurea, exposici\u00f3n de los cuatro evangelios \u2014 vol.\u00a0V: San Juan \u2014 Cursos de cultura cat\u00f3lica, Buenos Aires, 1946. Os intert\u00edtulos s\u00e3o da reda\u00e7\u00e3o de\u00a0<strong><em>Catolicismo<\/em><\/strong>, Novembro de 1996.<\/p>\t\t\t\t\t\t<\/div>\n\t\t\t\t<\/div>\n\t\t\t\t\t<\/div>\n\t\t<\/div>\n\t\t\t\t\t<\/div>\n\t\t<\/section>\n\t\t\t\t<\/div>\n\t\t","protected":false},"excerpt":{"rendered":"<p>\u201cOs milagres n\u00e3o foram operados em favor dos fi\u00e9is, mas dos infi\u00e9is\u201d (S\u00e3o Paulo). \u201cEram mais s\u00e1bios aqueles que, segundo S\u00e3o Mateus, admiravam sobretudo a grandeza de sua doutrina.\u201d Evangelho de S\u00e3o Jo\u00e3o\u00a0(6, 1-11):\u00a0 \u201cPassou Jesus \u00e0 outra banda do mar da Galileia, que \u00e9 o de Tiber\u00edades. Seguia-O grande multid\u00e3o de gente, porque viam os milagres que fazia sobre os que se achavam doentes. \u201cSubiu, pois, Jesus a um monte e ali se sentou com seus disc\u00edpulos. E estava pr\u00f3xima a P\u00e1scoa, dia da festa dos judeus.\u00a0Jesus, levantando os olhos e vendo a grand\u00edssima multid\u00e3o de povo que O&#8230;<\/p>\n","protected":false},"author":1,"featured_media":0,"comment_status":"open","ping_status":"open","sticky":false,"template":"","format":"standard","meta":{"jetpack_post_was_ever_published":false,"_jetpack_newsletter_access":"","_jetpack_dont_email_post_to_subs":false,"_jetpack_newsletter_tier_id":0,"footnotes":""},"categories":[8],"tags":[],"jetpack_sharing_enabled":true,"jetpack_featured_media_url":"","_links":{"self":[{"href":"https:\/\/ligadosantorosario.com\/index.php?rest_route=\/wp\/v2\/posts\/1801"}],"collection":[{"href":"https:\/\/ligadosantorosario.com\/index.php?rest_route=\/wp\/v2\/posts"}],"about":[{"href":"https:\/\/ligadosantorosario.com\/index.php?rest_route=\/wp\/v2\/types\/post"}],"author":[{"embeddable":true,"href":"https:\/\/ligadosantorosario.com\/index.php?rest_route=\/wp\/v2\/users\/1"}],"replies":[{"embeddable":true,"href":"https:\/\/ligadosantorosario.com\/index.php?rest_route=%2Fwp%2Fv2%2Fcomments&post=1801"}],"version-history":[{"count":4,"href":"https:\/\/ligadosantorosario.com\/index.php?rest_route=\/wp\/v2\/posts\/1801\/revisions"}],"predecessor-version":[{"id":1805,"href":"https:\/\/ligadosantorosario.com\/index.php?rest_route=\/wp\/v2\/posts\/1801\/revisions\/1805"}],"wp:attachment":[{"href":"https:\/\/ligadosantorosario.com\/index.php?rest_route=%2Fwp%2Fv2%2Fmedia&parent=1801"}],"wp:term":[{"taxonomy":"category","embeddable":true,"href":"https:\/\/ligadosantorosario.com\/index.php?rest_route=%2Fwp%2Fv2%2Fcategories&post=1801"},{"taxonomy":"post_tag","embeddable":true,"href":"https:\/\/ligadosantorosario.com\/index.php?rest_route=%2Fwp%2Fv2%2Ftags&post=1801"}],"curies":[{"name":"wp","href":"https:\/\/api.w.org\/{rel}","templated":true}]}}