{"id":1850,"date":"2023-09-21T11:52:00","date_gmt":"2023-09-21T11:52:00","guid":{"rendered":"https:\/\/ligadosantorosario.com\/?p=1850"},"modified":"2023-09-21T11:57:04","modified_gmt":"2023-09-21T11:57:04","slug":"perdoar-as-ofensas-nao-importa-em-cessar-a-luta","status":"publish","type":"post","link":"https:\/\/ligadosantorosario.com\/?p=1850","title":{"rendered":"Perdoar as ofensas n\u00e3o importa em cessar a luta"},"content":{"rendered":"\n<figure class=\"wp-block-image\"><img decoding=\"async\" src=\"https:\/\/www.pliniocorreadeoliveira.info\/FR%20La%20Grande%20Chartreuse.jpg\" alt=\"\"\/><\/figure>\n\n\n\n<p><strong><em>Vista geral da Grande Cartuxa (Fran\u00e7a)<\/em><\/strong><\/p>\n\n\n\n<p><\/p>\n\n\n\n<p>DECRETADA pelo governo franc\u00eas a expuls\u00e3o dos Religiosos, em 1903 chegou a vez dos Cartuxos. O R. P. Michel Baglin, Prior da Grande Cartuxa e Geral da Ordem, escreveu ent\u00e3o a Emile Combes, Presidente do Conselho, a seguinte carta (12 de abril de 1903):<\/p>\n\n\n\n<p>Sr. Presidente do Conselho,<\/p>\n\n\n\n<p>Est\u00e3o prestes a expirar os prazos que os agentes de vossa administra\u00e7\u00e3o julgaram poder fixar para nossa perman\u00eancia na Grande Cartuxa. Ora, antes do que todos, tendes o direito de saber que n\u00e3o desertaremos do posto de penit\u00eancia e de intercess\u00e3o em que a Provid\u00eancia quis colocar-nos. Nossa miss\u00e3o, aqui, \u00e9 sofrer e rezar por nosso querido Pa\u00eds: s\u00f3 a viol\u00eancia far\u00e1 cessar a ora\u00e7\u00e3o em nossos l\u00e1bios.<\/p>\n\n\n\n<p>Infelizmente, nos dias perturbados em que reina a arbitrariedade, cumpre prever as mais tristes eventualidades. \u00c9, pois, poss\u00edvel que, a despeito da justi\u00e7a de nossas reivindica\u00e7\u00f5es, um golpe de for\u00e7a nos disperse bruscamente e at\u00e9 nos lance fora de nossa P\u00e1tria. Assim sendo, tenho empenho em dizer-vos desde j\u00e1 que perdoo, em meu pr\u00f3prio nome e no de meus confrades, as diversas atitudes, t\u00e3o pouco dignas de um chefe de governo, que tivestes para conosco. Em outras \u00e9pocas, o ostracismo n\u00e3o desdenhava, como hoje, as armas de apar\u00eancia leal.<\/p>\n\n\n\n<p>Todavia, eu julgaria faltar a um dever de caridade crist\u00e3 se, ao perd\u00e3o que vos concedo, n\u00e3o acrescentasse um conselho salutar, ao mesmo tempo que uma s\u00e9ria advert\u00eancia. Meu duplo car\u00e1ter de Sacerdote e de Religioso autoriza-me, incontestavelmente, a vos dirigir um e outro, a fim de vos deter, se ainda vos resta algum vest\u00edgio de prud\u00eancia, na guerra odiosa e in\u00fatil que moveis contra a Igreja de Deus.<\/p>\n\n\n\n<p>Em virtude de vossa premente solicita\u00e7\u00e3o e da produ\u00e7\u00e3o de um documento cuja manifesta falsidade n\u00e3o dev\u00edeis, parece, ignorar, uma C\u00e2mara francesa condenou a Ordem de que Nosso Senhor me constituiu Chefe. N\u00e3o posso aceitar esta senten\u00e7a injusta; n\u00e3o a aceito; e, malgrado meu perd\u00e3o sincero, pe\u00e7o a revis\u00e3o dela, segundo meu direito e meu dever, pelo Tribunal infal\u00edvel dAquele que foi constitu\u00eddo nosso Juiz soberano. Em consequ\u00eancia \u2014 prestai uma aten\u00e7\u00e3o particular a minhas palavras, Sr. Presidente do Conselho, e n\u00e3o vos apresseis a sorrir, nem a considerar-me um remanescente de eras arcaicas \u2014, em consequ\u00eancia comparecereis comigo perante esse Tribunal de Deus. L\u00e1, n\u00e3o mais chantagens, n\u00e3o mais artif\u00edcios de eloqu\u00eancia, n\u00e3o mais efeitos de tribuna nem manobras parlamentares, n\u00e3o mais documentos falsos nem maioria complacente; mas um Juiz calmo, justo e poderoso, e uma senten\u00e7a sem apela\u00e7\u00e3o, contra a qual nem v\u00f3s, nem eu, poderemos protestar.<\/p>\n\n\n\n<p>At\u00e9 breve, Sr. Presidente do Conselho! J\u00e1 n\u00e3o sou jovem, e v\u00f3s tendes um p\u00e9 no tumulo. Preparai-vos, porque a confronta\u00e7\u00e3o que vos anuncio vos reserva emo\u00e7\u00f5es inesperadas. E, para essa hora solene, confiai antes numa convers\u00e3o sincera e numa s\u00e9ria penit\u00eancia do que nas habilidades e nos sofismas que asseguram vossos triunfos passageiros. E como meu dever \u00e9 pagar o mal com o bem, vou rezar, ou melhor, n\u00f3s, os Cartuxos, cuja morte decretastes, vamos continuar a rogar&#8221; ao Deus das miseric\u00f3rdias, que t\u00e3o estranhamente perseguis em seus servidores, que Ele vos conceda o arrependimento e a gra\u00e7a das repara\u00e7\u00f5es salutares.<\/p>\n\n\n\n<p>Sou, Sr. Presidente do Conselho, vosso hum\u00edlimo servidor,<\/p>\n\n\n\n<figure class=\"wp-block-image\"><img decoding=\"async\" src=\"https:\/\/www.pliniocorreadeoliveira.info\/FR%20Michel%20Baglin.jpg\" alt=\"\"\/><\/figure>\n\n\n\n<p>Fr. MICHEL, Prior da Cartuxa.<\/p>\n\n\n\n<p><strong>Nota:<\/strong>&nbsp;Transcri\u00e7\u00e3o de \u201cCatolicismo\u201d, No. 98, outubro de 1958. O documento original foi publicado em \u201cLa Croix\u201d de 5 de agosto de 1927.<\/p>\n","protected":false},"excerpt":{"rendered":"<p>Vista geral da Grande Cartuxa (Fran\u00e7a) DECRETADA pelo governo franc\u00eas a expuls\u00e3o dos Religiosos, em 1903 chegou a vez dos Cartuxos. O R. P. Michel Baglin, Prior da Grande Cartuxa e Geral da Ordem, escreveu ent\u00e3o a Emile Combes, Presidente do Conselho, a seguinte carta (12 de abril de 1903): Sr. Presidente do Conselho, Est\u00e3o prestes a expirar os prazos que os agentes de vossa administra\u00e7\u00e3o julgaram poder fixar para nossa perman\u00eancia na Grande Cartuxa. Ora, antes do que todos, tendes o direito de saber que n\u00e3o desertaremos do posto de penit\u00eancia e de intercess\u00e3o em que a Provid\u00eancia quis&#8230;<\/p>\n","protected":false},"author":1,"featured_media":0,"comment_status":"open","ping_status":"open","sticky":false,"template":"","format":"standard","meta":{"jetpack_post_was_ever_published":false,"_jetpack_newsletter_access":"","_jetpack_dont_email_post_to_subs":false,"_jetpack_newsletter_tier_id":0,"footnotes":""},"categories":[8],"tags":[],"jetpack_sharing_enabled":true,"jetpack_featured_media_url":"","_links":{"self":[{"href":"https:\/\/ligadosantorosario.com\/index.php?rest_route=\/wp\/v2\/posts\/1850"}],"collection":[{"href":"https:\/\/ligadosantorosario.com\/index.php?rest_route=\/wp\/v2\/posts"}],"about":[{"href":"https:\/\/ligadosantorosario.com\/index.php?rest_route=\/wp\/v2\/types\/post"}],"author":[{"embeddable":true,"href":"https:\/\/ligadosantorosario.com\/index.php?rest_route=\/wp\/v2\/users\/1"}],"replies":[{"embeddable":true,"href":"https:\/\/ligadosantorosario.com\/index.php?rest_route=%2Fwp%2Fv2%2Fcomments&post=1850"}],"version-history":[{"count":1,"href":"https:\/\/ligadosantorosario.com\/index.php?rest_route=\/wp\/v2\/posts\/1850\/revisions"}],"predecessor-version":[{"id":1851,"href":"https:\/\/ligadosantorosario.com\/index.php?rest_route=\/wp\/v2\/posts\/1850\/revisions\/1851"}],"wp:attachment":[{"href":"https:\/\/ligadosantorosario.com\/index.php?rest_route=%2Fwp%2Fv2%2Fmedia&parent=1850"}],"wp:term":[{"taxonomy":"category","embeddable":true,"href":"https:\/\/ligadosantorosario.com\/index.php?rest_route=%2Fwp%2Fv2%2Fcategories&post=1850"},{"taxonomy":"post_tag","embeddable":true,"href":"https:\/\/ligadosantorosario.com\/index.php?rest_route=%2Fwp%2Fv2%2Ftags&post=1850"}],"curies":[{"name":"wp","href":"https:\/\/api.w.org\/{rel}","templated":true}]}}