{"id":2271,"date":"2023-10-02T21:08:35","date_gmt":"2023-10-02T21:08:35","guid":{"rendered":"https:\/\/ligadosantorosario.com\/?p=2271"},"modified":"2023-10-04T14:25:56","modified_gmt":"2023-10-04T14:25:56","slug":"o-que-um-catolico-deve-pensar-a-respeito-dos-ovnis","status":"publish","type":"post","link":"https:\/\/ligadosantorosario.com\/?p=2271","title":{"rendered":"O que um cat\u00f3lico deve pensar a respeito dos OVNIs?"},"content":{"rendered":"\t\t<div data-elementor-type=\"wp-post\" data-elementor-id=\"2271\" class=\"elementor elementor-2271\" data-elementor-post-type=\"post\">\n\t\t\t\t\t\t<section class=\"elementor-section elementor-top-section elementor-element elementor-element-3945d324 elementor-section-boxed elementor-section-height-default elementor-section-height-default\" data-id=\"3945d324\" data-element_type=\"section\">\n\t\t\t\t\t\t<div class=\"elementor-container elementor-column-gap-default\">\n\t\t\t\t\t<div class=\"elementor-column elementor-col-100 elementor-top-column elementor-element elementor-element-5f449e02\" data-id=\"5f449e02\" data-element_type=\"column\">\n\t\t\t<div class=\"elementor-widget-wrap elementor-element-populated\">\n\t\t\t\t\t\t<div class=\"elementor-element elementor-element-57f5af56 elementor-widget elementor-widget-text-editor\" data-id=\"57f5af56\" data-element_type=\"widget\" data-widget_type=\"text-editor.default\">\n\t\t\t\t<div class=\"elementor-widget-container\">\n\t\t\t<style>\/*! elementor - v3.23.0 - 05-08-2024 *\/\n.elementor-widget-text-editor.elementor-drop-cap-view-stacked .elementor-drop-cap{background-color:#69727d;color:#fff}.elementor-widget-text-editor.elementor-drop-cap-view-framed .elementor-drop-cap{color:#69727d;border:3px solid;background-color:transparent}.elementor-widget-text-editor:not(.elementor-drop-cap-view-default) .elementor-drop-cap{margin-top:8px}.elementor-widget-text-editor:not(.elementor-drop-cap-view-default) .elementor-drop-cap-letter{width:1em;height:1em}.elementor-widget-text-editor .elementor-drop-cap{float:left;text-align:center;line-height:1;font-size:50px}.elementor-widget-text-editor .elementor-drop-cap-letter{display:inline-block}<\/style>\t\t\t\t<!-- wp:paragraph -->\n<p>Padre David Francisquini<\/p>\n<!-- \/wp:paragraph -->\t\t\t\t\t\t<\/div>\n\t\t\t\t<\/div>\n\t\t\t\t\t<\/div>\n\t\t<\/div>\n\t\t\t\t\t<\/div>\n\t\t<\/section>\n\t\t\t\t<section class=\"elementor-section elementor-top-section elementor-element elementor-element-f71d0a4 elementor-section-boxed elementor-section-height-default elementor-section-height-default\" data-id=\"f71d0a4\" data-element_type=\"section\">\n\t\t\t\t\t\t<div class=\"elementor-container elementor-column-gap-default\">\n\t\t\t\t\t<div class=\"elementor-column elementor-col-100 elementor-top-column elementor-element elementor-element-c3f3a58\" data-id=\"c3f3a58\" data-element_type=\"column\">\n\t\t\t<div class=\"elementor-widget-wrap elementor-element-populated\">\n\t\t\t\t\t\t<div class=\"elementor-element elementor-element-1fccbbe elementor-widget elementor-widget-heading\" data-id=\"1fccbbe\" data-element_type=\"widget\" data-widget_type=\"heading.default\">\n\t\t\t\t<div class=\"elementor-widget-container\">\n\t\t\t<style>\/*! elementor - v3.23.0 - 05-08-2024 *\/\n.elementor-heading-title{padding:0;margin:0;line-height:1}.elementor-widget-heading .elementor-heading-title[class*=elementor-size-]>a{color:inherit;font-size:inherit;line-height:inherit}.elementor-widget-heading .elementor-heading-title.elementor-size-small{font-size:15px}.elementor-widget-heading .elementor-heading-title.elementor-size-medium{font-size:19px}.elementor-widget-heading .elementor-heading-title.elementor-size-large{font-size:29px}.elementor-widget-heading .elementor-heading-title.elementor-size-xl{font-size:39px}.elementor-widget-heading .elementor-heading-title.elementor-size-xxl{font-size:59px}<\/style><h2 class=\"elementor-heading-title elementor-size-default\">Diante de fen\u00f4menos anormais inexplic\u00e1veis pelos nossos atuais conhecimentos, devemos ter uma abertura muito cautelosa, n\u00e3o sendo ing\u00eanuos, nem duvidando a priori.<\/h2>\t\t<\/div>\n\t\t\t\t<\/div>\n\t\t\t\t\t<\/div>\n\t\t<\/div>\n\t\t\t\t\t<\/div>\n\t\t<\/section>\n\t\t\t\t<section class=\"elementor-section elementor-top-section elementor-element elementor-element-228e1c2 elementor-section-boxed elementor-section-height-default elementor-section-height-default\" data-id=\"228e1c2\" data-element_type=\"section\">\n\t\t\t\t\t\t<div class=\"elementor-container elementor-column-gap-default\">\n\t\t\t\t\t<div class=\"elementor-column elementor-col-100 elementor-top-column elementor-element elementor-element-f1b3779\" data-id=\"f1b3779\" data-element_type=\"column\">\n\t\t\t<div class=\"elementor-widget-wrap elementor-element-populated\">\n\t\t\t\t\t\t<div class=\"elementor-element elementor-element-13a6fc0 elementor-widget elementor-widget-text-editor\" data-id=\"13a6fc0\" data-element_type=\"widget\" data-widget_type=\"text-editor.default\">\n\t\t\t\t<div class=\"elementor-widget-container\">\n\t\t\t\t\t\t\t<p><strong>Pergunta \u2013 T\u00eam-se publicado ultimamente na m\u00eddia algumas not\u00edcias sobre a quest\u00e3o dos OVNIs (Objetos voadores n\u00e3o identificados). Gostaria de conhecer o pensamento da Igreja Cat\u00f3lica a respeito da possibilidade da exist\u00eancia de tais objetos, e tamb\u00e9m se n\u00f3s, como cat\u00f3licos, podemos aceitar tal possibilidade de vida \u2013 como a concebemos aqui na Terra \u2013 em outros planetas.<\/strong><\/p>\n<p><strong>Resposta \u2013\u00a0<\/strong>Deus \u00e9 onipotente e tem o poder de fazer qualquer coisa que n\u00e3o envolva uma contradi\u00e7\u00e3o l\u00f3gica: por exemplo, um tri\u00e2ngulo de quatro lados, como explica Santo Tom\u00e1s de Aquino na\u00a0<em>Suma Teol\u00f3gica<\/em>. Como criar vida n\u00e3o envolve uma contradi\u00e7\u00e3o l\u00f3gica, logo, em princ\u00edpio, Deus pode cri\u00e1-la em qualquer lugar onde Lhe aprouver, inclusive em outros planetas.<\/p>\n<p>Do ponto de vista cient\u00edfico, em tese n\u00e3o seria contra a raz\u00e3o admitir que em outras partes do Universo possa haver alguma forma de vida org\u00e2nica. Tamb\u00e9m seria de se supor que essa vida org\u00e2nica teria a mesma composi\u00e7\u00e3o qu\u00edmica observada na Terra, com elementos como o carbono, o hidrog\u00eanio e o oxig\u00eanio. Tais elementos qu\u00edmicos s\u00e3o comuns no Universo, o que falaria a favor da tese de haver condi\u00e7\u00f5es prop\u00edcias para a exist\u00eancia de vida \u201corg\u00e2nica\u201d em outros planetas.<\/p>\n<p>Tamb\u00e9m se poderia admitir \u2013 sem entretanto nunca ter sido cientificamente comprovada \u2013 a tese da exist\u00eancia de vida org\u00e2nica extraterrestre, mais provavelmente sob a forma de organismos simples e unicelulares, que na Terra representam a grande maioria dos seres vivos, estando na base da cadeia alimentar que sustenta as formas de vida mais complexas. Certos organismos min\u00fasculos \u2013 chamados extrem\u00f3filos \u2013 podem de fato sobreviver em condi\u00e7\u00f5es muito adversas. Por serem simples, essas criaturas poderiam \u2013 falamos sempre em tese \u2013 desenvolver-se em algum exoplaneta exterior ao sistema solar.<\/p>\n<h2>\u00c9 indispens\u00e1vel ter muita cautela<\/h2>\n<p>Mas o problema que o nosso missivista levanta \u00e9 outro, se pode haver outras formas de vida inteligente. Ele \u00e9 levantado de tempos em tempos, quando surgem not\u00edcias sobre discos voadores.<\/p>\n<p>A primeira coisa a se responder \u00e9 que n\u00e3o h\u00e1 nenhum pronunciamento do Magist\u00e9rio da Igreja sobre essa possibilidade. Portanto, a quest\u00e3o pode ser discutida livremente, tomando o cuidado de faz\u00ea-lo numa abordagem verdadeiramente \u201ccat\u00f3lica\u201d. Ou seja, diante de fen\u00f4menos anormais inexplic\u00e1veis pelos nossos atuais conhecimentos, devemos ter uma abertura muito cautelosa, n\u00e3o sendo ing\u00eanuos, nem duvidando a priori. Quando confrontados com milagres, profecias e experi\u00eancias paranormais, os cat\u00f3licos devem consider\u00e1-los com interesse, procurar as poss\u00edveis explica\u00e7\u00f5es naturais e, n\u00e3o as encontrando, suspender o julgamento, porque pode haver uma explica\u00e7\u00e3o natural que ainda n\u00e3o conhecemos ou tratar-se de um fen\u00f4meno sobrenatural.<\/p>\n<p>Mesmo diante dos fen\u00f4menos sobrenaturais nossa postura deve ser de cautela, porque um evento supostamente sobrenatural n\u00e3o \u00e9 necessariamente de Deus, mas pode ter uma origem diab\u00f3lica.<\/p>\n<p>Uma das principais dificuldades em discutir a exist\u00eancia de intelig\u00eancia extraterrestre \u00e9 a dissemina\u00e7\u00e3o de formas materialistas de pensar, sob o pressuposto de que o mundo material \u00e9 um dado adquirido, e que todas as outras formas de intelig\u00eancia devem interagir com o reino f\u00edsico da mesma forma que n\u00f3s. Ouvir poss\u00edveis comunica\u00e7\u00f5es alien\u00edgenas com um grande radiotelesc\u00f3pio \u00e9 semelhante \u00e0s tentativas de fotografar fantasmas ou de registrar sua passagem com um contador Geiger, ou ainda de fazer experimentos hospitalares para provar o poder da ora\u00e7\u00e3o. Elas usam pressupostos, m\u00e9todos e ferramentas errados.<\/p>\n<h2>Anjos podem assumir formas f\u00edsicas<\/h2>\n<p>As explica\u00e7\u00f5es psicol\u00f3gicas \u2013 do tipo de que esses fen\u00f4menos s\u00e3o manifesta\u00e7\u00f5es de uma suposta \u201calma do mundo\u201d que nos conecta com o inconsciente coletivo \u2013 combinam com as teorias m\u00edsticas da psicologia profunda de Carl Jung, como tamb\u00e9m com aquelas de alguns astr\u00f4nomos e investigadores de OVNIs que julgavam imposs\u00edvel as naves se movimentarem conforme o relato dos que as viram, sugerindo tratar-se de manifesta\u00e7\u00f5es de seres que interagiam numa dimens\u00e3o intermedi\u00e1ria entre a f\u00edsica e os fen\u00f4menos ps\u00edquicos. Os OVNIs seriam uma \u201cmanifesta\u00e7\u00e3o ps\u00edquica\u201d, uma esp\u00e9cie de \u201ceco\u201d ou proje\u00e7\u00e3o da realidade no mundo inconsciente.<\/p>\n<p>Os autores de tais teorias e seus pesquisadores consideram que a maioria das pessoas religiosas s\u00e3o idiotas ou pobres ignorantes. Na verdade, os te\u00f3logos cat\u00f3licos entendem as realidades extra-humanas h\u00e1 muito tempo, assim como a influ\u00eancia de intelig\u00eancias superiores sobre n\u00f3s.<\/p>\n<p>S\u00e3o Tom\u00e1s de Aquino explica que os anjos s\u00e3o seres inteligentes n\u00e3o materiais. Eles n\u00e3o t\u00eam corpos e s\u00e3o pura intelig\u00eancia. Entretanto, ele diz que os anjos podem assumir corpos f\u00edsicos. Eles n\u00e3o assumem um corpo f\u00edsico existente, mas \u201cmanipulam a mat\u00e9ria\u201d de modo a assumir uma apar\u00eancia f\u00edsica que \u00e9 vis\u00edvel, mas consistente com o car\u00e1ter angelical (<em>Suma Teol\u00f3gica<\/em>, I q. 51, art. 2).<\/p>\n<h2>Anjos no governo do universo<\/h2>\n<p>Os anjos, segundo S\u00e3o Tom\u00e1s, assumem a forma f\u00edsica para comunicar a mensagem de Deus. Eles tamb\u00e9m s\u00e3o os principais agentes da a\u00e7\u00e3o de Deus no mundo. Assim, ele diz:\u00a0<em>\u201cEmbora a criatividade n\u00e3o possa pertencer a eles [j\u00e1 que somente Deus pode criar a partir do nada], os anjos s\u00e3o, no entanto, os principais ministros empregados por Deus no governo do universo, na garantia de Sua pr\u00f3pria gl\u00f3ria e na distribui\u00e7\u00e3o de Sua bondade a toda a cria\u00e7\u00e3o\u201d.<\/em><\/p>\n<p>Em<em>\u00a0<\/em>outras palavras, os anjos s\u00e3o os \u201cagentes secretos\u201d de Deus no mundo, enviados para cumprir Suas ordens, comunicar-se conosco e zelar por n\u00f3s.<\/p>\n<h2>Meta do dem\u00f4nio: afastar-nos de Deus<\/h2>\n<p>Em uma advert\u00eancia de muit\u00edssima atualidade, S\u00e3o Tom\u00e1s tamb\u00e9m nos adverte que nem todos os anjos s\u00e3o bons, e que fen\u00f4menos not\u00e1veis podem ser produzidos pela a\u00e7\u00e3o de anjos maus. Ele diz que os anjos deca\u00eddos, ou dem\u00f4nios, n\u00e3o podem fazer milagres, mas podem produzir fen\u00f4menos que s\u00e3o reais e surpreendentes, para destruir ou enganar os humanos. Ele cita Santo Agostinho, para quem esses s\u00e3o\u00a0<em>\u201cprod\u00edgios mentirosos que levar\u00e3o a falsidade \u00e0s pessoas que acreditam neles\u201d<\/em>.<\/p>\n<p>Al\u00e9m do mais, Santo Tom\u00e1s explica que o dem\u00f4nio pode manipular a percep\u00e7\u00e3o sensorial de uma pessoa, de modo que ela veja e ou\u00e7a coisas que n\u00e3o existem, bem como formar uma imagem na sua imagina\u00e7\u00e3o e mexer assim com a sua mente, produzindo nela fen\u00f4menos estranhos.<\/p>\n<p>A melhor explica\u00e7\u00e3o para os OVNIs e os supostos encontros com alien\u00edgenas seria a de que se trata de anjos deca\u00eddos que est\u00e3o agindo no mundo, fazendo tudo o que podem para enganar os seres humanos e atra\u00ed-los para um sistema de cren\u00e7as sem Deus, sem f\u00e9 e sem as gra\u00e7as necess\u00e1rias para a sua salva\u00e7\u00e3o. Se eles conseguirem enganar um povo com teorias de visitas alien\u00edgenas e visitantes extraterrestres, fazendo com que, fascinado por fen\u00f4menos paranormais, ele se afaste de Deus, ter\u00e3o sido bem-sucedidos em sua miss\u00e3o diab\u00f3lica de enganar e destruir.<\/p>\n<p>Qual deve ser a nossa resposta? Pedir o aux\u00edlio dos anjos, que s\u00e3o ministros da luz, enquanto os dem\u00f4nios s\u00e3o ministros do engano e da destrui\u00e7\u00e3o, envolvidos em uma grande guerra c\u00f3smica da qual n\u00f3s tamb\u00e9m fazemos parte. E, acima de tudo, invocar a Nossa Senhora enquanto Rainha dos Anjos.<\/p>\n<p>\u00a0<\/p>\t\t\t\t\t\t<\/div>\n\t\t\t\t<\/div>\n\t\t\t\t\t<\/div>\n\t\t<\/div>\n\t\t\t\t\t<\/div>\n\t\t<\/section>\n\t\t\t\t<\/div>\n\t\t","protected":false},"excerpt":{"rendered":"<p>Padre David Francisquini Diante de fen\u00f4menos anormais inexplic\u00e1veis pelos nossos atuais conhecimentos, devemos ter uma abertura muito cautelosa, n\u00e3o sendo ing\u00eanuos, nem duvidando a priori. Pergunta \u2013 T\u00eam-se publicado ultimamente na m\u00eddia algumas not\u00edcias sobre a quest\u00e3o dos OVNIs (Objetos voadores n\u00e3o identificados). Gostaria de conhecer o pensamento da Igreja Cat\u00f3lica a respeito da possibilidade da exist\u00eancia de tais objetos, e tamb\u00e9m se n\u00f3s, como cat\u00f3licos, podemos aceitar tal possibilidade de vida \u2013 como a concebemos aqui na Terra \u2013 em outros planetas. Resposta \u2013&nbsp;Deus \u00e9 onipotente e tem o poder de fazer qualquer coisa que n\u00e3o envolva uma contradi\u00e7\u00e3o&#8230;<\/p>\n","protected":false},"author":1,"featured_media":0,"comment_status":"open","ping_status":"open","sticky":false,"template":"","format":"standard","meta":{"jetpack_post_was_ever_published":false,"_jetpack_newsletter_access":"","_jetpack_dont_email_post_to_subs":false,"_jetpack_newsletter_tier_id":0,"footnotes":""},"categories":[1],"tags":[],"jetpack_sharing_enabled":true,"jetpack_featured_media_url":"","_links":{"self":[{"href":"https:\/\/ligadosantorosario.com\/index.php?rest_route=\/wp\/v2\/posts\/2271"}],"collection":[{"href":"https:\/\/ligadosantorosario.com\/index.php?rest_route=\/wp\/v2\/posts"}],"about":[{"href":"https:\/\/ligadosantorosario.com\/index.php?rest_route=\/wp\/v2\/types\/post"}],"author":[{"embeddable":true,"href":"https:\/\/ligadosantorosario.com\/index.php?rest_route=\/wp\/v2\/users\/1"}],"replies":[{"embeddable":true,"href":"https:\/\/ligadosantorosario.com\/index.php?rest_route=%2Fwp%2Fv2%2Fcomments&post=2271"}],"version-history":[{"count":11,"href":"https:\/\/ligadosantorosario.com\/index.php?rest_route=\/wp\/v2\/posts\/2271\/revisions"}],"predecessor-version":[{"id":2358,"href":"https:\/\/ligadosantorosario.com\/index.php?rest_route=\/wp\/v2\/posts\/2271\/revisions\/2358"}],"wp:attachment":[{"href":"https:\/\/ligadosantorosario.com\/index.php?rest_route=%2Fwp%2Fv2%2Fmedia&parent=2271"}],"wp:term":[{"taxonomy":"category","embeddable":true,"href":"https:\/\/ligadosantorosario.com\/index.php?rest_route=%2Fwp%2Fv2%2Fcategories&post=2271"},{"taxonomy":"post_tag","embeddable":true,"href":"https:\/\/ligadosantorosario.com\/index.php?rest_route=%2Fwp%2Fv2%2Ftags&post=2271"}],"curies":[{"name":"wp","href":"https:\/\/api.w.org\/{rel}","templated":true}]}}