{"id":2406,"date":"2023-10-06T20:44:06","date_gmt":"2023-10-06T20:44:06","guid":{"rendered":"https:\/\/ligadosantorosario.com\/?p=2406"},"modified":"2024-10-11T15:15:47","modified_gmt":"2024-10-11T15:15:47","slug":"a-nossa-senhora-aparecida","status":"publish","type":"post","link":"https:\/\/ligadosantorosario.com\/?p=2406","title":{"rendered":"\u00c0 Nossa Senhora Aparecida"},"content":{"rendered":"\t\t<div data-elementor-type=\"wp-post\" data-elementor-id=\"2406\" class=\"elementor elementor-2406\" data-elementor-post-type=\"post\">\n\t\t\t\t\t\t<section class=\"elementor-section elementor-top-section elementor-element elementor-element-6f609bd elementor-section-boxed elementor-section-height-default elementor-section-height-default\" data-id=\"6f609bd\" data-element_type=\"section\">\n\t\t\t\t\t\t<div class=\"elementor-container elementor-column-gap-default\">\n\t\t\t\t\t<div class=\"elementor-column elementor-col-50 elementor-top-column elementor-element elementor-element-bbf81bc\" data-id=\"bbf81bc\" data-element_type=\"column\" data-settings=\"{&quot;background_background&quot;:&quot;classic&quot;}\">\n\t\t\t<div class=\"elementor-widget-wrap elementor-element-populated\">\n\t\t\t\t\t\t<div class=\"elementor-element elementor-element-2bb9e7c elementor-widget elementor-widget-text-editor\" data-id=\"2bb9e7c\" data-element_type=\"widget\" data-widget_type=\"text-editor.default\">\n\t\t\t\t<div class=\"elementor-widget-container\">\n\t\t\t<style>\/*! elementor - v3.23.0 - 05-08-2024 *\/\n.elementor-widget-text-editor.elementor-drop-cap-view-stacked .elementor-drop-cap{background-color:#69727d;color:#fff}.elementor-widget-text-editor.elementor-drop-cap-view-framed .elementor-drop-cap{color:#69727d;border:3px solid;background-color:transparent}.elementor-widget-text-editor:not(.elementor-drop-cap-view-default) .elementor-drop-cap{margin-top:8px}.elementor-widget-text-editor:not(.elementor-drop-cap-view-default) .elementor-drop-cap-letter{width:1em;height:1em}.elementor-widget-text-editor .elementor-drop-cap{float:left;text-align:center;line-height:1;font-size:50px}.elementor-widget-text-editor .elementor-drop-cap-letter{display:inline-block}<\/style>\t\t\t\t<p><span style=\"color: #0000ff;\">\u00a0<\/span><\/p><p><span style=\"color: #0000ff;\">Pl\u00ednio Corr\u00eaa de Oliveira<\/span><\/p><p>\u00a0<\/p><p><span style=\"color: #0000ff;\">\u00c0 Padroeira: Prece na afli\u00e7\u00e3o<\/span><\/p><p><span style=\"color: #0000ff;\">\u00a0<\/span><\/p>\t\t\t\t\t\t<\/div>\n\t\t\t\t<\/div>\n\t\t\t\t\t<\/div>\n\t\t<\/div>\n\t\t\t\t<div class=\"elementor-column elementor-col-50 elementor-top-column elementor-element elementor-element-c9b4cae\" data-id=\"c9b4cae\" data-element_type=\"column\">\n\t\t\t<div class=\"elementor-widget-wrap elementor-element-populated\">\n\t\t\t\t\t\t<div class=\"elementor-element elementor-element-c5e0285 elementor-widget elementor-widget-image\" data-id=\"c5e0285\" data-element_type=\"widget\" data-widget_type=\"image.default\">\n\t\t\t\t<div class=\"elementor-widget-container\">\n\t\t\t<style>\/*! elementor - v3.23.0 - 05-08-2024 *\/\n.elementor-widget-image{text-align:center}.elementor-widget-image a{display:inline-block}.elementor-widget-image a img[src$=\".svg\"]{width:48px}.elementor-widget-image img{vertical-align:middle;display:inline-block}<\/style>\t\t\t\t\t\t\t\t\t\t<img fetchpriority=\"high\" decoding=\"async\" width=\"336\" height=\"310\" src=\"https:\/\/ligadosantorosario.com\/wp-content\/uploads\/Plinio_discursando-Pateo-do-Colegio.jpg\" class=\"attachment-large size-large wp-image-2058\" alt=\"\" srcset=\"https:\/\/ligadosantorosario.com\/wp-content\/uploads\/Plinio_discursando-Pateo-do-Colegio.jpg 336w, https:\/\/ligadosantorosario.com\/wp-content\/uploads\/Plinio_discursando-Pateo-do-Colegio-300x277.jpg 300w\" sizes=\"(max-width: 336px) 100vw, 336px\" \/>\t\t\t\t\t\t\t\t\t\t\t\t\t<\/div>\n\t\t\t\t<\/div>\n\t\t\t\t\t<\/div>\n\t\t<\/div>\n\t\t\t\t\t<\/div>\n\t\t<\/section>\n\t\t\t\t<section class=\"elementor-section elementor-top-section elementor-element elementor-element-e9998dd elementor-section-boxed elementor-section-height-default elementor-section-height-default\" data-id=\"e9998dd\" data-element_type=\"section\">\n\t\t\t\t\t\t<div class=\"elementor-container elementor-column-gap-default\">\n\t\t\t\t\t<div class=\"elementor-column elementor-col-100 elementor-top-column elementor-element elementor-element-d7317c0\" data-id=\"d7317c0\" data-element_type=\"column\">\n\t\t\t<div class=\"elementor-widget-wrap\">\n\t\t\t\t\t\t\t<\/div>\n\t\t<\/div>\n\t\t\t\t\t<\/div>\n\t\t<\/section>\n\t\t\t\t<section class=\"elementor-section elementor-top-section elementor-element elementor-element-6566d88 elementor-section-boxed elementor-section-height-default elementor-section-height-default\" data-id=\"6566d88\" data-element_type=\"section\">\n\t\t\t\t\t\t<div class=\"elementor-container elementor-column-gap-default\">\n\t\t\t\t\t<div class=\"elementor-column elementor-col-100 elementor-top-column elementor-element elementor-element-8f2e59d\" data-id=\"8f2e59d\" data-element_type=\"column\">\n\t\t\t<div class=\"elementor-widget-wrap elementor-element-populated\">\n\t\t\t\t\t\t<div class=\"elementor-element elementor-element-68baa3d elementor-widget elementor-widget-image\" data-id=\"68baa3d\" data-element_type=\"widget\" data-widget_type=\"image.default\">\n\t\t\t\t<div class=\"elementor-widget-container\">\n\t\t\t\t\t\t\t\t\t\t\t\t\t<img decoding=\"async\" width=\"470\" height=\"703\" src=\"https:\/\/ligadosantorosario.com\/wp-content\/uploads\/Nossa-Senhora-Aparecida-novidades-2017-05-29.jpg\" class=\"attachment-large size-large wp-image-2002\" alt=\"\" srcset=\"https:\/\/ligadosantorosario.com\/wp-content\/uploads\/Nossa-Senhora-Aparecida-novidades-2017-05-29.jpg 470w, https:\/\/ligadosantorosario.com\/wp-content\/uploads\/Nossa-Senhora-Aparecida-novidades-2017-05-29-201x300.jpg 201w\" sizes=\"(max-width: 470px) 100vw, 470px\" \/>\t\t\t\t\t\t\t\t\t\t\t\t\t<\/div>\n\t\t\t\t<\/div>\n\t\t\t\t\t<\/div>\n\t\t<\/div>\n\t\t\t\t\t<\/div>\n\t\t<\/section>\n\t\t\t\t<section class=\"elementor-section elementor-top-section elementor-element elementor-element-9a2f3bc elementor-section-boxed elementor-section-height-default elementor-section-height-default\" data-id=\"9a2f3bc\" data-element_type=\"section\">\n\t\t\t\t\t\t<div class=\"elementor-container elementor-column-gap-default\">\n\t\t\t\t\t<div class=\"elementor-column elementor-col-100 elementor-top-column elementor-element elementor-element-e1ec6d1\" data-id=\"e1ec6d1\" data-element_type=\"column\">\n\t\t\t<div class=\"elementor-widget-wrap\">\n\t\t\t\t\t\t\t<\/div>\n\t\t<\/div>\n\t\t\t\t\t<\/div>\n\t\t<\/section>\n\t\t\t\t<section class=\"elementor-section elementor-top-section elementor-element elementor-element-4a11dd5 elementor-section-boxed elementor-section-height-default elementor-section-height-default\" data-id=\"4a11dd5\" data-element_type=\"section\">\n\t\t\t\t\t\t<div class=\"elementor-container elementor-column-gap-default\">\n\t\t\t\t\t<div class=\"elementor-column elementor-col-100 elementor-top-column elementor-element elementor-element-c4ba7b0\" data-id=\"c4ba7b0\" data-element_type=\"column\">\n\t\t\t<div class=\"elementor-widget-wrap elementor-element-populated\">\n\t\t\t\t\t\t<div class=\"elementor-element elementor-element-9c05ff0 elementor-widget elementor-widget-text-editor\" data-id=\"9c05ff0\" data-element_type=\"widget\" data-widget_type=\"text-editor.default\">\n\t\t\t\t<div class=\"elementor-widget-container\">\n\t\t\t\t\t\t\t<h4>&#8220;Depois de Nossa Senhora ter sido declarada Rainha do Brasil, n\u00e3o concebo a possibilidade que os grandes atos da vida nacional se fa\u00e7am em outro lugar que n\u00e3o em Aparecida! A promulga\u00e7\u00e3o das leis c\u00e9lebres, a declara\u00e7\u00e3o das guerras, os tratados de paz, as grandes solenidades das grandes fam\u00edlias do pa\u00eds; todas estas coisas, eu s\u00f3 concebo como sendo realizados na Aparecida! E no momento que tanto se discute sobre o que acontece em Bras\u00edlia, n\u00f3s esquecemos o verdadeiro p\u00f3lo: Aparecida! A verdadeira capital do pa\u00eds, para os grandes efeitos, deveria ser Aparecida. A\u00ed temos bem a perspectiva de como Aparecida deveria ser.&#8221;<br>&#8211; Plinio Corr\u00eaa de Oliveira &#8211; 05 de&nbsp;outubro&nbsp;de&nbsp;1964<\/h4>\t\t\t\t\t\t<\/div>\n\t\t\t\t<\/div>\n\t\t\t\t\t<\/div>\n\t\t<\/div>\n\t\t\t\t\t<\/div>\n\t\t<\/section>\n\t\t\t\t<section class=\"elementor-section elementor-top-section elementor-element elementor-element-5faea15 elementor-section-boxed elementor-section-height-default elementor-section-height-default\" data-id=\"5faea15\" data-element_type=\"section\">\n\t\t\t\t\t\t<div class=\"elementor-container elementor-column-gap-default\">\n\t\t\t\t\t<div class=\"elementor-column elementor-col-100 elementor-top-column elementor-element elementor-element-8b9049e\" data-id=\"8b9049e\" data-element_type=\"column\">\n\t\t\t<div class=\"elementor-widget-wrap elementor-element-populated\">\n\t\t\t\t\t\t<div class=\"elementor-element elementor-element-a19abc6 elementor-widget elementor-widget-text-editor\" data-id=\"a19abc6\" data-element_type=\"widget\" data-widget_type=\"text-editor.default\">\n\t\t\t\t<div class=\"elementor-widget-container\">\n\t\t\t\t\t\t\t<p><b>\u00a0<\/b><\/p><p><b>\u00a0<i><u>DURANTE A LEITURA DO TEXTO, APROVEITE PARA OUVIR OS HINOS A NOSSA SENHORA APARECIDA<\/u><\/i><\/b><\/p><p><b>\u00a0<\/b><\/p><p><b>HINO\u00a0 VIRGEM\u00a0 M\u00c3E\u00a0 APARECIDA<\/b><\/p><!--[if lt IE 9]><script>document.createElement('audio');<\/script><![endif]-->\n<audio class=\"wp-audio-shortcode\" id=\"audio-2406-1\" preload=\"none\" style=\"width: 100%;\" controls=\"controls\"><source type=\"audio\/mpeg\" src=\"http:\/\/ligadosantorosario.com\/wp-content\/uploads\/HINO-N.-S.-APARECIDA-VIRGEM-MAE-APARECIDA.mp3?_=1\" \/><a href=\"http:\/\/ligadosantorosario.com\/wp-content\/uploads\/HINO-N.-S.-APARECIDA-VIRGEM-MAE-APARECIDA.mp3\">http:\/\/ligadosantorosario.com\/wp-content\/uploads\/HINO-N.-S.-APARECIDA-VIRGEM-MAE-APARECIDA.mp3<\/a><\/audio><p>\u00a0<b>HINO VIVA A M\u00c3E DE DEUS E NOSSA<\/b><\/p><audio class=\"wp-audio-shortcode\" id=\"audio-2406-2\" preload=\"none\" style=\"width: 100%;\" controls=\"controls\"><source type=\"audio\/mpeg\" src=\"http:\/\/ligadosantorosario.com\/wp-content\/uploads\/VIVA-A-MAE-DE-DEUS-E-NOSSA.mp3?_=2\" \/><a href=\"http:\/\/ligadosantorosario.com\/wp-content\/uploads\/VIVA-A-MAE-DE-DEUS-E-NOSSA.mp3\">http:\/\/ligadosantorosario.com\/wp-content\/uploads\/VIVA-A-MAE-DE-DEUS-E-NOSSA.mp3<\/a><\/audio><h4><strong>\u00a0 \u00a0<\/strong><strong style=\"color: var( --e-global-color-text );\">\u00a0<br \/><\/strong><strong>\u00a0\u00d3 Senhora Aparecida! Pela quarta vez o Brasil cat\u00f3lico \u2013 o Brasil brasileiro, portanto \u2013 p\u00e1ra a fim de Vos venerar. Considerai esta grande na\u00e7\u00e3o nobremente genuflexa e ponde sobre ela Vosso olhar de M\u00e3e.<\/strong><\/h4><h4><strong>A hora \u00e9 de afli\u00e7\u00e3o, Senhora, melhor do que qualquer brasileiro, o sabeis V\u00f3s que sois M\u00e3e de todos eles. Crise s\u00f3cio-econ\u00f4mica, crise moral, mais grave que tudo crise religiosa! O que num pa\u00eds fica fora da crise, quando ela se instalou em todos esses dom\u00ednios?<\/strong><\/h4><h4><strong>Sem embargo de toda essa crise, vamos transpondo gloriosamente um marco hist\u00f3rico. Pois estamos entrando no rol das na\u00e7\u00f5es que, por sua import\u00e2ncia, determinam o rumo dos acontecimentos presentes e t\u00eam em suas m\u00e3os os fios com que se tece o futuro dos povos.<br \/><\/strong><strong>Neste momento de apreens\u00f5es e esperan\u00e7as de gl\u00f3ria, \u00f3 Senhora, vimos agradecer-Vos os benef\u00edcios que, Medianeira sempre ouvida, nos obtivestes de Deus onipotente.<\/strong><\/h4><h4><strong>Agradecemo-Vos o territ\u00f3rio de dimens\u00f5es continentais e as riquezas que nele pusestes. Agradecemo-Vos a unidade do povo, cuja variegada composi\u00e7\u00e3o racial t\u00e3o bem se fundiu em grande caudal \u00e9tnica de origem lusa, e cujo ambiente cultural, inspirado pelo g\u00eanio latino, t\u00e3o bem assimilou as contribui\u00e7\u00f5es trazidas por habitantes de todas as latitudes.<br \/><\/strong><strong>Agradecemo-Vos a F\u00e9 cat\u00f3lica, com a qual fomos galardoados desde o momento bendito da Primeira Missa.<\/strong><\/h4><h4><strong>Agradecemo-Vos nossa Hist\u00f3ria, serena e harmoniosa, t\u00e3o mais cheia de cultura, de preces e de trabalho, do que desaven\u00e7as e de guerras. Agradecemo-Vos nossas guerras justas, iluminadas sempre pela aur\u00e9ola da vit\u00f3ria. Agradecemo-Vos nosso presente, t\u00e3o cheio de esperan\u00e7as, sem embargo das crises que nos assolam.<\/strong><\/h4><h4><strong>Agradecemo-Vos as na\u00e7\u00f5es deste Continente, que nos destes por vizinhas, e que, irmanadas conosco na F\u00e9 e na ra\u00e7a, na tradi\u00e7\u00e3o e nas esperan\u00e7as do porvir, percorrem ao nosso lado, numa conviv\u00eancia sempre mais \u00edntima, o mesmo caminho de apreens\u00f5es e de ascens\u00e3o.<br \/><\/strong><strong>Agradecemo-Vos nossa \u00edndole pac\u00edfica e desinteressada, que nos inclina a compreender que a primeira miss\u00e3o dos grandes \u00e9 servir, e que nossa grandeza, que desponta, nos foi dada n\u00e3o s\u00f3 para nosso bem, mas para o de todos.<\/strong><\/h4><h4><strong>Agradecemo-Vos o nos terdes feito chegar a este est\u00e1gio de nossa Hist\u00f3ria, no momento em que pelo mundo sopram tempestades, se acumulam problemas, terr\u00edveis op\u00e7\u00f5es espreitam, a cada passo, os indiv\u00edduos e os povos. Pois esta \u00e9, para n\u00f3s, a hora de servir ao mundo, realizando a miss\u00e3o crist\u00e3 das na\u00e7\u00f5es jovens deste hemisf\u00e9rio, chamadas a fazer brilhar aos olhos do mundo a verdadeira Luz que as trevas jamais conseguir\u00e3o apagar.<\/strong><\/h4><h4><strong>Nossa ora\u00e7\u00e3o, Senhora, n\u00e3o \u00e9, entretanto, a do fariseu orgulhoso e desleal, lembrado de suas qualidades, mas esquecido de suas faltas.<\/strong><\/h4><h4><strong>Pecamos. Em muitos aspectos, nosso Brasil de hoje n\u00e3o \u00e9 o Pa\u00eds profundamente crist\u00e3o com que sonharam N\u00f3brega e Anchieta. Na vida p\u00fablica como na dos indiv\u00edduos, terr\u00edveis germens de deteriora\u00e7\u00e3o se fazem notar, que mant\u00eam em sobressalto todos os esp\u00edritos l\u00facidos e vigilantes. Por tudo isto, Senhora, pedimo-Vos perd\u00e3o.<\/strong><\/h4><h4><strong>E, al\u00e9m do perd\u00e3o, Vos pedimos for\u00e7a. Pois sem o aux\u00edlio vindo de V\u00f3s nem os fracos conseguem vencer suas fraquezas, nem os bons alcan\u00e7am conter a viol\u00eancia e as tramas dos maus. Com o perd\u00e3o, \u00f3 M\u00e3e, pedimo-Vos tamb\u00e9m a b\u00ean\u00e7\u00e3o. Quanto confiamos nela! Sabemos que a b\u00ean\u00e7\u00e3o da m\u00e3e \u00e9 preciosa condi\u00e7\u00e3o para que a prece do filho seja ouvida, sua alma seja rija e generosa, seu trabalho seja honesto e fecundo, seu lar seja puro e feliz, suas lutas sejam nobres e merit\u00f3rias, suas venturas honradas e seus infort\u00fanios dignificantes.<\/strong><\/h4><h4><strong>Quanto \u00e9 rica destes e de todos os outros dons imagin\u00e1veis, a Vossa b\u00ean\u00e7\u00e3o, \u00f3 Maria, que Sois a M\u00e3e das m\u00e3es, a M\u00e3e de todos os homens, a m\u00e3e virginal do Homem-Deus!<\/strong><\/h4><h4><strong>Sim, \u00f3 Maria, aben\u00e7oai-nos, cumulai-nos de gra\u00e7as, e mais do que todas, concedei-nos a gra\u00e7a das gra\u00e7as. \u00d3 M\u00e3e, uni intimamente a V\u00f3s este Vosso Brasil. Protegei-o mais e mais. Tornai sempre mais maternal o patroc\u00ednio t\u00e3o generoso que nos outorgastes. Tornai sempre mais largo e mais misericordioso o perd\u00e3o que sempre nos concedestes. Aumentai vossa largueza no que diz respeito aos bens da terra, mas, sobretudo, elevai nossas almas no desejo dos bens do C\u00e9u. Fazei-nos sempre mais fortes na luta por Cristo-Rei. Filho vosso e Senhor nosso. De sorte que, dispostos sempre a abandonar tudo para Lhe sermos fi\u00e9is, em n\u00f3s se cumpra a promessa divina, do c\u00eantuplo nesta terra e da bem-aventuran\u00e7a eterna.<\/strong><\/h4><h4><strong>\u00d3 Senhora Aparecida, Rainha do Brasil!! Com que palavras de louvor e de afeto Vos saudar, no fecho desta prece de a\u00e7\u00e3o de gra\u00e7as e s\u00faplica? Onde encontr\u00e1-las, sen\u00e3o nos pr\u00f3prios Livros Sagrados, j\u00e1 que sois superior a qualquer louvor humano? De V\u00f3s exclamava, profeticamente, o povo eleito, palavras que amorosamente aqui repetimos:<br \/><\/strong><strong>\u201cTu gloria Jerusalem, tu laetitia Israel, tu honorificentia populi nostro\u201d. Sois V\u00f3s a gl\u00f3ria, V\u00f3s a alegria, V\u00f3s a honra deste povo que Vos ama!<\/strong><\/h4>\t\t\t\t\t\t<\/div>\n\t\t\t\t<\/div>\n\t\t\t\t\t<\/div>\n\t\t<\/div>\n\t\t\t\t\t<\/div>\n\t\t<\/section>\n\t\t\t\t<section class=\"elementor-section elementor-top-section elementor-element elementor-element-79f9438 elementor-section-boxed elementor-section-height-default elementor-section-height-default\" data-id=\"79f9438\" data-element_type=\"section\">\n\t\t\t\t\t\t<div class=\"elementor-container elementor-column-gap-default\">\n\t\t\t\t\t<div class=\"elementor-column elementor-col-100 elementor-top-column elementor-element elementor-element-c9ce962\" data-id=\"c9ce962\" data-element_type=\"column\">\n\t\t\t<div class=\"elementor-widget-wrap elementor-element-populated\">\n\t\t\t\t\t\t<div class=\"elementor-element elementor-element-55edb74 elementor-widget elementor-widget-image\" data-id=\"55edb74\" data-element_type=\"widget\" data-widget_type=\"image.default\">\n\t\t\t\t<div class=\"elementor-widget-container\">\n\t\t\t\t\t\t\t\t\t\t\t\t\t<img decoding=\"async\" width=\"320\" height=\"180\" src=\"https:\/\/ligadosantorosario.com\/wp-content\/uploads\/Santuario_NSA.jpg\" class=\"attachment-large size-large wp-image-2006\" alt=\"\" srcset=\"https:\/\/ligadosantorosario.com\/wp-content\/uploads\/Santuario_NSA.jpg 320w, https:\/\/ligadosantorosario.com\/wp-content\/uploads\/Santuario_NSA-300x169.jpg 300w\" sizes=\"(max-width: 320px) 100vw, 320px\" \/>\t\t\t\t\t\t\t\t\t\t\t\t\t<\/div>\n\t\t\t\t<\/div>\n\t\t\t\t\t<\/div>\n\t\t<\/div>\n\t\t\t\t\t<\/div>\n\t\t<\/section>\n\t\t\t\t<section class=\"elementor-section elementor-top-section elementor-element elementor-element-b275590 elementor-section-boxed elementor-section-height-default elementor-section-height-default\" data-id=\"b275590\" data-element_type=\"section\">\n\t\t\t\t\t\t<div class=\"elementor-container elementor-column-gap-default\">\n\t\t\t\t\t<div class=\"elementor-column elementor-col-100 elementor-top-column elementor-element elementor-element-6ce8197\" data-id=\"6ce8197\" data-element_type=\"column\">\n\t\t\t<div class=\"elementor-widget-wrap elementor-element-populated\">\n\t\t\t\t\t\t<div class=\"elementor-element elementor-element-8e9e114 elementor-widget elementor-widget-text-editor\" data-id=\"8e9e114\" data-element_type=\"widget\" data-widget_type=\"text-editor.default\">\n\t\t\t\t<div class=\"elementor-widget-container\">\n\t\t\t\t\t\t\t<h4><strong>Hist\u00f3ria: Nossa Senhora da Concei\u00e7\u00e3o Aparecida<br \/><\/strong>Nossa Senhora da Concei\u00e7\u00e3o Aparecida, popularmente chamada de Nossa Senhora Aparecida, \u00e9 uma das invoca\u00e7\u00f5es de Maria, m\u00e3e de Jesus. \u00c9 a padroeira do Brasil.[2]<\/h4><h4>Venerada na Igreja Cat\u00f3lica,[1] Nossa Senhora Aparecida \u00e9 representada de pele negra por uma pequena imagem de terracota de Nossa Senhora da Imaculada Concei\u00e7\u00e3o, atualmente alojada na Catedral Bas\u00edlica de Nossa Senhora Aparecida, localizada na cidade de Aparecida, em S\u00e3o Paulo.<\/h4><h4><br \/><strong>Hist\u00f3rico<\/strong><\/h4><h4><strong><br \/><\/strong><u>Achado da imagem<br \/><\/u><u>\u00a0<br \/><\/u>\u00a0Representa\u00e7\u00e3o da pesca em que ocorreu o achado da imagem de Nossa Senhora Aparecida.<\/h4>\t\t\t\t\t\t<\/div>\n\t\t\t\t<\/div>\n\t\t\t\t\t<\/div>\n\t\t<\/div>\n\t\t\t\t\t<\/div>\n\t\t<\/section>\n\t\t\t\t<section class=\"elementor-section elementor-top-section elementor-element elementor-element-cd0edb7 elementor-section-boxed elementor-section-height-default elementor-section-height-default\" data-id=\"cd0edb7\" data-element_type=\"section\">\n\t\t\t\t\t\t<div class=\"elementor-container elementor-column-gap-default\">\n\t\t\t\t\t<div class=\"elementor-column elementor-col-100 elementor-top-column elementor-element elementor-element-e995f2a\" data-id=\"e995f2a\" data-element_type=\"column\">\n\t\t\t<div class=\"elementor-widget-wrap elementor-element-populated\">\n\t\t\t\t\t\t<div class=\"elementor-element elementor-element-e947f88 elementor-widget elementor-widget-image\" data-id=\"e947f88\" data-element_type=\"widget\" data-widget_type=\"image.default\">\n\t\t\t\t<div class=\"elementor-widget-container\">\n\t\t\t\t\t\t\t\t\t\t\t\t\t<img loading=\"lazy\" decoding=\"async\" width=\"270\" height=\"180\" src=\"https:\/\/ligadosantorosario.com\/wp-content\/uploads\/Pesca_imagem_NSA.jpg\" class=\"attachment-large size-large wp-image-2005\" alt=\"\" \/>\t\t\t\t\t\t\t\t\t\t\t\t\t<\/div>\n\t\t\t\t<\/div>\n\t\t\t\t\t<\/div>\n\t\t<\/div>\n\t\t\t\t\t<\/div>\n\t\t<\/section>\n\t\t\t\t<section class=\"elementor-section elementor-top-section elementor-element elementor-element-96ad74e elementor-section-boxed elementor-section-height-default elementor-section-height-default\" data-id=\"96ad74e\" data-element_type=\"section\">\n\t\t\t\t\t\t<div class=\"elementor-container elementor-column-gap-default\">\n\t\t\t\t\t<div class=\"elementor-column elementor-col-100 elementor-top-column elementor-element elementor-element-d29e3f5\" data-id=\"d29e3f5\" data-element_type=\"column\">\n\t\t\t<div class=\"elementor-widget-wrap elementor-element-populated\">\n\t\t\t\t\t\t<div class=\"elementor-element elementor-element-973266c elementor-widget elementor-widget-text-editor\" data-id=\"973266c\" data-element_type=\"widget\" data-widget_type=\"text-editor.default\">\n\t\t\t\t<div class=\"elementor-widget-container\">\n\t\t\t\t\t\t\t<h4>H\u00e1 duas fontes sobre o achado da imagem, que se encontram no Arquivo da C\u00faria Metropolitana de Aparecida (anterior a 1743) e no Arquivo da Companhia de Jesus, em Roma: a hist\u00f3ria registrada pelos padres Jos\u00e9 Alves Vilela, em 1743, e Jo\u00e3o de Morais e Aguiar, em 1757, cujos documentos se encontram no Primeiro Livro de Tombo da Par\u00f3quia de Santo Ant\u00f4nio de Guaratinguet\u00e1.[3]<br>Segundo os relatos, a apari\u00e7\u00e3o da imagem ocorreu na segunda quinzena de outubro de 1717,[6] quando Pedro Miguel de Almeida Portugal e Vasconcelos, conde de Assumar e governante da capitania de S\u00e3o Paulo e Minas de Ouro, estava de passagem pela cidade de Guaratinguet\u00e1, no vale do Para\u00edba,[1][7] durante uma viagem at\u00e9 Vila Rica.[8][9]<\/h4>\n<h4>O povo de Guaratinguet\u00e1 decidiu fazer uma festa em homenagem \u00e0 presen\u00e7a de Dom Pedro de Almeida e, apesar de n\u00e3o ser temporada de pesca, os pescadores lan\u00e7aram seus barcos no rio Para\u00edba do Sul, com a inten\u00e7\u00e3o de oferecerem peixes ao conde.[1][7] Domingos Garcia, Jo\u00e3o Alves e Filipe Pedroso rezaram para \u00e0 Virgem Maria e pediram a ajuda de Deus.[1][7] Ap\u00f3s v\u00e1rias tentativas infrut\u00edferas, desceram o curso do rio at\u00e9 chegarem ao Porto Itagua\u00e7u.[9] Eles j\u00e1 estavam para desistir da pescaria quando Jo\u00e3o Alves jogou sua rede novamente,[1][7] em vez de peixes, apanhou o corpo de uma imagem da Virgem Maria, sem a cabe\u00e7a.[1][7] Ao lan\u00e7ar a rede novamente, apanhou a cabe\u00e7a da imagem,[1][7] que foi envolvida em um len\u00e7o.[8] Ap\u00f3s terem recuperado as duas partes, a figura da Virgem Aparecida teria ficado t\u00e3o pesada que eles n\u00e3o conseguiam mais mov\u00ea-la.[10] A partir daquele momento, os tr\u00eas pescadores apanharam tantos peixes que se viram for\u00e7ados a retornar ao porto, uma vez que o volume da pesca amea\u00e7ava afundar as embarca\u00e7\u00f5es.[11] Esta foi a primeira intercess\u00e3o atribu\u00edda \u00e0 santa.[7][12]<br><strong><br><\/strong><\/h4>\n<h4><strong>In\u00edcio da devo\u00e7\u00e3o<\/strong><\/h4>\n<h4><strong><br><\/strong>Durante os quinze anos seguintes, a imagem permaneceu na resid\u00eancia de Filipe Pedroso, onde as pessoas da vizinhan\u00e7a se reuniam para orar.[9][13] A devo\u00e7\u00e3o foi crescendo entre o povo da regi\u00e3o e houve relatos de milagres por aqueles que oravam diante da santa.[9] A fama de seus poderes foi se espalhando por todas as regi\u00f5es do Brasil.[9] Diversas vezes as pessoas que \u00e0 noite faziam diante dela as suas ora\u00e7\u00f5es, diziam que viam luzes de repente apagadas e depois de um pouco reacendidas sem nenhuma interven\u00e7\u00e3o humana. Logo, j\u00e1 n\u00e3o eram somente os pescadores os que vinham rezar, mas tamb\u00e9m muitas outras pessoas das vizinhan\u00e7as. A fam\u00edlia construiu um orat\u00f3rio no Porto de Itagua\u00e7u, que logo tornou-se pequeno para abrigar tantos fi\u00e9is.[9][13]<\/h4>\n<h4>Assim, por volta de 1734, o vig\u00e1rio de Guaratinguet\u00e1 construiu uma capela no alto do morro dos Coqueiros, aberta \u00e0 visita\u00e7\u00e3o p\u00fablica em 26 de julho de 1745.[9][13] A capela foi erguida com a ajuda do filho de Filipe Pedroso, que n\u00e3o aprovava o local escolhido, pois considerava mais c\u00f4modo para os fi\u00e9is uma regi\u00e3o pr\u00f3xima ao povoado.[14]<\/h4>\n<h4>No dia 20 de abril de 1822, em viagem pelo Vale do Para\u00edba, o ent\u00e3o Pr\u00edncipe Regente do Brasil, Dom Pedro I e sua comitiva, visitaram a capela e conheceram a imagem de Nossa Senhora Aparecida. Dom Pedro tinha novo compromisso p\u00fablico: visitar a ent\u00e3o capela de Nossa Senhora Aparecida, hoje no munic\u00edpio de Aparecida. Tratava-se de um importante ponto de peregrina\u00e7\u00e3o cat\u00f3lica, pois o pequeno templo havia sido erguido justamente para abrigar a imagem da santa, chamada de Nossa Senhora Aparecida, encontrada ali na regi\u00e3o em 1717 e, depois, proclamada padroeira do Brasil. Rezzutti conta que antigos relatos afirmam que Dom Pedro teria rezado na igrejinha e feito uma promessa: se tudo corresse bem, ele faria de Nossa Senhora Aparecida a padroeira do Brasil independente. Na realidade, depois de se tornar imperador, Pedro I escolheu S\u00e3o Pedro de Alc\u00e2ntara como padroeiro. O n\u00famero de fi\u00e9is n\u00e3o parava de aumentar e, em 1834, foi iniciada a constru\u00e7\u00e3o de um templo maior (a atual Bas\u00edlica Velha),[9] sendo solenemente inaugurado e benzido em 8 de dezembro de 1888.[15][16]<br><strong><br><\/strong><\/h4>\n<h4><strong>Coroa de ouro e o manto azul dado pela princesa Isabel<\/strong><\/h4>\n<h4><strong><br><\/strong>Em 6 de novembro de 1888, a princesa Isabel visitou pela segunda vez a bas\u00edlica e ofertou \u00e0 santa, em pagamento de uma promessa feita em sua primeira visita, em 8 de dezembro de 1868, uma coroa de ouro cravejada de diamantes[17] e rubis, juntamente com um manto azul, ricamente ornado. Segue a ora\u00e7\u00e3o da princesa:<\/h4>\n<h4>\n<p><b><span style=\"color: rgb(31, 31, 31); font-family: &quot;Google Sans&quot;, Arial, sans-serif; font-size: 20px; text-align: left;\">\u201cEu, diante de V\u00f3s, sou uma&nbsp;<\/span><span style=\"background-image: linear-gradient(90deg, rgb(211, 227, 253) 50%, rgba(0, 0, 0, 0) 50%); background-position: 0% 0px; background-size: 200% 100%; background-repeat: no-repeat; background-attachment: initial; background-origin: initial; background-clip: initial; color: rgb(4, 12, 40); animation: 0.75s cubic-bezier(0.05, 0.7, 0.1, 1) 0.25s 1 normal forwards running highlight; font-family: &quot;Google Sans&quot;, Arial, sans-serif; font-size: 20px; text-align: left;\">Princesa<\/span><span style=\"color: rgb(31, 31, 31); font-family: &quot;Google Sans&quot;, Arial, sans-serif; font-size: 20px; text-align: left;\">&nbsp;da terra e me curvo, pois \u00e9s a Rainha do C\u00e9u e Te dou t\u00e3o pobre presente que \u00e9 uma coroa que seria igual \u00e0 minha, <i><u>e se eu n\u00e3o me sentar no Trono do Brasil<\/u><\/i>,<u><i> rogo que a&nbsp;<\/i><\/u><\/span><u><i><span style=\"background-image: linear-gradient(90deg, rgb(211, 227, 253) 50%, rgba(0, 0, 0, 0) 50%); background-position: 0% 0px; background-size: 200% 100%; background-repeat: no-repeat; background-attachment: initial; background-origin: initial; background-clip: initial; color: rgb(4, 12, 40); animation: 0.75s cubic-bezier(0.05, 0.7, 0.1, 1) 0.25s 1 normal forwards running highlight; font-family: &quot;Google Sans&quot;, Arial, sans-serif; font-size: 20px; text-align: left;\">Senhora<\/span><span style=\"color: rgb(31, 31, 31); font-family: &quot;Google Sans&quot;, Arial, sans-serif; font-size: 20px; text-align: left;\">&nbsp;se sente nele por mim e governe perpetuamente o Brasil\u201d.<\/span><\/i><\/u><\/b><\/p>\n<p><strong><br><\/strong><\/p><\/h4>\n<h4><strong>Chegada dos mission\u00e1rios redentoristas<\/strong><\/h4>\n<h4><strong><br><\/strong>Em 28 de outubro de 1894 chegou a Aparecida um grupo de padres e irm\u00e3os da Congrega\u00e7\u00e3o dos Mission\u00e1rios Redentoristas, para trabalhar no atendimento aos romeiros que acorriam aos p\u00e9s da imagem para rezar com a Senhora &#8220;Aparecida&#8221; das \u00e1guas.<br><strong><br><\/strong><\/h4>\n<h4><strong>Coroa\u00e7\u00e3o can\u00f4nica da imagem<\/strong><\/h4>\n<h4><strong><br><\/strong>A 8 de setembro de 1904, a imagem foi coroada com a coroa doada pela Princesa Isabel e portando o manto anil bordado em ouro e pedrarias, s\u00edmbolos de sua realeza e patrono. A celebra\u00e7\u00e3o solene foi dirigida por D. Jos\u00e9 Camargo Barros, com a presen\u00e7a do n\u00fancio apost\u00f3lico, muitos bispos, o presidente da Rep\u00fablica Rodrigues Alves e numeroso povo. Depois da coroa\u00e7\u00e3o o papa concedeu ao santu\u00e1rio de Aparecida mais outros favores: of\u00edcio e missa pr\u00f3pria de Nossa Senhora Aparecida e indulg\u00eancias para os romeiros que v\u00e3o em peregrina\u00e7\u00e3o ao Santu\u00e1rio.[18][19]<\/h4>\n<h4>&nbsp;<\/h4>\n<h4><strong>Instala\u00e7\u00e3o da bas\u00edlica<\/strong><\/h4>\n<h4><strong><br><\/strong>No dia 29 de abril de 1908, a igreja recebeu o t\u00edtulo de Bas\u00edlica Menor, sagrada a 5 de setembro de 1909 recebeu a rel\u00edquia de s\u00e3o Vicente M\u00e1rtir, trazidos de Roma com permiss\u00e3o do Papa.<br><strong><br><\/strong><\/h4>\n<h4><strong>Emancipa\u00e7\u00e3o pol\u00edtico-administrativa<\/strong><\/h4>\n<h4><strong><br><\/strong>Em 17 de dezembro de 1928, a vila que se formara ao redor da igreja no alto do Morro dos Coqueiros emancipou-se politicamente de Guaratinguet\u00e1 e se tornou um munic\u00edpio, vindo a se chamar Aparecida, em homenagem \u00e0 Nossa Senhora, cuja devo\u00e7\u00e3o fora respons\u00e1vel por sua cria\u00e7\u00e3o.<br><strong><br><\/strong><\/h4>\n<h4><strong>Rainha e Padroeira do Brasil<\/strong><\/h4>\n<h4><strong><br><\/strong>Nossa Senhora da Concei\u00e7\u00e3o Aparecida foi proclamada Rainha do Brasil e sua Padroeira Principal em 16 de julho de 1930, por decreto do Papa Pio XI.[20] A imagem j\u00e1 havia sido coroada anteriormente, em nome do Papa Pio X, por decreto da Santa S\u00e9, em 1904.<br>Pela Lei n.\u00ba 6 802, de 30 de junho de 1980,[21] foi decretado oficialmente feriado o dia 12 de outubro, dedicando-se este dia \u00e0 devo\u00e7\u00e3o. Tamb\u00e9m nesta lei, a Rep\u00fablica Federativa do Brasil reconhece oficialmente Nossa Senhora Aparecida como padroeira do Brasil.<br><strong><br><\/strong><\/h4>\n<h4><strong>General\u00edssima do Ex\u00e9rcito Brasileiro<\/strong><\/h4>\n<h4><strong><br><\/strong>Na ocasi\u00e3o das comemora\u00e7\u00f5es do tricenten\u00e1rio (1717-2017) do encontro da vener\u00e1vel imagem de Nossa Senhora da Concei\u00e7\u00e3o Aparecida, a Virgem Maria foi homenageada com diversos t\u00edtulos eclesi\u00e1sticos e civis concedidos em reconhecimento.<\/h4>\n<h4>Dentre os j\u00e1 mencionados acima, Rainha do Brasil, conferido em 1904 e o de Padroeira do Brasil, em 1931, junto a estes t\u00edtulos une-se outro com especial destaque o de General\u00edssima do Ex\u00e9rcito Brasileiro, contudo tratar-se de um t\u00edtulo completamente civil e \u00fanico na hist\u00f3ria do pa\u00eds, outorgado em 15 de agosto de 1967, cujo jubileu de ouro (50 anos) foi comemorado.<\/h4>\n<h4>Em 17 de abril de 1965, uma comiss\u00e3o de militares de Belo Horizonte, encaminhou ao Reitor do Santu\u00e1rio de Aparecida o pedido de peregrina\u00e7\u00e3o nacional da imagem, em decorr\u00eancia das comemora\u00e7\u00f5es dos 250 anos de seu encontro, a iniciar pela capital mineira Belo Horizonte. O pedido fora levado \u00e0 Aparecida, em pergaminho, pelo comandante da Pol\u00edcia Militar do Estado de Minas Gerais, tenente-coronel Ant\u00f4nio de Santa Cec\u00edlia, o documento trazia os seguintes dizeres:<br>&#8220;O Povo Mineiro, interpretando o desejo de todo o Povo Brasileiro, vem, pela comiss\u00e3o abaixo relacionada, respeitosamente. Pedir a Vossa Emin\u00eancia Reverend\u00edssima e ao D.D. Conselho Administrativo da Bas\u00edlica de Nossa Senhora Aparecida, que se dignem conceder licen\u00e7a para que a Imagem de Nossa Senhora Aparecida, Padroeira do Brasil, seja levada em triunfante peregrina\u00e7\u00e3o \u00e0s Capitais de todos os Estados do Brasil, sendo em Bras\u00edlia aclamada General\u00edssima das Gloriosas For\u00e7as Armadas Brasileiras\u201d. Segue-se a assinatura do ent\u00e3o Presidente da Rep\u00fablica: Marechal Humberto de Alencar Castelo Branco.<\/h4>\n<h4>O pedido de peregrina\u00e7\u00e3o acabou n\u00e3o sendo atendido, o t\u00edtulo de General\u00edssima do Ex\u00e9rcito Brasileiro foi protelado e, assim, coube posteriormente ao ent\u00e3o Presidente da Rep\u00fablica, Marechal Arthur da Costa e Silva, outorgar em 1967 o t\u00edtulo, ato que aconteceu em Aparecida, durante as comemora\u00e7\u00f5es dos 250 anos do encontro da imagem, na ocasi\u00e3o em que foi entregue pelo legado pontif\u00edcio, o Cardeal Amleto Cicognani, a Rosa de Ouro \u2013 alta condecora\u00e7\u00e3o pontif\u00edcia exclusiva a mulheres \u2013 oferecida pelo Papa Paulo VI, em 15 de agosto de 1967, sendo assim, a imagem de Nossa Senhora da Aparecida passou a contar com o reconhecimento civil conferido pela patente mais alta do Ex\u00e9rcito Brasileiro, sendo-lhe prestadas as devidas honras militares.[22]<br><strong><br><\/strong><\/h4>\n<h4><strong>Rosa de Ouro<\/strong><\/h4>\n<h4><strong><br><\/strong>Em 1967, ao completar-se 250 anos da devo\u00e7\u00e3o, o Papa Paulo VI ofereceu ao Santu\u00e1rio a \u201cRosa de Ouro\u201d, gesto repetido pelo Papa Bento XVI, que ofereceu outra rosa, em 2007, em decorr\u00eancia da sua viagem apost\u00f3lica ao pa\u00eds nesse mesmo ano, reconhecendo a import\u00e2ncia da santa devo\u00e7\u00e3o.[23] Em 9 de outubro de 2017, o Papa Francisco concedeu a terceira rosa, em comemora\u00e7\u00e3o aos 300 anos da apari\u00e7\u00e3o da imagem.[24]<br><strong><br><\/strong><\/h4>\n<h4><strong>Bas\u00edlica de Nossa Senhora Aparecida<\/strong><\/h4>\n<h4><strong><br><\/strong>Houve necessidade de um local maior para os romeiros, assim, em 1955 iniciou-se a constru\u00e7\u00e3o da Bas\u00edlica Nova.[13] O arquiteto Benedito Calixto idealizou um edif\u00edcio em forma de cruz grega, com 173 m de comprimento por 168 m de largura; as naves com 40 m e a c\u00fapula com 70 m de altura.[13]<br>Em 4 de julho de 1980, o Papa Jo\u00e3o Paulo II, em sua visita ao Brasil, consagrou a Bas\u00edlica de Nossa Senhora Aparecida, o maior santu\u00e1rio mariano do mundo, em solene missa celebrada, revigorando a devo\u00e7\u00e3o \u00e0 Santa Maria, M\u00e3e de Deus, e sagrando solenemente aquele grandioso monumento.<br><strong><br><\/strong><\/h4>\n<h4><strong>Centen\u00e1rio da coroa\u00e7\u00e3o<\/strong><\/h4>\n<h4><strong><br><\/strong>No m\u00eas de maio de 2004, o Papa Jo\u00e3o Paulo II concedeu indulg\u00eancias aos devotos de Nossa Senhora Aparecida, por ocasi\u00e3o das comemora\u00e7\u00f5es do centen\u00e1rio da coroa\u00e7\u00e3o da imagem e proclama\u00e7\u00e3o de Nossa Senhora como Padroeira do Brasil. Ap\u00f3s um concurso nacional, devotos e autoridades eclesiais elegeram a Coroa do Centen\u00e1rio, que marcaria as festividades do jubileu de coroa\u00e7\u00e3o realizado naquele ano.<br><strong><br><\/strong><\/h4>\n<h4><strong>Descri\u00e7\u00e3o da imagem<\/strong><\/h4>\n<h4><strong><br><\/strong>&nbsp;A imagem, tal como se encontra no interior da Bas\u00edlica.<br>A imagem retirada das \u00e1guas do rio Para\u00edba do Sul em 1717 mede trinta e seis cent\u00edmetros de altura e \u00e9 de terracota, ou seja, argila que ap\u00f3s modelada \u00e9 cozida num forno apropriado.[12] Representa a Imaculada Concei\u00e7\u00e3o.[25] Em estilo seiscentista, como atestado por diversos especialistas que a analisaram, acredita-se que originalmente apresentaria uma policromia, como era costume \u00e0 \u00e9poca, embora n\u00e3o haja documenta\u00e7\u00e3o que comprove tal suspeita.[9] A argila utilizada para a confec\u00e7\u00e3o da imagem \u00e9 oriunda da regi\u00e3o de Santana do Parna\u00edba, na Grande S\u00e3o Paulo.[9] Quando recolhida pelos pescadores, estava sem a policromia original, devido ao longo per\u00edodo em que esteve submersa nas \u00e1guas do rio.[9] A cor de canela que apresenta hoje deve-se \u00e0 exposi\u00e7\u00e3o secular \u00e0 fuligem produzida pelas chamas das velas, lamparinas e candeeiros, acesas por seus devotos.[9][26]<\/h4>\n<h4>Atrav\u00e9s de estudos comparativos, a autoria da imagem foi atribu\u00edda ao frei Agostinho de Jesus, um monge de S\u00e3o Paulo conhecido por sua habilidade na arte sacra.[1][9] Tais caracter\u00edsticas incluem a forma sorridente dos l\u00e1bios, queixo encravado, flores em relevo no cabelo, broche de tr\u00eas p\u00e9rolas na testa e porte empinado para tr\u00e1s.[9] O motivo pelo qual a imagem se encontrava no fundo do rio Para\u00edba \u00e9 que, durante o per\u00edodo colonial, as imagens sacras de terracota eram jogadas em rios ou enterradas quando quebradas.[27]<\/h4>\n<h4>A imagem foi tombada pelo Conselho de Defesa do Patrim\u00f4nio Hist\u00f3rico, Arqueol\u00f3gico, Art\u00edstico e Tur\u00edstico do Estado (Condephaat), em 2012, sendo considerada como patrim\u00f4nio do Estado de S\u00e3o Paulo.[28]<br><strong><br><\/strong><\/h4>\n<h4><strong>Atentado \u00e0 imagem<\/strong><\/h4>\n<h4><strong><br><\/strong>&nbsp;Os fragmentos do corpo da imagem, depois do atentado de 1978.d<\/h4>\t\t\t\t\t\t<\/div>\n\t\t\t\t<\/div>\n\t\t\t\t\t<\/div>\n\t\t<\/div>\n\t\t\t\t\t<\/div>\n\t\t<\/section>\n\t\t\t\t<section class=\"elementor-section elementor-top-section elementor-element elementor-element-20f3cd2 elementor-section-boxed elementor-section-height-default elementor-section-height-default\" data-id=\"20f3cd2\" data-element_type=\"section\">\n\t\t\t\t\t\t<div class=\"elementor-container elementor-column-gap-default\">\n\t\t\t\t\t<div class=\"elementor-column elementor-col-100 elementor-top-column elementor-element elementor-element-a5c6da2\" data-id=\"a5c6da2\" data-element_type=\"column\">\n\t\t\t<div class=\"elementor-widget-wrap elementor-element-populated\">\n\t\t\t\t\t\t<div class=\"elementor-element elementor-element-d394317 elementor-widget elementor-widget-image\" data-id=\"d394317\" data-element_type=\"widget\" data-widget_type=\"image.default\">\n\t\t\t\t<div class=\"elementor-widget-container\">\n\t\t\t\t\t\t\t\t\t\t\t\t\t<img loading=\"lazy\" decoding=\"async\" width=\"121\" height=\"180\" src=\"https:\/\/ligadosantorosario.com\/wp-content\/uploads\/Imagem_NSA_quebrada.jpg\" class=\"attachment-large size-large wp-image-2008\" alt=\"\" \/>\t\t\t\t\t\t\t\t\t\t\t\t\t<\/div>\n\t\t\t\t<\/div>\n\t\t\t\t\t<\/div>\n\t\t<\/div>\n\t\t\t\t\t<\/div>\n\t\t<\/section>\n\t\t\t\t<section class=\"elementor-section elementor-top-section elementor-element elementor-element-cf3e2a1 elementor-section-boxed elementor-section-height-default elementor-section-height-default\" data-id=\"cf3e2a1\" data-element_type=\"section\">\n\t\t\t\t\t\t<div class=\"elementor-container elementor-column-gap-default\">\n\t\t\t\t\t<div class=\"elementor-column elementor-col-100 elementor-top-column elementor-element elementor-element-afb3196\" data-id=\"afb3196\" data-element_type=\"column\">\n\t\t\t<div class=\"elementor-widget-wrap elementor-element-populated\">\n\t\t\t\t\t\t<div class=\"elementor-element elementor-element-e0f9679 elementor-widget elementor-widget-text-editor\" data-id=\"e0f9679\" data-element_type=\"widget\" data-widget_type=\"text-editor.default\">\n\t\t\t\t<div class=\"elementor-widget-container\">\n\t\t\t\t\t\t\t<h4>Em 1978, ap\u00f3s sofrer um atentado que a reduziu a quase duzentos fragmentos, a imagem foi encaminhada a Pietro Maria Bardi, \u00e0 \u00e9poca diretor do Museu de Arte de S\u00e3o Paulo (MASP), que a examinou, juntamente com Jo\u00e3o Marino, colecionador de imagens sacras brasileiras.[9] Foi ent\u00e3o totalmente restaurada, no MASP, pelas m\u00e3os da artista pl\u00e1stica Maria Helena Chartuni.[9][29]<br \/><strong><br \/><\/strong><\/h4><h4><strong>Primeiros milagres<\/strong><\/h4><h4><strong><br \/><\/strong>Em 1748, o padre Francisco da Silveira, estava em missa realizada onde hoje \u00e9 o munic\u00edpio de Aparecida, quando escreveu uma cr\u00f4nica onde menciona a imagem de Nossa Senhora como \u201cfamosa por muitos milagres realizados\u201d. Na mesma cr\u00f4nica descreve que os peregrinos se locomoviam grandes dist\u00e2ncias para agradecer as gra\u00e7as alcan\u00e7adas.[26]<br \/><strong><br \/><\/strong><\/h4><h4><strong>Milagre das velas<\/strong><\/h4><h4><strong><br \/><\/strong>Estando a noite serena, repentinamente as duas velas que iluminavam a Santa se apagaram. Houve espanto entre os devotos, e Silvana da Rocha, querendo acend\u00ea-las novamente, n\u00e3o conseguiu, pois elas acenderam por si mesmas.[13] Este relato, provavelmente de 1733, \u00e9 tido como um milagre de Nossa Senhora por seus devotos.<\/h4><h4><strong>\u00a0<\/strong><\/h4><h4><strong>Caem as correntes<\/strong><\/h4><h4>Em meados de 1850, um escravo chamado Zacarias, preso por grossas correntes, ao passar pela igreja onde se encontrava a imagem de Nossa Senhora Aparecida, pede ao feitor permiss\u00e3o para rezar. Recebendo autoriza\u00e7\u00e3o, o escravo se ajoelha diante de Nossa Senhora Aparecida e reza fervorosamente. Durante a ora\u00e7\u00e3o as correntes milagrosamente soltam-se de seus pulsos, deixando Zacarias livre.[13]<br \/><strong><br \/><\/strong><\/h4><h4><strong>Cavaleiro e a marca da ferradura<\/strong><\/h4><h4><strong><br \/><\/strong>Um cavaleiro de Cuiab\u00e1, passando por Aparecida, ao se dirigir para Minas Gerais, viu a f\u00e9 dos romeiros e come\u00e7ou a zombar, dizendo que aquela f\u00e9 era uma bobagem. Quis provar o que dizia, entrando a cavalo na igreja. Logo na escadaria, a pata de seu cavalo se prendeu na pedra da escada do templo (Bas\u00edlica Velha), vindo a derrubar o cavaleiro; ap\u00f3s o fato, a marca da ferradura ficou cravada na pedra. O cavaleiro arrependido pediu perd\u00e3o e tornou-se devoto.[13]<br \/><strong><br \/><\/strong><\/h4><h4><strong>A menina cega de nascen\u00e7a de Jaboticabal \u2013 SP<\/strong><\/h4><h4><strong><br \/><\/strong>Por serem muito devotos de Nossa Senhora Aparecida, os membros da fam\u00edlia Vaz, de Jaboticabal, rezavam e falavam muito sobre os acontecimentos referentes \u00e0 Nossa Senhora Aparecida. O casal desta fam\u00edlia tinha uma filha que era cega de nascen\u00e7a e que sempre ouvia atentamente o que falavam. A menina tinha uma vontade muito grande de ir \u00e0 Igreja, uma viagem dif\u00edcil para a \u00e9poca. Mas com muita dificuldade, f\u00e9 e perseveran\u00e7a, por\u00e9m a fam\u00edlia enfrentou os obst\u00e1culos e chegou \u00e0s escadarias da Igreja, quando a menina exclamou: \u201cM\u00e3e, como \u00e9 linda esta Igreja!\u201d. A partir daquele momento ela passou a enxergar normalmente.[13]<br \/><strong><br \/><\/strong><\/h4><h4><strong>O menino no rio<\/strong><\/h4><h4><strong><br \/><\/strong>Pai e filho foram pescar. Durante a pescaria a correnteza estava muito forte e por um descuido o menino caiu no rio. Ele n\u00e3o sabia nadar e a correnteza o arrastava cada vez mais r\u00e1pido e o pai desesperado pediu a Nossa Senhora Aparecida para salvar o menino. De repente, o corpo do menino parou de ser arrastado enquanto a forte correnteza continuava, podendo assim o pai salvar o menino.[13]<br \/><strong><br \/><\/strong><\/h4><h4><strong>O homem e a on\u00e7a<\/strong><\/h4><h4><strong><br \/><\/strong>Um homem estava voltando para sua casa, quando deparou-se com uma on\u00e7a. Ele se viu encurralado e a on\u00e7a estava prestes a atacar, ent\u00e3o o homem pediu desesperado a Nossa Senhora Aparecida por sua vida, e a on\u00e7a foi embora.[13]<br \/><strong><br \/><\/strong><\/h4><h4><strong>Coroa comemorativa<br \/><\/strong>\u00a0<strong>Bas\u00edlica de Nossa Senhora Aparecida, Brasil.<\/strong><\/h4><h4><strong><br \/><\/strong>Para celebrar o centen\u00e1rio da Coroa\u00e7\u00e3o da Imagem da Padroeira do Brasil, a Associa\u00e7\u00e3o de Joalheiros e Relojoeiros do Noroeste Paulista \u2013 AJORESP, com apoio t\u00e9cnico do Sebrae (S\u00e3o Paulo), promoveu um Concurso Nacional de Design, visando selecionar uma nova Coroa comemorativa do evento.<br \/>O J\u00fari Institucional do evento selecionou, por consenso, o projeto da designer Lena Garrido, em parceria com a designer D\u00e9bora Camisasca, de Belo Horizonte (Minas Gerais). A nova pe\u00e7a foi confeccionada em ouro e pedras preciosas especialmente para a solenidade do Centen\u00e1rio da Coroa\u00e7\u00e3o de Nossa Senhora Aparecida, no dia 8 de setembro de 2004.<br \/><strong><br \/><\/strong><\/h4><h4><strong>Atentados \u00e0 imagem<\/strong><\/h4><h4><strong><br \/><\/strong>\u00a0Ver artigos principais: Atentado \u00e0 imagem de Nossa Senhora Aparecida e Chute na santa<br \/>A imagem j\u00e1 foi, mais de uma vez, fonte de confrontos religiosos entre cat\u00f3licos e protestantes. Em 16 de maio de 1978, um evang\u00e9lico retirou-a de seu altar na Bas\u00edlica ap\u00f3s a \u00faltima missa do dia.[30] Ele foi perseguido pelos guardas e por alguns fi\u00e9is e, ao ser apanhado, deixou a imagem cair no ch\u00e3o.[30] Por ser um objeto tricenten\u00e1rio, por ter sido feita de terracota e ter ficado submersa no rio Para\u00edba do Sul por muito tempo, sua reconstru\u00e7\u00e3o foi dif\u00edcil, mas um grupo de artistas do MASP conseguiu colar os peda\u00e7os da imagem.[1][30]<br \/>\u00a0S\u00e9rgio von Helde chutando uma imagem de Nossa Senhora Aparecida.\u00a0<\/h4>\t\t\t\t\t\t<\/div>\n\t\t\t\t<\/div>\n\t\t\t\t\t<\/div>\n\t\t<\/div>\n\t\t\t\t\t<\/div>\n\t\t<\/section>\n\t\t\t\t<section class=\"elementor-section elementor-top-section elementor-element elementor-element-b41293a elementor-section-boxed elementor-section-height-default elementor-section-height-default\" data-id=\"b41293a\" data-element_type=\"section\">\n\t\t\t\t\t\t<div class=\"elementor-container elementor-column-gap-default\">\n\t\t\t\t\t<div class=\"elementor-column elementor-col-100 elementor-top-column elementor-element elementor-element-12ecfa8\" data-id=\"12ecfa8\" data-element_type=\"column\">\n\t\t\t<div class=\"elementor-widget-wrap elementor-element-populated\">\n\t\t\t\t\t\t<div class=\"elementor-element elementor-element-91d7ef3 elementor-widget elementor-widget-image\" data-id=\"91d7ef3\" data-element_type=\"widget\" data-widget_type=\"image.default\">\n\t\t\t\t<div class=\"elementor-widget-container\">\n\t\t\t\t\t\t\t\t\t\t\t\t\t<img loading=\"lazy\" decoding=\"async\" width=\"200\" height=\"145\" src=\"https:\/\/ligadosantorosario.com\/wp-content\/uploads\/chute_imagem.jpg\" class=\"attachment-large size-large wp-image-2007\" alt=\"\" \/>\t\t\t\t\t\t\t\t\t\t\t\t\t<\/div>\n\t\t\t\t<\/div>\n\t\t\t\t\t<\/div>\n\t\t<\/div>\n\t\t\t\t\t<\/div>\n\t\t<\/section>\n\t\t\t\t<section class=\"elementor-section elementor-top-section elementor-element elementor-element-95bf8f9 elementor-section-boxed elementor-section-height-default elementor-section-height-default\" data-id=\"95bf8f9\" data-element_type=\"section\">\n\t\t\t\t\t\t<div class=\"elementor-container elementor-column-gap-default\">\n\t\t\t\t\t<div class=\"elementor-column elementor-col-100 elementor-top-column elementor-element elementor-element-c18cda1\" data-id=\"c18cda1\" data-element_type=\"column\">\n\t\t\t<div class=\"elementor-widget-wrap elementor-element-populated\">\n\t\t\t\t\t\t<div class=\"elementor-element elementor-element-543649f elementor-widget elementor-widget-text-editor\" data-id=\"543649f\" data-element_type=\"widget\" data-widget_type=\"text-editor.default\">\n\t\t\t\t<div class=\"elementor-widget-container\">\n\t\t\t\t\t\t\t<h4>No feriado de Nossa Senhora Aparecida de 1995, ocorreu o incidente conhecido como \u201cchute na santa\u201d. O ex-\u201cbispo\u201d televangelista S\u00e9rgio von Helder, da Igreja Universal do Reino de Deus (IURD), chutou uma r\u00e9plica da imagem de Nossa Senhora Aparecida num programa religioso transmitido de madrugada pela Rede Record, emissora de propriedade da IURD.[31] Na noite seguinte, o Jornal Nacional, da Rede Globo, denunciou o incidente, causando como\u00e7\u00e3o nacional. O evento foi visto por fi\u00e9is cat\u00f3licos como um ato de intoler\u00e2ncia religiosa. V\u00e1rios templos da IURD foram atacados e von Helde acabou sendo transferido para a \u00c1frica do Sul.[32]<\/h4><h4>No dia 12 de dezembro de 2007, quando ainda filiado ao PMDB, o Professor Vict\u00f3rio Galli apresentou o Projeto de Lei 2 623\/2007. O PL tinha como objetivo retirar de Nossa Senhora Aparecida o t\u00edtulo de \u201cpadroeira do Brasil\u201d, conferindo-lhe o t\u00edtulo de \u201cpadroeira dos brasileiros cat\u00f3licos apost\u00f3licos romanos\u201d. Em agosto de 2008, contudo, a Comiss\u00e3o de Educa\u00e7\u00e3o e Cultura rejeitou o projeto de forma un\u00e2nime.[33]<\/h4>\n<p><\/p>\n<h4>Em 25 de abril de 2012, o evang\u00e9lico Rafael de Ara\u00fajo Teixeira deu duas marretadas na r\u00e9plica da imagem localizada numa via p\u00fablica de \u00c1guas Lindas de Goi\u00e1s.[34] Um grupo de aproximadamente cem pessoas impediu que ele desse mais marretadas na imagem; algumas delas tentaram linch\u00e1-lo e a Pol\u00edcia Militar foi enviada ao local.[34] O rapaz pode responder pelo crime de destrui\u00e7\u00e3o de patrim\u00f4nio p\u00fablico, uma vez que a imagem foi constru\u00edda com recursos da prefeitura municipal.[34]<\/h4>\n<h4>Outra pol\u00eamica envolvendo uma imagem de Nossa Senhora Aparecida ocorreu em setembro de 2017, quando o pastor Agenor Duque, da Igreja Plenitude do Trono de Deus, desferiu zombarias contra a santa comparando-a a uma garrafa de Coca-Cola de forma velada, ou seja, sem mencionar a que se referia, por\u00e9m, ainda de forma \u00f3bvia. Ele tamb\u00e9m disse que at\u00e9 \u201ca cor dela \u00e9 parecida\u201d com a do refrigerante.<\/h4><h4>&nbsp;Em seguida, soltou a garrafa no ch\u00e3o e desafiou o objeto a se levantar, afirmando que \u201cvoc\u00ea sabe do que estou falando\u201d. O pastor se utiliza ainda da fragilidade de pessoas com problemas de sa\u00fade para incentiv\u00e1-las a descartar e quebrar suas imagens, pois diz: \u201cA boca dela n\u00e3o fala. O ouvido dela n\u00e3o ouve. Voc\u00ea que est\u00e1 com c\u00e2ncer, tire ela do pedestal. Talvez tenha um altar a\u00ed\u201d. Al\u00e9m de Maria, o pastor tamb\u00e9m referiu-se de forma velada a S\u00e3o Jorge, dizendo: \u201cTire esse cavalo que est\u00e1 a\u00ed, esse homem que est\u00e1 em cima e aceite a Jesus Cristo Salvador\u201d, diz, sob aplauso dos fi\u00e9is presentes no momento.<\/h4><h4>&nbsp;A fala de Duque gerou revolta de leigos e sacerdotes cat\u00f3licos. Os padres Augusto Bezerra, L\u00e9o Assis e Fernando Henrique Guirado se posicionaram contra o pastor. Bezerra questionou o motivo do \u00f3dio \u00e0 Virgem.[35][36][37] O deputado estadual Flavinho (PSC) afirmou que processaria o pastor e acionou o Minist\u00e9rio P\u00fablico de S\u00e3o Paulo, afirmando que \u201co ato deste pastor configura dois crimes: vilipendiar publicamente ato ou objeto de culto religioso e de racismo\u201d,[37][38] contudo, voltou atr\u00e1s em sua decis\u00e3o ap\u00f3s Duque pedir perd\u00e3o aos cat\u00f3licos por sua compara\u00e7\u00e3o infeliz, junto de Flavinho em uma live feita pelas redes sociais. Visivelmente constrangido, Duque afirmou que sua compara\u00e7\u00e3o havia magoado muitas pessoas, e que era preciso se retratar.[39][40][41]<\/h4>\t\t\t\t\t\t<\/div>\n\t\t\t\t<\/div>\n\t\t\t\t\t<\/div>\n\t\t<\/div>\n\t\t\t\t\t<\/div>\n\t\t<\/section>\n\t\t\t\t<section class=\"elementor-section elementor-top-section elementor-element elementor-element-09251ef elementor-section-boxed elementor-section-height-default elementor-section-height-default\" data-id=\"09251ef\" data-element_type=\"section\">\n\t\t\t\t\t\t<div class=\"elementor-container elementor-column-gap-default\">\n\t\t\t\t\t<div class=\"elementor-column elementor-col-100 elementor-top-column elementor-element elementor-element-3fdb014\" data-id=\"3fdb014\" data-element_type=\"column\">\n\t\t\t<div class=\"elementor-widget-wrap elementor-element-populated\">\n\t\t\t\t\t\t<div class=\"elementor-element elementor-element-c9d255d elementor-widget elementor-widget-text-editor\" data-id=\"c9d255d\" data-element_type=\"widget\" data-widget_type=\"text-editor.default\">\n\t\t\t\t<div class=\"elementor-widget-container\">\n\t\t\t\t\t\t\t<div class=\"elementor-background-overlay\">&nbsp;<\/div>\n<div class=\"elementor-element elementor-element-edit-mode elementor-element-742ea12 elementor-element--toggle-edit-tools elementor-widget elementor-widget-text-editor ui-resizable\" data-id=\"742ea12\" data-element_type=\"widget\" data-model-cid=\"c112\" data-widget_type=\"text-editor.default\">\n<div class=\"elementor-element-overlay\">&nbsp;<\/div>\n<div class=\"elementor-widget-container\">\n<div class=\"elementor-text-editor elementor-clearfix elementor-inline-editing\" data-elementor-setting-key=\"editor\" data-elementor-inline-editing-toolbar=\"advanced\">\n<h4><br><\/h4>\n<p><\/p>\n<p><strong>Refer\u00eancias<\/strong><\/p>\n<ol>\n<li>\u2191 Ir para:a b c d e f g h i j k l \u201cOur Lady of Aparecida\u201d Arquivado em 2 de janeiro de 2011, no Wayback Machine.. Patron Saints Index. 6 de agosto de 2010. P\u00e1gina visitada em 26 de dezembro de 2011.<\/li>\n<li>\u2191 Presid\u00eancia da Rep\u00fablica \u2013 Lei 6.802<\/li>\n<li>\u2191 Ir para:a b Allen, John. \u201cA look ahead to Benedict in Brazil\u201d. National Catholic Reporter. 3 de maio de 2007. P\u00e1gina visitada em 26 de dezembro de 2011.<\/li>\n<li>\u2191 \u00abSantu\u00e1rio em n\u00fameros\u00bb. Portal A12. Consultado em 17 de fevereiro de 2020<\/li>\n<li>\u2191 Catequisar<\/li>\n<li>\u2191 Castro Brunetto, Carlos Javier (2016). \u00abLas devociones marianas espa\u00f1olas en el Brasil colonial\u00bb. Revista de Estudios Brasile\u00f1os. 3 (4): 11-23<\/li>\n<li>\u2191 Ir para:a b c d e f g \u201cLady Aparecida\u201d Arquivado agosto 2, 2014 no WebCite . Mary Pages. s\/d. P\u00e1gina visitada em 27 de dezembro de 2011.<\/li>\n<li>\u2191 Ir para:a b Santos, Lourival. \u201cA cor da santa: Nossa Senhora Aparecida e a constru\u00e7\u00e3o do imagin\u00e1rio sobre a padroeira do Brasil\u201d. In: Silva, Vagner. Imagin\u00e1rio, cotidiano e poder. Selo Negro, 2007, p. 88<\/li>\n<li>\u2191 Ir para:a b c d e f g h i j k l m n o p Especial Nossa Senhora Aparecida. Ora\u00e7\u00e3o e F\u00e9.<\/li>\n<li>\u2191 \u00abOur Lady of Aparecida in Brazil\u00bb. web.archive.org. 31 de julho de 2013. Consultado em 6 de mar\u00e7o de 2022<\/li>\n<li>\u2191 \u00abDia de Nossa Senhora Aparecida, Hist\u00f3ria Dia de Nossa Senhora Aparecida\u00bb. Portalsaofrancisco.com.br. Consultado em 12 de outubro de 2011<\/li>\n<li>\u2191 Ir para:a b \u00abNossa Senhora Aparecida: qual a hist\u00f3ria e o que ela significa\u00bb. noticias.uol.com.br. Consultado em 6 de mar\u00e7o de 2022<\/li>\n<li>\u2191 Ir para:a b c d e f g h i j k \u00abNossa Senhora Aparecida, padroeira do Brasil\u00bb. Culturabrasil.org. Consultado em 8 de janeiro de 2012<\/li>\n<li>\u2191 Casa de Maria[liga\u00e7\u00e3o inativa]<\/li>\n<li>\u2191 B\u00f6ing, Mafalda Pereira. Nossa Senhora Aparecida \u2013 A padroeira do Brasil, S\u00e3o Paulo: Edi\u00e7\u00f5es Loyola, 2007, pp. 20-22<\/li>\n<li>\u2191 Santos, L\u00facia dos. Nossa Senhora, Rogai por N\u00f3s. Rio de Janeiro: Ediouro Publica\u00e7\u00f5es, 2007. pp. 8-9<\/li>\n<li>\u2191 BBC (12 de outubro de 2017). \u00ab10 perguntas sobre Nossa Senhora Aparecida que, 300 anos depois, continuam sem respostas definitivas\u00bb. Terra Networks. Consultado em 12 de outubro de 2017<\/li>\n<li>\u2191 \u00abHist\u00f3ria da devo\u00e7\u00e3o a Nossa Senhora Aparecida\u00bb. Diocese de Piracicaba. Consultado em 5 de mar\u00e7o de 2022<\/li>\n<li>\u2191 \u00abH\u00e1 um s\u00e9culo, Nossa Senhora Aparecida coroada Rainha do Brasil\u00bb. catolicismo.com.br. Consultado em 6 de mar\u00e7o de 2022<\/li>\n<li>\u2191 \u00abB. M. V. IMMACULATA SUB TITULO \u00abAPPARECIDA\u00bb PRINCIPALIS PATRONA BRASILIAE CONSTITUITUR.\u00bb (PDF). vatican.va. Consultado em 23 de mar\u00e7o de 2017<\/li>\n<li>\u2191 \u00abL6802\u00bb. www.planalto.gov.br. Consultado em 3 de julho de 2020<\/li>\n<li>\u2191 Luiz, Irm\u00e3o Andr\u00e9 (2 de outubro de 2017). \u00abNossa Senhora Aparecida recebeu o t\u00edtulo de General\u00edssima do Ex\u00e9rcito em 1967\u00bb. A12. Consultado em 12 de setembro de 2018<\/li>\n<li>\u2191 \u00abSantu\u00e1rio Nacional Nossa Senhora Aparecida\u00bb. a12.com. Consultado em 8 de janeiro de 2012[liga\u00e7\u00e3o inativa]<\/li>\n<li>\u2191 \u00abPapa Francisco concede terceira Rosa de Ouro ao Santu\u00e1rio Nacional\u00bb. a12.com. Consultado em 9 de outubro de 2017<\/li>\n<li>\u2191 J\u00falio., Brustoloni, (1998). Historia de nossa senhora da conceicao aparecida : a imagem, o santuario e as romarias. [S.l.]: Editora Santu\u00e1rio. OCLC 148111232<\/li>\n<li>\u2191 Ir para:a b \u00abEspecial Nossa Senhora Aparecida\u00bb. Cancaonova.com. Consultado em 8 de janeiro de 2012[liga\u00e7\u00e3o inativa]<\/li>\n<li>\u2191 Bojunga, Claudia. (1 de mar\u00e7o de 2010). \u201cDo alto da colina\u201d. Revista de Hist\u00f3ria da Biblioteca Nacional\u2019.<\/li>\n<li>\u2191 \u00abImagem de Nossa Senhora \u00e9 o novo patrim\u00f4nio do Estado\u00bb. G1 Vale do Para\u00edba e Regi\u00e3o. 29 de novembro de 2012. Consultado em 23 de mar\u00e7o de 2017<\/li>\n<li>\u2191 \u201cChartuni, Maria Helena \u2013 Biografia\u201d. Enciclop\u00e9dia Ita\u00fa Cultural de Artes Visuais. P\u00e1gina visitada em 4 de abril de 2010.<\/li>\n<li>\u2191 Ir para:a b c Oliveira, Plinio Corr\u00eaa. \u201cFeast Days of Our Lady: Our Lady Aparecida \u2013 October 12\u201d. Tradition in Action, Inc.<\/li>\n<li>\u2191 Epstein, Jack. \u201cKicking of icon outrages Brazil Catholics\u201d Arquivado em 2012-09-11 na Archive.today. The Dallas Morning News. 24 de novembro de 1995. P\u00e1gina visitada em 27 de dezembro de 2011.<\/li>\n<li>\u2191 \u201cChurch makes airwaves\u201d. BBC. 3 de agosto de 2000. P\u00e1gina visitada em 27 de dezembro de 2011.<\/li>\n<li>\u2191 \u00abwww.camara.gov.br\/proposicoesWeb\/fichadetramitacao?idProposicao=380897\u00bb. www.camara.gov.br. Consultado em 25 de outubro de 2018<\/li>\n<li>\u2191 Ir para:a b c http:\/\/www.paulopes.com.br\/2012\/04\/evangelico-enviado-de-jesus-da.html<\/li>\n<li>\u2191 Ir para:a b \u00abPastor compara Nossa Senhora a garrafa de Coca-Cola\u00bb. O Povo. 12 de setembro de 2017. Consultado em 11 de maio de 2021<\/li>\n<li>\u2191 Ir para:a b \u00abPastor compara Nossa Senhora a garrafa de Coca e causa revolta\u00bb. Correio 24 Horas. 11 de setembro de 2017. Consultado em 11 de maio de 2021<\/li>\n<li>\u2191 Ir para:a b c \u00abPastor compara Nossa Senhora a garrafa de Coca-Cola e revolta cat\u00f3licos\u00bb. UOL. 11 de setembro de 2017. Consultado em 11 de maio de 2021<\/li>\n<li>\u2191 \u00abDeputado processa pastor ap\u00f3s zombar da padroeira do Brasil\u00bb. O Povo. 21 de setembro de 2017. Consultado em 11 de maio de 2021<\/li>\n<li>\u2191 \u00abAgenor Duque pede perd\u00e3o a cat\u00f3licos por comparar Senhora Aparecida a garrafa de Coca-Cola\u00bb. Gospel Mais. 18 de setembro de 2017. Consultado em 11 de maio de 2021<\/li>\n<li>\u2191 \u00abPastor pede perd\u00e3o a cat\u00f3licos por ter ofendido Nossa Senhora Aparecida\u00bb. ACI Digital. 17 de setembro de 2017. Consultado em 11 de maio de 2021<\/li>\n<li>\u2191 \u00abPastor pede perd\u00e3o pela ofensa \u00e0 imagem de Nossa Senhora Aparecida\u00bb. Aleteia. 19 de setembro de 2017. Consultado em 11 de maio de 2021<\/li>\n<\/ol>\n<\/div>\n<\/div>\n<\/div>\t\t\t\t\t\t<\/div>\n\t\t\t\t<\/div>\n\t\t\t\t\t<\/div>\n\t\t<\/div>\n\t\t\t\t\t<\/div>\n\t\t<\/section>\n\t\t\t\t<section class=\"elementor-section elementor-top-section elementor-element elementor-element-6a1932a elementor-section-boxed elementor-section-height-default elementor-section-height-default\" data-id=\"6a1932a\" data-element_type=\"section\">\n\t\t\t\t\t\t<div class=\"elementor-container elementor-column-gap-default\">\n\t\t\t\t\t<div class=\"elementor-column elementor-col-100 elementor-top-column elementor-element elementor-element-598b6aa\" data-id=\"598b6aa\" data-element_type=\"column\">\n\t\t\t<div class=\"elementor-widget-wrap\">\n\t\t\t\t\t\t\t<\/div>\n\t\t<\/div>\n\t\t\t\t\t<\/div>\n\t\t<\/section>\n\t\t\t\t<section class=\"elementor-section elementor-top-section elementor-element elementor-element-5bf2580 elementor-section-boxed elementor-section-height-default elementor-section-height-default\" data-id=\"5bf2580\" data-element_type=\"section\">\n\t\t\t\t\t\t<div class=\"elementor-container elementor-column-gap-default\">\n\t\t\t\t\t<div class=\"elementor-column elementor-col-100 elementor-top-column elementor-element elementor-element-90619ba\" data-id=\"90619ba\" data-element_type=\"column\">\n\t\t\t<div class=\"elementor-widget-wrap\">\n\t\t\t\t\t\t\t<\/div>\n\t\t<\/div>\n\t\t\t\t\t<\/div>\n\t\t<\/section>\n\t\t\t\t<\/div>\n\t\t","protected":false},"excerpt":{"rendered":"<p>\u00a0 Pl\u00ednio Corr\u00eaa de Oliveira \u00a0 \u00c0 Padroeira: Prece na afli\u00e7\u00e3o \u00a0 &#8220;Depois de Nossa Senhora ter sido declarada Rainha do Brasil, n\u00e3o concebo a possibilidade que os grandes atos da vida nacional se fa\u00e7am em outro lugar que n\u00e3o em Aparecida! A promulga\u00e7\u00e3o das leis c\u00e9lebres, a declara\u00e7\u00e3o das guerras, os tratados de paz, as grandes solenidades das grandes fam\u00edlias do pa\u00eds; todas estas coisas, eu s\u00f3 concebo como sendo realizados na Aparecida! E no momento que tanto se discute sobre o que acontece em Bras\u00edlia, n\u00f3s esquecemos o verdadeiro p\u00f3lo: Aparecida! A verdadeira capital do pa\u00eds, para os&#8230;<\/p>\n","protected":false},"author":1,"featured_media":0,"comment_status":"open","ping_status":"open","sticky":false,"template":"","format":"standard","meta":{"jetpack_post_was_ever_published":false,"_jetpack_newsletter_access":"","_jetpack_dont_email_post_to_subs":false,"_jetpack_newsletter_tier_id":0,"footnotes":""},"categories":[1],"tags":[],"jetpack_sharing_enabled":true,"jetpack_featured_media_url":"","_links":{"self":[{"href":"https:\/\/ligadosantorosario.com\/index.php?rest_route=\/wp\/v2\/posts\/2406"}],"collection":[{"href":"https:\/\/ligadosantorosario.com\/index.php?rest_route=\/wp\/v2\/posts"}],"about":[{"href":"https:\/\/ligadosantorosario.com\/index.php?rest_route=\/wp\/v2\/types\/post"}],"author":[{"embeddable":true,"href":"https:\/\/ligadosantorosario.com\/index.php?rest_route=\/wp\/v2\/users\/1"}],"replies":[{"embeddable":true,"href":"https:\/\/ligadosantorosario.com\/index.php?rest_route=%2Fwp%2Fv2%2Fcomments&post=2406"}],"version-history":[{"count":133,"href":"https:\/\/ligadosantorosario.com\/index.php?rest_route=\/wp\/v2\/posts\/2406\/revisions"}],"predecessor-version":[{"id":7786,"href":"https:\/\/ligadosantorosario.com\/index.php?rest_route=\/wp\/v2\/posts\/2406\/revisions\/7786"}],"wp:attachment":[{"href":"https:\/\/ligadosantorosario.com\/index.php?rest_route=%2Fwp%2Fv2%2Fmedia&parent=2406"}],"wp:term":[{"taxonomy":"category","embeddable":true,"href":"https:\/\/ligadosantorosario.com\/index.php?rest_route=%2Fwp%2Fv2%2Fcategories&post=2406"},{"taxonomy":"post_tag","embeddable":true,"href":"https:\/\/ligadosantorosario.com\/index.php?rest_route=%2Fwp%2Fv2%2Ftags&post=2406"}],"curies":[{"name":"wp","href":"https:\/\/api.w.org\/{rel}","templated":true}]}}