{"id":2625,"date":"2023-10-19T14:10:52","date_gmt":"2023-10-19T14:10:52","guid":{"rendered":"https:\/\/ligadosantorosario.com\/?p=2625"},"modified":"2023-11-05T20:59:18","modified_gmt":"2023-11-05T20:59:18","slug":"o-inferno-existe","status":"publish","type":"post","link":"https:\/\/ligadosantorosario.com\/?p=2625","title":{"rendered":"O Inferno existe"},"content":{"rendered":"\t\t<div data-elementor-type=\"wp-post\" data-elementor-id=\"2625\" class=\"elementor elementor-2625\" data-elementor-post-type=\"post\">\n\t\t\t\t\t\t<section class=\"elementor-section elementor-top-section elementor-element elementor-element-b2d7343 elementor-section-boxed elementor-section-height-default elementor-section-height-default\" data-id=\"b2d7343\" data-element_type=\"section\">\n\t\t\t\t\t\t<div class=\"elementor-container elementor-column-gap-default\">\n\t\t\t\t\t<div class=\"elementor-column elementor-col-50 elementor-top-column elementor-element elementor-element-7845466\" data-id=\"7845466\" data-element_type=\"column\">\n\t\t\t<div class=\"elementor-widget-wrap elementor-element-populated\">\n\t\t\t\t\t\t<div class=\"elementor-element elementor-element-8fdcba9 elementor-widget elementor-widget-image\" data-id=\"8fdcba9\" data-element_type=\"widget\" data-widget_type=\"image.default\">\n\t\t\t\t<div class=\"elementor-widget-container\">\n\t\t\t<style>\/*! elementor - v3.23.0 - 05-08-2024 *\/\n.elementor-widget-image{text-align:center}.elementor-widget-image a{display:inline-block}.elementor-widget-image a img[src$=\".svg\"]{width:48px}.elementor-widget-image img{vertical-align:middle;display:inline-block}<\/style>\t\t\t\t\t\t\t\t\t\t<img fetchpriority=\"high\" decoding=\"async\" width=\"259\" height=\"194\" src=\"https:\/\/ligadosantorosario.com\/wp-content\/uploads\/Crepusculo.jpeg\" class=\"attachment-full size-full wp-image-2685\" alt=\"\" \/>\t\t\t\t\t\t\t\t\t\t\t\t\t<\/div>\n\t\t\t\t<\/div>\n\t\t\t\t\t<\/div>\n\t\t<\/div>\n\t\t\t\t<div class=\"elementor-column elementor-col-50 elementor-top-column elementor-element elementor-element-2987054\" data-id=\"2987054\" data-element_type=\"column\">\n\t\t\t<div class=\"elementor-widget-wrap elementor-element-populated\">\n\t\t\t\t\t\t<div class=\"elementor-element elementor-element-6952794 elementor-widget elementor-widget-text-editor\" data-id=\"6952794\" data-element_type=\"widget\" data-widget_type=\"text-editor.default\">\n\t\t\t\t<div class=\"elementor-widget-container\">\n\t\t\t<style>\/*! elementor - v3.23.0 - 05-08-2024 *\/\n.elementor-widget-text-editor.elementor-drop-cap-view-stacked .elementor-drop-cap{background-color:#69727d;color:#fff}.elementor-widget-text-editor.elementor-drop-cap-view-framed .elementor-drop-cap{color:#69727d;border:3px solid;background-color:transparent}.elementor-widget-text-editor:not(.elementor-drop-cap-view-default) .elementor-drop-cap{margin-top:8px}.elementor-widget-text-editor:not(.elementor-drop-cap-view-default) .elementor-drop-cap-letter{width:1em;height:1em}.elementor-widget-text-editor .elementor-drop-cap{float:left;text-align:center;line-height:1;font-size:50px}.elementor-widget-text-editor .elementor-drop-cap-letter{display:inline-block}<\/style>\t\t\t\t<h3><span style=\"font-weight: 400; color: #800000;\">Assim como o sol, tamb\u00e9m a vida nessa terra tem o seu crep\u00fasculo. Ou seja, o dia que acaba&#8230; A vida que chega a seu fim&#8230;. Nessa hora&#8230;<\/span><\/h3>\t\t\t\t\t\t<\/div>\n\t\t\t\t<\/div>\n\t\t\t\t\t<\/div>\n\t\t<\/div>\n\t\t\t\t\t<\/div>\n\t\t<\/section>\n\t\t\t\t<section class=\"elementor-section elementor-top-section elementor-element elementor-element-7fe30ad elementor-section-boxed elementor-section-height-default elementor-section-height-default\" data-id=\"7fe30ad\" data-element_type=\"section\">\n\t\t\t\t\t\t<div class=\"elementor-container elementor-column-gap-default\">\n\t\t\t\t\t<div class=\"elementor-column elementor-col-50 elementor-top-column elementor-element elementor-element-3bcfc3b\" data-id=\"3bcfc3b\" data-element_type=\"column\">\n\t\t\t<div class=\"elementor-widget-wrap elementor-element-populated\">\n\t\t\t\t\t\t<div class=\"elementor-element elementor-element-47f864c elementor-widget elementor-widget-image\" data-id=\"47f864c\" data-element_type=\"widget\" data-widget_type=\"image.default\">\n\t\t\t\t<div class=\"elementor-widget-container\">\n\t\t\t\t\t\t\t\t\t\t\t\t\t<img decoding=\"async\" width=\"800\" height=\"600\" src=\"https:\/\/ligadosantorosario.com\/wp-content\/uploads\/NOSSADENHORAFATIMA-1024x768.jpg\" class=\"attachment-large size-large wp-image-2686\" alt=\"\" srcset=\"https:\/\/ligadosantorosario.com\/wp-content\/uploads\/NOSSADENHORAFATIMA-1024x768.jpg 1024w, https:\/\/ligadosantorosario.com\/wp-content\/uploads\/NOSSADENHORAFATIMA-300x225.jpg 300w, https:\/\/ligadosantorosario.com\/wp-content\/uploads\/NOSSADENHORAFATIMA-768x576.jpg 768w, https:\/\/ligadosantorosario.com\/wp-content\/uploads\/NOSSADENHORAFATIMA-1536x1152.jpg 1536w, https:\/\/ligadosantorosario.com\/wp-content\/uploads\/NOSSADENHORAFATIMA-2048x1536.jpg 2048w\" sizes=\"(max-width: 800px) 100vw, 800px\" \/>\t\t\t\t\t\t\t\t\t\t\t\t\t<\/div>\n\t\t\t\t<\/div>\n\t\t\t\t\t<\/div>\n\t\t<\/div>\n\t\t\t\t<div class=\"elementor-column elementor-col-50 elementor-top-column elementor-element elementor-element-a961616\" data-id=\"a961616\" data-element_type=\"column\">\n\t\t\t<div class=\"elementor-widget-wrap elementor-element-populated\">\n\t\t\t\t\t\t<div class=\"elementor-element elementor-element-431acc8 elementor-widget elementor-widget-text-editor\" data-id=\"431acc8\" data-element_type=\"widget\" data-widget_type=\"text-editor.default\">\n\t\t\t\t<div class=\"elementor-widget-container\">\n\t\t\t\t\t\t\t<h3>\u00a0<\/h3>\n<h3><span style=\"color: #800000;\">Salve Rainha, m\u00e3e de miseric\u00f3rdia, vida do\u00e7ura, esperan\u00e7a nossa, salve. A v\u00f3s bradamos os degredados filhos de Eva. A v\u00f3s suspiramos, gemendo e chorando neste vale de l\u00e1grimas. Eia pois, advogada nossa, esses vossos olhos misericordiosos o n\u00f3s volvei. E depois deste desterro, mostrai-nos Jesus bendito fruto de vosso ventre. \u00d3 clemente, \u00f3 pia, \u00f3 doce sempre Virgem Maria.<\/span><\/h3>\n<div><span style=\"color: #800000;\">\u00a0<\/span><\/div>\t\t\t\t\t\t<\/div>\n\t\t\t\t<\/div>\n\t\t\t\t\t<\/div>\n\t\t<\/div>\n\t\t\t\t\t<\/div>\n\t\t<\/section>\n\t\t\t\t<section class=\"elementor-section elementor-top-section elementor-element elementor-element-46dc6d7 elementor-section-boxed elementor-section-height-default elementor-section-height-default\" data-id=\"46dc6d7\" data-element_type=\"section\">\n\t\t\t\t\t\t<div class=\"elementor-container elementor-column-gap-default\">\n\t\t\t\t\t<div class=\"elementor-column elementor-col-100 elementor-top-column elementor-element elementor-element-69ccd6c\" data-id=\"69ccd6c\" data-element_type=\"column\">\n\t\t\t<div class=\"elementor-widget-wrap elementor-element-populated\">\n\t\t\t\t\t\t<div class=\"elementor-element elementor-element-fcfe93a elementor-widget elementor-widget-text-editor\" data-id=\"fcfe93a\" data-element_type=\"widget\" data-widget_type=\"text-editor.default\">\n\t\t\t\t<div class=\"elementor-widget-container\">\n\t\t\t\t\t\t\t<p><strong>Nov\u00edssimos<\/strong>. \u2013 Destino que remata a vida humana. Pela designa\u00e7\u00e3o de \u201cnov\u00edssimos\u201d entendem-se 3 momentos graves: &#8211;<\/p>\n<ol>\n<li><strong>A morte<\/strong> que separa temporariamente do corpo a alma. Assim p\u00f5e termo ao prazo que Deus marcou para que determin\u00e1ssemos, por nossos atos, a nossa sorte eterna. Para qualquer homem, \u00e9 necessidade inelut\u00e1vel. No estado do atual das coisas, vem a ser castigo do pecado original. Isto \u00e9 certo. Incerto por\u00e9m \u00e9 o quando (hora) e o como (modo) que a morte escolher\u00e1 para nos aparecer.<\/li>\n<li><strong>O ju\u00edzo<\/strong>. Primeiro, Particular a seguir imediatamente a morte e cuja <strong><u>senten\u00e7a definitiva, sobre o valor da nossa vida passada, ser\u00e1 sem apela\u00e7\u00e3o. <\/u><\/strong><\/li>\n<li><strong>A execu\u00e7\u00e3o<\/strong>, consecutiva \u00e0 senten\u00e7a, isto \u00e9, a entrada no C\u00e9u ou no inferno ou no purgat\u00f3rio.<\/li>\n<\/ol>\n<p><strong>A outra vida<\/strong>. O destino eterno. Creio \u201cna vida eterna\u201d (o c\u00e9u). Remate condigno \u00e9 este para o S\u00edmbolo dos Ap\u00f3stolos (o Credo). Extremamente consolador. De fato, corrida desabalada, insana, a do homem atr\u00e1s da felicidade (nessa terra). Na fortuna ou nas honras, na gl\u00f3ria ou no amor (humano), \u00a0n\u00e3o a encontra. Apenas gozos relativos ou (enganosos)\u00a0 ou fugitivos. <strong>Nada de ventura suprema na terra do ex\u00edlio<\/strong>. S\u00f3 no al\u00e9m, teremos a resposta adequada aos anelos do cora\u00e7\u00e3o humano, porque <strong><u>unicamente Deus \u00e9 o bem soberano<\/u><\/strong>. \u201cPara v\u00f3s nos fizestes, Senhor, havemos de repetir com santo Agostinho e nem paz\u00a0 nem descanso fruir\u00e1 o nosso cora\u00e7\u00e3o, at\u00e9 que em V\u00f3s repouse. Crer na vida eterna, quer dizer, para um cat\u00f3lico, trazer sempre na mente as duas alternativas da eternidade: o c\u00e9u com usas del\u00edcias inenarr\u00e1veis ou o inferno com suas horrendas torturas. Ganhar o c\u00e9u e evitar o inferno deve ser a meta de qualquer exist\u00eancia humana.<\/p>\n<p>\u00a0Boulanger(Dogma) \u2013 pags. 266 e 267.<\/p>\t\t\t\t\t\t<\/div>\n\t\t\t\t<\/div>\n\t\t\t\t\t<\/div>\n\t\t<\/div>\n\t\t\t\t\t<\/div>\n\t\t<\/section>\n\t\t\t\t<section class=\"elementor-section elementor-top-section elementor-element elementor-element-b9b7380 elementor-section-boxed elementor-section-height-default elementor-section-height-default\" data-id=\"b9b7380\" data-element_type=\"section\">\n\t\t\t\t\t\t<div class=\"elementor-container elementor-column-gap-default\">\n\t\t\t\t\t<div class=\"elementor-column elementor-col-100 elementor-top-column elementor-element elementor-element-3b38ed53\" data-id=\"3b38ed53\" data-element_type=\"column\">\n\t\t\t<div class=\"elementor-widget-wrap elementor-element-populated\">\n\t\t\t\t\t\t<div class=\"elementor-element elementor-element-32731a4f elementor-widget__width-initial elementor-widget elementor-widget-text-editor\" data-id=\"32731a4f\" data-element_type=\"widget\" data-widget_type=\"text-editor.default\">\n\t\t\t\t<div class=\"elementor-widget-container\">\n\t\t\t\t\t\t\t<p><!-- wp:group {\"layout\":{\"type\":\"constrained\"}} --><\/p>\n<div class=\"wp-block-group\">\n<p><!-- wp:paragraph --><\/p>\n<p><strong><span style=\"color: #000000;\">\u00a0<\/span><\/strong><\/p>\n<p><strong><span style=\"color: #000000;\">O inferno exi<\/span><span style=\"color: #000000;\">ste? Sim, o inferno existe. As Sagradas Escrituras fazem refer\u00eancia ao Inferno diversas vezes. Vejam a seguir:<\/span><\/strong><\/p>\n<p>\u00a0<\/p>\n<p><span style=\"font-weight: 400; color: #000000;\">&#8220;Ele tem a p\u00e1 na sua m\u00e3o, e limpar\u00e1 bem a sua eira, e recolher\u00e1 o seu trigo no celeiro, mas queimar\u00e1 a palha num fogo inextingu\u00edvel.\u201d Mat. III, 12<\/span><\/p>\n<p>\u00a0<\/p>\n<p><span style=\"font-weight: 400; color: #000000;\">\u201cEm seguida, dir\u00e1 aos que estiverem \u00e0 esquerda: Apartai-vos de mim, malditos, para o fogo eterno, que foi preparado para o dem\u00f4nio e para os seus anjos; porque tive fome, e n\u00e3o me destes de comer; tive sede, e n\u00e3o me destes de beber; era peregrino, e n\u00e3o me recolhestes; estava nu, e n\u00e3o me vestistes; enfermo e na pris\u00e3o, e n\u00e3o me visitastes. Ent\u00e3o, eles. tamb\u00e9m responder\u00e3o: Senhor, quando \u00e9 que n\u00f3s te vimos faminto ou sequioso, ou peregrino, ou nu, ou enfermo, ou na pris\u00e3o, e n\u00e3o te assistimos?\u00a0E lhes responder\u00e1: Na verdade vos digo : Todas as vezes que o n\u00e3o fizestes a um destes mais pequeninos, a, mim o n\u00e3o fizestes. E esses ir\u00e3o para o supl\u00edcio eterno ; e os justos para a vida eterna.\u201d Mat. XXV, 41-46<\/span><\/p>\n<p>\u00a0<\/p>\n<p><span style=\"font-weight: 400; color: #000000;\">\u201cSe a tua m\u00e3o \u00e9 para ti ocasi\u00e3o de queda, corta-a; melhor te \u00e9 entrar na vida eterna manco, do que, tendo duas m\u00e3os, ir para a geena, para o fogo inextingu\u00edvel, onde o seu verme n\u00e3o morre, e o fogo n\u00e3o se apaga.\u201d<\/span><\/p>\n<p><span style=\"font-weight: 400; color: #000000;\">\u201cSe o teu p\u00e9 \u00e9 para ti ocasi\u00e3o de queda, corta-o; melhor te \u00e9 entrar na vida eterna coxo, do que, tendo dois p\u00e9s, ser lan\u00e7ado num fogo inextingu\u00edvel, onde o seu verme n\u00e3o morre, e o fogo n\u00e3o\u00a0se apaga.\u201d<\/span><\/p>\n<p><span style=\"font-weight: 400; color: #000000;\">\u201cSe o teu olho \u00e9 para ti ocasi\u00e3o de queda, lan\u00e7a-o fora ; melhor te \u00e9 entrar no reino de Deus sem um olho, do que, lendo dois, ser lan\u00e7ado no fogo do inferno, onde o seu verme n\u00e3o morre, e o fogo n\u00e3o se apaga.\u201d Marc. IX, 42-48<\/span><\/p>\n<p><span style=\"font-weight: 400; color: #000000;\">\u201ctomar\u00e1 na sua m\u00e3o a p\u00e1, limpar\u00e1 a sua eira, e recolher\u00e1 o trigo no seu celeiro, mas a palha queim\u00e1-la-\u00e1 num fogo inextingu\u00edvel.\u201d Luc. III, 17<\/span><\/p>\n<p><span style=\"color: #000000;\"><span style=\"font-weight: 400;\">\u201ce a v\u00f3s, que sois atribulados, (dar) descanso (eterno) conosco, quando aparecer o Senhor Jesus (descendo) do c\u00e9u com os anjos (mensageiros) do seu poder, em uma chama de fogo, para tomar vingan\u00e7a daqueles que (por sua culpa) n\u00e3o conheceram a Deus e n\u00e3o obedecem ao Evangelho de<\/span><span style=\"font-weight: 400;\"><br \/><\/span><span style=\"font-weight: 400;\">Nosso Senhor Jesus. Esses tais ser\u00e3o punidos com a perdi\u00e7\u00e3o eterna, longe da face do Senhor e da gl\u00f3ria do seu poder,\u201d Tessal. I, 7-9<\/span><\/span><\/p>\n<p><span style=\"font-weight: 400; color: #000000;\">\u201ce os anjos, que n\u00e3o conservaram o seu principado, mas abandonaram o seu domic\u00edlio, os reteve com cadeias eternas, nas trevas, para o ju\u00edzo do grande dia. Assim como Sodoma, Gomorra e as cidades circunvizinhas, que com elas se entregaram \u00e0 lux\u00faria e se abandonaram aos v\u00edcios contra a natureza, foram postas por escarmento, sofrendo a pena do fogo eterno.\u201d Judas 6-7<\/span><\/p>\n<p><span style=\"font-weight: 400; color: #000000;\">\u201ctamb\u00e9m esse beber\u00e1 do vinho da ira de Deus, lan\u00e7ado puro no c\u00e1lice da sua ira, e ser\u00e1 atormentado em fogo e enxofre, diante dos santos anjos e na presen\u00e7a do Cordeiro. E o fumo dos seus tormentos se levantar\u00e1 pelos s\u00e9culos dos s\u00e9culos, sem que tenham descanso algum, nem de dia nem de noite, aqueles que adoram a besta e a sua est\u00e1tua, assim como aqueles que recebem a marca do seu nome.\u201d Apoc. XIV, 10-11<\/span><\/p>\n<p><span style=\"font-weight: 400; color: #000000;\">\u201cE o dem\u00f4nio, que os seduzia, foi metido no tanque de fogo e de enxofre, onde tamb\u00e9m a besta e o falso profeta ser\u00e3o atormentados de dia e de noite pelos s\u00e9culos dos s\u00e9culos.\u201d Apoc. XX, 10<\/span><\/p>\n<p><span style=\"font-weight: 400; color: #000000;\">\u201cOs pecadores foram aterrados em Si\u00e3o, o medo apoderou-se dos \u00edmpios. Qual de v\u00f3s poder\u00e1 habitar num fogo devorador? Qual de v\u00f3s poder\u00e1 habitar entre as chamas eternas?\u201d Isa\u00edas XXXIII, 14<\/span><\/p>\n<p><span style=\"font-weight: 400;\"><span style=\"color: #000000;\">MORTE, JU\u00cdZO: INFERNO<\/span> <span style=\"color: #000000;\">OU PARA\u00cdSO&#8230;<\/span><\/span><\/p>\n<p><!-- \/wp:paragraph --><!-- wp:image {\"id\":2629,\"width\":839,\"height\":492,\"sizeSlug\":\"full\",\"linkDestination\":\"none\"} --><\/p>\n<figure class=\"wp-block-image size-full is-resized\"><img decoding=\"async\" class=\"wp-image-2629\" src=\"https:\/\/ligadosantorosario.com\/wp-content\/uploads\/image-2.png\" alt=\"\" width=\"839\" height=\"492\" srcset=\"https:\/\/ligadosantorosario.com\/wp-content\/uploads\/image-2.png 725w, https:\/\/ligadosantorosario.com\/wp-content\/uploads\/image-2-300x176.png 300w\" sizes=\"(max-width: 839px) 100vw, 839px\" \/><\/figure>\n<p><!-- \/wp:image --><\/p>\n<\/div>\n<p><!-- \/wp:group --><\/p>\t\t\t\t\t\t<\/div>\n\t\t\t\t<\/div>\n\t\t\t\t\t<\/div>\n\t\t<\/div>\n\t\t\t\t\t<\/div>\n\t\t<\/section>\n\t\t\t\t<\/div>\n\t\t","protected":false},"excerpt":{"rendered":"<p>Assim como o sol, tamb\u00e9m a vida nessa terra tem o seu crep\u00fasculo. Ou seja, o dia que acaba&#8230; A vida que chega a seu fim&#8230;. Nessa hora&#8230; \u00a0 Salve Rainha, m\u00e3e de miseric\u00f3rdia, vida do\u00e7ura, esperan\u00e7a nossa, salve. A v\u00f3s bradamos os degredados filhos de Eva. A v\u00f3s suspiramos, gemendo e chorando neste vale de l\u00e1grimas. Eia pois, advogada nossa, esses vossos olhos misericordiosos o n\u00f3s volvei. E depois deste desterro, mostrai-nos Jesus bendito fruto de vosso ventre. \u00d3 clemente, \u00f3 pia, \u00f3 doce sempre Virgem Maria. \u00a0 Nov\u00edssimos. \u2013 Destino que remata a vida humana. Pela designa\u00e7\u00e3o de&#8230;<\/p>\n","protected":false},"author":1,"featured_media":0,"comment_status":"open","ping_status":"open","sticky":false,"template":"","format":"standard","meta":{"jetpack_post_was_ever_published":false,"_jetpack_newsletter_access":"","_jetpack_dont_email_post_to_subs":false,"_jetpack_newsletter_tier_id":0,"footnotes":""},"categories":[1],"tags":[],"jetpack_sharing_enabled":true,"jetpack_featured_media_url":"","_links":{"self":[{"href":"https:\/\/ligadosantorosario.com\/index.php?rest_route=\/wp\/v2\/posts\/2625"}],"collection":[{"href":"https:\/\/ligadosantorosario.com\/index.php?rest_route=\/wp\/v2\/posts"}],"about":[{"href":"https:\/\/ligadosantorosario.com\/index.php?rest_route=\/wp\/v2\/types\/post"}],"author":[{"embeddable":true,"href":"https:\/\/ligadosantorosario.com\/index.php?rest_route=\/wp\/v2\/users\/1"}],"replies":[{"embeddable":true,"href":"https:\/\/ligadosantorosario.com\/index.php?rest_route=%2Fwp%2Fv2%2Fcomments&post=2625"}],"version-history":[{"count":34,"href":"https:\/\/ligadosantorosario.com\/index.php?rest_route=\/wp\/v2\/posts\/2625\/revisions"}],"predecessor-version":[{"id":3002,"href":"https:\/\/ligadosantorosario.com\/index.php?rest_route=\/wp\/v2\/posts\/2625\/revisions\/3002"}],"wp:attachment":[{"href":"https:\/\/ligadosantorosario.com\/index.php?rest_route=%2Fwp%2Fv2%2Fmedia&parent=2625"}],"wp:term":[{"taxonomy":"category","embeddable":true,"href":"https:\/\/ligadosantorosario.com\/index.php?rest_route=%2Fwp%2Fv2%2Fcategories&post=2625"},{"taxonomy":"post_tag","embeddable":true,"href":"https:\/\/ligadosantorosario.com\/index.php?rest_route=%2Fwp%2Fv2%2Ftags&post=2625"}],"curies":[{"name":"wp","href":"https:\/\/api.w.org\/{rel}","templated":true}]}}