{"id":2631,"date":"2023-10-19T13:57:54","date_gmt":"2023-10-19T13:57:54","guid":{"rendered":"https:\/\/ligadosantorosario.com\/?p=2631"},"modified":"2023-10-19T14:18:06","modified_gmt":"2023-10-19T14:18:06","slug":"elementor-2631","status":"publish","type":"post","link":"https:\/\/ligadosantorosario.com\/?p=2631","title":{"rendered":"Como se devem desmascarar os inimigos internos da Igreja"},"content":{"rendered":"\t\t<div data-elementor-type=\"wp-post\" data-elementor-id=\"2631\" class=\"elementor elementor-2631\" data-elementor-post-type=\"post\">\n\t\t\t\t\t\t<section class=\"elementor-section elementor-top-section elementor-element elementor-element-a4576c1 elementor-section-boxed elementor-section-height-default elementor-section-height-default\" data-id=\"a4576c1\" data-element_type=\"section\">\n\t\t\t\t\t\t<div class=\"elementor-container elementor-column-gap-default\">\n\t\t\t\t\t<div class=\"elementor-column elementor-col-100 elementor-top-column elementor-element elementor-element-99c4df0\" data-id=\"99c4df0\" data-element_type=\"column\">\n\t\t\t<div class=\"elementor-widget-wrap elementor-element-populated\">\n\t\t\t\t\t\t<div class=\"elementor-element elementor-element-5e987a2 elementor-widget elementor-widget-text-editor\" data-id=\"5e987a2\" data-element_type=\"widget\" data-widget_type=\"text-editor.default\">\n\t\t\t\t<div class=\"elementor-widget-container\">\n\t\t\t<style>\/*! elementor - v3.23.0 - 05-08-2024 *\/\n.elementor-widget-text-editor.elementor-drop-cap-view-stacked .elementor-drop-cap{background-color:#69727d;color:#fff}.elementor-widget-text-editor.elementor-drop-cap-view-framed .elementor-drop-cap{color:#69727d;border:3px solid;background-color:transparent}.elementor-widget-text-editor:not(.elementor-drop-cap-view-default) .elementor-drop-cap{margin-top:8px}.elementor-widget-text-editor:not(.elementor-drop-cap-view-default) .elementor-drop-cap-letter{width:1em;height:1em}.elementor-widget-text-editor .elementor-drop-cap{float:left;text-align:center;line-height:1;font-size:50px}.elementor-widget-text-editor .elementor-drop-cap-letter{display:inline-block}<\/style>\t\t\t\t<p style=\"text-align: center;\"><span style=\"color: #000000;\"><b>S\u00e3o Bernardo<\/b><\/span><\/p><p><span style=\"color: #000000;\">Catolicismo n\u00ba12, dezembro 1951<\/span><\/p><p><span style=\"color: #000000;\">UMA VIRTUDE OPRTUNA: A FRANQUEZA APOST\u00d3LICA<\/span><\/p>\t\t\t\t\t\t<\/div>\n\t\t\t\t<\/div>\n\t\t\t\t\t<\/div>\n\t\t<\/div>\n\t\t\t\t\t<\/div>\n\t\t<\/section>\n\t\t\t\t<section class=\"elementor-section elementor-top-section elementor-element elementor-element-02dcc7b elementor-section-boxed elementor-section-height-default elementor-section-height-default\" data-id=\"02dcc7b\" data-element_type=\"section\">\n\t\t\t\t\t\t<div class=\"elementor-container elementor-column-gap-default\">\n\t\t\t\t\t<div class=\"elementor-column elementor-col-100 elementor-top-column elementor-element elementor-element-54e6cc1\" data-id=\"54e6cc1\" data-element_type=\"column\">\n\t\t\t<div class=\"elementor-widget-wrap elementor-element-populated\">\n\t\t\t\t\t\t<div class=\"elementor-element elementor-element-3c6c443 elementor-widget elementor-widget-text-editor\" data-id=\"3c6c443\" data-element_type=\"widget\" data-widget_type=\"text-editor.default\">\n\t\t\t\t<div class=\"elementor-widget-container\">\n\t\t\t\t\t\t\t<p><img fetchpriority=\"high\" decoding=\"async\" class=\"size-medium wp-image-2025 alignright\" src=\"http:\/\/ligadosantorosario.com\/wp-content\/uploads\/Saint_Bernard_Philippe_de_Champaigne_dapres_Saint_Etienne_du_Mont-241x300.jpg\" alt=\"\" width=\"241\" height=\"300\" srcset=\"https:\/\/ligadosantorosario.com\/wp-content\/uploads\/Saint_Bernard_Philippe_de_Champaigne_dapres_Saint_Etienne_du_Mont-241x300.jpg 241w, https:\/\/ligadosantorosario.com\/wp-content\/uploads\/Saint_Bernard_Philippe_de_Champaigne_dapres_Saint_Etienne_du_Mont-824x1024.jpg 824w, https:\/\/ligadosantorosario.com\/wp-content\/uploads\/Saint_Bernard_Philippe_de_Champaigne_dapres_Saint_Etienne_du_Mont-768x954.jpg 768w, https:\/\/ligadosantorosario.com\/wp-content\/uploads\/Saint_Bernard_Philippe_de_Champaigne_dapres_Saint_Etienne_du_Mont.jpg 1200w\" sizes=\"(max-width: 241px) 100vw, 241px\" \/><\/p><p><span style=\"color: #000000;\">De uma carta ao Papa Inoc\u00eancio II a respeito dos erros de Pedro Abelardo, te\u00f3logo afamado:<\/span><\/p><p><span style=\"color: #000000;\">Temos em Fran\u00e7a um indiv\u00edduo que de antigo mestre-escola se transformou em te\u00f3logo, e, depois de haver passado toda sua juventude nos tumultos da dial\u00e9tica, vem agora enfurecer-se at\u00e9 o frenesi contra as Sagradas Escrituras. Esfor\u00e7a-se ele por ressuscitar todos os antigos erros, condenados h\u00e1 tempo e sepultados no esquecimento, tanto seus como de outros autores, e ainda por cima pretende conhecer quando h\u00e1 de mais elevado no mais alto do c\u00e9u e quando h\u00e1 de mais rec\u00f4ndito no mais profundo da terra; e, mostrando com seu modo de agir que a \u00fanica coisa de que ainda n\u00e3o se deu conta \u00e9 sua insigne nescidade, entra pelos pr\u00f3prios umbrais da vida eterna para esquadrinhar os mais sublimes arcanos de Deus, e em seguida volta a baixar at\u00e9 n\u00f3s para contar-nos as palavras inef\u00e1veis que a nenhum homem \u00e9 dado exprimir; com o que, enquanto parece disposto a dar-nos cumpridamente a raz\u00e3o de tudo, mesmo daquilo que \u00e9 superior a toda a raz\u00e3o, o que realmente demonstra \u00e9 estar contra toda a raz\u00e3o e contra a pr\u00f3pria f\u00e9.<\/span><\/p><p><span style=\"color: #000000;\">\u00a0 \u00a0 \u00a0 \u00a0 \u00a0 \u00a0 \u00a0 \u00a0 \u00a0 \u00a0 \u00a0 \u00a0 \u00a0 \u00a0 \u00a0 \u00a0 \u00a0 \u00a0 \u00a0 \u00a0 \u00a0 \u00a0 \u00a0 \u00a0 \u00a0 \u00a0 \u00a0 \u00a0 \u00a0 \u00a0 \u00a0 \u00a0 \u00a0 \u00a0* * *<\/span><\/p><p><span style=\"color: #000000;\">Acabamos de ver como, segundo nosso te\u00f3logo, a onipot\u00eancia existe no Padre, e em troca no Filho s\u00f3 h\u00e1 uma certa pot\u00eancia. Diga-nos agora o que sente acerca do Esp\u00edrito Santo. &#8220;A bondade ou benignidade por ess\u00eancia, diz ele, que \u00e9 o nome com que designamos o Divino Esp\u00edrito, n\u00e3o \u00e9 em Deus nem pot\u00eancia, nem sabedoria&#8221;. Eu via Satan\u00e1s, diz o Divino Mestre, que caia do c\u00e9u como rel\u00e2mpago (Luc. 10,18). Tal de ser sempre a queda daqueles que se querem fazer maiores do que s\u00e3o e pretendem alturas para eles inacess\u00edveis. J\u00e1 vedes, Santo Padre, por que graus, ou melhor, por que princ\u00edpios corre nosso homem para sua ru\u00edna. Onipot\u00eancia, certa pot\u00eancia, nenhuma pot\u00eancia. S\u00f3 de ouvir tais dislates me horrorizo, e julgo que este meu horror \u00e9 argumento suficiente para refut\u00e1-los. Contudo, dominando a perturba\u00e7\u00e3o que embarga meu esp\u00edrito, aduzirei aquela passagem de Isa\u00edas, que no momento me ocorre, e na qual fica vingada a inj\u00faria feita ao Divino Esp\u00edrito. Diz o mencionando Profeta, falando d&#8217;Ele, que \u00e9: &#8220;Esp\u00edrito de sabedoria e Esp\u00edrito de fortaleza&#8221; (Isai. 11,2). Bastam estas simples palavras para confundir vitoriosamente a inqualific\u00e1vel aud\u00e1cia desse homem, ainda que n\u00e3o sejam suficientes para reprimi-la e aterr\u00e1-la. \u00d3 l\u00edngua palradora! Mesmo que a inj\u00faria que fazeis ao Padre e ao Filho vos fosse perdoada, podereis, acaso, o mesmo da vossa blasf\u00eamia contra o Esp\u00edrito Santo? O Anjo do Senhor s\u00f3 espera um sinal e vai fender-vos pelo meio com sua espada exterminadora, por terdes dito: &#8220;O Esp\u00edrito Santo n\u00e3o \u00e9 em Deus nem pot\u00eancia, nem sabedoria&#8221;. Deste modo, o orgulhoso, quando pretendia trepar at\u00e9 o alto, resvala e se desempenha. (Ep\u00edstola CXC).<\/span><\/p>\t\t\t\t\t\t<\/div>\n\t\t\t\t<\/div>\n\t\t\t\t\t<\/div>\n\t\t<\/div>\n\t\t\t\t\t<\/div>\n\t\t<\/section>\n\t\t\t\t<\/div>\n\t\t","protected":false},"excerpt":{"rendered":"<p>S\u00e3o Bernardo Catolicismo n\u00ba12, dezembro 1951 UMA VIRTUDE OPRTUNA: A FRANQUEZA APOST\u00d3LICA De uma carta ao Papa Inoc\u00eancio II a respeito dos erros de Pedro Abelardo, te\u00f3logo afamado: Temos em Fran\u00e7a um indiv\u00edduo que de antigo mestre-escola se transformou em te\u00f3logo, e, depois de haver passado toda sua juventude nos tumultos da dial\u00e9tica, vem agora enfurecer-se at\u00e9 o frenesi contra as Sagradas Escrituras. Esfor\u00e7a-se ele por ressuscitar todos os antigos erros, condenados h\u00e1 tempo e sepultados no esquecimento, tanto seus como de outros autores, e ainda por cima pretende conhecer quando h\u00e1 de mais elevado no mais alto do c\u00e9u&#8230;<\/p>\n","protected":false},"author":1,"featured_media":0,"comment_status":"open","ping_status":"open","sticky":false,"template":"","format":"standard","meta":{"jetpack_post_was_ever_published":false,"_jetpack_newsletter_access":"","_jetpack_dont_email_post_to_subs":false,"_jetpack_newsletter_tier_id":0,"footnotes":""},"categories":[8],"tags":[],"jetpack_sharing_enabled":true,"jetpack_featured_media_url":"","_links":{"self":[{"href":"https:\/\/ligadosantorosario.com\/index.php?rest_route=\/wp\/v2\/posts\/2631"}],"collection":[{"href":"https:\/\/ligadosantorosario.com\/index.php?rest_route=\/wp\/v2\/posts"}],"about":[{"href":"https:\/\/ligadosantorosario.com\/index.php?rest_route=\/wp\/v2\/types\/post"}],"author":[{"embeddable":true,"href":"https:\/\/ligadosantorosario.com\/index.php?rest_route=\/wp\/v2\/users\/1"}],"replies":[{"embeddable":true,"href":"https:\/\/ligadosantorosario.com\/index.php?rest_route=%2Fwp%2Fv2%2Fcomments&post=2631"}],"version-history":[{"count":9,"href":"https:\/\/ligadosantorosario.com\/index.php?rest_route=\/wp\/v2\/posts\/2631\/revisions"}],"predecessor-version":[{"id":2649,"href":"https:\/\/ligadosantorosario.com\/index.php?rest_route=\/wp\/v2\/posts\/2631\/revisions\/2649"}],"wp:attachment":[{"href":"https:\/\/ligadosantorosario.com\/index.php?rest_route=%2Fwp%2Fv2%2Fmedia&parent=2631"}],"wp:term":[{"taxonomy":"category","embeddable":true,"href":"https:\/\/ligadosantorosario.com\/index.php?rest_route=%2Fwp%2Fv2%2Fcategories&post=2631"},{"taxonomy":"post_tag","embeddable":true,"href":"https:\/\/ligadosantorosario.com\/index.php?rest_route=%2Fwp%2Fv2%2Ftags&post=2631"}],"curies":[{"name":"wp","href":"https:\/\/api.w.org\/{rel}","templated":true}]}}