{"id":2653,"date":"2023-10-23T00:12:05","date_gmt":"2023-10-23T00:12:05","guid":{"rendered":"https:\/\/ligadosantorosario.com\/?p=2653"},"modified":"2024-10-01T14:55:35","modified_gmt":"2024-10-01T14:55:35","slug":"outubro-e-o-mes-do-rosario","status":"publish","type":"post","link":"https:\/\/ligadosantorosario.com\/?p=2653","title":{"rendered":"Outubro &#8211; m\u00eas do Ros\u00e1rio"},"content":{"rendered":"\t\t<div data-elementor-type=\"wp-post\" data-elementor-id=\"2653\" class=\"elementor elementor-2653\" data-elementor-post-type=\"post\">\n\t\t\t\t\t\t<section class=\"elementor-section elementor-top-section elementor-element elementor-element-49ed0dd elementor-section-boxed elementor-section-height-default elementor-section-height-default\" data-id=\"49ed0dd\" data-element_type=\"section\">\n\t\t\t\t\t\t<div class=\"elementor-container elementor-column-gap-default\">\n\t\t\t\t\t<div class=\"elementor-column elementor-col-100 elementor-top-column elementor-element elementor-element-3d344d5\" data-id=\"3d344d5\" data-element_type=\"column\">\n\t\t\t<div class=\"elementor-widget-wrap elementor-element-populated\">\n\t\t\t\t\t\t<div class=\"elementor-element elementor-element-a1cc24b elementor-widget elementor-widget-image\" data-id=\"a1cc24b\" data-element_type=\"widget\" data-widget_type=\"image.default\">\n\t\t\t\t<div class=\"elementor-widget-container\">\n\t\t\t<style>\/*! elementor - v3.23.0 - 05-08-2024 *\/\n.elementor-widget-image{text-align:center}.elementor-widget-image a{display:inline-block}.elementor-widget-image a img[src$=\".svg\"]{width:48px}.elementor-widget-image img{vertical-align:middle;display:inline-block}<\/style>\t\t\t\t\t\t\t<figure class=\"wp-caption\">\n\t\t\t\t\t\t\t\t\t\t<img fetchpriority=\"high\" decoding=\"async\" width=\"473\" height=\"703\" src=\"https:\/\/ligadosantorosario.com\/wp-content\/uploads\/Rosario_arma.jpg\" class=\"attachment-large size-large wp-image-7473\" alt=\"\" srcset=\"https:\/\/ligadosantorosario.com\/wp-content\/uploads\/Rosario_arma.jpg 473w, https:\/\/ligadosantorosario.com\/wp-content\/uploads\/Rosario_arma-202x300.jpg 202w\" sizes=\"(max-width: 473px) 100vw, 473px\" \/>\t\t\t\t\t\t\t\t\t\t\t<figcaption class=\"widget-image-caption wp-caption-text\">ROSARIO - ARMA PODEROSA<\/figcaption>\n\t\t\t\t\t\t\t\t\t\t<\/figure>\n\t\t\t\t\t\t\t<\/div>\n\t\t\t\t<\/div>\n\t\t\t\t\t<\/div>\n\t\t<\/div>\n\t\t\t\t\t<\/div>\n\t\t<\/section>\n\t\t\t\t<section class=\"elementor-section elementor-top-section elementor-element elementor-element-c31f22b elementor-section-boxed elementor-section-height-default elementor-section-height-default\" data-id=\"c31f22b\" data-element_type=\"section\">\n\t\t\t\t\t\t<div class=\"elementor-container elementor-column-gap-default\">\n\t\t\t\t\t<div class=\"elementor-column elementor-col-100 elementor-top-column elementor-element elementor-element-baa6eda\" data-id=\"baa6eda\" data-element_type=\"column\">\n\t\t\t<div class=\"elementor-widget-wrap elementor-element-populated\">\n\t\t\t\t\t\t<div class=\"elementor-element elementor-element-383c4f9 elementor-widget elementor-widget-testimonial\" data-id=\"383c4f9\" data-element_type=\"widget\" data-widget_type=\"testimonial.default\">\n\t\t\t\t<div class=\"elementor-widget-container\">\n\t\t\t<style>\/*! elementor - v3.23.0 - 05-08-2024 *\/\n.elementor-testimonial-wrapper{overflow:hidden;text-align:center}.elementor-testimonial-wrapper .elementor-testimonial-content{font-size:1.3em;margin-bottom:20px}.elementor-testimonial-wrapper .elementor-testimonial-name{line-height:1.5;display:block}.elementor-testimonial-wrapper .elementor-testimonial-job{font-size:.85em;display:block}.elementor-testimonial-wrapper .elementor-testimonial-meta{width:100%;line-height:1}.elementor-testimonial-wrapper .elementor-testimonial-meta-inner{display:inline-block}.elementor-testimonial-wrapper .elementor-testimonial-meta .elementor-testimonial-details,.elementor-testimonial-wrapper .elementor-testimonial-meta .elementor-testimonial-image{display:table-cell;vertical-align:middle}.elementor-testimonial-wrapper .elementor-testimonial-meta .elementor-testimonial-image img{width:60px;height:60px;border-radius:50%;-o-object-fit:cover;object-fit:cover;max-width:none}.elementor-testimonial-wrapper .elementor-testimonial-meta.elementor-testimonial-image-position-aside .elementor-testimonial-image{padding-inline-end:15px}.elementor-testimonial-wrapper .elementor-testimonial-meta.elementor-testimonial-image-position-aside .elementor-testimonial-details{text-align:start}.elementor-testimonial-wrapper .elementor-testimonial-meta.elementor-testimonial-image-position-top .elementor-testimonial-details,.elementor-testimonial-wrapper .elementor-testimonial-meta.elementor-testimonial-image-position-top .elementor-testimonial-image{display:block}.elementor-testimonial-wrapper .elementor-testimonial-meta.elementor-testimonial-image-position-top .elementor-testimonial-image{margin-bottom:20px}<\/style>\t\t<div class=\"elementor-testimonial-wrapper\">\n\t\t\t\t\t\t\t<div class=\"elementor-testimonial-content\"><br><br><b>\u00abO Senhor Vos aben\u00e7oou na Sua for\u00e7a, porque por V\u00f3s aniquilou nossos inimigos\u00bb (Judith,13.22).\n Na festa do Ros\u00e1rio, a Igreja aplica tais palavras a Nossa Senhora. Por ocasi\u00e3o da batalha de Lepanto essa aniquila\u00e7\u00e3o foi completa e o museu da armeria real de Madri conserva, juntamente com os estandartes da esquadra crist\u00e3, as armas e ins\u00edgnias dos mu\u00e7ulmanos derrotados.<\/b><\/div>\n\t\t\t\n\t\t\t\t\t<\/div>\n\t\t\t\t<\/div>\n\t\t\t\t<\/div>\n\t\t\t\t\t<\/div>\n\t\t<\/div>\n\t\t\t\t\t<\/div>\n\t\t<\/section>\n\t\t\t\t<section class=\"elementor-section elementor-top-section elementor-element elementor-element-a64fa1c elementor-section-boxed elementor-section-height-default elementor-section-height-default\" data-id=\"a64fa1c\" data-element_type=\"section\">\n\t\t\t\t\t\t<div class=\"elementor-container elementor-column-gap-default\">\n\t\t\t\t\t<div class=\"elementor-column elementor-col-100 elementor-top-column elementor-element elementor-element-cad850d\" data-id=\"cad850d\" data-element_type=\"column\">\n\t\t\t<div class=\"elementor-widget-wrap elementor-element-populated\">\n\t\t\t\t\t\t<div class=\"elementor-element elementor-element-2e45e65 elementor-widget elementor-widget-heading\" data-id=\"2e45e65\" data-element_type=\"widget\" data-widget_type=\"heading.default\">\n\t\t\t\t<div class=\"elementor-widget-container\">\n\t\t\t<style>\/*! elementor - v3.23.0 - 05-08-2024 *\/\n.elementor-heading-title{padding:0;margin:0;line-height:1}.elementor-widget-heading .elementor-heading-title[class*=elementor-size-]>a{color:inherit;font-size:inherit;line-height:inherit}.elementor-widget-heading .elementor-heading-title.elementor-size-small{font-size:15px}.elementor-widget-heading .elementor-heading-title.elementor-size-medium{font-size:19px}.elementor-widget-heading .elementor-heading-title.elementor-size-large{font-size:29px}.elementor-widget-heading .elementor-heading-title.elementor-size-xl{font-size:39px}.elementor-widget-heading .elementor-heading-title.elementor-size-xxl{font-size:59px}<\/style><h4 class=\"elementor-heading-title elementor-size-default\">Outubro \u00e9 consagrado como o m\u00eas do Santo Ros\u00e1rio<\/h4>\t\t<\/div>\n\t\t\t\t<\/div>\n\t\t\t\t\t<\/div>\n\t\t<\/div>\n\t\t\t\t\t<\/div>\n\t\t<\/section>\n\t\t\t\t<section class=\"elementor-section elementor-top-section elementor-element elementor-element-3538beb elementor-section-boxed elementor-section-height-default elementor-section-height-default\" data-id=\"3538beb\" data-element_type=\"section\">\n\t\t\t\t\t\t<div class=\"elementor-container elementor-column-gap-default\">\n\t\t\t\t\t<div class=\"elementor-column elementor-col-100 elementor-top-column elementor-element elementor-element-1657576\" data-id=\"1657576\" data-element_type=\"column\">\n\t\t\t<div class=\"elementor-widget-wrap elementor-element-populated\">\n\t\t\t\t\t\t<div class=\"elementor-element elementor-element-3fbb399 elementor-widget elementor-widget-text-editor\" data-id=\"3fbb399\" data-element_type=\"widget\" data-widget_type=\"text-editor.default\">\n\t\t\t\t<div class=\"elementor-widget-container\">\n\t\t\t<style>\/*! elementor - v3.23.0 - 05-08-2024 *\/\n.elementor-widget-text-editor.elementor-drop-cap-view-stacked .elementor-drop-cap{background-color:#69727d;color:#fff}.elementor-widget-text-editor.elementor-drop-cap-view-framed .elementor-drop-cap{color:#69727d;border:3px solid;background-color:transparent}.elementor-widget-text-editor:not(.elementor-drop-cap-view-default) .elementor-drop-cap{margin-top:8px}.elementor-widget-text-editor:not(.elementor-drop-cap-view-default) .elementor-drop-cap-letter{width:1em;height:1em}.elementor-widget-text-editor .elementor-drop-cap{float:left;text-align:center;line-height:1;font-size:50px}.elementor-widget-text-editor .elementor-drop-cap-letter{display:inline-block}<\/style>\t\t\t\t<p>Habitualmente, esta devo\u00e7\u00e3o \u00e9 apregoada sobretudo do ponto de vista do bem que produz nas almas, individualmente consideradas. Entretanto, o Ros\u00e1rio tamb\u00e9m tem um papel extraordin\u00e1rio como meio de defesa da Igreja contra seus advers\u00e1rios internos e externos. E este \u00faltimo aspecto n\u00e3o pode deixar de ser muito atentamente considerado pelos cat\u00f3licos de nossos dias.<\/p>\t\t\t\t\t\t<\/div>\n\t\t\t\t<\/div>\n\t\t\t\t\t<\/div>\n\t\t<\/div>\n\t\t\t\t\t<\/div>\n\t\t<\/section>\n\t\t\t\t<section class=\"elementor-section elementor-top-section elementor-element elementor-element-e28f098 elementor-section-boxed elementor-section-height-default elementor-section-height-default\" data-id=\"e28f098\" data-element_type=\"section\">\n\t\t\t\t\t\t<div class=\"elementor-container elementor-column-gap-default\">\n\t\t\t\t\t<div class=\"elementor-column elementor-col-100 elementor-top-column elementor-element elementor-element-bcf32ee\" data-id=\"bcf32ee\" data-element_type=\"column\">\n\t\t\t<div class=\"elementor-widget-wrap elementor-element-populated\">\n\t\t\t\t\t\t<div class=\"elementor-element elementor-element-20511e1 elementor-widget elementor-widget-image\" data-id=\"20511e1\" data-element_type=\"widget\" data-widget_type=\"image.default\">\n\t\t\t\t<div class=\"elementor-widget-container\">\n\t\t\t\t\t\t\t\t\t\t<figure class=\"wp-caption\">\n\t\t\t\t\t\t\t\t\t\t<img decoding=\"async\" width=\"499\" height=\"395\" src=\"https:\/\/ligadosantorosario.com\/wp-content\/uploads\/Bitwa-pod-Lepanto-1571.jpg\" class=\"attachment-large size-large wp-image-2651\" alt=\"\" srcset=\"https:\/\/ligadosantorosario.com\/wp-content\/uploads\/Bitwa-pod-Lepanto-1571.jpg 499w, https:\/\/ligadosantorosario.com\/wp-content\/uploads\/Bitwa-pod-Lepanto-1571-300x237.jpg 300w\" sizes=\"(max-width: 499px) 100vw, 499px\" \/>\t\t\t\t\t\t\t\t\t\t\t<figcaption class=\"widget-image-caption wp-caption-text\">Batalha de Lepanto<\/figcaption>\n\t\t\t\t\t\t\t\t\t\t<\/figure>\n\t\t\t\t\t\t\t<\/div>\n\t\t\t\t<\/div>\n\t\t\t\t\t<\/div>\n\t\t<\/div>\n\t\t\t\t\t<\/div>\n\t\t<\/section>\n\t\t\t\t<section class=\"elementor-section elementor-top-section elementor-element elementor-element-386a148 elementor-section-boxed elementor-section-height-default elementor-section-height-default\" data-id=\"386a148\" data-element_type=\"section\">\n\t\t\t\t\t\t<div class=\"elementor-container elementor-column-gap-default\">\n\t\t\t\t\t<div class=\"elementor-column elementor-col-100 elementor-top-column elementor-element elementor-element-cb793a0\" data-id=\"cb793a0\" data-element_type=\"column\">\n\t\t\t<div class=\"elementor-widget-wrap elementor-element-populated\">\n\t\t\t\t\t\t<div class=\"elementor-element elementor-element-5429eef elementor-widget elementor-widget-text-editor\" data-id=\"5429eef\" data-element_type=\"widget\" data-widget_type=\"text-editor.default\">\n\t\t\t\t<div class=\"elementor-widget-container\">\n\t\t\t\t\t\t\t<p>Com efeito, poucas \u00e9pocas ter\u00e1 havido, na Hist\u00f3ria j\u00e1 vinte vezes secular da Igreja, em que a Cristandade tenha passado por tantos perigos internos e&nbsp;externos. Pode-se mesmo afirmar que jamais se desferiu contra a Igreja de Nosso Senhor Jesus Cristo tamanha ofensiva quanto a de nossos dias.&nbsp;Externamente, temos o moloch comunista, que estende seus tent\u00e1culos desde o Elba at\u00e9 a Indochina, e mant\u00e9m uma rede de agitadores em todo o globo.<\/p>\n<p><\/p>\t\t\t\t\t\t<\/div>\n\t\t\t\t<\/div>\n\t\t\t\t\t<\/div>\n\t\t<\/div>\n\t\t\t\t\t<\/div>\n\t\t<\/section>\n\t\t\t\t<section class=\"elementor-section elementor-top-section elementor-element elementor-element-da0c861 elementor-section-boxed elementor-section-height-default elementor-section-height-default\" data-id=\"da0c861\" data-element_type=\"section\">\n\t\t\t\t\t\t<div class=\"elementor-container elementor-column-gap-default\">\n\t\t\t\t\t<div class=\"elementor-column elementor-col-100 elementor-top-column elementor-element elementor-element-48c7b10\" data-id=\"48c7b10\" data-element_type=\"column\">\n\t\t\t<div class=\"elementor-widget-wrap elementor-element-populated\">\n\t\t\t\t\t\t<div class=\"elementor-element elementor-element-b8f4af5 elementor-widget elementor-widget-heading\" data-id=\"b8f4af5\" data-element_type=\"widget\" data-widget_type=\"heading.default\">\n\t\t\t\t<div class=\"elementor-widget-container\">\n\t\t\t<h4 class=\"elementor-heading-title elementor-size-default\">Renasce o perigo mu\u00e7ulmano<\/h4>\t\t<\/div>\n\t\t\t\t<\/div>\n\t\t\t\t\t<\/div>\n\t\t<\/div>\n\t\t\t\t\t<\/div>\n\t\t<\/section>\n\t\t\t\t<section class=\"elementor-section elementor-top-section elementor-element elementor-element-df67aa7 elementor-section-boxed elementor-section-height-default elementor-section-height-default\" data-id=\"df67aa7\" data-element_type=\"section\">\n\t\t\t\t\t\t<div class=\"elementor-container elementor-column-gap-default\">\n\t\t\t\t\t<div class=\"elementor-column elementor-col-100 elementor-top-column elementor-element elementor-element-25fe548\" data-id=\"25fe548\" data-element_type=\"column\">\n\t\t\t<div class=\"elementor-widget-wrap elementor-element-populated\">\n\t\t\t\t\t\t<div class=\"elementor-element elementor-element-060b61b elementor-widget elementor-widget-text-editor\" data-id=\"060b61b\" data-element_type=\"widget\" data-widget_type=\"text-editor.default\">\n\t\t\t\t<div class=\"elementor-widget-container\">\n\t\t\t\t\t\t\t<p><\/p>\n<p>De outro lado,&nbsp;<b><i>renasce o perigo mu\u00e7ulmano, j\u00e1 que todas as na\u00e7\u00f5es maometanas, desde o Marrocos at\u00e9 o Paquist\u00e3o, se agitam no sentido de&nbsp;sacudir o jugo das na\u00e7\u00f5es crist\u00e3s europeias, e formar um bloco internacional coeso, que ter\u00e1 como eixo de uni\u00e3o a fidelidade aos princ\u00edpios do Islam.<\/i><\/b><\/p>\t\t\t\t\t\t<\/div>\n\t\t\t\t<\/div>\n\t\t\t\t\t<\/div>\n\t\t<\/div>\n\t\t\t\t\t<\/div>\n\t\t<\/section>\n\t\t\t\t<section class=\"elementor-section elementor-top-section elementor-element elementor-element-d5cc9e4 elementor-section-boxed elementor-section-height-default elementor-section-height-default\" data-id=\"d5cc9e4\" data-element_type=\"section\">\n\t\t\t\t\t\t<div class=\"elementor-container elementor-column-gap-default\">\n\t\t\t\t\t<div class=\"elementor-column elementor-col-100 elementor-top-column elementor-element elementor-element-3d16342\" data-id=\"3d16342\" data-element_type=\"column\">\n\t\t\t<div class=\"elementor-widget-wrap\">\n\t\t\t\t\t\t\t<\/div>\n\t\t<\/div>\n\t\t\t\t\t<\/div>\n\t\t<\/section>\n\t\t\t\t<section class=\"elementor-section elementor-top-section elementor-element elementor-element-3017839 elementor-section-boxed elementor-section-height-default elementor-section-height-default\" data-id=\"3017839\" data-element_type=\"section\">\n\t\t\t\t\t\t<div class=\"elementor-container elementor-column-gap-default\">\n\t\t\t\t\t<div class=\"elementor-column elementor-col-100 elementor-top-column elementor-element elementor-element-c0bbc5e\" data-id=\"c0bbc5e\" data-element_type=\"column\">\n\t\t\t<div class=\"elementor-widget-wrap elementor-element-populated\">\n\t\t\t\t\t\t<div class=\"elementor-element elementor-element-fe7a350 elementor-widget elementor-widget-image\" data-id=\"fe7a350\" data-element_type=\"widget\" data-widget_type=\"image.default\">\n\t\t\t\t<div class=\"elementor-widget-container\">\n\t\t\t\t\t\t\t\t\t\t<figure class=\"wp-caption\">\n\t\t\t\t\t\t\t\t\t\t<img decoding=\"async\" width=\"679\" height=\"385\" src=\"https:\/\/ligadosantorosario.com\/wp-content\/uploads\/Ataques-muculmanos.png\" class=\"attachment-large size-large wp-image-2655\" alt=\"\" srcset=\"https:\/\/ligadosantorosario.com\/wp-content\/uploads\/Ataques-muculmanos.png 679w, https:\/\/ligadosantorosario.com\/wp-content\/uploads\/Ataques-muculmanos-300x170.png 300w\" sizes=\"(max-width: 679px) 100vw, 679px\" \/>\t\t\t\t\t\t\t\t\t\t\t<figcaption class=\"widget-image-caption wp-caption-text\">Atentados mu\u00e7ulmanos na Europa<\/figcaption>\n\t\t\t\t\t\t\t\t\t\t<\/figure>\n\t\t\t\t\t\t\t<\/div>\n\t\t\t\t<\/div>\n\t\t\t\t\t<\/div>\n\t\t<\/div>\n\t\t\t\t\t<\/div>\n\t\t<\/section>\n\t\t\t\t<section class=\"elementor-section elementor-top-section elementor-element elementor-element-27b8840 elementor-section-boxed elementor-section-height-default elementor-section-height-default\" data-id=\"27b8840\" data-element_type=\"section\">\n\t\t\t\t\t\t<div class=\"elementor-container elementor-column-gap-default\">\n\t\t\t\t\t<div class=\"elementor-column elementor-col-100 elementor-top-column elementor-element elementor-element-d612818\" data-id=\"d612818\" data-element_type=\"column\">\n\t\t\t<div class=\"elementor-widget-wrap elementor-element-populated\">\n\t\t\t\t\t\t<div class=\"elementor-element elementor-element-ff06b22 elementor-widget elementor-widget-text-editor\" data-id=\"ff06b22\" data-element_type=\"widget\" data-widget_type=\"text-editor.default\">\n\t\t\t\t<div class=\"elementor-widget-container\">\n\t\t\t\t\t\t\t<p>[ &#8230; ] No Ocidente crist\u00e3o, a hegemonia passou decididamente \u2014 se bem que n\u00e3o definitivamente \u2014 das na\u00e7\u00f5es cat\u00f3licas para as protestantes. De outro lado, <strong><em>nas pr\u00f3prias entranhas dos povos cat\u00f3licos, quantas crises, quantos problemas, quantas dificuldades!<\/em><\/strong> E que &#8220;lendemain&#8221; se pode esperar para a Igreja em meio a tudo isto!<\/p>\t\t\t\t\t\t<\/div>\n\t\t\t\t<\/div>\n\t\t\t\t\t<\/div>\n\t\t<\/div>\n\t\t\t\t\t<\/div>\n\t\t<\/section>\n\t\t\t\t<section class=\"elementor-section elementor-top-section elementor-element elementor-element-c472fc0 elementor-section-boxed elementor-section-height-default elementor-section-height-default\" data-id=\"c472fc0\" data-element_type=\"section\">\n\t\t\t\t\t\t<div class=\"elementor-container elementor-column-gap-default\">\n\t\t\t\t\t<div class=\"elementor-column elementor-col-100 elementor-top-column elementor-element elementor-element-4ef20ee\" data-id=\"4ef20ee\" data-element_type=\"column\">\n\t\t\t<div class=\"elementor-widget-wrap elementor-element-populated\">\n\t\t\t\t\t\t<div class=\"elementor-element elementor-element-dc32a29 elementor-widget elementor-widget-heading\" data-id=\"dc32a29\" data-element_type=\"widget\" data-widget_type=\"heading.default\">\n\t\t\t\t<div class=\"elementor-widget-container\">\n\t\t\t<h4 class=\"elementor-heading-title elementor-size-default\">Crise na Santa Igreja<\/h4>\t\t<\/div>\n\t\t\t\t<\/div>\n\t\t\t\t\t<\/div>\n\t\t<\/div>\n\t\t\t\t\t<\/div>\n\t\t<\/section>\n\t\t\t\t<section class=\"elementor-section elementor-top-section elementor-element elementor-element-f5c07de elementor-section-boxed elementor-section-height-default elementor-section-height-default\" data-id=\"f5c07de\" data-element_type=\"section\">\n\t\t\t\t\t\t<div class=\"elementor-container elementor-column-gap-default\">\n\t\t\t\t\t<div class=\"elementor-column elementor-col-100 elementor-top-column elementor-element elementor-element-50ad52f\" data-id=\"50ad52f\" data-element_type=\"column\">\n\t\t\t<div class=\"elementor-widget-wrap elementor-element-populated\">\n\t\t\t\t\t\t<div class=\"elementor-element elementor-element-afdebac elementor-widget elementor-widget-text-editor\" data-id=\"afdebac\" data-element_type=\"widget\" data-widget_type=\"text-editor.default\">\n\t\t\t\t<div class=\"elementor-widget-container\">\n\t\t\t\t\t\t\t<p>H\u00e1, \u00e9 certo, a promessa divina: Jesus Cristo assegurou que jamais as portas do Inferno prevaleceriam contra Ela. Entretanto, a indestrutibilidade da Igreja n\u00e3o significa para ela a impossibilidade de perder terreno, mas sim de desaparecer. A Hist\u00f3ria nos mostra que, ao longo dos s\u00e9culos, na\u00e7\u00f5es inteiras se desgarraram do gr\u00eamio da Igreja. Se considerarmos que cada alma tem aos olhos de Deus um valor incomensur\u00e1vel, o que dizer da possibilidade da perda de povos inteiros, n\u00e3o apenas durante uma gera\u00e7\u00e3o ou um s\u00e9culo, mas durante gera\u00e7\u00f5es e gera\u00e7\u00f5es, e qui\u00e7\u00e1 at\u00e9 a consuma\u00e7\u00e3o dos s\u00e9culos?<\/p><p><strong>Padre cat\u00f3lico\u00a0 aben\u00e7oando casal do mesmo sexo\u00a0 \u00a0 \u00a0 \u00a0 \u00a0 \u00a0 \u00a0&#8211;\u00a0 \u00a0 \u00a0 \u00a0 \u00a0 \u00a0 \u00a0 aprovo\u00e7\u00e3o de uni\u00e3o homossexual<\/strong><\/p>\t\t\t\t\t\t<\/div>\n\t\t\t\t<\/div>\n\t\t\t\t\t<\/div>\n\t\t<\/div>\n\t\t\t\t\t<\/div>\n\t\t<\/section>\n\t\t\t\t<section class=\"elementor-section elementor-top-section elementor-element elementor-element-d294d2a elementor-section-boxed elementor-section-height-default elementor-section-height-default\" data-id=\"d294d2a\" data-element_type=\"section\">\n\t\t\t\t\t\t<div class=\"elementor-container elementor-column-gap-default\">\n\t\t\t\t\t<div class=\"elementor-column elementor-col-50 elementor-top-column elementor-element elementor-element-9078fc8\" data-id=\"9078fc8\" data-element_type=\"column\">\n\t\t\t<div class=\"elementor-widget-wrap elementor-element-populated\">\n\t\t\t\t\t\t<div class=\"elementor-element elementor-element-84e3fc7 elementor-widget elementor-widget-image\" data-id=\"84e3fc7\" data-element_type=\"widget\" data-widget_type=\"image.default\">\n\t\t\t\t<div class=\"elementor-widget-container\">\n\t\t\t\t\t\t\t\t\t\t\t\t\t<img loading=\"lazy\" decoding=\"async\" width=\"586\" height=\"308\" src=\"https:\/\/ligadosantorosario.com\/wp-content\/uploads\/Imagem1.jpg\" class=\"attachment-medium_large size-medium_large wp-image-2709\" alt=\"\" srcset=\"https:\/\/ligadosantorosario.com\/wp-content\/uploads\/Imagem1.jpg 586w, https:\/\/ligadosantorosario.com\/wp-content\/uploads\/Imagem1-300x158.jpg 300w\" sizes=\"(max-width: 586px) 100vw, 586px\" \/>\t\t\t\t\t\t\t\t\t\t\t\t\t<\/div>\n\t\t\t\t<\/div>\n\t\t\t\t\t<\/div>\n\t\t<\/div>\n\t\t\t\t<div class=\"elementor-column elementor-col-50 elementor-top-column elementor-element elementor-element-53f72f3\" data-id=\"53f72f3\" data-element_type=\"column\">\n\t\t\t<div class=\"elementor-widget-wrap elementor-element-populated\">\n\t\t\t\t\t\t<div class=\"elementor-element elementor-element-eb19ac3 elementor-widget elementor-widget-image\" data-id=\"eb19ac3\" data-element_type=\"widget\" data-widget_type=\"image.default\">\n\t\t\t\t<div class=\"elementor-widget-container\">\n\t\t\t\t\t\t\t\t\t\t\t\t\t<img loading=\"lazy\" decoding=\"async\" width=\"676\" height=\"448\" src=\"https:\/\/ligadosantorosario.com\/wp-content\/uploads\/Imagem2.jpg\" class=\"attachment-medium_large size-medium_large wp-image-2710\" alt=\"\" srcset=\"https:\/\/ligadosantorosario.com\/wp-content\/uploads\/Imagem2.jpg 676w, https:\/\/ligadosantorosario.com\/wp-content\/uploads\/Imagem2-300x199.jpg 300w\" sizes=\"(max-width: 676px) 100vw, 676px\" \/>\t\t\t\t\t\t\t\t\t\t\t\t\t<\/div>\n\t\t\t\t<\/div>\n\t\t\t\t\t<\/div>\n\t\t<\/div>\n\t\t\t\t\t<\/div>\n\t\t<\/section>\n\t\t\t\t<section class=\"elementor-section elementor-top-section elementor-element elementor-element-bb4b404 elementor-section-boxed elementor-section-height-default elementor-section-height-default\" data-id=\"bb4b404\" data-element_type=\"section\">\n\t\t\t\t\t\t<div class=\"elementor-container elementor-column-gap-default\">\n\t\t\t\t\t<div class=\"elementor-column elementor-col-100 elementor-top-column elementor-element elementor-element-ccebe10\" data-id=\"ccebe10\" data-element_type=\"column\">\n\t\t\t<div class=\"elementor-widget-wrap elementor-element-populated\">\n\t\t\t\t\t\t<div class=\"elementor-element elementor-element-72816c7 elementor-widget elementor-widget-heading\" data-id=\"72816c7\" data-element_type=\"widget\" data-widget_type=\"heading.default\">\n\t\t\t\t<div class=\"elementor-widget-container\">\n\t\t\t<h4 class=\"elementor-heading-title elementor-size-default\">Devo\u00e7\u00e3o revelada por Nossa Senhora a S\u00e3o Domingos de Gusm\u00e3o no s\u00e9c. XIII<\/h4>\t\t<\/div>\n\t\t\t\t<\/div>\n\t\t\t\t\t<\/div>\n\t\t<\/div>\n\t\t\t\t\t<\/div>\n\t\t<\/section>\n\t\t\t\t<section class=\"elementor-section elementor-top-section elementor-element elementor-element-f252320 elementor-section-boxed elementor-section-height-default elementor-section-height-default\" data-id=\"f252320\" data-element_type=\"section\">\n\t\t\t\t\t\t<div class=\"elementor-container elementor-column-gap-default\">\n\t\t\t\t\t<div class=\"elementor-column elementor-col-100 elementor-top-column elementor-element elementor-element-bf48de7\" data-id=\"bf48de7\" data-element_type=\"column\">\n\t\t\t<div class=\"elementor-widget-wrap elementor-element-populated\">\n\t\t\t\t\t\t<div class=\"elementor-element elementor-element-630231a elementor-widget-tablet__width-initial elementor-widget elementor-widget-text-editor\" data-id=\"630231a\" data-element_type=\"widget\" data-widget_type=\"text-editor.default\">\n\t\t\t\t<div class=\"elementor-widget-container\">\n\t\t\t\t\t\t\t<p>Contra estes perigos coletivos, <strong><em>o Santo Ros\u00e1rio \u00e9 uma arma inexced\u00edvel. Com efeito, esta devo\u00e7\u00e3o foi revelada por Nossa Senhora a S\u00e3o Domingos de Gusm\u00e3o, no s\u00e9culo XIII, quando grassava no sul da Fran\u00e7a a heresia dos albigenses<\/em><\/strong>.<span style=\"color: var( --e-global-color-text ); font-family: var( --e-global-typography-text-font-family ), Sans-serif; font-size: 1rem; font-weight: var( --e-global-typography-text-font-weight );\">\u00a0<\/span><\/p><p>Estes hereges costumavam ocultar sua doutrina, e se inculcavam como cat\u00f3licos modelares, com o que atraiam a confian\u00e7a e a simpatia de muitos fi\u00e9is. Aos poucos, por\u00e9m, eles iam iniciando seus ne\u00f3fitos numa doutrina secreta, que em \u00faltima an\u00e1lise muito se parecia com o comunismo contempor\u00e2neo: pante\u00edsmo monista, amor livre, supress\u00e3o da propriedade individual. A heresia albigense amea\u00e7ava a contagiar como uma lepra, o pr\u00f3prio cerne da Cristandade, isto \u00e9, n\u00e3o s\u00f3 o resto da Fran\u00e7a, como os pa\u00edses vizinhos. Os meios de repress\u00e3o mais diversos haviam falhado completamente, e o Ocidente se achava exposto a uma profunda subvers\u00e3o pol\u00edtica e social, quando Nossa Senhora revelou a S\u00e3o Domingos a devo\u00e7\u00e3o ao Ros\u00e1rio.<\/p>\t\t\t\t\t\t<\/div>\n\t\t\t\t<\/div>\n\t\t\t\t<div class=\"elementor-element elementor-element-1c42d3a elementor-widget elementor-widget-image\" data-id=\"1c42d3a\" data-element_type=\"widget\" data-widget_type=\"image.default\">\n\t\t\t\t<div class=\"elementor-widget-container\">\n\t\t\t\t\t\t\t\t\t\t<figure class=\"wp-caption\">\n\t\t\t\t\t\t\t\t\t\t<img loading=\"lazy\" decoding=\"async\" width=\"455\" height=\"572\" src=\"https:\/\/ligadosantorosario.com\/wp-content\/uploads\/the-virgin-delivering-the-rosary-to-st-dominic-murillo-1638-1640-14ed1j3j.webp\" class=\"attachment-medium_large size-medium_large wp-image-2652\" alt=\"\" srcset=\"https:\/\/ligadosantorosario.com\/wp-content\/uploads\/the-virgin-delivering-the-rosary-to-st-dominic-murillo-1638-1640-14ed1j3j.webp 455w, https:\/\/ligadosantorosario.com\/wp-content\/uploads\/the-virgin-delivering-the-rosary-to-st-dominic-murillo-1638-1640-14ed1j3j-239x300.webp 239w\" sizes=\"(max-width: 455px) 100vw, 455px\" \/>\t\t\t\t\t\t\t\t\t\t\t<figcaption class=\"widget-image-caption wp-caption-text\">S\u00e3o Domingos recebe o santo Ros\u00e1rio<\/figcaption>\n\t\t\t\t\t\t\t\t\t\t<\/figure>\n\t\t\t\t\t\t\t<\/div>\n\t\t\t\t<\/div>\n\t\t\t\t\t<\/div>\n\t\t<\/div>\n\t\t\t\t\t<\/div>\n\t\t<\/section>\n\t\t\t\t<section class=\"elementor-section elementor-top-section elementor-element elementor-element-9108500 elementor-section-boxed elementor-section-height-default elementor-section-height-default\" data-id=\"9108500\" data-element_type=\"section\">\n\t\t\t\t\t\t<div class=\"elementor-container elementor-column-gap-default\">\n\t\t\t\t\t<div class=\"elementor-column elementor-col-100 elementor-top-column elementor-element elementor-element-6799fd1\" data-id=\"6799fd1\" data-element_type=\"column\">\n\t\t\t<div class=\"elementor-widget-wrap elementor-element-populated\">\n\t\t\t\t\t\t<div class=\"elementor-element elementor-element-be9a206 elementor-widget elementor-widget-text-editor\" data-id=\"be9a206\" data-element_type=\"widget\" data-widget_type=\"text-editor.default\">\n\t\t\t\t<div class=\"elementor-widget-container\">\n\t\t\t\t\t\t\t<p>Foi suficiente a prega\u00e7\u00e3o desta nova devo\u00e7\u00e3o para a invenc\u00edvel heresia ir aos poucos perdendo terreno, at\u00e9 ser completamente eliminada.<\/p><p>No s\u00e9culo XVI, o Santo Ros\u00e1rio alcan\u00e7ou para a Cristandade uma vit\u00f3ria insigne, n\u00e3o contra um inimigo interno, mas contra um advers\u00e1rio externo. Dada a divis\u00e3o do Ocidente entre cat\u00f3licos e protestantes, e a vis\u00edvel conjun\u00e7\u00e3o de for\u00e7as entre estes \u00faltimos e os mu\u00e7ulmanos contra a Igreja Cat\u00f3lica, a defesa da Cristandade contra o Islam ficou seriamente amea\u00e7ada.<\/p>\t\t\t\t\t\t<\/div>\n\t\t\t\t<\/div>\n\t\t\t\t\t<\/div>\n\t\t<\/div>\n\t\t\t\t\t<\/div>\n\t\t<\/section>\n\t\t\t\t<section class=\"elementor-section elementor-top-section elementor-element elementor-element-19c9d83 elementor-section-boxed elementor-section-height-default elementor-section-height-default\" data-id=\"19c9d83\" data-element_type=\"section\">\n\t\t\t\t\t\t<div class=\"elementor-container elementor-column-gap-default\">\n\t\t\t\t\t<div class=\"elementor-column elementor-col-100 elementor-top-column elementor-element elementor-element-b3d19e1\" data-id=\"b3d19e1\" data-element_type=\"column\">\n\t\t\t<div class=\"elementor-widget-wrap elementor-element-populated\">\n\t\t\t\t\t\t<div class=\"elementor-element elementor-element-51d04c2 elementor-widget elementor-widget-heading\" data-id=\"51d04c2\" data-element_type=\"widget\" data-widget_type=\"heading.default\">\n\t\t\t\t<div class=\"elementor-widget-container\">\n\t\t\t<h4 class=\"elementor-heading-title elementor-size-default\">S\u00e3o Pio V, muito devoto de Nossa Senhora, rezava assiduamente o Ros\u00e1rio<\/h4>\t\t<\/div>\n\t\t\t\t<\/div>\n\t\t\t\t\t<\/div>\n\t\t<\/div>\n\t\t\t\t\t<\/div>\n\t\t<\/section>\n\t\t\t\t<section class=\"elementor-section elementor-top-section elementor-element elementor-element-aa3ccc5 elementor-section-boxed elementor-section-height-default elementor-section-height-default\" data-id=\"aa3ccc5\" data-element_type=\"section\">\n\t\t\t\t\t\t<div class=\"elementor-container elementor-column-gap-default\">\n\t\t\t\t\t<div class=\"elementor-column elementor-col-100 elementor-top-column elementor-element elementor-element-c0db85e\" data-id=\"c0db85e\" data-element_type=\"column\">\n\t\t\t<div class=\"elementor-widget-wrap elementor-element-populated\">\n\t\t\t\t\t\t<div class=\"elementor-element elementor-element-17bf443 elementor-widget elementor-widget-image\" data-id=\"17bf443\" data-element_type=\"widget\" data-widget_type=\"image.default\">\n\t\t\t\t<div class=\"elementor-widget-container\">\n\t\t\t\t\t\t\t\t\t\t\t\t\t<img loading=\"lazy\" decoding=\"async\" width=\"768\" height=\"491\" src=\"https:\/\/ligadosantorosario.com\/wp-content\/uploads\/Sao-pio-V-768x491.jpg\" class=\"attachment-medium_large size-medium_large wp-image-2659\" alt=\"\" srcset=\"https:\/\/ligadosantorosario.com\/wp-content\/uploads\/Sao-pio-V-768x491.jpg 768w, https:\/\/ligadosantorosario.com\/wp-content\/uploads\/Sao-pio-V-300x192.jpg 300w, https:\/\/ligadosantorosario.com\/wp-content\/uploads\/Sao-pio-V.jpg 817w\" sizes=\"(max-width: 768px) 100vw, 768px\" \/>\t\t\t\t\t\t\t\t\t\t\t\t\t<\/div>\n\t\t\t\t<\/div>\n\t\t\t\t\t<\/div>\n\t\t<\/div>\n\t\t\t\t\t<\/div>\n\t\t<\/section>\n\t\t\t\t<section class=\"elementor-section elementor-top-section elementor-element elementor-element-70e789a elementor-section-boxed elementor-section-height-default elementor-section-height-default\" data-id=\"70e789a\" data-element_type=\"section\">\n\t\t\t\t\t\t<div class=\"elementor-container elementor-column-gap-default\">\n\t\t\t\t\t<div class=\"elementor-column elementor-col-100 elementor-top-column elementor-element elementor-element-478882c\" data-id=\"478882c\" data-element_type=\"column\">\n\t\t\t<div class=\"elementor-widget-wrap elementor-element-populated\">\n\t\t\t\t\t\t<div class=\"elementor-element elementor-element-c98609b elementor-widget elementor-widget-text-editor\" data-id=\"c98609b\" data-element_type=\"widget\" data-widget_type=\"text-editor.default\">\n\t\t\t\t<div class=\"elementor-widget-container\">\n\t\t\t\t\t\t\t<p>Para fazer face ao poderio naval turco, o Papa S. Pio V reuniu, num supremo esfor\u00e7o, uma esquadra composta de naus fornecidas por Filipe II, pela Rep\u00fablica de Veneza, e pelos pr\u00f3prios Estados Pontif\u00edcios.<\/p><p>Esta esquadra, assim constitu\u00edda foi posta sob o comando de D. Jo\u00e3o d&#8217;\u00c1ustria, filho de Carlos V, e, na altura de Lepanto, se encontrou com os turcos, com quem travou tremenda batalha, que durante algum tempo decorreu\u00a0favor\u00e1vel aos infi\u00e9is. Mas<em><strong> a certa altura da luta os turcos come\u00e7aram a fugir espavoridos, dizendo que uma Senhora de<\/strong><\/em><em><strong>\u00a0admir\u00e1vel impon\u00eancia lhes aparecera, protegendo os crist\u00e3os, e impondo-lhes, com olhar terr\u00edvel<\/strong><\/em>, a debandada.<\/p>\t\t\t\t\t\t<\/div>\n\t\t\t\t<\/div>\n\t\t\t\t\t<\/div>\n\t\t<\/div>\n\t\t\t\t\t<\/div>\n\t\t<\/section>\n\t\t\t\t<section class=\"elementor-section elementor-top-section elementor-element elementor-element-7e53f69 elementor-section-boxed elementor-section-height-default elementor-section-height-default\" data-id=\"7e53f69\" data-element_type=\"section\">\n\t\t\t\t\t\t<div class=\"elementor-container elementor-column-gap-default\">\n\t\t\t\t\t<div class=\"elementor-column elementor-col-100 elementor-top-column elementor-element elementor-element-6817950\" data-id=\"6817950\" data-element_type=\"column\">\n\t\t\t<div class=\"elementor-widget-wrap elementor-element-populated\">\n\t\t\t\t\t\t<div class=\"elementor-element elementor-element-e1c6064 elementor-widget elementor-widget-image\" data-id=\"e1c6064\" data-element_type=\"widget\" data-widget_type=\"image.default\">\n\t\t\t\t<div class=\"elementor-widget-container\">\n\t\t\t\t\t\t\t\t\t\t\t\t\t<img loading=\"lazy\" decoding=\"async\" width=\"800\" height=\"491\" src=\"https:\/\/ligadosantorosario.com\/wp-content\/uploads\/Imagem3-1-1024x629.jpg\" class=\"attachment-large size-large wp-image-2713\" alt=\"\" srcset=\"https:\/\/ligadosantorosario.com\/wp-content\/uploads\/Imagem3-1-1024x629.jpg 1024w, https:\/\/ligadosantorosario.com\/wp-content\/uploads\/Imagem3-1-300x184.jpg 300w, https:\/\/ligadosantorosario.com\/wp-content\/uploads\/Imagem3-1-768x471.jpg 768w, https:\/\/ligadosantorosario.com\/wp-content\/uploads\/Imagem3-1.jpg 1300w\" sizes=\"(max-width: 800px) 100vw, 800px\" \/>\t\t\t\t\t\t\t\t\t\t\t\t\t<\/div>\n\t\t\t\t<\/div>\n\t\t\t\t\t<\/div>\n\t\t<\/div>\n\t\t\t\t\t<\/div>\n\t\t<\/section>\n\t\t\t\t<section class=\"elementor-section elementor-top-section elementor-element elementor-element-abd52aa elementor-section-boxed elementor-section-height-default elementor-section-height-default\" data-id=\"abd52aa\" data-element_type=\"section\">\n\t\t\t\t\t\t<div class=\"elementor-container elementor-column-gap-default\">\n\t\t\t\t\t<div class=\"elementor-column elementor-col-100 elementor-top-column elementor-element elementor-element-fca92dd\" data-id=\"fca92dd\" data-element_type=\"column\">\n\t\t\t<div class=\"elementor-widget-wrap elementor-element-populated\">\n\t\t\t\t\t\t<div class=\"elementor-element elementor-element-d59805c elementor-widget elementor-widget-text-editor\" data-id=\"d59805c\" data-element_type=\"widget\" data-widget_type=\"text-editor.default\">\n\t\t\t\t<div class=\"elementor-widget-container\">\n\t\t\t\t\t\t\t<p>A derrota dos mu\u00e7ulmanos foi espetacular e completa, livrando toda a Cristandade de um terr\u00edvel pesadelo. Enquanto a luta se feria em Lepanto, o Papa S\u00e3o Pio V, muito devoto de Nossa Senhora, rezava assiduamente o Ros\u00e1rio: &#8211;<i><b>\u00a0Em certo momento recebendo sem d\u00favida uma comunica\u00e7\u00e3o sobrenatural, interrompeu ele a ora\u00e7\u00e3o, e preveniu alguns circunstantes da grande vit\u00f3ria ocorrida, que foi sempre atribu\u00edda por todos a for\u00e7a impetrat\u00f3ria do Santo Ros\u00e1rio. Lepanto e Ros\u00e1rio passaram pois a ser termos conexos na linguagem crist\u00e3.<\/b><\/i><\/p>\t\t\t\t\t\t<\/div>\n\t\t\t\t<\/div>\n\t\t\t\t\t<\/div>\n\t\t<\/div>\n\t\t\t\t\t<\/div>\n\t\t<\/section>\n\t\t\t\t<section class=\"elementor-section elementor-top-section elementor-element elementor-element-9457775 elementor-section-boxed elementor-section-height-default elementor-section-height-default\" data-id=\"9457775\" data-element_type=\"section\">\n\t\t\t\t\t\t<div class=\"elementor-container elementor-column-gap-default\">\n\t\t\t\t\t<div class=\"elementor-column elementor-col-100 elementor-top-column elementor-element elementor-element-df77921\" data-id=\"df77921\" data-element_type=\"column\">\n\t\t\t<div class=\"elementor-widget-wrap elementor-element-populated\">\n\t\t\t\t\t\t<div class=\"elementor-element elementor-element-7a64a9e elementor-widget elementor-widget-heading\" data-id=\"7a64a9e\" data-element_type=\"widget\" data-widget_type=\"heading.default\">\n\t\t\t\t<div class=\"elementor-widget-container\">\n\t\t\t<h2 class=\"elementor-heading-title elementor-size-default\">*<\/h2>\t\t<\/div>\n\t\t\t\t<\/div>\n\t\t\t\t\t<\/div>\n\t\t<\/div>\n\t\t\t\t\t<\/div>\n\t\t<\/section>\n\t\t\t\t<section class=\"elementor-section elementor-top-section elementor-element elementor-element-7ded636 elementor-section-boxed elementor-section-height-default elementor-section-height-default\" data-id=\"7ded636\" data-element_type=\"section\">\n\t\t\t\t\t\t<div class=\"elementor-container elementor-column-gap-default\">\n\t\t\t\t\t<div class=\"elementor-column elementor-col-100 elementor-top-column elementor-element elementor-element-a0cdc59\" data-id=\"a0cdc59\" data-element_type=\"column\">\n\t\t\t<div class=\"elementor-widget-wrap elementor-element-populated\">\n\t\t\t\t\t\t<div class=\"elementor-element elementor-element-0b11e1f elementor-widget elementor-widget-heading\" data-id=\"0b11e1f\" data-element_type=\"widget\" data-widget_type=\"heading.default\">\n\t\t\t\t<div class=\"elementor-widget-container\">\n\t\t\t<h4 class=\"elementor-heading-title elementor-size-default\">Confiamos por demais no natural, e n\u00e3o confiamos bastante no sobrenatural<\/h4>\t\t<\/div>\n\t\t\t\t<\/div>\n\t\t\t\t\t<\/div>\n\t\t<\/div>\n\t\t\t\t\t<\/div>\n\t\t<\/section>\n\t\t\t\t<section class=\"elementor-section elementor-top-section elementor-element elementor-element-700ed65 elementor-section-boxed elementor-section-height-default elementor-section-height-default\" data-id=\"700ed65\" data-element_type=\"section\">\n\t\t\t\t\t\t<div class=\"elementor-container elementor-column-gap-default\">\n\t\t\t\t\t<div class=\"elementor-column elementor-col-100 elementor-top-column elementor-element elementor-element-5cd35a4\" data-id=\"5cd35a4\" data-element_type=\"column\">\n\t\t\t<div class=\"elementor-widget-wrap elementor-element-populated\">\n\t\t\t\t\t\t<div class=\"elementor-element elementor-element-d0332b3 elementor-widget elementor-widget-text-editor\" data-id=\"d0332b3\" data-element_type=\"widget\" data-widget_type=\"text-editor.default\">\n\t\t\t\t<div class=\"elementor-widget-container\">\n\t\t\t\t\t\t\t<p>Essas grandes reminisc\u00eancias hist\u00f3ricas nos trazem insensivelmente \u00e0 lembran\u00e7a problemas de nossos dias. <strong><em>Quanta e quanta vez, em nosso apostolado, tivemos a impress\u00e3o de que certos ambientes estavam fechados a nossa influ\u00eancia pela for\u00e7a de preconceitos ou de v\u00edcios invenc\u00edveis! Quantas vezes se nos afigurou que o poder mundial dos advers\u00e1rios da Igreja \u00e9 t\u00e3o desproporcionado com nossos meios de a\u00e7\u00e3o, que nos sentimos quase tentados a duvidar da vit\u00f3ria! Confiamos por demais no natural, e n\u00e3o confiamos bastante no sobrenatural. E por isto fraquejamos<\/em><\/strong>.<br \/><br \/>O m\u00eas do Ros\u00e1rio nos deve trazer presente ao esp\u00edrito a import\u00e2ncia primordial da ora\u00e7\u00e3o, na luta da Igreja contra a Cidade do Dem\u00f4nio, e, principalmente, deve avivar em n\u00f3s a convic\u00e7\u00e3o de que nossa ora\u00e7\u00e3o, indigente e miser\u00e1vel em si mesma, adquire aos olhos de Deus um valor e uma efic\u00e1cia inestim\u00e1vel, quando apresentada por interm\u00e9dio d&#8217;Aquela a quem os te\u00f3logos chamam &#8220;Onipot\u00eancia Suplicante&#8221;. E j\u00e1 que a mesma Maria Sant\u00edssima nos ensinou o Ros\u00e1rio como meio excelente para obtermos todas as gra\u00e7as, o que pode haver de mais pr\u00f3prio a excitar nossa confian\u00e7a, do que rezar segundo o m\u00e9todo que Ela mesmo ensinou?<\/p>\t\t\t\t\t\t<\/div>\n\t\t\t\t<\/div>\n\t\t\t\t\t<\/div>\n\t\t<\/div>\n\t\t\t\t\t<\/div>\n\t\t<\/section>\n\t\t\t\t<section class=\"elementor-section elementor-top-section elementor-element elementor-element-7efd057 elementor-section-boxed elementor-section-height-default elementor-section-height-default\" data-id=\"7efd057\" data-element_type=\"section\">\n\t\t\t\t\t\t<div class=\"elementor-container elementor-column-gap-default\">\n\t\t\t\t\t<div class=\"elementor-column elementor-col-100 elementor-top-column elementor-element elementor-element-4057cfd\" data-id=\"4057cfd\" data-element_type=\"column\">\n\t\t\t<div class=\"elementor-widget-wrap elementor-element-populated\">\n\t\t\t\t\t\t<div class=\"elementor-element elementor-element-619147a elementor-widget elementor-widget-heading\" data-id=\"619147a\" data-element_type=\"widget\" data-widget_type=\"heading.default\">\n\t\t\t\t<div class=\"elementor-widget-container\">\n\t\t\t<h4 class=\"elementor-heading-title elementor-size-default\">Conclus\u00e3o:<\/h4>\t\t<\/div>\n\t\t\t\t<\/div>\n\t\t\t\t\t<\/div>\n\t\t<\/div>\n\t\t\t\t\t<\/div>\n\t\t<\/section>\n\t\t\t\t<section class=\"elementor-section elementor-top-section elementor-element elementor-element-7ee259d elementor-section-boxed elementor-section-height-default elementor-section-height-default\" data-id=\"7ee259d\" data-element_type=\"section\">\n\t\t\t\t\t\t<div class=\"elementor-container elementor-column-gap-default\">\n\t\t\t\t\t<div class=\"elementor-column elementor-col-100 elementor-top-column elementor-element elementor-element-657eaaf\" data-id=\"657eaaf\" data-element_type=\"column\">\n\t\t\t<div class=\"elementor-widget-wrap elementor-element-populated\">\n\t\t\t\t\t\t<div class=\"elementor-element elementor-element-460994b elementor-widget elementor-widget-text-editor\" data-id=\"460994b\" data-element_type=\"widget\" data-widget_type=\"text-editor.default\">\n\t\t\t\t<div class=\"elementor-widget-container\">\n\t\t\t\t\t\t\t<p style=\"text-align: left;\"><em><strong>Onde est\u00e1 a sa\u00edda para o mundo na entalada em que est\u00e1 metido? Para quem tem f\u00e9, n\u00e3o resta d\u00favida: \u00c9 seguir o que Maria Sant\u00edssima nos ensinou &#8211; \u00a0o Ros\u00e1rio como meio excelente para obtermos todas as gra\u00e7as.<\/strong><\/em><\/p>\t\t\t\t\t\t<\/div>\n\t\t\t\t<\/div>\n\t\t\t\t\t<\/div>\n\t\t<\/div>\n\t\t\t\t\t<\/div>\n\t\t<\/section>\n\t\t\t\t<section class=\"elementor-section elementor-top-section elementor-element elementor-element-524fd5f elementor-section-boxed elementor-section-height-default elementor-section-height-default\" data-id=\"524fd5f\" data-element_type=\"section\">\n\t\t\t\t\t\t<div class=\"elementor-container elementor-column-gap-default\">\n\t\t\t\t\t<div class=\"elementor-column elementor-col-100 elementor-top-column elementor-element elementor-element-0f420b4\" data-id=\"0f420b4\" data-element_type=\"column\">\n\t\t\t<div class=\"elementor-widget-wrap elementor-element-populated\">\n\t\t\t\t\t\t<div class=\"elementor-element elementor-element-e932ac7 elementor-widget elementor-widget-spacer\" data-id=\"e932ac7\" data-element_type=\"widget\" data-widget_type=\"spacer.default\">\n\t\t\t\t<div class=\"elementor-widget-container\">\n\t\t\t<style>\/*! elementor - v3.23.0 - 05-08-2024 *\/\n.elementor-column .elementor-spacer-inner{height:var(--spacer-size)}.e-con{--container-widget-width:100%}.e-con-inner>.elementor-widget-spacer,.e-con>.elementor-widget-spacer{width:var(--container-widget-width,var(--spacer-size));--align-self:var(--container-widget-align-self,initial);--flex-shrink:0}.e-con-inner>.elementor-widget-spacer>.elementor-widget-container,.e-con>.elementor-widget-spacer>.elementor-widget-container{height:100%;width:100%}.e-con-inner>.elementor-widget-spacer>.elementor-widget-container>.elementor-spacer,.e-con>.elementor-widget-spacer>.elementor-widget-container>.elementor-spacer{height:100%}.e-con-inner>.elementor-widget-spacer>.elementor-widget-container>.elementor-spacer>.elementor-spacer-inner,.e-con>.elementor-widget-spacer>.elementor-widget-container>.elementor-spacer>.elementor-spacer-inner{height:var(--container-widget-height,var(--spacer-size))}.e-con-inner>.elementor-widget-spacer.elementor-widget-empty,.e-con>.elementor-widget-spacer.elementor-widget-empty{position:relative;min-height:22px;min-width:22px}.e-con-inner>.elementor-widget-spacer.elementor-widget-empty .elementor-widget-empty-icon,.e-con>.elementor-widget-spacer.elementor-widget-empty .elementor-widget-empty-icon{position:absolute;top:0;bottom:0;left:0;right:0;margin:auto;padding:0;width:22px;height:22px}<\/style>\t\t<div class=\"elementor-spacer\">\n\t\t\t<div class=\"elementor-spacer-inner\"><\/div>\n\t\t<\/div>\n\t\t\t\t<\/div>\n\t\t\t\t<\/div>\n\t\t\t\t\t<\/div>\n\t\t<\/div>\n\t\t\t\t\t<\/div>\n\t\t<\/section>\n\t\t\t\t<section class=\"elementor-section elementor-top-section elementor-element elementor-element-43956d6 elementor-section-boxed elementor-section-height-default elementor-section-height-default\" data-id=\"43956d6\" data-element_type=\"section\">\n\t\t\t\t\t\t<div class=\"elementor-container elementor-column-gap-default\">\n\t\t\t\t\t<div class=\"elementor-column elementor-col-100 elementor-top-column elementor-element elementor-element-7ce7b15\" data-id=\"7ce7b15\" data-element_type=\"column\">\n\t\t\t<div class=\"elementor-widget-wrap elementor-element-populated\">\n\t\t\t\t\t\t<div class=\"elementor-element elementor-element-453bac8 elementor-widget elementor-widget-heading\" data-id=\"453bac8\" data-element_type=\"widget\" data-widget_type=\"heading.default\">\n\t\t\t\t<div class=\"elementor-widget-container\">\n\t\t\t<h5 class=\"elementor-heading-title elementor-size-default\">Nota: Texto extra\u00eddo do jornal Catolicismo <\/h5>\t\t<\/div>\n\t\t\t\t<\/div>\n\t\t\t\t\t<\/div>\n\t\t<\/div>\n\t\t\t\t\t<\/div>\n\t\t<\/section>\n\t\t\t\t<\/div>\n\t\t","protected":false},"excerpt":{"rendered":"<p>ROSARIO &#8211; ARMA PODEROSA \u00abO Senhor Vos aben\u00e7oou na Sua for\u00e7a, porque por V\u00f3s aniquilou nossos inimigos\u00bb (Judith,13.22). Na festa do Ros\u00e1rio, a Igreja aplica tais palavras a Nossa Senhora. Por ocasi\u00e3o da batalha de Lepanto essa aniquila\u00e7\u00e3o foi completa e o museu da armeria real de Madri conserva, juntamente com os estandartes da esquadra crist\u00e3, as armas e ins\u00edgnias dos mu\u00e7ulmanos derrotados. Outubro \u00e9 consagrado como o m\u00eas do Santo Ros\u00e1rio Habitualmente, esta devo\u00e7\u00e3o \u00e9 apregoada sobretudo do ponto de vista do bem que produz nas almas, individualmente consideradas. Entretanto, o Ros\u00e1rio tamb\u00e9m tem um papel extraordin\u00e1rio como meio&#8230;<\/p>\n","protected":false},"author":1,"featured_media":0,"comment_status":"open","ping_status":"open","sticky":false,"template":"","format":"standard","meta":{"jetpack_post_was_ever_published":false,"_jetpack_newsletter_access":"","_jetpack_dont_email_post_to_subs":false,"_jetpack_newsletter_tier_id":0,"footnotes":""},"categories":[1],"tags":[],"jetpack_sharing_enabled":true,"jetpack_featured_media_url":"","_links":{"self":[{"href":"https:\/\/ligadosantorosario.com\/index.php?rest_route=\/wp\/v2\/posts\/2653"}],"collection":[{"href":"https:\/\/ligadosantorosario.com\/index.php?rest_route=\/wp\/v2\/posts"}],"about":[{"href":"https:\/\/ligadosantorosario.com\/index.php?rest_route=\/wp\/v2\/types\/post"}],"author":[{"embeddable":true,"href":"https:\/\/ligadosantorosario.com\/index.php?rest_route=\/wp\/v2\/users\/1"}],"replies":[{"embeddable":true,"href":"https:\/\/ligadosantorosario.com\/index.php?rest_route=%2Fwp%2Fv2%2Fcomments&post=2653"}],"version-history":[{"count":110,"href":"https:\/\/ligadosantorosario.com\/index.php?rest_route=\/wp\/v2\/posts\/2653\/revisions"}],"predecessor-version":[{"id":7485,"href":"https:\/\/ligadosantorosario.com\/index.php?rest_route=\/wp\/v2\/posts\/2653\/revisions\/7485"}],"wp:attachment":[{"href":"https:\/\/ligadosantorosario.com\/index.php?rest_route=%2Fwp%2Fv2%2Fmedia&parent=2653"}],"wp:term":[{"taxonomy":"category","embeddable":true,"href":"https:\/\/ligadosantorosario.com\/index.php?rest_route=%2Fwp%2Fv2%2Fcategories&post=2653"},{"taxonomy":"post_tag","embeddable":true,"href":"https:\/\/ligadosantorosario.com\/index.php?rest_route=%2Fwp%2Fv2%2Ftags&post=2653"}],"curies":[{"name":"wp","href":"https:\/\/api.w.org\/{rel}","templated":true}]}}