{"id":3286,"date":"2023-11-24T23:02:25","date_gmt":"2023-11-24T23:02:25","guid":{"rendered":"https:\/\/ligadosantorosario.com\/?p=3286"},"modified":"2025-11-21T23:34:18","modified_gmt":"2025-11-21T23:34:18","slug":"historia-da-medalha-milagrosa","status":"publish","type":"post","link":"https:\/\/ligadosantorosario.com\/?p=3286","title":{"rendered":"Hist\u00f3ria da Medalha Milagrosa"},"content":{"rendered":"\t\t<div data-elementor-type=\"wp-post\" data-elementor-id=\"3286\" class=\"elementor elementor-3286\" data-elementor-post-type=\"post\">\n\t\t\t\t\t\t<section class=\"elementor-section elementor-top-section elementor-element elementor-element-80096ea elementor-section-boxed elementor-section-height-default elementor-section-height-default\" data-id=\"80096ea\" data-element_type=\"section\">\n\t\t\t\t\t\t<div class=\"elementor-container elementor-column-gap-default\">\n\t\t\t\t\t<div class=\"elementor-column elementor-col-100 elementor-top-column elementor-element elementor-element-8a91bf8\" data-id=\"8a91bf8\" data-element_type=\"column\">\n\t\t\t<div class=\"elementor-widget-wrap elementor-element-populated\">\n\t\t\t\t\t\t<div class=\"elementor-element elementor-element-8e520c8 elementor-widget elementor-widget-image\" data-id=\"8e520c8\" data-element_type=\"widget\" data-widget_type=\"image.default\">\n\t\t\t\t<div class=\"elementor-widget-container\">\n\t\t\t<style>\/*! elementor - v3.23.0 - 05-08-2024 *\/\n.elementor-widget-image{text-align:center}.elementor-widget-image a{display:inline-block}.elementor-widget-image a img[src$=\".svg\"]{width:48px}.elementor-widget-image img{vertical-align:middle;display:inline-block}<\/style>\t\t\t\t\t\t\t\t\t\t<img fetchpriority=\"high\" decoding=\"async\" width=\"760\" height=\"780\" src=\"https:\/\/ligadosantorosario.com\/wp-content\/uploads\/DEFINITIVA_FOTO_NOSSASENHORADASGRACAS_NORMAL.jpg\" class=\"attachment-large size-large wp-image-4438\" alt=\"\" srcset=\"https:\/\/ligadosantorosario.com\/wp-content\/uploads\/DEFINITIVA_FOTO_NOSSASENHORADASGRACAS_NORMAL.jpg 760w, https:\/\/ligadosantorosario.com\/wp-content\/uploads\/DEFINITIVA_FOTO_NOSSASENHORADASGRACAS_NORMAL-292x300.jpg 292w\" sizes=\"(max-width: 760px) 100vw, 760px\" \/>\t\t\t\t\t\t\t\t\t\t\t\t\t<\/div>\n\t\t\t\t<\/div>\n\t\t\t\t\t<\/div>\n\t\t<\/div>\n\t\t\t\t\t<\/div>\n\t\t<\/section>\n\t\t\t\t<section class=\"elementor-section elementor-top-section elementor-element elementor-element-a271b27 elementor-section-boxed elementor-section-height-default elementor-section-height-default\" data-id=\"a271b27\" data-element_type=\"section\">\n\t\t\t\t\t\t<div class=\"elementor-container elementor-column-gap-default\">\n\t\t\t\t\t<div class=\"elementor-column elementor-col-100 elementor-top-column elementor-element elementor-element-2c1ad45\" data-id=\"2c1ad45\" data-element_type=\"column\">\n\t\t\t<div class=\"elementor-widget-wrap elementor-element-populated\">\n\t\t\t\t\t\t<div class=\"elementor-element elementor-element-8e07eb5 elementor-widget elementor-widget-heading\" data-id=\"8e07eb5\" data-element_type=\"widget\" data-widget_type=\"heading.default\">\n\t\t\t\t<div class=\"elementor-widget-container\">\n\t\t\t<style>\/*! elementor - v3.23.0 - 05-08-2024 *\/\n.elementor-heading-title{padding:0;margin:0;line-height:1}.elementor-widget-heading .elementor-heading-title[class*=elementor-size-]>a{color:inherit;font-size:inherit;line-height:inherit}.elementor-widget-heading .elementor-heading-title.elementor-size-small{font-size:15px}.elementor-widget-heading .elementor-heading-title.elementor-size-medium{font-size:19px}.elementor-widget-heading .elementor-heading-title.elementor-size-large{font-size:29px}.elementor-widget-heading .elementor-heading-title.elementor-size-xl{font-size:39px}.elementor-widget-heading .elementor-heading-title.elementor-size-xxl{font-size:59px}<\/style><h2 class=\"elementor-heading-title elementor-size-default\">Benoit Bemelmens\n\n<\/h2>\t\t<\/div>\n\t\t\t\t<\/div>\n\t\t\t\t\t<\/div>\n\t\t<\/div>\n\t\t\t\t\t<\/div>\n\t\t<\/section>\n\t\t\t\t<section class=\"elementor-section elementor-top-section elementor-element elementor-element-8ecc890 elementor-section-boxed elementor-section-height-default elementor-section-height-default\" data-id=\"8ecc890\" data-element_type=\"section\">\n\t\t\t\t\t\t<div class=\"elementor-container elementor-column-gap-default\">\n\t\t\t\t\t<div class=\"elementor-column elementor-col-100 elementor-top-column elementor-element elementor-element-23fc12b\" data-id=\"23fc12b\" data-element_type=\"column\">\n\t\t\t<div class=\"elementor-widget-wrap elementor-element-populated\">\n\t\t\t\t\t\t<div class=\"elementor-element elementor-element-a0fff5e elementor-widget elementor-widget-text-editor\" data-id=\"a0fff5e\" data-element_type=\"widget\" data-widget_type=\"text-editor.default\">\n\t\t\t\t<div class=\"elementor-widget-container\">\n\t\t\t<style>\/*! elementor - v3.23.0 - 05-08-2024 *\/\n.elementor-widget-text-editor.elementor-drop-cap-view-stacked .elementor-drop-cap{background-color:#69727d;color:#fff}.elementor-widget-text-editor.elementor-drop-cap-view-framed .elementor-drop-cap{color:#69727d;border:3px solid;background-color:transparent}.elementor-widget-text-editor:not(.elementor-drop-cap-view-default) .elementor-drop-cap{margin-top:8px}.elementor-widget-text-editor:not(.elementor-drop-cap-view-default) .elementor-drop-cap-letter{width:1em;height:1em}.elementor-widget-text-editor .elementor-drop-cap{float:left;text-align:center;line-height:1;font-size:50px}.elementor-widget-text-editor .elementor-drop-cap-letter{display:inline-block}<\/style>\t\t\t\t<h3>\u00cd<b>ndice<\/b><\/h3>\n<p>1<b> &#8211; Media\u00e7\u00e3o da M\u00e3e&nbsp; de&nbsp;Jesus nas bodas de Can\u00e1<\/b><br><b>2 &#8211; A Medalha Milagrosa<br>3 &#8211; A primeira apari\u00e7\u00e3o<br>4 &#8211; A revela\u00e7\u00e3o da Medalha<br>5 &#8211; A \u00faltima apari\u00e7\u00e3o<br>6 &#8211; A vida de Catarina na propriedade<br>7 &#8211; A voca\u00e7\u00e3o de Catarina<br>8 &#8211; A longa espera<br>9 &#8211; As primeiras Medalhas<br>10-Os primeiros milagres<\/b><\/p>\n<p><\/p>\t\t\t\t\t\t<\/div>\n\t\t\t\t<\/div>\n\t\t\t\t\t<\/div>\n\t\t<\/div>\n\t\t\t\t\t<\/div>\n\t\t<\/section>\n\t\t\t\t<section class=\"elementor-section elementor-top-section elementor-element elementor-element-0f102a8 elementor-section-boxed elementor-section-height-default elementor-section-height-default\" data-id=\"0f102a8\" data-element_type=\"section\">\n\t\t\t\t\t\t<div class=\"elementor-container elementor-column-gap-default\">\n\t\t\t\t\t<div class=\"elementor-column elementor-col-100 elementor-top-column elementor-element elementor-element-bc56aff\" data-id=\"bc56aff\" data-element_type=\"column\">\n\t\t\t<div class=\"elementor-widget-wrap elementor-element-populated\">\n\t\t\t\t\t\t<div class=\"elementor-element elementor-element-db683ea elementor-widget elementor-widget-text-editor\" data-id=\"db683ea\" data-element_type=\"widget\" data-widget_type=\"text-editor.default\">\n\t\t\t\t<div class=\"elementor-widget-container\">\n\t\t\t\t\t\t\t<h4><b>Media\u00e7\u00e3o da M\u00e3e de Jesus nas bodas de Can\u00e1<\/b><\/h4>\n<p><br><\/p>\n<h4>Celebraram-se umas bodas em Can\u00e1 da Galil\u00e9ia, e encontrava-se l\u00e1 a M\u00e3e de Jesus. Foi tamb\u00e9m convidado Jesus com seus disc\u00edpulos para as bodas. E faltando vinho, a M\u00e3e de Jesus disse-lhe: N\u00e3o tem vinho. E Jesus disse-lhe: Mulher, que nos importa a Mim e a ti isso? Ainda n\u00e3o chegou a minha hora. Disse sua M\u00e3e aos que serviam: Fazei tudo o que Ele vos disser. Ora, estavam ali seis talhas de pedra, [\u2026] disse-lhe Jesus: Enchei as talhas de \u00e1gua. E encheram-nas at\u00e9 cima. Ent\u00e3o disse-lhe Jesus: Tirai agora, e levai a arquitriclino. E eles levaram[\u2026] O arquitriclino chamou o esposo e disse-lhe: Todo o homem p\u00f5e primeiro o bom vinho, [\u2026] tu ao contr\u00e1rio, tiveste o bom vinho guardado at\u00e9 agora. Por este modo deu Jesus princ\u00edpio aos (seus) milagres\u2026<br>\u2014 Evangelho de S\u00e3o Jo\u00e3o II, 1-11<\/h4>\n<p><\/p>\t\t\t\t\t\t<\/div>\n\t\t\t\t<\/div>\n\t\t\t\t\t<\/div>\n\t\t<\/div>\n\t\t\t\t\t<\/div>\n\t\t<\/section>\n\t\t\t\t<section class=\"elementor-section elementor-top-section elementor-element elementor-element-3d40dc1 elementor-section-boxed elementor-section-height-default elementor-section-height-default\" data-id=\"3d40dc1\" data-element_type=\"section\">\n\t\t\t\t\t\t<div class=\"elementor-container elementor-column-gap-default\">\n\t\t\t\t\t<div class=\"elementor-column elementor-col-100 elementor-top-column elementor-element elementor-element-c8d5efb\" data-id=\"c8d5efb\" data-element_type=\"column\">\n\t\t\t<div class=\"elementor-widget-wrap elementor-element-populated\">\n\t\t\t\t\t\t<div class=\"elementor-element elementor-element-ef2dd96 elementor-widget elementor-widget-text-editor\" data-id=\"ef2dd96\" data-element_type=\"widget\" data-widget_type=\"text-editor.default\">\n\t\t\t\t<div class=\"elementor-widget-container\">\n\t\t\t\t\t\t\t<h4>\n<p><\/p><p><b>A Medalha Milagrosa<\/b><\/p>\n<p><br>A verdadeira hist\u00f3ria da Medalha de Nossa Senhora das Gra\u00e7as narrada as crian\u00e7as. Tal medalha, conhecida tamb\u00e9m como Medalha Milagrosa, foi comunicada pela M\u00e3e de Deus a Santa Catarina Labour\u00e9. Essa comunica\u00e7\u00e3o ocorreu no dia 27 de novembro de 1830 na capela da Casa-m\u00e3e das Filhas da Caridade, na Rue du Bac, em Paris.<br>Catarina Labour\u00e9 entrara na Congrega\u00e7\u00e3o das Filhas da Caridade no come\u00e7o de 1830, para se entregar inteiramente a Deus, fazer sacrif\u00edcios, atender os pobres e doentes como se atendesse o pr\u00f3prio Jesus.<br>Ao se deitar para o repouso naquela noite, no grande dormit\u00f3rio das novi\u00e7as, ela pensa:&nbsp;\u201cH\u00e1 tanto tempo sinto vontade de ver a Sant\u00edssima Virgem; talvez possa v\u00ea-la esta noite!\u201d.&nbsp;Muitas vezes, ao rezar, pedira ao seu anjo da guarda para ver a Sant\u00edssima Virgem, a sua M\u00e3e do C\u00e9u. Cheia de confian\u00e7a, adormeceu.<\/p>\n<p><br><\/p><p><b>A primeira apari\u00e7\u00e3o<\/b><\/p><p><br>Cadeira da primeira apari\u00e7\u00e3o da Sant\u00edssima Virgem<br>\u201cIrm\u00e3, Irm\u00e3!\u201d \u2013\u2013&nbsp;acorda-a uma voz de crian\u00e7a.<\/p>\n<p>A Irm\u00e3 Catarina desperta, surpresa, e abre a cortina que circunda sua cama. Um menino de quatro ou cinco anos, vestido de branco, encontra-se l\u00e1 e lhe diz:&nbsp;\u201cVista-se depressa e venha \u00e0 capela. A Sant\u00edssima Virgem a espera\u201d.<br>\u201cMas v\u00e3o me escutar\u201d \u2013\u2013 pensa a Irm\u00e3 Catarina preocupada. O menino, que adivinhou o que ela pensara, tranq\u00fciliza-a: \u201cFique tranq\u00fcila. S\u00e3o onze horas e meia, e todos dormem profundamente. Siga-me, eu espero por voc\u00ea\u201d.<br>Irm\u00e3 Catarina veste-se e acompanha, sem fazer ru\u00eddo, o menino que caminha \u00e0 sua frente. \u00c9 noite, mas a crian\u00e7a \u00e9 t\u00e3o resplandecente, que parece carregar um raio de luz. Por onde passa, ilumina tudo. Diante da porta da capela, n\u00e3o precisa abri-la: toca-a com a ponta dos dedos, e ela se abre sozinha.<\/p><\/h4>\n<p><br><\/p>\t\t\t\t\t\t<\/div>\n\t\t\t\t<\/div>\n\t\t\t\t<div class=\"elementor-element elementor-element-b798505 elementor-widget elementor-widget-image\" data-id=\"b798505\" data-element_type=\"widget\" data-widget_type=\"image.default\">\n\t\t\t\t<div class=\"elementor-widget-container\">\n\t\t\t\t\t\t\t\t\t\t<figure class=\"wp-caption\">\n\t\t\t\t\t\t\t\t\t\t<img decoding=\"async\" width=\"197\" height=\"250\" src=\"https:\/\/ligadosantorosario.com\/wp-content\/uploads\/medalhamilagrosa04.webp\" class=\"attachment-large size-large wp-image-3298\" alt=\"\" \/>\t\t\t\t\t\t\t\t\t\t\t<figcaption class=\"widget-image-caption wp-caption-text\">Cadeira da primeira apari\u00e7\u00e3o da Sant\u00edssima Virgem<\/figcaption>\n\t\t\t\t\t\t\t\t\t\t<\/figure>\n\t\t\t\t\t\t\t<\/div>\n\t\t\t\t<\/div>\n\t\t\t\t\t<\/div>\n\t\t<\/div>\n\t\t\t\t\t<\/div>\n\t\t<\/section>\n\t\t\t\t<section class=\"elementor-section elementor-top-section elementor-element elementor-element-cbc04b4 elementor-section-boxed elementor-section-height-default elementor-section-height-default\" data-id=\"cbc04b4\" data-element_type=\"section\">\n\t\t\t\t\t\t<div class=\"elementor-container elementor-column-gap-default\">\n\t\t\t\t\t<div class=\"elementor-column elementor-col-100 elementor-top-column elementor-element elementor-element-9e1247b\" data-id=\"9e1247b\" data-element_type=\"column\">\n\t\t\t<div class=\"elementor-widget-wrap elementor-element-populated\">\n\t\t\t\t\t\t<div class=\"elementor-element elementor-element-2b3cf7d elementor-widget elementor-widget-text-editor\" data-id=\"2b3cf7d\" data-element_type=\"widget\" data-widget_type=\"text-editor.default\">\n\t\t\t\t<div class=\"elementor-widget-container\">\n\t\t\t\t\t\t\t<p>\u00a0<\/p><h4>Surpresa! Todas as luzes da capela est\u00e3o acesas, por volta da meia-noite!<br \/>O menino conduz Catarina junto ao altar, n\u00e3o longe de uma cadeira que ali se encontra. Ela ajoelha-se imediatamente, enquanto o menino permanece de p\u00e9.<br \/>A demora parece longa para Catarina. As Irm\u00e3s encarregadas de vigiar o convento durante a noite n\u00e3o poder\u00e3o passar por ali e surpreend\u00ea-la? Em certo momento o menino chama a aten\u00e7\u00e3o de Catarina:\u201cEis a Sant\u00edssima Virgem. Veja-a\u201d.<br \/>Ent\u00e3o Irm\u00e3 Catarina ouve um som discreto, algo parecido com o\u00a0frufru\u00a0de um vestido de seda. Vem do alto, aproxima-se, det\u00e9m-se nos degraus do altar e pousa na cadeira.<br \/>Mas Catarina duvida: \u00c9 mesmo a Sant\u00edssima Virgem quem acaba de se sentar na cadeira? O menino repete:\u00a0\u201cEis a Sant\u00edssima Virgem!\u201d.\u00a0O que se passa ent\u00e3o na cabe\u00e7a da Irm\u00e3 Catarina? Ela n\u00e3o sabe: \u00e9 como se n\u00e3o visse a Sant\u00edssima Virgem, mesmo estando Ela \u00e0 sua frente.<\/h4><p>\u00a0<\/p>\t\t\t\t\t\t<\/div>\n\t\t\t\t<\/div>\n\t\t\t\t\t<\/div>\n\t\t<\/div>\n\t\t\t\t\t<\/div>\n\t\t<\/section>\n\t\t\t\t<section class=\"elementor-section elementor-top-section elementor-element elementor-element-d36ab4b elementor-section-boxed elementor-section-height-default elementor-section-height-default\" data-id=\"d36ab4b\" data-element_type=\"section\">\n\t\t\t\t\t\t<div class=\"elementor-container elementor-column-gap-default\">\n\t\t\t\t\t<div class=\"elementor-column elementor-col-100 elementor-top-column elementor-element elementor-element-16fba42\" data-id=\"16fba42\" data-element_type=\"column\">\n\t\t\t<div class=\"elementor-widget-wrap elementor-element-populated\">\n\t\t\t\t\t\t<div class=\"elementor-element elementor-element-5e7f1d8 elementor-widget elementor-widget-image\" data-id=\"5e7f1d8\" data-element_type=\"widget\" data-widget_type=\"image.default\">\n\t\t\t\t<div class=\"elementor-widget-container\">\n\t\t\t\t\t\t\t\t\t\t\t\t\t<img decoding=\"async\" width=\"173\" height=\"250\" src=\"https:\/\/ligadosantorosario.com\/wp-content\/uploads\/medalhamilagrosa05.webp\" class=\"attachment-large size-large wp-image-3302\" alt=\"\" \/>\t\t\t\t\t\t\t\t\t\t\t\t\t<\/div>\n\t\t\t\t<\/div>\n\t\t\t\t\t<\/div>\n\t\t<\/div>\n\t\t\t\t\t<\/div>\n\t\t<\/section>\n\t\t\t\t<section class=\"elementor-section elementor-top-section elementor-element elementor-element-f1f5a56 elementor-section-boxed elementor-section-height-default elementor-section-height-default\" data-id=\"f1f5a56\" data-element_type=\"section\">\n\t\t\t\t\t\t<div class=\"elementor-container elementor-column-gap-default\">\n\t\t\t\t\t<div class=\"elementor-column elementor-col-100 elementor-top-column elementor-element elementor-element-9a6c7bd\" data-id=\"9a6c7bd\" data-element_type=\"column\">\n\t\t\t<div class=\"elementor-widget-wrap elementor-element-populated\">\n\t\t\t\t\t\t<div class=\"elementor-element elementor-element-bec4ffe elementor-widget elementor-widget-text-editor\" data-id=\"bec4ffe\" data-element_type=\"widget\" data-widget_type=\"text-editor.default\">\n\t\t\t\t<div class=\"elementor-widget-container\">\n\t\t\t\t\t\t\t<h4>Mais uma vez o menino repete-lhe, desta vez com muita \u00eanfase, como se fosse um homem e n\u00e3o um menino:&nbsp;\u201cEis a Sant\u00edssima Virgem!\u201d.&nbsp;Ent\u00e3o Catarina n\u00e3o duvida mais. D\u00e1 um salto e se coloca junto da Senhora sentada na cadeira. Ajoelhada perto do altar, ap\u00f3ia as m\u00e3os sobre os joelhos da Sant\u00edssima Virgem e fala prolongadamente com Ela, como \u00e0 sua M\u00e3e.<br>A Virgem d\u00e1-lhe conselhos e explica como dever\u00e1 suportar todos os sofrimentos que lhe advir\u00e3o, oferecendo-os sempre para agradar a Deus.<\/h4>\n\n<h4>Para a Irm\u00e3 Catarina, este foi o momento mais feliz da sua vida.<br>A Virgem Santa lhe diz:&nbsp;\u201cMinha filha, Deus quer encarregar-te de uma miss\u00e3o\u201d.&nbsp;Para cumprir a miss\u00e3o, Catarina dever\u00e1 ter a coragem de contar esta apari\u00e7\u00e3o e repetir as palavras que lhe ser\u00e3o ditas.<br>Logo a seguir, a Sant\u00edssima Virgem avisa-a: \u201cOs tempos s\u00e3o maus. Desgra\u00e7as abater-se-\u00e3o sobre a Fran\u00e7a. O Rei ser\u00e1 destronado, o mundo inteiro ser\u00e1 transtornado por desgra\u00e7as de todo tipo. Mas vinde ao p\u00e9 deste altar. Aqui as gra\u00e7as ser\u00e3o derramadas sobre todas as pessoas que as pe\u00e7am com confian\u00e7a e fervor, grandes e pequenos\u201d.<br>A Sant\u00edssima Virgem tinha uma express\u00e3o entristecida enquanto dizia essas coisas. Logo a seguir Ela anuncia-lhe outras desgra\u00e7as que vir\u00e3o mais tarde:&nbsp;\u201cChegar\u00e1 o momento em que o perigo ser\u00e1 grande, considerar-se-\u00e1 tudo perdido. Ent\u00e3o Eu estarei convosco\u201d.<\/h4>\n\n\n\n<h4>A Sant\u00edssima Virgem tem l\u00e1grimas nos olhos enquanto explica \u00e0 Irm\u00e3 Catarina que haver\u00e1 mortos, entre os quais o Arcebispo de Paris, e que a Cruz de Jesus ser\u00e1 desprezada. Em certo momento, devido aos grandes males que anuncia, a Sant\u00edssima Virgem n\u00e3o consegue mais falar. A dor reflete-se em seu rosto, e Ela acrescenta por fim:&nbsp;\u201cMinha filha, o mundo inteiro ficar\u00e1 submerso na tristeza\u201d.<br>A Irm\u00e3 Catarina demora ainda algum tempo falando com a Sant\u00edssima Virgem. Mas finalmente, como se alguma coisa se extinguisse, n\u00e3o consegue ver mais do que uma sombra, que aos poucos se retira pelo mesmo caminho por onde viera.<br>\u201cEla partiu\u201d \u2013\u2013&nbsp;disse-lhe o menino, que tinha ficado l\u00e1 todo esse tempo. Sempre todo iluminado, ele a reconduz pelo mesmo percurso, at\u00e9 seu dormit\u00f3rio. Catarina compreendera bem que aquele menino brilhante era o seu anjo da guarda, que se tornara vis\u00edvel para conduzi-la at\u00e9 a Sant\u00edssima Virgem, como lhe pedira tantas vezes.<br>J\u00e1 na cama, Irm\u00e3 Catarina ouve o rel\u00f3gio bater duas horas da manh\u00e3. N\u00e3o consegue dormir, e at\u00e9 a manh\u00e3 seguinte fica pensando em tudo o que lhe dissera a Sant\u00edssima Virgem.<br>As primeiras realiza\u00e7\u00f5es dos an\u00fancios das apari\u00e7\u00f5es<br>Rei Carlos X da Fran\u00e7a<br>Assim que p\u00f4de, Irm\u00e3 Catarina relatou tudo secretamente a seu confessor e diretor, o Pe. Aladel. Mas este n\u00e3o queria acreditar:&nbsp;\u201cN\u00e3o s\u00e3o mais que ilus\u00f5es, minha filha, a tua imagina\u00e7\u00e3o inventou essa hist\u00f3ria\u201d.&nbsp;Al\u00e9m disso, ele n\u00e3o acreditou no an\u00fancio das desgra\u00e7as: a Fran\u00e7a est\u00e1 t\u00e3o feliz e t\u00e3o calma sob o reinado do bom Rei Carlos X!<br>Por\u00e9m, decorridos apenas dez dias, explode uma revolu\u00e7\u00e3o horr\u00edvel, que espalha o terror em Paris. Trata-se do come\u00e7o dos acontecimentos anunciados pela Sant\u00edssima Virgem. Algumas igrejas s\u00e3o pilhadas e danificadas; crucifixos s\u00e3o jogados por terra; os sacerdotes s\u00e3o perseguidos e maltratados; o Arcebispo de Paris \u00e9 for\u00e7ado a disfar\u00e7ar-se e esconder-se.<\/h4>\n\n\n\n\n\n\n<p><br><\/p>\t\t\t\t\t\t<\/div>\n\t\t\t\t<\/div>\n\t\t\t\t<div class=\"elementor-element elementor-element-c09fb80 elementor-widget elementor-widget-image\" data-id=\"c09fb80\" data-element_type=\"widget\" data-widget_type=\"image.default\">\n\t\t\t\t<div class=\"elementor-widget-container\">\n\t\t\t\t\t\t\t\t\t\t<figure class=\"wp-caption\">\n\t\t\t\t\t\t\t\t\t\t<img loading=\"lazy\" decoding=\"async\" width=\"143\" height=\"250\" src=\"https:\/\/ligadosantorosario.com\/wp-content\/uploads\/medalhamilagrosa06.webp\" class=\"attachment-large size-large wp-image-3303\" alt=\"\" \/>\t\t\t\t\t\t\t\t\t\t\t<figcaption class=\"widget-image-caption wp-caption-text\">Rei Carlos X da Fran\u00e7a <\/figcaption>\n\t\t\t\t\t\t\t\t\t\t<\/figure>\n\t\t\t\t\t\t\t<\/div>\n\t\t\t\t<\/div>\n\t\t\t\t\t<\/div>\n\t\t<\/div>\n\t\t\t\t\t<\/div>\n\t\t<\/section>\n\t\t\t\t<section class=\"elementor-section elementor-top-section elementor-element elementor-element-270ac47 elementor-section-boxed elementor-section-height-default elementor-section-height-default\" data-id=\"270ac47\" data-element_type=\"section\">\n\t\t\t\t\t\t<div class=\"elementor-container elementor-column-gap-default\">\n\t\t\t\t\t<div class=\"elementor-column elementor-col-100 elementor-top-column elementor-element elementor-element-a2ec483\" data-id=\"a2ec483\" data-element_type=\"column\">\n\t\t\t<div class=\"elementor-widget-wrap elementor-element-populated\">\n\t\t\t\t\t\t<div class=\"elementor-element elementor-element-719c645 elementor-widget elementor-widget-text-editor\" data-id=\"719c645\" data-element_type=\"widget\" data-widget_type=\"text-editor.default\">\n\t\t\t\t<div class=\"elementor-widget-container\">\n\t\t\t\t\t\t\t<h4>Carlos X, o \u00faltimo rei leg\u00edtimo da Fran\u00e7a, foi destronado, devendo fugir para o ex\u00edlio. A revolu\u00e7\u00e3o prolonga-se por tr\u00eas longos dias. Por\u00e9m, tal como anunciara Santa Catarina, nada de grave afetou a sua comunidade.<br>O Pe. Aladel estava impressionado: n\u00e3o seria por acaso o que a Irm\u00e3 Catarina lhe prevenira? No seu \u00edntimo, come\u00e7a a crer. Mas, por cautela, continua a dizer-lhe que n\u00e3o deve dar import\u00e2ncia ao que vira e ouvira.<br>Irm\u00e3 Catarina sabe que ser\u00e1 dif\u00edcil convencer completamente o Pe. Aladel. A Sant\u00edssima Virgem tinha-a prevenido sobre isso. Obediente e resignada, ela busca antes de tudo seguir os conselhos que recebera durante a apari\u00e7\u00e3o.<\/h4>\n\n\n<h4>Durante muitas semanas, o sacerdote n\u00e3o lhe fala fora das confiss\u00f5es regulares. Catarina tamb\u00e9m n\u00e3o lhe fala, e ele cr\u00ea que ela voltara a ser uma irm\u00e3 sem hist\u00f3ria, como as demais.<\/h4>\n<h4>Mas eis que, quatro meses mais tarde, Irm\u00e3 Catarina lhe anuncia uma grande novidade: a Sant\u00edssima Virgem aparecera-lhe outra vez, e pedira que fosse feita uma medalha da qual lhe indicara o modelo.<\/h4>\n<p><\/p>\t\t\t\t\t\t<\/div>\n\t\t\t\t<\/div>\n\t\t\t\t\t<\/div>\n\t\t<\/div>\n\t\t\t\t\t<\/div>\n\t\t<\/section>\n\t\t\t\t<section class=\"elementor-section elementor-top-section elementor-element elementor-element-e7ef4ce elementor-section-boxed elementor-section-height-default elementor-section-height-default\" data-id=\"e7ef4ce\" data-element_type=\"section\">\n\t\t\t\t\t\t<div class=\"elementor-container elementor-column-gap-default\">\n\t\t\t\t\t<div class=\"elementor-column elementor-col-100 elementor-top-column elementor-element elementor-element-d220d94\" data-id=\"d220d94\" data-element_type=\"column\">\n\t\t\t<div class=\"elementor-widget-wrap elementor-element-populated\">\n\t\t\t\t\t\t<div class=\"elementor-element elementor-element-b4c3575 elementor-widget elementor-widget-text-editor\" data-id=\"b4c3575\" data-element_type=\"widget\" data-widget_type=\"text-editor.default\">\n\t\t\t\t<div class=\"elementor-widget-container\">\n\t\t\t\t\t\t\t<h4><b>A revela\u00e7\u00e3o<\/b> <b>da Medalha<\/b><\/h4>\n<h4>A 27 de novembro, no fim da tarde, enquanto Catarina rezava na capela, a Virgem Maria lhe aparece mais uma vez. Catarina sentira nesse dia um grande desejo de ver a Sant\u00edssima Virgem. O desejo era t\u00e3o intenso, que ela estava certa de que a veria&nbsp;\u201cbela na sua maior formosura\u201d.<br>Durante sua ora\u00e7\u00e3o na capela, em meio ao grande sil\u00eancio, ouviu subitamente o&nbsp;frufru&nbsp;de um vestido de seda que se aproximava. Catarina levantou a cabe\u00e7a e viu a Sant\u00edssima Virgem de p\u00e9 junto a um quadro de S\u00e3o Jos\u00e9, que ent\u00e3o estava do lado direito do altar.<\/h4>\n<p><\/p>\t\t\t\t\t\t<\/div>\n\t\t\t\t<\/div>\n\t\t\t\t<div class=\"elementor-element elementor-element-97b41e6 elementor-widget elementor-widget-image\" data-id=\"97b41e6\" data-element_type=\"widget\" data-widget_type=\"image.default\">\n\t\t\t\t<div class=\"elementor-widget-container\">\n\t\t\t\t\t\t\t\t\t\t\t\t\t<img loading=\"lazy\" decoding=\"async\" width=\"173\" height=\"250\" src=\"https:\/\/ligadosantorosario.com\/wp-content\/uploads\/medalhamilagrosa07.webp\" class=\"attachment-large size-large wp-image-3304\" alt=\"\" \/>\t\t\t\t\t\t\t\t\t\t\t\t\t<\/div>\n\t\t\t\t<\/div>\n\t\t\t\t\t<\/div>\n\t\t<\/div>\n\t\t\t\t\t<\/div>\n\t\t<\/section>\n\t\t\t\t<section class=\"elementor-section elementor-top-section elementor-element elementor-element-c5ca107 elementor-section-boxed elementor-section-height-default elementor-section-height-default\" data-id=\"c5ca107\" data-element_type=\"section\">\n\t\t\t\t\t\t<div class=\"elementor-container elementor-column-gap-default\">\n\t\t\t\t\t<div class=\"elementor-column elementor-col-100 elementor-top-column elementor-element elementor-element-6b5c187\" data-id=\"6b5c187\" data-element_type=\"column\">\n\t\t\t<div class=\"elementor-widget-wrap elementor-element-populated\">\n\t\t\t\t\t\t<div class=\"elementor-element elementor-element-c864858 elementor-widget elementor-widget-text-editor\" data-id=\"c864858\" data-element_type=\"widget\" data-widget_type=\"text-editor.default\">\n\t\t\t\t<div class=\"elementor-widget-container\">\n\t\t\t\t\t\t\t<h4>Com os p\u00e9s apoiados sobre uma meia esfera, Ela pisa sobre uma serpente. Catarina est\u00e1 maravilhada com a beleza da Sant\u00edssima Virgem.\u00a0\u201cO seu rosto \u00e9 t\u00e3o formoso, que me seria imposs\u00edvel descrever sua beleza. Trajava um vestido de seda branca\u201d,\u00a0dir\u00e1 mais tarde.<\/h4><h4>Nas m\u00e3os, a Santa Virgem tinha um globo; e nos dedos, an\u00e9is com pedras preciosas. Destas pedras preciosas sa\u00edam raios de luz, que cintilavam de todos os lados.<br \/>Ela disse a Catarina: \u201cEste globo que v\u00eas representa o mundo inteiro, particularmente a Fran\u00e7a e cada pessoa individualmente. Os raios, t\u00e3o belos, s\u00e3o o s\u00edmbolo das gra\u00e7as que derramo sobre as pessoas que mas pedem. Estas pedras das quais n\u00e3o saem raios representam as gra\u00e7as que se esquecem de me pedir\u201d.<br \/>Nossa Senhora fez compreender \u00e0 Irm\u00e3 Catarina \u201ccomo era agrad\u00e1vel rezar \u00e0 Sant\u00edssima Virgem; como Ela era generosa para com as pessoas que a Ela recorriam; quantas gra\u00e7as concede \u00e0s pessoas que lhas pedem; e quanto lhe alegrava conceder essas gra\u00e7as\u201d.<br \/>Formou-se em seguida em torno da Virgem um arco ligeiramente ovalado, onde apareciam estas palavras escritas em letras de ouro:\u00a0\u201c\u00d3 Maria concebida sem pecado, rogai por n\u00f3s que recorremos a V\u00f3s\u201d.<br \/>Ent\u00e3o Irm\u00e3 Catarina ouve: \u201cFaze cunhar uma medalha conforme este modelo; todas as pessoas que a usarem ao pesco\u00e7o receber\u00e3o grandes gra\u00e7as. As gra\u00e7as ser\u00e3o abundantes para as pessoas que a levarem com confian\u00e7a\u201d.<br \/>A seguir, o arco ovalado gira e mostra o outro lado: um grande M, inicial de Maria, encimado por uma Cruz; e abaixo dele os dois cora\u00e7\u00f5es de Jesus e de Maria: o primeiro rodeado de espinhos, e o segundo atravessado por uma espada.<br \/>Ao cabo de um momento, a apari\u00e7\u00e3o vai-se tornando difusa e desaparece, deixando Irm\u00e3 Catarina com o cora\u00e7\u00e3o cheio de bons sentimentos, alegria e consola\u00e7\u00e3o.<\/h4><h4>\u00a0<\/h4><h4><b>A \u00faltima apari\u00e7\u00e3o<\/b><\/h4><h4><br \/>\u201cPura ilus\u00e3o\u201d \u2013\u2013 responde-lhe o Pe. Aladel, quando ela lhe contou o pedido da Sant\u00edssima Virgem. \u201cSe voc\u00ea quer honrar Nossa Senhora, imite as suas virtudes e deixe de imagina\u00e7\u00e3o!\u201d.<br \/>A Irm\u00e3 Catarina permanece calma e n\u00e3o fala mais das apari\u00e7\u00f5es, embora a fa\u00e7a sofrer muito a recusa em mandar cunhar a Medalha. A Sant\u00edssima Virgem j\u00e1 a prevenira de que sua miss\u00e3o seria dif\u00edcil. No m\u00eas seguinte aparece-lhe uma \u00faltima vez, tamb\u00e9m na capela. Como sempre, o som do\u00a0frufru\u00a0da seda anuncia sua chegada.<br \/>Desta vez a Sant\u00edssima Virgem aparece acima do altar, um pouco atr\u00e1s do mesmo. Tem nas m\u00e3os um globo encimado por uma pequena cruz. Novamente os raios de luz, de um brilho muito grande, s\u00e3o projetados pelos an\u00e9is e pelas pedras preciosas que Nossa Senhora leva nos dedos, e que iluminam tudo embaixo. Catarina repara que das maiores pedras saem os maiores raios, e das menores saem os raios menores.\u00a0\u201cEstes raios s\u00e3o o s\u00edmbolo das gra\u00e7as que a Sant\u00edssima Virgem obt\u00e9m para as pessoas que as pedem\u201d,\u00a0diz uma voz no fundo do cora\u00e7\u00e3o de Catarina.<br \/>Antes de partir, a Sant\u00edssima Virgem lhe diz: \u201cN\u00e3o me ver\u00e1s mais, entretanto ouvir\u00e1s a minha voz durante as ora\u00e7\u00f5es\u201d.<\/h4><h4><br \/>\u00a0 \u00a0 \u00a0 \u00a0 \u00a0 \u00a0 \u00a0 \u00a0 \u00a0 \u00a0 \u00a0 \u00a0 \u00a0 \u00a0 \u00a0 \u00a0 \u00a0 \u00a0 \u00a0 \u00a0 \u00a0 \u00a0 \u00a0 \u00a0 \u00a0 \u00a0 \u00a0 \u00a0 \u00a0* * *<\/h4><h4><br \/>Mas quem era Catarina? Como tinha sido a sua inf\u00e2ncia? O que fizera antes de ser novi\u00e7a das Filhas da Caridade? Antes de apreciarmos a hist\u00f3ria da Medalha, que far\u00e1 muitos milagres, voltemos um pouco atr\u00e1s para conhecer algo da inf\u00e2ncia de Catarina.<\/h4><h4><b>A inf\u00e2ncia de santa Catarina<\/b><\/h4><p>\u00a0<\/p>\t\t\t\t\t\t<\/div>\n\t\t\t\t<\/div>\n\t\t\t\t<div class=\"elementor-element elementor-element-9c8975a elementor-widget elementor-widget-image\" data-id=\"9c8975a\" data-element_type=\"widget\" data-widget_type=\"image.default\">\n\t\t\t\t<div class=\"elementor-widget-container\">\n\t\t\t\t\t\t\t\t\t\t\t\t\t<img loading=\"lazy\" decoding=\"async\" width=\"176\" height=\"250\" src=\"https:\/\/ligadosantorosario.com\/wp-content\/uploads\/medalhamilagrosa08.webp\" class=\"attachment-large size-large wp-image-3305\" alt=\"\" \/>\t\t\t\t\t\t\t\t\t\t\t\t\t<\/div>\n\t\t\t\t<\/div>\n\t\t\t\t\t<\/div>\n\t\t<\/div>\n\t\t\t\t\t<\/div>\n\t\t<\/section>\n\t\t\t\t<section class=\"elementor-section elementor-top-section elementor-element elementor-element-f28cbfb elementor-section-boxed elementor-section-height-default elementor-section-height-default\" data-id=\"f28cbfb\" data-element_type=\"section\">\n\t\t\t\t\t\t<div class=\"elementor-container elementor-column-gap-default\">\n\t\t\t\t\t<div class=\"elementor-column elementor-col-100 elementor-top-column elementor-element elementor-element-bab264b\" data-id=\"bab264b\" data-element_type=\"column\">\n\t\t\t<div class=\"elementor-widget-wrap elementor-element-populated\">\n\t\t\t\t\t\t<div class=\"elementor-element elementor-element-21b308f elementor-widget elementor-widget-text-editor\" data-id=\"21b308f\" data-element_type=\"widget\" data-widget_type=\"text-editor.default\">\n\t\t\t\t<div class=\"elementor-widget-container\">\n\t\t\t\t\t\t\t<h4>A pequena Zo\u00e9 tinha nove anos e chorava. Sua m\u00e3ezinha acabava de morrer. N\u00e3o chorava sozinha. Tamb\u00e9m choravam seu pai, Pedro Labour\u00e9, sua irm\u00e3 Tonine, de sete anos, e seu pequeno irm\u00e3o Augusto, que ficara aleijado ap\u00f3s ter ca\u00eddo de uma carro\u00e7a conduzida pela sua ama de leite. Zo\u00e9 tinha ainda outros sete irm\u00e3os e irm\u00e3s, todos mais velhos que ela.<br>Zo\u00e9 era a Catarina a quem a Virgem haveria de aparecer mais tarde. Na fam\u00edlia chamavam-na Zo\u00e9, porque o dia em que nasceu \u2014 2 de maio de 1806 \u2014 \u00e9 aquele em que se festeja Santa Zo\u00e9. Mas seu verdadeiro nome era Catarina, porque esse foi o que o sacerdote lhe deu no batismo.<br>A grande sala estava cheia de vizinhos e amigos. Falava-se em voz baixa. No quarto onde jazia a m\u00e3e recentemente falecida, rezava-se com fervor. Crendo-se sozinha no quarto dos pais, a pequena Zo\u00e9 subiu numa cadeira para alcan\u00e7ar a imagem de Nossa Senhora. Abra\u00e7ou-a e disse-lhe chorando:&nbsp;\u201cV\u00f3s sereis agora a minha mam\u00e3!\u201d.<\/h4>\n<h4>Catarina tinha assim acabado de se entregar \u00e0 Sant\u00edssima Virgem, que iria proteg\u00ea-la ao longo de toda a vida.<br>De momento, Pedro Labour\u00e9 tinha de organizar-se para que a vida da propriedade continuasse. As duas pequenas, Catarina e Tonine, deveriam partir para a casa da tia Margarida, irm\u00e3 de Pedro, que morava a nove quil\u00f4metros.<br>Catarina deixou assim o s\u00edtio no qual nascera. Era uma bela propriedade na Borgonha, em Fain-les-Moutiers, dotada de um grande pombal. Seu pai era tamb\u00e9m pessoa importante na aldeia, da qual foi intendente. Al\u00e9m da dor que lhe causava a morte da m\u00e3e, Catarina entristecia-se agora por ter de deixar o pai a quem queria muito. Mas partiu corajosamente com a tia, levando Tonine pela m\u00e3o.<br>A tia Margarida e o tio Antonio, seu marido, fabricavam vinagre. Possu\u00edam uma casa grande, acolhedora e muito animada, com dois filhos e quatro filhas, todos mais velhos que as duas pequenas. Foi nesta fam\u00edlia que elas ficaram dois anos completos. Findo esse per\u00edodo, e sentindo Pedro a falta das suas filhas, Catarina regressou ao s\u00edtio familiar junto com Tonine.<br>Chegara para ela a hora de fazer a primeira comunh\u00e3o, e assim a alegria de reencontrar o pai foi redobrada pelo desejo de receber Jesus no cora\u00e7\u00e3o.<br>Maria Lu\u00edsa, a irm\u00e3 mais velha, ensinou-lhe os trabalhos da propriedade. Nutria um grande sonho, que o regresso de Catarina tornaria realiz\u00e1vel: queria ser religiosa, mas para isso era preciso que Catarina fosse capaz de substitu\u00ed-la como encarregada do s\u00edtio.<\/h4>\n<h4>Catarina, que acabava de completar 12 anos, sentindo-se feliz, comentou com a sua irm\u00e3zinha Tonine:&nbsp;\u201cN\u00f3s duas faremos andar esta casa\u201d.&nbsp;E com ardor assumiu a pesada tarefa de secundar o pai nos trabalhos da propriedade.<\/h4>\n<p><br><\/p><h4><b>A vida de Catarina na propriedade<\/b><\/h4><p><br><\/p><p><br><\/p>\t\t\t\t\t\t<\/div>\n\t\t\t\t<\/div>\n\t\t\t\t<div class=\"elementor-element elementor-element-a7fc1cf elementor-widget elementor-widget-image\" data-id=\"a7fc1cf\" data-element_type=\"widget\" data-widget_type=\"image.default\">\n\t\t\t\t<div class=\"elementor-widget-container\">\n\t\t\t\t\t\t\t\t\t\t\t\t\t<img loading=\"lazy\" decoding=\"async\" width=\"250\" height=\"165\" src=\"https:\/\/ligadosantorosario.com\/wp-content\/uploads\/medalhamilagrosa09.webp\" class=\"attachment-large size-large wp-image-3306\" alt=\"\" \/>\t\t\t\t\t\t\t\t\t\t\t\t\t<\/div>\n\t\t\t\t<\/div>\n\t\t\t\t\t<\/div>\n\t\t<\/div>\n\t\t\t\t\t<\/div>\n\t\t<\/section>\n\t\t\t\t<section class=\"elementor-section elementor-top-section elementor-element elementor-element-43ffc2c elementor-section-boxed elementor-section-height-default elementor-section-height-default\" data-id=\"43ffc2c\" data-element_type=\"section\">\n\t\t\t\t\t\t<div class=\"elementor-container elementor-column-gap-default\">\n\t\t\t\t\t<div class=\"elementor-column elementor-col-100 elementor-top-column elementor-element elementor-element-df1a012\" data-id=\"df1a012\" data-element_type=\"column\">\n\t\t\t<div class=\"elementor-widget-wrap elementor-element-populated\">\n\t\t\t\t\t\t<div class=\"elementor-element elementor-element-34face1 elementor-widget elementor-widget-text-editor\" data-id=\"34face1\" data-element_type=\"widget\" data-widget_type=\"text-editor.default\">\n\t\t\t\t<div class=\"elementor-widget-container\">\n\t\t\t\t\t\t\t<h4>Com coragem, ajudada pela pequena irm\u00e3 Tonine e por uma empregada, Catarina cuidou das tarefas dom\u00e9sticas da melhor forma. Tinha tanta coisa a fazer! Levantava-se com as primeiras luzes da aurora, come\u00e7ava por preparar a comida para toda a fam\u00edlia e tamb\u00e9m para os oper\u00e1rios agr\u00edcolas que trabalhavam com o pai. Durante as colheitas, ela mesma levava a comida ao campo. Quando preparou pela primeira vez o p\u00e3o para toda a semana, ficou com receio de n\u00e3o conseguir um bom cozimento no grande forno.<br>Tinha tamb\u00e9m que se ocupar dos animais, recolher os ovos das galinhas, ordenhar as vacas duas vezes por dia e lev\u00e1-las ao bebedouro da aldeia. Como n\u00e3o existia \u00e1gua canalizada, ia busc\u00e1-la no po\u00e7o que ficava na pra\u00e7a, junto ao lavadouro, perto do port\u00e3o de entrada do s\u00edtio. Puxar a \u00e1gua e transport\u00e1-la era sempre um trabalho pesado.<br>Mas o que dava maior satisfa\u00e7\u00e3o a Catarina e Tonine era ir ao pombal dar de comer aos pombos. Eram v\u00e1rias centenas, e todos conheciam bem Catarina, pois assim que ela chegava, punham-se a voar em seu redor para apanhar no ar os gr\u00e3os que ela lhes lan\u00e7ava.<br>Uma vez por semana tamb\u00e9m tinha que ir de carro\u00e7a ao mercado, a 15 quil\u00f4metros de dist\u00e2ncia. Levava manteiga e ovos para vender.<br>Al\u00e9m desses servi\u00e7os, ocupava-se tamb\u00e9m de Tonine, e especialmente do pequeno irm\u00e3o aleijado, com um zelo de m\u00e3e.<br>No in\u00edcio ela n\u00e3o sabia fazer tudo, sendo por isso muito ajudada pela empregada do s\u00edtio. Mas com o passar do tempo foi-se tornando capaz de&nbsp;\u201cfazer andar esta casa\u201d,&nbsp;conforme tinha dito. Assim, quando completou 14 anos, a empregada tornou-se desnecess\u00e1ria.<br>De onde vinha essa coragem de Catarina? Todos os dias ela desaparecia por um certo tempo, porque ia rezar na capela da aldeia que se encontrava bem pr\u00f3xima, ao lado da sede da administra\u00e7\u00e3o local. Ali, sempre de joelhos sobre as lajes frias, rezava muito tempo. Depois da grande Revolu\u00e7\u00e3o [1789], deixara de haver ali um p\u00e1roco, e Jesus n\u00e3o voltou a habitar o tabern\u00e1culo, sendo a Missa rezada apenas esporadicamente.<br>A fam\u00edlia de Catarina era muito cat\u00f3lica. Seu pai fizera restaurar a capela da Virgem, no interior da igreja, onde Catarina reencontrava sua M\u00e3e do C\u00e9u, ao rezar demoradamente diante do quadro que a representava com os bra\u00e7os abertos.<br>\u201cAs ora\u00e7\u00f5es n\u00e3o adiantam os trabalhos\u201d,&nbsp;dizia-lhe \u00e0s vezes uma vizinha que n\u00e3o era muito am\u00e1vel. Tamb\u00e9m outros a criticavam sem raz\u00e3o:&nbsp;\u201cRezar n\u00e3o \u00e9 tudo. \u00c9 preciso tamb\u00e9m trabalhar\u201d.&nbsp;Mas se Catarina fazia os seus servi\u00e7os t\u00e3o bem, era precisamente porque todos os dias dedicava um tempo \u00e0 ora\u00e7\u00e3o.<br>Para a Missa do domingo, ela ia com Tonine \u00e0 aldeia de Moutiers Saint-Jean, onde fizera a primeira comunh\u00e3o. O caminho se iniciava por uma ladeira que subia por mais de um quil\u00f4metro, percebendo-se l\u00e1 do alto o campan\u00e1rio da igreja sobre as \u00e1rvores. \u00c0 sa\u00edda, as duas meninas cumprimentavam as jovens da sua idade e voltavam rapidamente para casa. Nos dias da semana, quando podia, Catarina tamb\u00e9m ia \u00e0 Missa, percorrendo a p\u00e9 o percurso de ida e volta, totalizando quatro quil\u00f4metros.<\/h4><div><br><\/div><div><h4><b>A voca\u00e7\u00e3o de Catarina<\/b><\/h4><div><br><\/div><div><br><\/div><\/div>\n<p><\/p>\t\t\t\t\t\t<\/div>\n\t\t\t\t<\/div>\n\t\t\t\t<div class=\"elementor-element elementor-element-360a91f elementor-widget elementor-widget-image\" data-id=\"360a91f\" data-element_type=\"widget\" data-widget_type=\"image.default\">\n\t\t\t\t<div class=\"elementor-widget-container\">\n\t\t\t\t\t\t\t\t\t\t\t\t\t<img loading=\"lazy\" decoding=\"async\" width=\"250\" height=\"201\" src=\"https:\/\/ligadosantorosario.com\/wp-content\/uploads\/medalhamilagrosa10.webp\" class=\"attachment-large size-large wp-image-3307\" alt=\"\" \/>\t\t\t\t\t\t\t\t\t\t\t\t\t<\/div>\n\t\t\t\t<\/div>\n\t\t\t\t\t<\/div>\n\t\t<\/div>\n\t\t\t\t\t<\/div>\n\t\t<\/section>\n\t\t\t\t<section class=\"elementor-section elementor-top-section elementor-element elementor-element-62d9f4e elementor-section-boxed elementor-section-height-default elementor-section-height-default\" data-id=\"62d9f4e\" data-element_type=\"section\">\n\t\t\t\t\t\t<div class=\"elementor-container elementor-column-gap-default\">\n\t\t\t\t\t<div class=\"elementor-column elementor-col-100 elementor-top-column elementor-element elementor-element-a9d537d\" data-id=\"a9d537d\" data-element_type=\"column\">\n\t\t\t<div class=\"elementor-widget-wrap elementor-element-populated\">\n\t\t\t\t\t\t<div class=\"elementor-element elementor-element-4171dab elementor-widget-tablet__width-initial elementor-widget elementor-widget-text-editor\" data-id=\"4171dab\" data-element_type=\"widget\" data-widget_type=\"text-editor.default\">\n\t\t\t\t<div class=\"elementor-widget-container\">\n\t\t\t\t\t\t\t<h4>Mas a ora\u00e7\u00e3o n\u00e3o era suficiente para Catarina. A partir dos 14 anos, ela quis oferecer cada vez mais sacrif\u00edcios. Come\u00e7ou a jejuar \u00e0s sextas-feiras e aos s\u00e1bados. Em cada um desses dias ela s\u00f3 fazia uma refei\u00e7\u00e3o, e nada dizia. Tonine teve medo de que ela adoecesse, e tentou impedi-la:<\/h4>\n<h4>\u2014 \u201cVou dizer ao pai!\u201d.<br>\u2014 \u201cPois bem, dize-lhe!\u201d.<\/h4>\n\n<h4>O pai repreendeu-a, e deu-lhe ordem para acabar com aquilo. Mas para Catarina esse era um assunto entre Deus e ela, n\u00e3o devendo mais ningu\u00e9m intrometer-se. E continuou.<br>Catarina j\u00e1 acalentava, de fato, um grande desejo que um dia confiou em segredo a Tonine: queria ser religiosa, consagrar-se a Deus, atender os doentes e entregar-se \u00e0 ora\u00e7\u00e3o. Combinou com Tonine que lhe passaria os cuidados da casa, assim que estivesse crescida o suficiente para assumir sozinha tal responsabilidade.<br>Certa noite Catarina teve um sonho: Viu-se na igreja da aldeia, no lugar que habitualmente ocupava na capela de Nossa Senhora, quando chegou para rezar a Missa um sacerdote idoso, que ela n\u00e3o conhecia. O olhar muito vivo do sacerdote impressionou-a. No fim da Missa ele fez-lhe sinal para que se aproximasse, mas ela recuou. Pouco depois, e ainda durante o seu sonho, ela foi visitar um doente, mas l\u00e1 encontrou de novo o mesmo padre que lhe disse:&nbsp;\u201cMinha filha, est\u00e1 muito bem cuidar dos doentes. Hoje fugiste de mim, mas um dia ser\u00e1s muito feliz por poderes vir a mim. Deus tem projetos para ti. N\u00e3o o esque\u00e7as!\u201d.<\/h4>\n\n\n<h4>Um pouco receosa, Catarina afastou-se, mas sentiu no cora\u00e7\u00e3o uma alegria que lhe deu a impress\u00e3o de n\u00e3o estarem os seus p\u00e9s a tocar a terra. Quando no seu sonho ela chegou \u00e0 entrada do s\u00edtio, acordou.<br>Em breve ela saberia quem era aquele sacerdote idoso.<\/h4>\n\n<p><br><\/p>\n<h4><b>A longa espera<\/b><\/h4>\n<p><br><\/p>\n<p><br><\/p>\t\t\t\t\t\t<\/div>\n\t\t\t\t<\/div>\n\t\t\t\t<div class=\"elementor-element elementor-element-5eb9a18 elementor-widget elementor-widget-image\" data-id=\"5eb9a18\" data-element_type=\"widget\" data-widget_type=\"image.default\">\n\t\t\t\t<div class=\"elementor-widget-container\">\n\t\t\t\t\t\t\t\t\t\t<figure class=\"wp-caption\">\n\t\t\t\t\t\t\t\t\t\t<img loading=\"lazy\" decoding=\"async\" width=\"190\" height=\"250\" src=\"https:\/\/ligadosantorosario.com\/wp-content\/uploads\/medalhamilagrosa11.webp\" class=\"attachment-large size-large wp-image-3308\" alt=\"\" \/>\t\t\t\t\t\t\t\t\t\t\t<figcaption class=\"widget-image-caption wp-caption-text\">S\u00e3o Vicente de Paulo <\/figcaption>\n\t\t\t\t\t\t\t\t\t\t<\/figure>\n\t\t\t\t\t\t\t<\/div>\n\t\t\t\t<\/div>\n\t\t\t\t<div class=\"elementor-element elementor-element-06008a5 elementor-widget elementor-widget-text-editor\" data-id=\"06008a5\" data-element_type=\"widget\" data-widget_type=\"text-editor.default\">\n\t\t\t\t<div class=\"elementor-widget-container\">\n\t\t\t\t\t\t\t<h4>Ao completar 18 anos, Catarina ainda n\u00e3o sabia escrever, pois nunca tivera tempo para aprender. Agora, por\u00e9m, era indispens\u00e1vel possuir esse conhecimento para tornar-se religiosa. Como tinha uma prima educadora, que mantinha um internato em Ch\u00e2tillon, foi ali aceita como aluna, ficando Tonine a cuidar da casa durante a sua aus\u00eancia.<br>Para alegria de Catarina, em Ch\u00e2tillon havia Missa e um sacerdote a quem confiar-se. Ao ouvi-la contar o seu sonho, e parecendo-lhe a descri\u00e7\u00e3o familiar, o sacerdote comentou:&nbsp;\u201cCreio, minha filha, que aquele sacerdote n\u00e3o \u00e9 outro sen\u00e3o S\u00e3o Vicente\u201d.<br>Mais tarde, ao visitar uma religiosa em companhia da prima, ela teve ali uma grande surpresa. Viu num quadro o velho sacerdote que lhe aparecera naquele sonho:&nbsp;\u201cMas \u00e9 o quadro do nosso Pai S\u00e3o Vicente de Paulo\u201d.&nbsp;Foi ele quem fundou as Filhas da Caridade \u2013\u2013 explicaram as religiosas.<br>Para Catarina, estava tudo muito claro: era ali que deveria tornar-se religiosa. Mas ainda tinha que completar os 21 anos, e temia que o seu pai n\u00e3o estivesse de acordo. Voltou ao s\u00edtio e retomou o seu trabalho, mas o pai, que j\u00e1 suspeitava de alguma coisa, estava resolvido a n\u00e3o ceder.<br>Quando completou 21 anos, Catarina falou-lhe francamente do seu projeto. Mas ele se recusou furiosamente, pois preferia que ela se casasse. Conhecendo a obstina\u00e7\u00e3o da filha, e numa tentativa de faz\u00ea-la mudar de id\u00e9ia, mandou-a para Paris no come\u00e7o do ano seguinte, para ajudar um irm\u00e3o que tinha um pequeno restaurante e vendia vinho, mas que estava sozinho por ter enviuvado recentemente. Embora muito entristecida por ter de enfrentar a oposi\u00e7\u00e3o do pai ao desejo de se tornar religiosa, e por se ver assim afastada dele, Catarina obedeceu.<\/h4>\n\n\n\n\n<p><\/p>\t\t\t\t\t\t<\/div>\n\t\t\t\t<\/div>\n\t\t\t\t\t<\/div>\n\t\t<\/div>\n\t\t\t\t\t<\/div>\n\t\t<\/section>\n\t\t\t\t<section class=\"elementor-section elementor-top-section elementor-element elementor-element-9d8166c elementor-section-boxed elementor-section-height-default elementor-section-height-default\" data-id=\"9d8166c\" data-element_type=\"section\">\n\t\t\t\t\t\t<div class=\"elementor-container elementor-column-gap-default\">\n\t\t\t\t\t<div class=\"elementor-column elementor-col-100 elementor-top-column elementor-element elementor-element-346a1a8\" data-id=\"346a1a8\" data-element_type=\"column\">\n\t\t\t<div class=\"elementor-widget-wrap\">\n\t\t\t\t\t\t\t<\/div>\n\t\t<\/div>\n\t\t\t\t\t<\/div>\n\t\t<\/section>\n\t\t\t\t<section class=\"elementor-section elementor-top-section elementor-element elementor-element-65ffd5e elementor-section-boxed elementor-section-height-default elementor-section-height-default\" data-id=\"65ffd5e\" data-element_type=\"section\">\n\t\t\t\t\t\t<div class=\"elementor-container elementor-column-gap-default\">\n\t\t\t\t\t<div class=\"elementor-column elementor-col-100 elementor-top-column elementor-element elementor-element-43df3b6\" data-id=\"43df3b6\" data-element_type=\"column\">\n\t\t\t<div class=\"elementor-widget-wrap elementor-element-populated\">\n\t\t\t\t\t\t<div class=\"elementor-element elementor-element-11e4d3e elementor-widget elementor-widget-image\" data-id=\"11e4d3e\" data-element_type=\"widget\" data-widget_type=\"image.default\">\n\t\t\t\t<div class=\"elementor-widget-container\">\n\t\t\t\t\t\t\t\t\t\t<figure class=\"wp-caption\">\n\t\t\t\t\t\t\t\t\t\t<img loading=\"lazy\" decoding=\"async\" width=\"250\" height=\"115\" src=\"https:\/\/ligadosantorosario.com\/wp-content\/uploads\/medalhamilagrosa12.webp\" class=\"attachment-large size-large wp-image-3309\" alt=\"\" \/>\t\t\t\t\t\t\t\t\t\t\t<figcaption class=\"widget-image-caption wp-caption-text\">Vila de Moutiers Saint-Jean, onde Catarina fez a Primeira Comunh\u00e3o<\/figcaption>\n\t\t\t\t\t\t\t\t\t\t<\/figure>\n\t\t\t\t\t\t\t<\/div>\n\t\t\t\t<\/div>\n\t\t\t\t\t<\/div>\n\t\t<\/div>\n\t\t\t\t\t<\/div>\n\t\t<\/section>\n\t\t\t\t<section class=\"elementor-section elementor-top-section elementor-element elementor-element-8105316 elementor-section-boxed elementor-section-height-default elementor-section-height-default\" data-id=\"8105316\" data-element_type=\"section\">\n\t\t\t\t\t\t<div class=\"elementor-container elementor-column-gap-default\">\n\t\t\t\t\t<div class=\"elementor-column elementor-col-100 elementor-top-column elementor-element elementor-element-5fc8995\" data-id=\"5fc8995\" data-element_type=\"column\">\n\t\t\t<div class=\"elementor-widget-wrap elementor-element-populated\">\n\t\t\t\t\t\t\t<\/div>\n\t\t<\/div>\n\t\t\t\t\t<\/div>\n\t\t<\/section>\n\t\t\t\t<section class=\"elementor-section elementor-top-section elementor-element elementor-element-2494f51 elementor-section-boxed elementor-section-height-default elementor-section-height-default\" data-id=\"2494f51\" data-element_type=\"section\">\n\t\t\t\t\t\t<div class=\"elementor-container elementor-column-gap-default\">\n\t\t\t\t\t<div class=\"elementor-column elementor-col-100 elementor-top-column elementor-element elementor-element-3ccc961\" data-id=\"3ccc961\" data-element_type=\"column\">\n\t\t\t<div class=\"elementor-widget-wrap elementor-element-populated\">\n\t\t\t\t\t\t\t<\/div>\n\t\t<\/div>\n\t\t\t\t\t<\/div>\n\t\t<\/section>\n\t\t\t\t<section class=\"elementor-section elementor-top-section elementor-element elementor-element-fc7c9ce elementor-section-boxed elementor-section-height-default elementor-section-height-default\" data-id=\"fc7c9ce\" data-element_type=\"section\">\n\t\t\t\t\t\t<div class=\"elementor-container elementor-column-gap-default\">\n\t\t\t\t\t<div class=\"elementor-column elementor-col-100 elementor-top-column elementor-element elementor-element-8e61118\" data-id=\"8e61118\" data-element_type=\"column\">\n\t\t\t<div class=\"elementor-widget-wrap elementor-element-populated\">\n\t\t\t\t\t\t<div class=\"elementor-element elementor-element-ea543b3 elementor-widget elementor-widget-text-editor\" data-id=\"ea543b3\" data-element_type=\"widget\" data-widget_type=\"text-editor.default\">\n\t\t\t\t<div class=\"elementor-widget-container\">\n\t\t\t\t\t\t\t<h4>O ambiente do restaurante em Paris n\u00e3o lhe agradou. Os clientes lan\u00e7avam-lhe galanteios, e o irm\u00e3o continuava a fazer todos os esfor\u00e7os para lev\u00e1-la a esquecer o seu grande projeto e convenc\u00ea-la a casar-se. Mas Catarina n\u00e3o se deixou vencer. A sua voca\u00e7\u00e3o permaneceu mais forte do que nunca: ela queria ser religiosa.<br>Ao cabo de um ano, seu irm\u00e3o voltou a casar-se. Ela ent\u00e3o decidiu voltar a Ch\u00e2tillon, \u00e0 casa da prima, para continuar a aprender o que lhe faltava.<br>A prima tinha acabado de casar-se com outro irm\u00e3o de Catarina, e recebeu-a bem juntamente com o marido. Ambos resolveram defend\u00ea-la perante o pai, que acabou finalmente por aceitar sua decis\u00e3o. Catarina ficou ainda algum tempo na casa da prima, mas passou a freq\u00fcentar, tanto quanto poss\u00edvel, o convento das Filhas da Caridade.<br>A Irm\u00e3 Vit\u00f3ria, apenas um pouco mais velha do que Catarina, tendo acabado de form\u00e1-la nas coisas que ainda lhe faltavam, come\u00e7ou a explicar-lhe a vida religiosa. Por fim, em janeiro de 1830, Catarina entrou como novi\u00e7a em Ch\u00e2tillon, causando desde logo admira\u00e7\u00e3o pelo fervor com que rezava.<br>Duas vezes por semana as Irm\u00e3s preparavam a sopa destinada aos doentes pobres, que traziam cada qual a sua panela para ser enchida.<\/h4>\n\n\n\n\n<h4>Mais tarde, a 21 de abril, Catarina partiu para Paris, onde haveria de passar todo o tempo restante da sua vida de religiosa. N\u00e3o haviam ainda decorrido tr\u00eas meses quando, numa noite de julho, o seu anjo da guarda veio acord\u00e1-la para lhe dizer que a Sant\u00edssima Virgem a esperava na capela do convento.<\/h4><h4><br><b>A Medalha faz o seu caminho<\/b><\/h4><h4><br>As apari\u00e7\u00f5es da Sant\u00edssima Virgem \u00e0 Irm\u00e3 Catarina, narradas no in\u00edcio, ocorreram na capela da Casa-m\u00e3e das Filhas da Caridade, na Rue du Bac, em Paris. Esta capela existe ainda hoje, e Nossa Senhora continua a derramar abundantes gra\u00e7as aos que v\u00e3o ali rezar com confian\u00e7a.<\/h4>\n\n\n<h4>Catarina permaneceu ali durante alguns meses, a fim de completar sua forma\u00e7\u00e3o. Logo a seguir foi enviada para cuidar dos pobres e idosos no asilo de Enghien, na extremidade oposta de Paris. Esta hospedagem fora fundada poucos anos antes pela Duquesa de Bourbon em mem\u00f3ria do seu filho, o charmoso Duque d\u2019Enghien, cruelmente fuzilado por Napole\u00e3o.<br>Ali passar\u00e1 ela toda a sua vida. Ocupa-se dos doentes, dos pobres, dos idosos, como se cada um deles fosse o pr\u00f3prio Jesus. E ainda passa boa parte do seu tempo em ora\u00e7\u00f5es.<\/h4><div><br><\/div>\n<h4><b>As primeiras Medalhas<\/b><\/h4>\n<p><\/p>\t\t\t\t\t\t<\/div>\n\t\t\t\t<\/div>\n\t\t\t\t<div class=\"elementor-element elementor-element-0e3b1ae elementor-widget elementor-widget-image\" data-id=\"0e3b1ae\" data-element_type=\"widget\" data-widget_type=\"image.default\">\n\t\t\t\t<div class=\"elementor-widget-container\">\n\t\t\t\t\t\t\t\t\t\t\t\t\t<img loading=\"lazy\" decoding=\"async\" width=\"250\" height=\"202\" src=\"https:\/\/ligadosantorosario.com\/wp-content\/uploads\/medalhamilagrosa13.webp\" class=\"attachment-large size-large wp-image-3310\" alt=\"\" \/>\t\t\t\t\t\t\t\t\t\t\t\t\t<\/div>\n\t\t\t\t<\/div>\n\t\t\t\t\t<\/div>\n\t\t<\/div>\n\t\t\t\t\t<\/div>\n\t\t<\/section>\n\t\t\t\t<section class=\"elementor-section elementor-top-section elementor-element elementor-element-01ec053 elementor-section-boxed elementor-section-height-default elementor-section-height-default\" data-id=\"01ec053\" data-element_type=\"section\">\n\t\t\t\t\t\t<div class=\"elementor-container elementor-column-gap-default\">\n\t\t\t\t\t<div class=\"elementor-column elementor-col-100 elementor-top-column elementor-element elementor-element-86418d8\" data-id=\"86418d8\" data-element_type=\"column\">\n\t\t\t<div class=\"elementor-widget-wrap elementor-element-populated\">\n\t\t\t\t\t\t<div class=\"elementor-element elementor-element-0e127eb elementor-widget elementor-widget-text-editor\" data-id=\"0e127eb\" data-element_type=\"widget\" data-widget_type=\"text-editor.default\">\n\t\t\t\t<div class=\"elementor-widget-container\">\n\t\t\t\t\t\t\t<h4>Nossa Senhora prometera-lhe, e cumpriu a sua promessa: fala-lhe ao fundo do cora\u00e7\u00e3o, mesmo n\u00e3o lhe aparecendo mais. E insiste para que se mandem fazer e divulgar as medalhas.<br>\u201cEle n\u00e3o me quer escutar\u201d,&nbsp;ousa dizer Catarina \u00e0 Sant\u00edssima Virgem, na sua ora\u00e7\u00e3o.<\/h4>\n<h4>\u201cEle\u2026\u201d&nbsp;trata-se por certo do Pe. Aladel, o confessor de Catarina, que ainda n\u00e3o cr\u00ea realmente na apari\u00e7\u00e3o. \u00c9 ele a \u00fanica pessoa \u00e0 qual Catarina confiara o seu segredo. Mas cada vez que lhe fala disso, o Pe. Aladel repreende-a duramente, chegando a dizer-lhe que est\u00e1 louca.<br>Por isso, Catarina tem muito medo quando necessita falar com ele. Por\u00e9m, a Virgem insiste:&nbsp;\u201cEle \u00e9 meu servidor, temeria entristecer-me\u201d.<br>Ent\u00e3o Catarina torna a ver o Pe. Aladel, e lhe afirma com coragem:&nbsp;\u201cA Virgem est\u00e1 muito desgostosa!\u201d.&nbsp;Novamente relata a apari\u00e7\u00e3o de Nossa Senhora e o seu pedido de fazer cunhar uma medalha.<br>Desta vez o Pe. Aladel come\u00e7a a crer. Principalmente porque, como o dissera a Virgem, ele tem medo de entristec\u00ea-La. Mas n\u00e3o diz nada a Catarina, e depois de ouvi-la atentamente, despede-se sem manifestar o que pensa.<\/h4>\n<h4>O Pe. Aladel estava decidido a falar com o Arcebispo de Paris. E faz bem, porque o prelado quer muito a Sant\u00edssima Virgem. Ele escuta com aten\u00e7\u00e3o\u2026 e autoriza que se cunhe a medalha:&nbsp;\u201cQue se difunda simplesmente essa medalha. Julgaremos a \u00e1rvore pelos seus frutos\u201d.<\/h4>\n<h4>Ent\u00e3o o Pe. Aladel se decide. Mas vai fazer uma medalha um pouco diferente daquela que Nossa Senhora pedira. N\u00e3o a desenha com o globo \u2014 que representa o mundo inteiro, a Fran\u00e7a e cada pessoa em particular \u2014 nas m\u00e3os. Em vez disso, representa-a com as m\u00e3os abertas e estendidas.<\/h4>\n<h4>Apesar disto, Irm\u00e3 Catarina fica muito contente, uma vez que o essencial da medalha est\u00e1 ali: os raios que representam as gra\u00e7as, a invoca\u00e7\u00e3o&nbsp;\u201c\u00d3 Maria concebida sem pecado, rogai por n\u00f3s que recorremos a V\u00f3s\u201d;&nbsp;e no verso, o \u201cM\u201d com a Cruz e os Cora\u00e7\u00f5es de Jesus e de Maria. Mais tarde ela ainda dir\u00e1: sobretudo n\u00e3o se modifique esta medalha.<br>\u201cAgora \u00e9 preciso propag\u00e1-la\u201d \u2013\u2013&nbsp;diz Catarina com alegria ao Pe. Aladel, que lhe d\u00e1 uma das primeiras medalhas.<br>Dois anos haviam se passado depois da primeira apari\u00e7\u00e3o da Virgem!<\/h4>\n<h4><br><b>Os primeiros milagres<\/b><\/h4>\n<p><\/p>\t\t\t\t\t\t<\/div>\n\t\t\t\t<\/div>\n\t\t\t\t\t<\/div>\n\t\t<\/div>\n\t\t\t\t\t<\/div>\n\t\t<\/section>\n\t\t\t\t<section class=\"elementor-section elementor-top-section elementor-element elementor-element-e2f6a2c elementor-section-boxed elementor-section-height-default elementor-section-height-default\" data-id=\"e2f6a2c\" data-element_type=\"section\">\n\t\t\t\t\t\t<div class=\"elementor-container elementor-column-gap-default\">\n\t\t\t\t\t<div class=\"elementor-column elementor-col-100 elementor-top-column elementor-element elementor-element-964f03f\" data-id=\"964f03f\" data-element_type=\"column\">\n\t\t\t<div class=\"elementor-widget-wrap elementor-element-populated\">\n\t\t\t\t\t\t<div class=\"elementor-element elementor-element-f20afa5 elementor-widget elementor-widget-text-editor\" data-id=\"f20afa5\" data-element_type=\"widget\" data-widget_type=\"text-editor.default\">\n\t\t\t\t<div class=\"elementor-widget-container\">\n\t\t\t\t\t\t\t<h4>Come\u00e7a a distribui\u00e7\u00e3o das medalhas. As Irm\u00e3s j\u00e1 sabem que Maria Sant\u00edssima aparecera a uma das religiosas para pedir que fosse cunhada esta medalha, mas ningu\u00e9m sabe quem \u00e9. Irm\u00e3 Catarina guardar\u00e1 para sempre o seu segredo, at\u00e9 o fim da vida. E poucos saber\u00e3o, durante toda sua vida, que fora ela quem vira a Sant\u00edssima Virgem e recebera a revela\u00e7\u00e3o da medalha.<br>Enquanto as primeiras Medalhas s\u00e3o difundidas, ressurge em Paris uma terr\u00edvel epidemia de c\u00f3lera, doen\u00e7a horr\u00edvel que causava morte a muitas pessoas, porque n\u00e3o existia cura. As pessoas s\u00e3o dominadas pelo p\u00e2nico.<\/h4>\n\n<p><\/p>\t\t\t\t\t\t<\/div>\n\t\t\t\t<\/div>\n\t\t\t\t<div class=\"elementor-element elementor-element-db5d784 elementor-widget elementor-widget-image\" data-id=\"db5d784\" data-element_type=\"widget\" data-widget_type=\"image.default\">\n\t\t\t\t<div class=\"elementor-widget-container\">\n\t\t\t\t\t\t\t\t\t\t<figure class=\"wp-caption\">\n\t\t\t\t\t\t\t\t\t\t<img loading=\"lazy\" decoding=\"async\" width=\"250\" height=\"211\" src=\"https:\/\/ligadosantorosario.com\/wp-content\/uploads\/medalhamilagrosa14.webp\" class=\"attachment-large size-large wp-image-3311\" alt=\"\" \/>\t\t\t\t\t\t\t\t\t\t\t<figcaption class=\"widget-image-caption wp-caption-text\">A pequena Carolina Nenain, contaminada pela c\u00f3lera, foi salva milagrosamente, ap\u00f3s receber a Medalha  <\/figcaption>\n\t\t\t\t\t\t\t\t\t\t<\/figure>\n\t\t\t\t\t\t\t<\/div>\n\t\t\t\t<\/div>\n\t\t\t\t\t<\/div>\n\t\t<\/div>\n\t\t\t\t\t<\/div>\n\t\t<\/section>\n\t\t\t\t<section class=\"elementor-section elementor-top-section elementor-element elementor-element-ab0cd25 elementor-section-boxed elementor-section-height-default elementor-section-height-default\" data-id=\"ab0cd25\" data-element_type=\"section\">\n\t\t\t\t\t\t<div class=\"elementor-container elementor-column-gap-default\">\n\t\t\t\t\t<div class=\"elementor-column elementor-col-100 elementor-top-column elementor-element elementor-element-26cffbf\" data-id=\"26cffbf\" data-element_type=\"column\">\n\t\t\t<div class=\"elementor-widget-wrap elementor-element-populated\">\n\t\t\t\t\t\t<div class=\"elementor-element elementor-element-8cc740e elementor-widget elementor-widget-text-editor\" data-id=\"8cc740e\" data-element_type=\"widget\" data-widget_type=\"text-editor.default\">\n\t\t\t\t<div class=\"elementor-widget-container\">\n\t\t\t\t\t\t\t<h4>Com toda a naturalidade, as Irm\u00e3s distribuem as medalhas aos doentes de c\u00f3lera, recomendando-lhes muita confian\u00e7a em Nossa Senhora. E os primeiros milagres surgem:<\/h4>\n<h4>\u2013 A pequena Carolina Nenain, de 8 anos, era a \u00fanica da sala que n\u00e3o tinha recebido a medalha. Contagiou-se de c\u00f3lera e adoeceu seriamente. Uma Irm\u00e3 deu-lhe a medalha, e a pequena restabeleceu-se imediatamente: p\u00f4de retornar \u00e0s aulas dois dias depois.<\/h4>\n<h4>\u2013 Uma senhora da aldeia de Mitry, na regi\u00e3o de Meaux, estava gr\u00e1vida e foi contagiada pela doen\u00e7a de forma muito grave. O m\u00e9dico n\u00e3o tinha esperan\u00e7a de salv\u00e1-la. Deram-lhe a medalha, e ela se curou em poucos dias. A crian\u00e7a nasceu com boa sa\u00fade.<\/h4>\n<h4>\u2013 Na mesma aldeia entregaram a medalha a um menino aleijado de 5 anos, que nunca conseguira andar, apesar de numerosos m\u00e9dicos terem sido consultados. Logo no primeiro dia ele come\u00e7ou a andar!<br>Rapidamente a medalha \u2014 apelidada de&nbsp;\u201cMilagrosa\u201d&nbsp;\u2014 come\u00e7ou a ser conhecida e a falar-se dela em toda a Fran\u00e7a, e at\u00e9 mesmo nos pa\u00edses vizinhos. Todo mundo queria uma medalha.<br>Mas aten\u00e7\u00e3o: a Medalha Milagrosa n\u00e3o \u00e9 um objeto m\u00e1gico. \u00c9 a Sant\u00edssima Virgem que opera os milagres para aqueles que levam a medalha com confian\u00e7a e amor. Levar a medalha ao pesco\u00e7o \u00e9 colocar-se sob a prote\u00e7\u00e3o de Nossa Senhora. \u00c9 afirmar que amamos Maria Sant\u00edssima, e que Ela nos ama.<\/h4>\n\n\n<h4>Ela n\u00e3o somente cura os corpos, mas sobretudo protege as almas. Muitas pessoas que foram m\u00e1s, inimigas de Deus e da Sant\u00edssima Virgem, converteram-se e tornaram-se boas. O que \u00e9 muito mais importante do que curar uma doen\u00e7a.<\/h4><h4><br><b>Uma das primeiras convers\u00f5es<\/b><\/h4><div><br><\/div>\n<p><h4>Um soldado no hospital de Alen\u00e7on encontra-se prestes a morrer. Dizia coisas horr\u00edveis contra Deus e negava-se a preparar-se para entrar no C\u00e9u. Temendo que, morrendo nesse estado, ele acabasse indo para o inferno, uma Irm\u00e3 colocou uma medalha perto da sua cama enquanto ele dormia.<\/h4><\/p>\n<h4>Quando acordou, exclamou fitando o local onde haviam colocado a medalha:&nbsp;\u201cPor que puseram l\u00e1 uma luz?\u201d<\/h4>\n<h4>Por\u00e9m, n\u00e3o havia ali luz alguma; havia s\u00f3 a medalha. Pouco tempo depois, ele acrescentou:&nbsp;\u201cOh, meu Deus, tende piedade de mim!\u201d<br>A seguir, pediu um sacerdote para se confessar, e obteve deste modo o perd\u00e3o dos seus pecados. Ao longo dos dois dias que se seguiram, segurou na m\u00e3o um crucifixo e a medalha, oferecendo com coragem os seus sofrimentos a Deus. Pouco antes de morrer em paz, disse:\u201cO que me entristece \u00e9 ter amado a Deus t\u00e3o tarde, e n\u00e3o am\u00e1-Lo hoje mais ainda\u201d.<br>Multiplicam-se as narra\u00e7\u00f5es das curas, das convers\u00f5es e da prote\u00e7\u00e3o da Virgem Sant\u00edssima para aqueles que levam a sua medalha com confian\u00e7a, com amor.<br>O Pe. Aladel est\u00e1 agora plenamente convencido. Redige um pequeno livro com a hist\u00f3ria das apari\u00e7\u00f5es, sem revelar o nome de Catarina, e ali relata numerosos milagres ocorridos na Fran\u00e7a e no mundo inteiro.<br>Para atender aos pedidos, muito numerosos, o primeiro fabricante da medalha tem de aumentar constantemente a sua produ\u00e7\u00e3o: em poucos anos a medalha espalhara-se pelo mundo inteiro.<br>Em dez anos ele vendera dois milh\u00f5es de medalhas feitas em ouro ou prata, e 18 milh\u00f5es em cobre!<br>Pelo menos outros 11 fabricantes em Paris venderam tanto quanto ele; em Lyon, outros quatro fabricantes venderam o dobro. Fabrica-se em muitas outras cidades da Fran\u00e7a e do exterior. Deste modo, em apenas 10 anos, a quantidade de Medalhas Milagrosas distribu\u00eddas ultrapassa centenas de milh\u00f5es!<br>Em Roma, muitos cardeais distribuem a medalha, e o pr\u00f3prio Papa a oferece a muitas pessoas. Ademais, \u00e9 em Roma que se operar\u00e1 uma grande convers\u00e3o, da qual todo o mundo ouvir\u00e1 falar.<\/h4><div><br><\/div>\n<h4><b>Um grande milagre da Medalha: a convers\u00e3o de Ratisbonne<\/b><\/h4>\n<p><\/p>\t\t\t\t\t\t<\/div>\n\t\t\t\t<\/div>\n\t\t\t\t<div class=\"elementor-element elementor-element-08e2418 elementor-widget elementor-widget-image\" data-id=\"08e2418\" data-element_type=\"widget\" data-widget_type=\"image.default\">\n\t\t\t\t<div class=\"elementor-widget-container\">\n\t\t\t\t\t\t\t\t\t\t<figure class=\"wp-caption\">\n\t\t\t\t\t\t\t\t\t\t<img loading=\"lazy\" decoding=\"async\" width=\"178\" height=\"250\" src=\"https:\/\/ligadosantorosario.com\/wp-content\/uploads\/ratisbonne.webp\" class=\"attachment-large size-large wp-image-3341\" alt=\"\" \/>\t\t\t\t\t\t\t\t\t\t\t<figcaption class=\"widget-image-caption wp-caption-text\">O Pe. Afonso-Maria Ratisbonne<\/figcaption>\n\t\t\t\t\t\t\t\t\t\t<\/figure>\n\t\t\t\t\t\t\t<\/div>\n\t\t\t\t<\/div>\n\t\t\t\t\t<\/div>\n\t\t<\/div>\n\t\t\t\t\t<\/div>\n\t\t<\/section>\n\t\t\t\t<section class=\"elementor-section elementor-top-section elementor-element elementor-element-d72cfc7 elementor-section-boxed elementor-section-height-default elementor-section-height-default\" data-id=\"d72cfc7\" data-element_type=\"section\">\n\t\t\t\t\t\t<div class=\"elementor-container elementor-column-gap-default\">\n\t\t\t\t\t<div class=\"elementor-column elementor-col-100 elementor-top-column elementor-element elementor-element-b68d3e6\" data-id=\"b68d3e6\" data-element_type=\"column\">\n\t\t\t<div class=\"elementor-widget-wrap elementor-element-populated\">\n\t\t\t\t\t\t<div class=\"elementor-element elementor-element-45d87f5 elementor-widget elementor-widget-text-editor\" data-id=\"45d87f5\" data-element_type=\"widget\" data-widget_type=\"text-editor.default\">\n\t\t\t\t<div class=\"elementor-widget-container\">\n\t\t\t\t\t\t\t<h4>Afonso Ratisbonne \u00e9 um jovem israelita de Estrasburgo, de uma fam\u00edlia importante e conhecida. Pertence \u00e0 religi\u00e3o judaica, embora n\u00e3o seja praticante.<br>Tem tudo para ser feliz: \u00e9 rico, jovem, inteligente, e fez bons estudos. Dentro em breve vai casar-se, e ap\u00f3s o casamento \u2013\u2013 j\u00e1 est\u00e1 tudo combinado \u2013\u2013 ir\u00e1 trabalhar no banco de um tio. S\u00f3 uma coisa o irrita: seu irm\u00e3o mais velho convertera-se \u00e0 Religi\u00e3o cat\u00f3lica e tornara-se sacerdote. Isso, Afonso n\u00e3o lhe perdoa. \u00c9 hostil em rela\u00e7\u00e3o aos cat\u00f3licos, e com freq\u00fc\u00eancia os ridiculariza.<\/h4>\n<h4>Antes de casar, empreende sozinho uma longa viagem para conhecer a It\u00e1lia, e assim chega a Roma como turista. Pouco antes de partir de l\u00e1, conhece Teodoro de Bussi\u00e8res, um cat\u00f3lico amigo de seu irm\u00e3o. Cumprimenta-o muito friamente. Teodoro, por\u00e9m, insiste para que prolongue um pouco mais a estadia, a fim de visitar com ele as belas igrejas de Roma. Mesmo procurando recusar, Ratisbonne acaba por aceitar o convite sem saber bem por qu\u00ea.<br>E durante os seus passeios, discute religi\u00e3o com Teodoro. Logo no come\u00e7o, este declara: \u201cJ\u00e1 que voc\u00ea est\u00e1 t\u00e3o seguro de si, eu lhe proponho um desafio: coloque esta Medalha ao pesco\u00e7o e leve-a durante v\u00e1rios dias, recitando nesse per\u00edodo esta ora\u00e7\u00e3o curta que lhe deixo\u201d. E fez com que Afonso copiasse a bela ora\u00e7\u00e3o do \u201cLembrai-Vos\u201d.<\/h4>\n<div><br><\/div>\n<h4><b>A ora\u00e7\u00e3o de S\u00e3o Bernardo de Claraval<\/b><\/h4>\n<p><br><\/p>\n<h4><i>Lembrai-vos, \u00f3 pi\u00edssima Virgem Maria, que nunca se ouviu dizer que algum daqueles que t\u00eam recorrido \u00e0 vossa prote\u00e7\u00e3o, implorado a vossa assist\u00eancia e reclamado o vosso socorro, fosse por V\u00f3s desamparado. Animado eu, pois, com igual confian\u00e7a, a V\u00f3s, \u00f3 Virgem entre todas singular, como \u00e0 minha M\u00e3e recorro e de V\u00f3s me valho. E gemendo sob o peso dos meus pecados, me prostro aos vossos p\u00e9s. N\u00e3o desprezeis as minhas s\u00faplicas, \u00f3 M\u00e3e do Verbo de Deus humanado, mas dignai-Vos em as ouvir prop\u00edcia, e alcan\u00e7ai-me o que vos rogo. Am\u00e9m.<\/i><\/h4>\n<p><\/p>\n<h4><br>Com a inten\u00e7\u00e3o de satirizar, Ratisbonne aceitou. E rapidamente decorou a ora\u00e7\u00e3o, repetindo-a maquinalmente v\u00e1rias vezes por dia, como se faz com a letra de uma can\u00e7\u00e3o que fica na mem\u00f3ria.<br>Afonso pensa que, ao regressar, escrever\u00e1 a hist\u00f3ria de sua viagem e relatar\u00e1 esta estranha aventura de Teodoro, de sua Medalha e da ora\u00e7\u00e3o. Aonde quer que v\u00e1 com Teodoro, ridiculariza os cat\u00f3licos e a sua Religi\u00e3o. E repete que jamais se tornar\u00e1 cat\u00f3lico. Mas sempre leva a sua Medalha ao pesco\u00e7o, e a ora\u00e7\u00e3o do&nbsp;\u201cLembrai-vos\u201d&nbsp;n\u00e3o lhe sai da cabe\u00e7a.<\/h4>\n<h4>Cinco dias ap\u00f3s ter recebido a Medalha, entra com Teodoro numa igreja. Este o deixa sozinho por um momento, pois deve falar com algu\u00e9m na sacristia. Durante esse tempo, Afonso Ratisbonne passeia pela igreja, olhando-a friamente e achando-a muito feia\u2026<\/h4>\n<p><\/p>\t\t\t\t\t\t<\/div>\n\t\t\t\t<\/div>\n\t\t\t\t<div class=\"elementor-element elementor-element-68b7dec elementor-widget elementor-widget-image\" data-id=\"68b7dec\" data-element_type=\"widget\" data-widget_type=\"image.default\">\n\t\t\t\t<div class=\"elementor-widget-container\">\n\t\t\t\t\t\t\t\t\t\t\t\t\t<img loading=\"lazy\" decoding=\"async\" width=\"192\" height=\"250\" src=\"https:\/\/ligadosantorosario.com\/wp-content\/uploads\/medalhamilagrosa15.webp\" class=\"attachment-large size-large wp-image-3312\" alt=\"\" \/>\t\t\t\t\t\t\t\t\t\t\t\t\t<\/div>\n\t\t\t\t<\/div>\n\t\t\t\t\t<\/div>\n\t\t<\/div>\n\t\t\t\t\t<\/div>\n\t\t<\/section>\n\t\t\t\t<section class=\"elementor-section elementor-top-section elementor-element elementor-element-499029a elementor-section-boxed elementor-section-height-default elementor-section-height-default\" data-id=\"499029a\" data-element_type=\"section\">\n\t\t\t\t\t\t<div class=\"elementor-container elementor-column-gap-default\">\n\t\t\t\t\t<div class=\"elementor-column elementor-col-100 elementor-top-column elementor-element elementor-element-66f9866\" data-id=\"66f9866\" data-element_type=\"column\">\n\t\t\t<div class=\"elementor-widget-wrap elementor-element-populated\">\n\t\t\t\t\t\t<div class=\"elementor-element elementor-element-94d3350 elementor-widget elementor-widget-text-editor\" data-id=\"94d3350\" data-element_type=\"widget\" data-widget_type=\"text-editor.default\">\n\t\t\t\t<div class=\"elementor-widget-container\">\n\t\t\t\t\t\t\t<h4>Q<i>uando Teodoro volta, n\u00e3o v\u00ea Ratisbonne!<br>Procura-o, e o encontra\u2026 de joelhos diante de um pequeno altar, com o rosto banhado em l\u00e1grimas! Est\u00e1 t\u00e3o emocionado, que mal consegue falar. Retira ent\u00e3o a Medalha que levava ao pesco\u00e7o e oscula-a muitas vezes, enquanto chora com emo\u00e7\u00e3o:&nbsp;\u201cAh, como sou feliz! Como Deus \u00e9 bom! Que plenitude de gra\u00e7a e de felicidade! Como devem ser compadecidos os que n\u00e3o conhecem isto!\u201d.<br>O que tinha acontecido? Nossa Senhora acabara de lhe aparecer, com as mesmas caracter\u00edsticas que tem na medalha. Ela era t\u00e3o formosa, cheia de majestade e de bondade.<br>Eis como ele pr\u00f3prio narra o acontecimento:<br>\u201cJ\u00e1 fazia algum tempo que estava na igreja, e subitamente senti-me tomado por uma confus\u00e3o inexprim\u00edvel; ergui o olhar, e o edif\u00edcio todo sumira aos meus olhos.<br>\u201cUma s\u00f3 capela tinha concentrado toda a luz, para me exprimir desse modo, e no meio desse resplendor apareceu em p\u00e9 sobre o altar \u2013\u2013 grande, brilhante, cheia de majestade e de do\u00e7ura \u2013\u2013 a Virgem Maria tal qual est\u00e1 representada na minha Medalha.<br>\u201cEla me fez um sinal com a m\u00e3o para me ajoelhar, uma for\u00e7a irresist\u00edvel atraiu-me na dire\u00e7\u00e3o dela, e pareceu dizer-me: \u2018Est\u00e1 bem!\u2019. Ela n\u00e3o me falou, mas eu compreendi tudo\u201d.<br>Com efeito, ele compreendera tudo. E acima de tudo sabia agora que estava protegido por uma bondade imensa, pelo amor da Sant\u00edssima Virgem. Assim, decidiu batizar-se para se tornar cat\u00f3lico.<br>A algu\u00e9m que lhe perguntara como era a&nbsp;\u201cimagem\u201d&nbsp;de Maria Sant\u00edssima que vira, respondeu:&nbsp;\u201c<\/i>Mas eu a vi na realidade, em pessoa, como vos vejo agora!\u201d<\/h4>\n<h4>A hist\u00f3ria de sua convers\u00e3o percorreu o mundo. Os jornais falaram dela. O pr\u00f3prio Papa recebeu-o com bondade e ordenou uma investiga\u00e7\u00e3o s\u00e9ria de tudo o que tinha acontecido \u2013\u2013 para que este milagre fosse conhecido de todos, sem qualquer contesta\u00e7\u00e3o poss\u00edvel.<br>No dia do seu batismo, Afonso acrescenta o nome de Maria ao seu. Doravante chamar-se-\u00e1 Afonso Maria Ratisbonne. Alguns anos mais tarde, torna-se sacerdote cat\u00f3lico. Consagrar\u00e1 a sua vida \u00e0 ora\u00e7\u00e3o e a fazer o bem em torno de si, trabalhando especialmente pela convers\u00e3o dos israelitas.<br>Trata-se sem d\u00favida de um dos milagres mais famosos operados pela Sant\u00edssima Virgem em favor daqueles que levam a sua medalha.<\/h4><h4><br><b>A Medalha durante a revolu\u00e7\u00e3o da comuna<\/b><\/h4><h4><br>1870: come\u00e7a a guerra! Os prussianos invadem a Fran\u00e7a e cercam Paris. Torna-se muito dif\u00edcil sair ou entrar na cidade. A comida come\u00e7a a faltar, sobretudo para os pobres. Catarina e as outras Irm\u00e3s fazem o que podem para atender os doentes, os feridos, os pobres e pessoas do bairro.<br>Mas a Fran\u00e7a \u00e9 vencida, e os prussianos entram em Paris. Come\u00e7a ent\u00e3o outra guerra \u2014 ou melhor, uma revolu\u00e7\u00e3o \u2014, desta vez entre franceses. Na cidade de Paris os revolucion\u00e1rios tomam o poder. Esta revolu\u00e7\u00e3o chama-se&nbsp;Comuna,&nbsp;e os revolucion\u00e1rios s\u00e3o os&nbsp;communards.(*) S\u00e3o ferozes e pretendem destruir a Religi\u00e3o. Detestam os sacerdotes, o rei e o Bom Deus. Durante tr\u00eas meses fazem reinar o terror. Fuzilam todos os que n\u00e3o concordam com eles. Perecem desta forma muitos inocentes. N\u00e3o respeitam nem o arcebispo de Paris, Monsenhor Darbois, que \u00e9 fuzilado com mais 20 sacerdotes!<br>Finalmente o ex\u00e9rcito franc\u00eas penetra na capital para libert\u00e1-la daqueles bandidos. Mas por \u00f3dio eles incendeiam grande parte dos belos monumentos de Paris e seus pal\u00e1cios.<br>Durante todo esse tempo as Irm\u00e3s correm um risco muito grande. Somente Catarina n\u00e3o tivera medo. Sabia de antem\u00e3o o que aconteceria, e dissera-o a uma das Irm\u00e3s:&nbsp;\u201cTeremos a guerra, uma guerra mais terr\u00edvel do que a outra e ainda mais mort\u00edfera. Oh meu Deus, quanto sangue, quantas ru\u00ednas!\u201d.<br>Mas acima de tudo ela sabe que pode contar com a prote\u00e7\u00e3o da Sant\u00edssima Virgem.&nbsp;\u201cA Virgem vigiar\u00e1, Ela proteger\u00e1 tudo. N\u00e3o nos acontecer\u00e1 mal algum\u201d,&nbsp;afirmava \u00e0s Irm\u00e3s inquietas.<br>Catarina lembra que, quando da primeira apari\u00e7\u00e3o, Nossa Senhora lhe dissera, com l\u00e1grimas nos olhos, que haveria muitas mortes, incluindo a do arcebispo:&nbsp;\u201cMomento vir\u00e1 em que o perigo ser\u00e1 grande, julgando todos que tudo est\u00e1 perdido, mas ent\u00e3o Eu estarei convosco\u201d.<\/h4><h4><br>I<b>rm\u00e3 Catarina enfrenta os revolucion\u00e1rios<\/b><\/h4><h4><br>Na tarde da P\u00e1scoa, durante a revolu\u00e7\u00e3o, um grupo de revolucion\u00e1rios agitados invade o hospital das Irm\u00e3s. Estes v\u00eam buscar dois soldados feridos durante a guerra contra os prussianos, acusados, sem raz\u00e3o, de serem os inimigos do povo. Querem fuzil\u00e1-los, e os levam \u00e0 for\u00e7a para a pris\u00e3o.<br>A Irm\u00e3 superiora que dirige o hospital vai procur\u00e1-los na pris\u00e3o e os traz de volta. Mas no dia seguinte os revolucion\u00e1rios retornam. Procuram os soldados por todos os lados, mas n\u00e3o os encontram. Encolerizados, querem levar a Irm\u00e3 superiora, amea\u00e7am-na com as suas armas. As outras Irm\u00e3s, junto com Catarina, declaram que se os revolucion\u00e1rios levarem a Superiora, elas ir\u00e3o todas com ela.<br>Diante da sua coragem os revolucion\u00e1rios recuam. Mas as Irm\u00e3s t\u00eam muito medo. Est\u00e3o todas de acordo: \u00e9 melhor que a Superiora saia, pois podem voltar a procur\u00e1-la.<br>Irm\u00e3 Catarina, agora a mais idosa, encarrega-se dos cuidados do hospital. Para evitar que os revolucion\u00e1rios voltem, vai ela mesma v\u00ea-los no seu quartel general. Existem l\u00e1 mais de 60 homens de aspecto perverso, cingidos de grandes cintos de tecido vermelho.<br>Catarina explica que os soldados feridos s\u00e3o inocentes, e que foram embora. Furiosos, os revolucion\u00e1rios insultam-na e querem prend\u00ea-la. Ela replica, cheia de coragem:&nbsp;\u201cMostrai-me a ordem, o documento que vos autoriza a prender-me\u201d.<br>\u201c\u00c9 esta a minha ordem!\u201d \u2013\u2013&nbsp;diz o comandante puxando o seu sabre. V\u00e1rios homens fortes rodeiam Catarina e querem prend\u00ea-la. Ent\u00e3o um dos soldados, de quem Catarina cuidara quando estava ferido, pega-a pelos bra\u00e7os e puxa-a fortemente para tr\u00e1s a fim de a salvar. Catarina consegue assim sair, apenas com alguns hematomas nos bra\u00e7os.<\/h4>\n<h4><b><br>Distribui\u00e7\u00e3o de Medalhas aos revolucion\u00e1rios<\/b><\/h4>\n<div><br><\/div>\n<p><\/p>\n<p><\/p>\n<h4>A Sant\u00edssima Virgem a protegera. Cumpre dizer que, sempre que pode, Irm\u00e3 Catarina distribui Medalhas at\u00e9 mesmo aos revolucion\u00e1rios, que as recebem com respeito.<br>Catarina carrega sempre Medalhas, distribuindo-as a todos que encontra. Os revolucion\u00e1rios o sabem, e muitos deles, quando a v\u00eaem, correm para as pedir.&nbsp;\u201cVamos pedir Medalhas \u00e0 Irm\u00e3 Catarina. Ela j\u00e1 as tem dado aos nossos camaradas\u201d.<br>\u201cMas para que vos serve, se n\u00e3o credes em nada?\u201d \u2013\u2013 pergunta uma Irm\u00e3 que os v\u00ea passar.<br>\u201c\u00c9 verdade que n\u00e3o cremos em quase nada, mas cremos nessa Medalha. Ela j\u00e1 protegeu outros, e tamb\u00e9m nos proteger\u00e1\u201d.<br>Mesmo \u00e0queles que, revoltados, proferem insultos contra a Religi\u00e3o, Catarina d\u00e1 Medalhas para que a Sant\u00edssima Virgem os converta.<br>Entre os revolucion\u00e1rios h\u00e1 muitas mulheres, que tamb\u00e9m levam uma grande faixa vermelha \u00e0 cintura. Certo dia essas mulheres chegam \u00e0 escola dirigida pelas Irm\u00e3s, para lecionar no lugar das religiosas. N\u00e3o querem mais que se fale de Deus \u00e0s crian\u00e7as, e imediatamente fazem retirar o crucifixo que est\u00e1 na parede.<br>Quando a nova aula vai come\u00e7ar, uma jovem aluna p\u00f5e-se de joelhos. Logo as outras a imitam: \u201cPerd\u00e3o, senhora, mas ainda n\u00e3o fizemos a ora\u00e7\u00e3o. A nossa professora sempre iniciava a aula com uma ora\u00e7\u00e3o\u201d.<br>A piedade das pequenas causa grande furor \u00e0s revolucion\u00e1rias, que pretendem apagar completamente das almas dessas crian\u00e7as o amor a Deus e a Nossa Senhora. A mais temida dessas mulheres chama-se Valentin. Ela criou muitos problemas \u00e0s Irm\u00e3s, mas est\u00e1 longe de suspeitar o que lhe acontecer\u00e1.<\/h4>\n<h4>Uma noite, dois revolucion\u00e1rios armados v\u00eam procurar Catarina e a levam consigo. Antes de partir, ela repete para as outras Irm\u00e3s que nada lhe acontecer\u00e1. Somente pede que rezem.<br>Duas horas mais tarde, est\u00e1 de volta. Os revolucion\u00e1rios tinham-na levado para que acusasse Valentin; estavam determinados a fuzil\u00e1-la, por a considerarem malvada demais. Mas Catarina lhe salvara a vida, gra\u00e7as \u00e0s suas respostas cheias de bondade.<\/h4>\n<h4><br>I<b>nvas\u00e3o da casa das Irm\u00e3s<\/b><\/h4>\n<p><\/p>\t\t\t\t\t\t<\/div>\n\t\t\t\t<\/div>\n\t\t\t\t<div class=\"elementor-element elementor-element-d00715f elementor-widget elementor-widget-image\" data-id=\"d00715f\" data-element_type=\"widget\" data-widget_type=\"image.default\">\n\t\t\t\t<div class=\"elementor-widget-container\">\n\t\t\t\t\t\t\t\t\t\t\t\t\t<img loading=\"lazy\" decoding=\"async\" width=\"250\" height=\"234\" src=\"https:\/\/ligadosantorosario.com\/wp-content\/uploads\/medalhamilagrosa18.webp\" class=\"attachment-large size-large wp-image-3313\" alt=\"\" \/>\t\t\t\t\t\t\t\t\t\t\t\t\t<\/div>\n\t\t\t\t<\/div>\n\t\t\t\t\t<\/div>\n\t\t<\/div>\n\t\t\t\t\t<\/div>\n\t\t<\/section>\n\t\t\t\t<section class=\"elementor-section elementor-top-section elementor-element elementor-element-19bf8d5 elementor-section-boxed elementor-section-height-default elementor-section-height-default\" data-id=\"19bf8d5\" data-element_type=\"section\">\n\t\t\t\t\t\t<div class=\"elementor-container elementor-column-gap-default\">\n\t\t\t\t\t<div class=\"elementor-column elementor-col-100 elementor-top-column elementor-element elementor-element-4f7de00\" data-id=\"4f7de00\" data-element_type=\"column\">\n\t\t\t<div class=\"elementor-widget-wrap elementor-element-populated\">\n\t\t\t\t\t\t<div class=\"elementor-element elementor-element-23804fc elementor-widget elementor-widget-text-editor\" data-id=\"23804fc\" data-element_type=\"widget\" data-widget_type=\"text-editor.default\">\n\t\t\t\t<div class=\"elementor-widget-container\">\n\t\t\t\t\t\t\t<h4>Um grupo de revolucion\u00e1rios invade um dia a casa das Irm\u00e3s. Em meio de muitos insultos e amea\u00e7as, decidem faz\u00ea-las prisioneiras. Irm\u00e3 Catarina, muito calma, passa pelo meio deles e oferece medalhas, e muitos as aceitam.<br \/>O chefe, chamado Siron, \u00e9 um verdadeiro bandido que j\u00e1 passara pelo c\u00e1rcere. Chegara anunciando que far\u00e1 todas as maldades poss\u00edveis com as irm\u00e3s. Catarina d\u00e1-lhe tamb\u00e9m uma Medalha.<br \/>\u2014 \u201cEstou completamente mudado!\u201d,\u00a0disse ent\u00e3o, tocado por algo que o conteve.\u00a0<br \/>Ao longo de tr\u00eas dias as religiosas ficam prisioneiras. Fecham-se na lavanderia para se proteger. \u00c0 noite, os revolucion\u00e1rios encontraram garrafas de vinho na adega e come\u00e7aram a beber. Embriagados pela bebida, come\u00e7am a amea\u00e7ar as irm\u00e3s. No entanto, chegando \u00e0 porta da lavanderia, hesitam. Siron, o bandido-chefe que usa a medalha, diz bem alto:\u00a0\u201cN\u00e3o temam nada! Eles ter\u00e3o de passar sobre mim antes de chegar at\u00e9 v\u00f3s\u201d.\u00a0Deita-se contra a porta e adormece logo. Os outros fazem o mesmo.<br \/>Sem fazer barulho, as Irm\u00e3s saem durante a noite e v\u00e3o esconder-se em outro lugar. E no dia seguinte v\u00e3o embora.<br \/>Antes de partir, Catarina e todas as Irm\u00e3s v\u00e3o rezar e cantar diante da imagem de Nossa Senhora que se encontra no jardim. Nenhum dos revolucion\u00e1rios ousa intervir. Catarina pega ent\u00e3o a coroa que est\u00e1 sobre a cabe\u00e7a da imagem da Virgem e promete:\u00a0\u201cEu vo-la trarei de volta daqui a um m\u00eas, a 31 de maio\u201d.<\/h4><h4>Os insultos surgem de todos os lados, mas elas conseguem sair de uma Paris inteiramente controlada pelos revolucion\u00e1rios.<br \/>Os horrores se multiplicam. Um batalh\u00e3o de revolucion\u00e1rios que se apelidam \u201cos vingadores de Rep\u00fablica\u201d concentra-se na Igreja de Nossa Senhora das Vit\u00f3rias. H\u00e1 nesse local uma associa\u00e7\u00e3o que tem por emblema a Medalha Milagrosa.<br \/>Cheios de f\u00faria, os revolucion\u00e1rios quebram tudo, abrindo os t\u00famulos do interior da igreja. Quando Irm\u00e3 Catarina soube da not\u00edcia, declarou:\u00a0\u201cMexeram com Nossa Senhora, n\u00e3o ir\u00e3o mais longe\u2026\u201d<br \/>Com efeito, na semana seguinte o ex\u00e9rcito franc\u00eas entra em Paris e esmaga os revolucion\u00e1rios. Poucos dias depois as Irm\u00e3s j\u00e1 podem voltar para sua casa. Irm\u00e3 Catarina traz de volta a coroa da imagem de Maria que fora um pouco danificada pelos bandidos.\u00a0\u201cEu Vos tinha prometido, minha boa M\u00e3e, que voltaria para vos coroar antes do fim do m\u00eas\u201d.<\/h4><h4><br \/><b>Os<\/b> <b>\u00faltimos conselhos de Santa Catarina<\/b><\/h4><p>\u00a0<\/p>\t\t\t\t\t\t<\/div>\n\t\t\t\t<\/div>\n\t\t\t\t<div class=\"elementor-element elementor-element-d63dac7 elementor-widget elementor-widget-image\" data-id=\"d63dac7\" data-element_type=\"widget\" data-widget_type=\"image.default\">\n\t\t\t\t<div class=\"elementor-widget-container\">\n\t\t\t\t\t\t\t\t\t\t<figure class=\"wp-caption\">\n\t\t\t\t\t\t\t\t\t\t<img loading=\"lazy\" decoding=\"async\" width=\"196\" height=\"250\" src=\"https:\/\/ligadosantorosario.com\/wp-content\/uploads\/catarinalaboure.webp\" class=\"attachment-large size-large wp-image-3344\" alt=\"\" \/>\t\t\t\t\t\t\t\t\t\t\t<figcaption class=\"widget-image-caption wp-caption-text\">Santa Catarina<\/figcaption>\n\t\t\t\t\t\t\t\t\t\t<\/figure>\n\t\t\t\t\t\t\t<\/div>\n\t\t\t\t<\/div>\n\t\t\t\t\t<\/div>\n\t\t<\/div>\n\t\t\t\t\t<\/div>\n\t\t<\/section>\n\t\t\t\t<section class=\"elementor-section elementor-top-section elementor-element elementor-element-614bc7c elementor-section-boxed elementor-section-height-default elementor-section-height-default\" data-id=\"614bc7c\" data-element_type=\"section\">\n\t\t\t\t\t\t<div class=\"elementor-container elementor-column-gap-default\">\n\t\t\t\t\t<div class=\"elementor-column elementor-col-100 elementor-top-column elementor-element elementor-element-76b5fca\" data-id=\"76b5fca\" data-element_type=\"column\">\n\t\t\t<div class=\"elementor-widget-wrap elementor-element-populated\">\n\t\t\t\t\t\t<div class=\"elementor-element elementor-element-d9e325a elementor-widget elementor-widget-text-editor\" data-id=\"d9e325a\" data-element_type=\"widget\" data-widget_type=\"text-editor.default\">\n\t\t\t\t<div class=\"elementor-widget-container\">\n\t\t\t\t\t\t\t<h4>Irm\u00e3 Catarina j\u00e1 est\u00e1 idosa, tem 70 anos. Sabe que \u00e9 o \u00faltimo ano da sua vida. Desde o come\u00e7o de 1876, repete:&nbsp;\u201cN\u00e3o verei o pr\u00f3ximo ano\u201d.&nbsp;E em cada uma das festas religiosas do ano, lembra ainda:&nbsp;\u201c\u00c9 a \u00faltima vez que vejo esta festa\u201d.<br>Est\u00e1 muito contente por ir encontrar Jesus, a Sant\u00edssima Virgem e S\u00e3o Vicente. Como boa crist\u00e3, Catarina sabe bem que esta vida na Terra n\u00e3o \u00e9 feita sen\u00e3o para se ganhar o C\u00e9u.<br>Continua muito discreta em rela\u00e7\u00e3o \u00e0s apari\u00e7\u00f5es da Virgem, tendo confiado o fato a poucas pessoas, junto \u00e0s quais multiplica os bons conselhos. O primeiro deles \u00e9 o de levar consigo a Medalha.&nbsp;\u201cH\u00e1 Irm\u00e3s no noviciado que n\u00e3o usam a Medalha, e ningu\u00e9m se preocupa em lhes dar uma\u201d,&nbsp;queixa-se um dia.<br>Mas levar a medalha n\u00e3o \u00e9 suficiente. Catarina insiste que se fa\u00e7a ora\u00e7\u00e3o e sacrif\u00edcios. \u00c9 preciso, sobretudo, pedir a Maria o que Ela nos quer dar, antes do que n\u00f3s mesmos desejamos.&nbsp;\u201cPede-se demais o que se deseja, e n\u00e3o suficientemente o que Deus deseja\u201d,&nbsp;diz Catarina. E outras vezes aconselha:&nbsp;\u201c\u00c9 preciso ter confian\u00e7a. Deus tudo pode. \u00c9 preciso dar tudo a Deus, e n\u00e3o andar a queixar-se\u201d.<br>Ela sempre leva medalhas para distribuir \u00e0queles com quem se encontra.<\/h4>\n\n\n\n\n<h4>No dia de Santa Catarina, uns meninos vieram desejar-lhe boas festas.&nbsp;\u201cPortai-vos bem, obedecei, e a Virgem vos amar\u00e1. Irei rezar por todos v\u00f3s\u201d,&nbsp;diz-lhes.&nbsp;<\/h4>\n<p><\/p>\t\t\t\t\t\t<\/div>\n\t\t\t\t<\/div>\n\t\t\t\t<div class=\"elementor-element elementor-element-6dd0ab3 elementor-widget elementor-widget-image\" data-id=\"6dd0ab3\" data-element_type=\"widget\" data-widget_type=\"image.default\">\n\t\t\t\t<div class=\"elementor-widget-container\">\n\t\t\t\t\t\t\t\t\t\t\t\t\t<img loading=\"lazy\" decoding=\"async\" width=\"250\" height=\"177\" src=\"https:\/\/ligadosantorosario.com\/wp-content\/uploads\/medalhamilagrosa20-1.webp\" class=\"attachment-large size-large wp-image-3343\" alt=\"\" \/>\t\t\t\t\t\t\t\t\t\t\t\t\t<\/div>\n\t\t\t\t<\/div>\n\t\t\t\t\t<\/div>\n\t\t<\/div>\n\t\t\t\t\t<\/div>\n\t\t<\/section>\n\t\t\t\t<section class=\"elementor-section elementor-top-section elementor-element elementor-element-7e1a9a4 elementor-section-boxed elementor-section-height-default elementor-section-height-default\" data-id=\"7e1a9a4\" data-element_type=\"section\">\n\t\t\t\t\t\t<div class=\"elementor-container elementor-column-gap-default\">\n\t\t\t\t\t<div class=\"elementor-column elementor-col-100 elementor-top-column elementor-element elementor-element-2ee2df4\" data-id=\"2ee2df4\" data-element_type=\"column\">\n\t\t\t<div class=\"elementor-widget-wrap elementor-element-populated\">\n\t\t\t\t\t\t<div class=\"elementor-element elementor-element-ae9a49e elementor-widget elementor-widget-text-editor\" data-id=\"ae9a49e\" data-element_type=\"widget\" data-widget_type=\"text-editor.default\">\n\t\t\t\t<div class=\"elementor-widget-container\">\n\t\t\t\t\t\t\t<h4>Mais do que isso, Irm\u00e3 Catarina insiste em que Nossa Senhora seja reconhecida e proclamada Rainha de todo o Universo, de todos os pa\u00edses e de cada pessoa. Enquanto assim n\u00e3o for feito \u2014 repete, poucas semanas antes de morrer \u2014, grandes desgra\u00e7as continuar\u00e3o a nos amea\u00e7ar.&nbsp;\u201cNum certo momento tudo parecer\u00e1 perdido; mas tudo ser\u00e1 ganho. \u00c9 a Sant\u00edssima Virgem que nos salvar\u00e1. Sim, quando a Virgem oferecer o mundo a Deus e for honrada, teremos a paz. Oh, como ser\u00e1 belo ouvir dizer: Maria \u00e9 a Rainha do Universo, e em especial da Fran\u00e7a. E os meninos exclamar\u00e3o: e de cada pessoa em particular! Ser\u00e1 um tempo de paz, que ser\u00e1 longo\u201d.<br>O 31 de dezembro de 1876 chega. \u00c9 o \u00faltimo dia do ano e o \u00faltimo dia de Irm\u00e3 Catarina sobre a Terra.<br>Ela pede que lhe enviem Medalhas, com as quais faz pacotinhos para oferecer. Depois, como o anunciara, perto das sete horas da tarde ela adormece numa morte muito doce, enquanto as outras Irm\u00e3s repetem muitas vezes junto dela:<br>\u201c\u00d3 Maria concebida sem pecado, rogai por n\u00f3s que recorremos a V\u00f3s\u201d.<br>Nota:<br>* \u201cCommunards\u201d: termo franc\u00eas para designar os ativistas da Revolu\u00e7\u00e3o da Comuna de 1870 em Paris. Apesar das evidentes afinidades ideol\u00f3gicas, n\u00e3o devem se confundir com os comunistas. Seu pensamento provinha da radicaliza\u00e7\u00e3o das correntes extremadas da Revolu\u00e7\u00e3o Francesa.<\/h4><h4><br><b>Explica\u00e7\u00e3o da Medalha Milagrosa<\/b><\/h4>\n\n\n\n\n\n\n<p><\/p>\t\t\t\t\t\t<\/div>\n\t\t\t\t<\/div>\n\t\t\t\t<div class=\"elementor-element elementor-element-37d8e97 elementor-widget elementor-widget-image\" data-id=\"37d8e97\" data-element_type=\"widget\" data-widget_type=\"image.default\">\n\t\t\t\t<div class=\"elementor-widget-container\">\n\t\t\t\t\t\t\t\t\t\t<figure class=\"wp-caption\">\n\t\t\t\t\t\t\t\t\t\t<img loading=\"lazy\" decoding=\"async\" width=\"203\" height=\"250\" src=\"https:\/\/ligadosantorosario.com\/wp-content\/uploads\/medahanossasenhoradasgracas.webp\" class=\"attachment-large size-large wp-image-3342\" alt=\"\" \/>\t\t\t\t\t\t\t\t\t\t\t<figcaption class=\"widget-image-caption wp-caption-text\">Medalha de Nossa Senhora das Gra\u00e7as<\/figcaption>\n\t\t\t\t\t\t\t\t\t\t<\/figure>\n\t\t\t\t\t\t\t<\/div>\n\t\t\t\t<\/div>\n\t\t\t\t\t<\/div>\n\t\t<\/div>\n\t\t\t\t\t<\/div>\n\t\t<\/section>\n\t\t\t\t<section class=\"elementor-section elementor-top-section elementor-element elementor-element-8db061e elementor-section-boxed elementor-section-height-default elementor-section-height-default\" data-id=\"8db061e\" data-element_type=\"section\">\n\t\t\t\t\t\t<div class=\"elementor-container elementor-column-gap-default\">\n\t\t\t\t\t<div class=\"elementor-column elementor-col-100 elementor-top-column elementor-element elementor-element-b2fc9bd\" data-id=\"b2fc9bd\" data-element_type=\"column\">\n\t\t\t<div class=\"elementor-widget-wrap elementor-element-populated\">\n\t\t\t\t\t\t<div class=\"elementor-element elementor-element-667e177 elementor-widget elementor-widget-text-editor\" data-id=\"667e177\" data-element_type=\"widget\" data-widget_type=\"text-editor.default\">\n\t\t\t\t<div class=\"elementor-widget-container\">\n\t\t\t\t\t\t\t<h4>A Sant\u00edssima Virgem est\u00e1 de p\u00e9 sobre o globo terrestre. Isso quer dizer que Ela n\u00e3o \u00e9 somente a nossa M\u00e3e do C\u00e9u, mas tamb\u00e9m a Rainha da Terra e do Universo.<\/h4><h4>Ela esmaga uma serpente sob os seus p\u00e9s. A serpente representa o diabo que tenta fazer mal aos homens e lev\u00e1-los ao inferno. A Sant\u00edssima Virgem \u00e9 muito mais poderosa que o diabo, e esmaga-o facilmente. Ela protege os seus filhos que rezam com confian\u00e7a.Das suas m\u00e3os saem raios de luz. Estes raios representam as gra\u00e7as que a Sant\u00edssima Virgem d\u00e1 \u00e0s pessoas que lhas pedem. Gra\u00e7as s\u00e3o ajudas especiais que recebemos gratuitamente de Deus, e que nos tornam seus amigos ao nos conceder benef\u00edcios e fazer-nos participar da vida divina.<\/h4><h4>1830 \u00e9 o ano da apari\u00e7\u00e3o em que a Sant\u00edssima Virgem revelou a Medalha a Santa Catarina, no final da tarde do dia 27 de novembro.Em torno da imagem da Virgem l\u00ea-se a frase \u201c\u00d3 Maria concebida sem pecado, rogai por n\u00f3s que recorremos a V\u00f3s\u201d. Trata-se da ora\u00e7\u00e3o curta que a pr\u00f3pria Virgem quis colocar na Medalha, e que devemos repetir com confian\u00e7a.<\/h4><h4><b>No reverso da medalha<\/b><\/h4><div>\u00a0<\/div><h4>O grande \u201cM\u201d encimado por uma Cruz \u00e9 a inicial do nome de Maria, a Sant\u00edssima Virgem, nossa m\u00e3e do C\u00e9u. A cruz \u00e9 a de Jesus que morreu por n\u00f3s; ao p\u00e9 da Cruz acha-se Maria, que sofre e nos ama em uni\u00e3o completa com Jesus.Em torno h\u00e1 12 estrelas: Como Rainha do C\u00e9u e da Terra, a Sant\u00edssima Virgem possui uma coroa de 12 estrelas, que representam o seu poder sobre toda a cria\u00e7\u00e3o. Tudo o que pede a Deus, Ela obt\u00e9m.<br \/>Lado a lado est\u00e3o os cora\u00e7\u00f5es de Jesus e de Maria. Ambos possuem pequenas chamas que sobem, para indicar que ardem de amor por n\u00f3s.\u00c0 esquerda, o Cora\u00e7\u00e3o de Jesus est\u00e1 coroado de espinhos e sangra por uma ferida. \u00c9 por causa dos nossos pecados, das nossas m\u00e1s a\u00e7\u00f5es que O fazem sofrer tanto. Para resgatar nossos pecados, Ele foi coroado de espinhos, morreu na Cruz e teve o Cora\u00e7\u00e3o traspassado por uma lan\u00e7a.<\/h4><h4>\u00c0 direita, o Cora\u00e7\u00e3o de Maria est\u00e1 traspassado por uma espada, que representa a dor que Ela suportou ao ver os sofrimentos de seu Filho por n\u00f3s. Ela ofereceu esses sofrimentos em uni\u00e3o com os de Jesus, para que sejamos salvos e alcancemos o C\u00e9u.<br \/>\u00a0 \u00a0 \u00a0 \u00a0 \u00a0 \u00a0 \u00a0 \u00a0 \u00a0 \u00a0 \u00a0 \u00a0 \u00a0 \u00a0 \u00a0 \u00a0 \u00a0 \u00a0 \u00a0 \u00a0 \u00a0 \u00a0 \u00a0 \u00a0 \u00a0 \u00a0 \u00a0 \u00a0 \u00a0 \u00a0 \u00a0 \u00a0 \u00a0 \u00a0 \u00a0 \u00a0 \u00a0 \u00a0 \u00a0 \u00a0 \u00a0 \u00a0 \u00a0 \u00a0 \u00a0 \u00a0 \u00a0 \u00a0 * * *<br \/>Medalha n\u00e3o \u00e9 um objeto m\u00e1gico. N\u00e3o basta lev\u00e1-la; \u00e9 preciso, sobretudo, esfor\u00e7armo-nos para viver como bons crist\u00e3os. Ela \u00e9 um sinal de que se ama Jesus e a Sant\u00edssima Virgem, e que temos confian\u00e7a em seu amor por n\u00f3s.<\/h4><h4>V\u00eddeo do corpo incorrupto de Santa Caratina Labour\u00e9.<\/h4>\t\t\t\t\t\t<\/div>\n\t\t\t\t<\/div>\n\t\t\t\t\t<\/div>\n\t\t<\/div>\n\t\t\t\t\t<\/div>\n\t\t<\/section>\n\t\t\t\t<section class=\"elementor-section elementor-top-section elementor-element elementor-element-bdcb7e4 elementor-section-boxed elementor-section-height-default elementor-section-height-default\" data-id=\"bdcb7e4\" data-element_type=\"section\">\n\t\t\t\t\t\t<div class=\"elementor-container elementor-column-gap-default\">\n\t\t\t\t\t<div class=\"elementor-column elementor-col-100 elementor-top-column elementor-element elementor-element-81436a7\" data-id=\"81436a7\" data-element_type=\"column\">\n\t\t\t<div class=\"elementor-widget-wrap elementor-element-populated\">\n\t\t\t\t\t\t<div class=\"elementor-element elementor-element-52a8a61 elementor-widget elementor-widget-video\" data-id=\"52a8a61\" data-element_type=\"widget\" data-settings=\"{&quot;youtube_url&quot;:&quot;https:\\\/\\\/www.youtube.com\\\/watch?v=P3QKK1hAzm4&quot;,&quot;video_type&quot;:&quot;youtube&quot;,&quot;controls&quot;:&quot;yes&quot;}\" data-widget_type=\"video.default\">\n\t\t\t\t<div class=\"elementor-widget-container\">\n\t\t\t<style>\/*! elementor - v3.23.0 - 05-08-2024 *\/\n.elementor-widget-video .elementor-widget-container{overflow:hidden;transform:translateZ(0)}.elementor-widget-video .elementor-wrapper{aspect-ratio:var(--video-aspect-ratio)}.elementor-widget-video .elementor-wrapper iframe,.elementor-widget-video .elementor-wrapper video{height:100%;width:100%;display:flex;border:none;background-color:#000}@supports not (aspect-ratio:1\/1){.elementor-widget-video .elementor-wrapper{position:relative;overflow:hidden;height:0;padding-bottom:calc(100% \/ var(--video-aspect-ratio))}.elementor-widget-video .elementor-wrapper iframe,.elementor-widget-video .elementor-wrapper video{position:absolute;top:0;right:0;bottom:0;left:0}}.elementor-widget-video .elementor-open-inline .elementor-custom-embed-image-overlay{position:absolute;top:0;right:0;bottom:0;left:0;background-size:cover;background-position:50%}.elementor-widget-video .elementor-custom-embed-image-overlay{cursor:pointer;text-align:center}.elementor-widget-video .elementor-custom-embed-image-overlay:hover .elementor-custom-embed-play i{opacity:1}.elementor-widget-video .elementor-custom-embed-image-overlay img{display:block;width:100%;aspect-ratio:var(--video-aspect-ratio);-o-object-fit:cover;object-fit:cover;-o-object-position:center center;object-position:center center}@supports not (aspect-ratio:1\/1){.elementor-widget-video .elementor-custom-embed-image-overlay{position:relative;overflow:hidden;height:0;padding-bottom:calc(100% \/ var(--video-aspect-ratio))}.elementor-widget-video .elementor-custom-embed-image-overlay img{position:absolute;top:0;right:0;bottom:0;left:0}}.elementor-widget-video .e-hosted-video .elementor-video{-o-object-fit:cover;object-fit:cover}.e-con-inner>.elementor-widget-video,.e-con>.elementor-widget-video{width:var(--container-widget-width);--flex-grow:var(--container-widget-flex-grow)}<\/style>\t\t<div class=\"elementor-wrapper elementor-open-inline\">\n\t\t\t<div class=\"elementor-video\"><\/div>\t\t<\/div>\n\t\t\t\t<\/div>\n\t\t\t\t<\/div>\n\t\t\t\t\t<\/div>\n\t\t<\/div>\n\t\t\t\t\t<\/div>\n\t\t<\/section>\n\t\t\t\t<\/div>\n\t\t","protected":false},"excerpt":{"rendered":"<p>Benoit Bemelmens \u00cdndice 1 &#8211; Media\u00e7\u00e3o da M\u00e3e&nbsp; de&nbsp;Jesus nas bodas de Can\u00e12 &#8211; A Medalha Milagrosa3 &#8211; A primeira apari\u00e7\u00e3o4 &#8211; A revela\u00e7\u00e3o da Medalha5 &#8211; A \u00faltima apari\u00e7\u00e3o6 &#8211; A vida de Catarina na propriedade7 &#8211; A voca\u00e7\u00e3o de Catarina8 &#8211; A longa espera9 &#8211; As primeiras Medalhas10-Os primeiros milagres Media\u00e7\u00e3o da M\u00e3e de Jesus nas bodas de Can\u00e1 Celebraram-se umas bodas em Can\u00e1 da Galil\u00e9ia, e encontrava-se l\u00e1 a M\u00e3e de Jesus. Foi tamb\u00e9m convidado Jesus com seus disc\u00edpulos para as bodas. E faltando vinho, a M\u00e3e de Jesus disse-lhe: N\u00e3o tem vinho. E Jesus disse-lhe: Mulher,&#8230;<\/p>\n","protected":false},"author":1,"featured_media":0,"comment_status":"open","ping_status":"open","sticky":false,"template":"","format":"standard","meta":{"jetpack_post_was_ever_published":false,"_jetpack_newsletter_access":"","_jetpack_dont_email_post_to_subs":false,"_jetpack_newsletter_tier_id":0,"footnotes":""},"categories":[1],"tags":[],"jetpack_sharing_enabled":true,"jetpack_featured_media_url":"","_links":{"self":[{"href":"https:\/\/ligadosantorosario.com\/index.php?rest_route=\/wp\/v2\/posts\/3286"}],"collection":[{"href":"https:\/\/ligadosantorosario.com\/index.php?rest_route=\/wp\/v2\/posts"}],"about":[{"href":"https:\/\/ligadosantorosario.com\/index.php?rest_route=\/wp\/v2\/types\/post"}],"author":[{"embeddable":true,"href":"https:\/\/ligadosantorosario.com\/index.php?rest_route=\/wp\/v2\/users\/1"}],"replies":[{"embeddable":true,"href":"https:\/\/ligadosantorosario.com\/index.php?rest_route=%2Fwp%2Fv2%2Fcomments&post=3286"}],"version-history":[{"count":61,"href":"https:\/\/ligadosantorosario.com\/index.php?rest_route=\/wp\/v2\/posts\/3286\/revisions"}],"predecessor-version":[{"id":11383,"href":"https:\/\/ligadosantorosario.com\/index.php?rest_route=\/wp\/v2\/posts\/3286\/revisions\/11383"}],"wp:attachment":[{"href":"https:\/\/ligadosantorosario.com\/index.php?rest_route=%2Fwp%2Fv2%2Fmedia&parent=3286"}],"wp:term":[{"taxonomy":"category","embeddable":true,"href":"https:\/\/ligadosantorosario.com\/index.php?rest_route=%2Fwp%2Fv2%2Fcategories&post=3286"},{"taxonomy":"post_tag","embeddable":true,"href":"https:\/\/ligadosantorosario.com\/index.php?rest_route=%2Fwp%2Fv2%2Ftags&post=3286"}],"curies":[{"name":"wp","href":"https:\/\/api.w.org\/{rel}","templated":true}]}}