{"id":3535,"date":"2023-12-09T18:00:03","date_gmt":"2023-12-09T18:00:03","guid":{"rendered":"https:\/\/ligadosantorosario.com\/?p=3535"},"modified":"2025-12-15T20:23:09","modified_gmt":"2025-12-15T20:23:09","slug":"alegrias-de-natal-nos-bons-velhos-tempos-2","status":"publish","type":"post","link":"https:\/\/ligadosantorosario.com\/?p=3535","title":{"rendered":"Como era o Natal no in\u00edcio do s\u00e9c. XX na S\u00e3o Paulinho?"},"content":{"rendered":"\t\t<div data-elementor-type=\"wp-post\" data-elementor-id=\"3535\" class=\"elementor elementor-3535\" data-elementor-post-type=\"post\">\n\t\t\t\t\t\t<section class=\"elementor-section elementor-top-section elementor-element elementor-element-8cdbcb4 elementor-section-boxed elementor-section-height-default elementor-section-height-default\" data-id=\"8cdbcb4\" data-element_type=\"section\">\n\t\t\t\t\t\t<div class=\"elementor-container elementor-column-gap-default\">\n\t\t\t\t\t<div class=\"elementor-column elementor-col-100 elementor-top-column elementor-element elementor-element-3c6304c\" data-id=\"3c6304c\" data-element_type=\"column\">\n\t\t\t<div class=\"elementor-widget-wrap elementor-element-populated\">\n\t\t\t\t\t\t<div class=\"elementor-element elementor-element-267e93b elementor-widget elementor-widget-text-editor\" data-id=\"267e93b\" data-element_type=\"widget\" data-widget_type=\"text-editor.default\">\n\t\t\t\t<div class=\"elementor-widget-container\">\n\t\t\t<style>\/*! elementor - v3.23.0 - 05-08-2024 *\/\n.elementor-widget-text-editor.elementor-drop-cap-view-stacked .elementor-drop-cap{background-color:#69727d;color:#fff}.elementor-widget-text-editor.elementor-drop-cap-view-framed .elementor-drop-cap{color:#69727d;border:3px solid;background-color:transparent}.elementor-widget-text-editor:not(.elementor-drop-cap-view-default) .elementor-drop-cap{margin-top:8px}.elementor-widget-text-editor:not(.elementor-drop-cap-view-default) .elementor-drop-cap-letter{width:1em;height:1em}.elementor-widget-text-editor .elementor-drop-cap{float:left;text-align:center;line-height:1;font-size:50px}.elementor-widget-text-editor .elementor-drop-cap-letter{display:inline-block}<\/style>\t\t\t\t<h4>Aten\u00e7\u00e3o : Leia o texto a seguir ouvindo a m\u00fasica de natal\u2026 Regule o som colocando na altura de sua preferencia.<\/h4>\t\t\t\t\t\t<\/div>\n\t\t\t\t<\/div>\n\t\t\t\t\t<\/div>\n\t\t<\/div>\n\t\t\t\t\t<\/div>\n\t\t<\/section>\n\t\t\t\t<section class=\"elementor-section elementor-top-section elementor-element elementor-element-5833a3a elementor-section-boxed elementor-section-height-default elementor-section-height-default\" data-id=\"5833a3a\" data-element_type=\"section\">\n\t\t\t\t\t\t<div class=\"elementor-container elementor-column-gap-default\">\n\t\t\t\t\t<div class=\"elementor-column elementor-col-100 elementor-top-column elementor-element elementor-element-ace281e\" data-id=\"ace281e\" data-element_type=\"column\">\n\t\t\t<div class=\"elementor-widget-wrap elementor-element-populated\">\n\t\t\t\t\t\t<div class=\"elementor-element elementor-element-eac3604 elementor-widget elementor-widget-wp-widget-media_audio\" data-id=\"eac3604\" data-element_type=\"widget\" data-widget_type=\"wp-widget-media_audio.default\">\n\t\t\t\t<div class=\"elementor-widget-container\">\n\t\t\t<!--[if lt IE 9]><script>document.createElement('audio');<\/script><![endif]-->\n<audio class=\"wp-audio-shortcode\" id=\"audio-3535-1\" preload=\"none\" style=\"width: 100%;\" controls=\"controls\"><source type=\"audio\/mpeg\" src=\"https:\/\/ligadosantorosario.com\/wp-content\/uploads\/01-Stille-Nacht-Heilige-Nacht.mp3?_=1\" \/><source type=\"audio\/mpeg\" src=\"http:\/\/ligadosantorosario.com\/wp-content\/uploads\/01-Stille-Nacht-Heilige-Nacht.mp3?_=1\" \/><a href=\"https:\/\/ligadosantorosario.com\/wp-content\/uploads\/01-Stille-Nacht-Heilige-Nacht.mp3\">https:\/\/ligadosantorosario.com\/wp-content\/uploads\/01-Stille-Nacht-Heilige-Nacht.mp3<\/a><\/audio>\t\t<\/div>\n\t\t\t\t<\/div>\n\t\t\t\t<div class=\"elementor-element elementor-element-0045e39 elementor-widget elementor-widget-text-editor\" data-id=\"0045e39\" data-element_type=\"widget\" data-widget_type=\"text-editor.default\">\n\t\t\t\t<div class=\"elementor-widget-container\">\n\t\t\t\t\t\t\t<h2><img fetchpriority=\"high\" decoding=\"async\" class=\"wp-image-3537 size-full alignnone\" src=\"http:\/\/ligadosantorosario.com\/wp-content\/uploads\/Capa-Natal-1-1024x694-1.webp\" alt=\"\" width=\"701\" height=\"475\" srcset=\"https:\/\/ligadosantorosario.com\/wp-content\/uploads\/Capa-Natal-1-1024x694-1.webp 701w, https:\/\/ligadosantorosario.com\/wp-content\/uploads\/Capa-Natal-1-1024x694-1-300x203.webp 300w\" sizes=\"(max-width: 701px) 100vw, 701px\" \/><\/h2><h3><b>\u00a0<\/b><b style=\"color: inherit; font-family: inherit; font-size: 1.75rem;\">NATAL &#8230;<\/b><\/h3><p>A fim de estimular nossos leitores a celebrar com a devida eleva\u00e7\u00e3o de vistas o nascimento do Menino-Deus, Catolicismo lhes oferece, como mat\u00e9ria de medita\u00e7\u00e3o, belas considera\u00e7\u00f5es feitas pelo Prof. Plinio Corr\u00eaa de Oliveira a respeito dessa data magna. Elas lhes far\u00e3o sentir as alegrias de que se cercavam e os perfumes que penetravam todos os ambientes da civiliza\u00e7\u00e3o crist\u00e3 no per\u00edodo natalino \u2014 o oposto do mundo neopag\u00e3o no qual vivemos. Esquecendo-se do principal, que \u00e9 a gl\u00f3ria de Deus, procura-se extinguir em nossos dias, como se poss\u00edvel fosse, a Luz que veio ao mundo, reduzindo cada vez mais a figura do Menino Jesus e transformando o Natal em mera troca de presentes e frenesi comercial. Ou, pior ainda, rebaixando-o \u00e0 trivial condi\u00e7\u00e3o de \u201cferiad\u00e3o\u201d.<\/p><p>Plinio Corr\u00eaa de Oliveira descreve o ambiente natalino e as gra\u00e7as pr\u00f3prias a esse aben\u00e7oado dia em seu tempo de menino. S\u00e3o considera\u00e7\u00f5es de molde a despertar em n\u00f3s, n\u00e3o apenas uma reconfortante recorda\u00e7\u00e3o, mas sobretudo uma admira\u00e7\u00e3o aut\u00eantica pelas \u00e9pocas de f\u00e9, e um desejo cada vez mais ardente da restaura\u00e7\u00e3o completa da Cristandade. Ent\u00e3o as gra\u00e7as natalinas voltar\u00e3o a impregnar todos os povos redimidos por Aquele que veio ao mundo e derramou seu precios\u00edssimo sangue para a nossa Reden\u00e7\u00e3o.<\/p><p>O texto que segue corresponde a excertos de uma confer\u00eancia do Prof. Plinio para s\u00f3cios e cooperadores da TFP em 21 de dezembro de 1984, tendo sido feitas pela reda\u00e7\u00e3o apenas pequenas adapta\u00e7\u00f5es da linguagem falada para a escrita e inseridos subt\u00edtulos.<\/p><p><strong>\u00a0 \u00a0 \u00a0 \u00a0A Dire\u00e7\u00e3o de Catolicismo<\/strong><\/p><p><img decoding=\"async\" class=\"alignnone wp-image-3538 size-full\" src=\"http:\/\/ligadosantorosario.com\/wp-content\/uploads\/Capa-Natal-2.webp\" alt=\"\" width=\"620\" height=\"330\" srcset=\"https:\/\/ligadosantorosario.com\/wp-content\/uploads\/Capa-Natal-2.webp 620w, https:\/\/ligadosantorosario.com\/wp-content\/uploads\/Capa-Natal-2-300x160.webp 300w\" sizes=\"(max-width: 620px) 100vw, 620px\" \/><\/p><p><strong>\u201cNo meu tempo de menino\u2026<\/strong><br \/>\u2026a noite de Natal era um hiato luminoso, cheio de algo que n\u00e3o se consegue descrever, mas que todos sentiam: era aquela suavidade, aquela paz, aquela do\u00e7ura que dava a impress\u00e3o de que todo o c\u00e9u estrelado da noite estava como que impregnando a Terra de perfumes\u201d.<\/p><p><strong>Plinio Corr\u00eaa de Oliveira<\/strong><\/p><p>A festa do Santo Natal, assim como a festa de P\u00e1scoa, t\u00eam especialmente este privil\u00e9gio: elas interrompem o tempo. Pode algu\u00e9m estar na situa\u00e7\u00e3o aflitiva em que estiver, chega o Natal e se abre um pared\u00e3o: desgra\u00e7as e l\u00e1grimas de um lado, e de outro bimbalham os sinos; o Natal come\u00e7ou; Cristo nasceu; alegria para todos os homens!<\/p><p>Uma alegria que n\u00e3o \u00e9 a alegria vulgar do homem que fez um bom neg\u00f3cio; do homem que deu uma tacada pol\u00edtica e venceu; do homem que se envaideceu e no qual os outros acreditaram; do homem que ganhou uma loteria\u2026 N\u00e3o! \u00c9 uma alegria muito mais interna, muito mais leve, uma alegria feita de luz, enquanto as outras s\u00e3o feitas de coisas palp\u00e1veis e de segunda ordem. Uma alegria toda ela feita de luz e de uma luz que \u00e9 o lumen Christi \u2014 a luz de Nosso Senhor Jesus Cristo que brilhou uma vez na Terra, na noite de Natal, e nunca mais, de ano em ano, deixou de brilhar, trazendo uma verdadeira alegria e uma verdadeira paz de alma at\u00e9 para as pessoas mais atormentadas.<\/p><p><img decoding=\"async\" class=\"wp-image-3539 size-full\" src=\"http:\/\/ligadosantorosario.com\/wp-content\/uploads\/Capa-Natal-3.webp\" alt=\"\" width=\"420\" height=\"213\" srcset=\"https:\/\/ligadosantorosario.com\/wp-content\/uploads\/Capa-Natal-3.webp 420w, https:\/\/ligadosantorosario.com\/wp-content\/uploads\/Capa-Natal-3-300x152.webp 300w\" sizes=\"(max-width: 420px) 100vw, 420px\" \/><\/p><p>Os m\u00e1rtires na catacumba \u2013 Jules Eug\u00e8ne Lenepveu, 1855. Mus\u00e9e d\u00b4Orsay, Paris.<\/p><p><strong>\u201cSangue de Cristo, embriaga-me!\u201d<\/strong><\/p><p>Na noite de Natal, gosto de lembrar o que teria sido o Natal nas catacumbas. A catacumba de S\u00e3o Calixto, em Roma, \u00e9 terr\u00edvel. Eu nunca pensei que fosse o que \u00e9: corredores estreitos, altos, tem-se a impress\u00e3o de que as duas paredes v\u00e3o se encontrar no alto. Terra por todos os lados e sepulturas. De repente, uma clareira filtrava de cima um pouquinho de luz e via-se uma sala quadrangular com algumas pinturas, j\u00e1 muito velhas, feitas n\u00e3o sei com que t\u00e9cnica, diretamente sobre a terra. Elas representam de um modo ing\u00eanuo cenas do Evangelho. Percebo um altarzinho\u2026 E o guia explicou: \u201cEsta era uma capela, aqui se rezava missa!\u201d<\/p><p>As sepulturas eram de m\u00e1rtires. Terminado para os pag\u00e3os o \u201cespet\u00e1culo\u201d de um mart\u00edrio, o povo se retirava. Quando anoitecia, cat\u00f3licos heroicos \u2014 candidatos eles mesmos ao mart\u00edrio, porque se fossem pegos seriam martirizados \u2014 arrastavam-se nas trevas da noite at\u00e9 o Circo M\u00e1ximo, ou at\u00e9 o Coliseu, para resgatar aqueles restos de corpos trucidados pelas feras. Depois, passo a passo, talvez rastejando pelo ch\u00e3o, chegavam escondidos at\u00e9 \u00e0 entrada da catacumba, que era um orif\u00edcio no ch\u00e3o. Eles se esgueiravam, chegavam no subterr\u00e2neo.<\/p><p>Imediatamente, do fundo da terra ecoava um c\u00e2ntico de triunfo pelo irm\u00e3o que padeceu e agora est\u00e1 no C\u00e9u. Os corpos deles eram gloriosamente trazidos para dentro da catacumba, corpos de m\u00e1rtires que morreram por amor a Nosso Senhor Jesus Cristo.<\/p><p>Havia m\u00e1rtires que morriam na alegria de enfrentar as feras. Eles iam de encontro a elas; triturados, morriam na alegria com a esperan\u00e7a da salva\u00e7\u00e3o eterna no C\u00e9u.<\/p><p>Quando se canta o Anima Christi, h\u00e1 uma das invoca\u00e7\u00f5es que diz: Sanguis Christi inebria-me! (Sangue de Cristo embriaga-me!). Pode-se perguntar o que quer dizer \u201cSangue de Cristo embriaga-me\u201d O que \u00e9 esta embriaguez do Sangue infinitamente precioso de Nosso Senhor Jesus Cristo?<\/p><p>Pode-se responder com um exemplo: um m\u00e1rtir que comungou o Corpo e o Sangue de Nosso Senhor, embriagando-se da alegria e da gra\u00e7a do Esp\u00edrito Santo, est\u00e1 como que \u00e9brio. Diante do perigo e da dor ele n\u00e3o tem medo. Pelo contr\u00e1rio, a alegria sobrenatural que o enche \u00e9 tal que, se lhe dissessem que a fera n\u00e3o vem, ele poderia ficar desapontad\u00edssimo! Para ele, a boca do tigre \u00e9 ocasi\u00e3o de entrar na eternidade no C\u00e9u! E as presas do animal s\u00e3o para ele as presas benfazejas que v\u00e3o romper os la\u00e7os que o prendem \u00e0 Terra, para que a sua alma possa voar e ver Nosso Senhor Jesus Cristo!<\/p><p>H\u00e1 momentos em que a gra\u00e7a produz este efeito. Ent\u00e3o se compreende bem a jaculat\u00f3ria sublime: Sanguis Christi inebria-me! Quantas vezes vemos sinais dessa ebriedade casta e temperante do Sangue de Cristo?<\/p><p><strong>Natal: alegria cheia de asas, cheia de brilho<\/strong><\/p><p><img loading=\"lazy\" decoding=\"async\" class=\"alignright wp-image-3540 size-full\" src=\"http:\/\/ligadosantorosario.com\/wp-content\/uploads\/Capa-Natal-4-230x300-1.webp\" alt=\"\" width=\"230\" height=\"300\" \/>A vida de um cat\u00f3lico aut\u00eantico pode ser dif\u00edcil, uma vida de batalha, uma vida de ren\u00fancia e de sacrif\u00edcio. N\u00e3o h\u00e1 quem seja mais isolado, mais bloqueado, mais odiado do que um verdadeiro cat\u00f3lico contra-revolucion\u00e1rio neste mundo de neopaganismo.<\/p><p>Entretanto, como estamos alegres! Como nos enche de alegria a perspectiva do Santo Natal! Acontecimento que desfechou na maior das trag\u00e9dias da Hist\u00f3ria: a Crucifix\u00e3o. Para pessoas mundanas esta considera\u00e7\u00e3o poderia ser tachada de loucura. Entretanto, \u00e9 a casta embriaguez do Sangue de Nosso Senhor Jesus Cristo! Porque recebemos a gra\u00e7a no Batismo, porque muitas vezes confessamos e comungamos, porque rezamos, porque nossas almas se tornaram sens\u00edveis a estas alegrias de uma categoria inteiramente superior, perto das quais as alegrias da Terra n\u00e3o valem absolutamente nada. Natal! Todos nos preparamos para a alegria do Santo Natal. Que maravilha!<\/p><p>Essa alegria tira o homem de dentro de si mesmo e difunde uma atmosfera. Alegria, por assim dizer, cheia de asas, cheia de brilho.<\/p><p>Os mais jovens n\u00e3o alcan\u00e7aram o que era verdadeiramente uma noite de Natal. Quais eram as impress\u00f5es da noite do Natal de outrora? \u2014 Lembro-me dos tempos em que Natal ainda era Natal\u2026 Assim, n\u00e3o seria descabido descrever um pouquinho dessas recorda\u00e7\u00f5es e tentar fazer reviver aquilo que, numa grande cidade de hoje, t\u00e3o rica e t\u00e3o pobre, quase n\u00e3o se percebe mais.<\/p><p><strong>Natal na \u201cS\u00e3o Paulinho\u201d dos anos 20<\/strong><\/p><p>Como era um Natal de 1920? Como era o Natal dos \u00faltimos anos da minha inf\u00e2ncia? Que impress\u00f5es causavam?<\/p><p>Alguns poder\u00e3o dizer que se trata de imagina\u00e7\u00e3o a descri\u00e7\u00e3o que eu vou fazer. Responderia que n\u00e3o tenho nenhuma prova de que n\u00e3o seja imagina\u00e7\u00e3o, mas \u00e9 do que me recordo. Tenho a convic\u00e7\u00e3o interna de que n\u00e3o era imagina\u00e7\u00e3o, mas era a gra\u00e7a. A gra\u00e7a que era concedida a mim, mas era dada a todas as crian\u00e7as do tempo que eu conheci. Era uma gra\u00e7a generalizada!<\/p><p>As crian\u00e7as, alguns dias antes do Natal j\u00e1 se sentiam invadidas por uma expectativa, por uma alegria que era muito curiosa, porque vinha sem d\u00favida da esperan\u00e7a das festas que se realizariam. A perspectiva da festa, no que ela tinha de humano e de terreno, essa perspectiva desempenhava um papel na alegria da crian\u00e7a.<\/p><p>A crian\u00e7a sabia que tinha pedido a S\u00e3o Nicolau \u2014 o santo bispo af\u00e1vel que vinha \u00e0 noite, enquanto as crian\u00e7as dormiam, e colocava caixas de presentes junto a elas \u2014 presentes grandes nos lares abastados; caixinhas de presentes, afetuosas e pequenas, nos lares modestos; talvez uma florzinha, talvez uma bala, nos lares pobres. Mas em todo lar onde houvesse uma m\u00e3e, havia presentes. Ou num lar onde houvesse um pai sol\u00edcito, alguma coisinha havia para colocar junto \u00e0 cama do filho. E para a crian\u00e7a isto era uma maravilha, que ela esperava com alguns dias de anteced\u00eancia.<\/p><p><strong>Alegria sobrenatural da alma limpa<\/strong><\/p><p>Essa alegria que eu sentia invadia minha casa alguns dias antes do Natal. A fr\u00e4ulein Mathilde [governanta da fam\u00edlia] fazia conosco um armist\u00edcio nos estudos de matem\u00e1tica, de geografia e de l\u00ednguas. T\u00ednhamos assim dias agrad\u00e1veis na perspectiva do nascimento do Menino-Deus. Podia-se ent\u00e3o passear um pouco, correr pelo jardim, brincar. Eram alegrias pr\u00f3prias \u00e0 inoc\u00eancia da inf\u00e2ncia, na espera do Natal que se aproximava. Esta alegria era motivada por alguma coisa mais alta e que j\u00e1 era um pren\u00fancio da alegria estritamente religiosa e definidamente religiosa do Natal que chegava. Algo de especial come\u00e7ava a nos encher a alma.<\/p><p>Nesses dias, todas as crian\u00e7as ficavam melhores. As que mentiam, mentiam menos; as que n\u00e3o mentiam, censuravam alguma crian\u00e7a que mentisse; as que vagabundeavam ou que sofismavam, ou chicanavam com os hor\u00e1rios da casa, eram mais pontuais. Todo o mundo come\u00e7ava a sentir mais limpeza dentro da alma. E a alegria de ter a alma limpa \u00e9 uma alegria que n\u00e3o tem igual na vida. Esta \u00e9 a alegria, por exemplo, de quem se confessa e de quem sai do confession\u00e1rio com a certeza de que foi perdoado.<\/p><p>H\u00e1 certas alegrias da confiss\u00e3o que n\u00e3o se comparam com nada. Todos os senhores, uma vez ou outra, sentiram isso. Foram se confessar, \u00e0s vezes era um mero escr\u00fapulo que estava atormentando a alma. A crian\u00e7a sai do confession\u00e1rio alegre, sentindo-se feliz. \u00c9 a alegria sobrenatural da alma limpa. Enquanto estou falando, vejo v\u00e1rios dos senhores que sorriem, porque se lembram disso e t\u00eam saudades desta \u201calegria de confession\u00e1rio\u201d.<\/p><p>Era um pouquinho assim a alegria de Natal nos dias que se antecipavam ao dia 25 de dezembro. Sem que se tivesse confessado, havia uma ideia de um princ\u00edpio de pureza, de limpidez, de honestidade, de bondade, de candura descida sobre a Terra, que alterava as almas de todos os homens. As pessoas come\u00e7avam a ser mais ben\u00e9volas umas com as outras, fazendo pequenos favores rec\u00edprocos. As crian\u00e7as ego\u00edstas emprestavam de bom grado os seus brinquedos, as crian\u00e7as birrentas faziam pequenos favores. E imaginava-se que no mundo dos mais velhos isso era assim tamb\u00e9m. E havia raz\u00e3o para imaginar isso.<\/p><p>Os mais velhos sabiam que esse j\u00e1 n\u00e3o era o mundo deles, j\u00e1 n\u00e3o est\u00e1vamos na \u00e9poca de esplendor da Religi\u00e3o cat\u00f3lica, mas eles sabiam que esse era o mundo em que n\u00f3s crian\u00e7as est\u00e1vamos, e quando se aproximavam de n\u00f3s, aproximavam-se como que desejando ver nos nossos olhos a recorda\u00e7\u00e3o do que foram os Natais deles. O que me levava a achar que eles estavam impregnados da mesma alegria natal\u00edcia, pois era s\u00f3 chegar perto que eles cumprimentavam: \u201c\u00d3, como vai?\u201d E mais am\u00e1veis, mais af\u00e1veis, e cedendo a pequenos caprichos de crian\u00e7a, etc. Imaginava ent\u00e3o que eles estavam tomados pela mesma alegria de Natal.<\/p><p><strong>Participa\u00e7\u00e3o na alegria geral na \u00e9poca de Natal<\/strong><\/p><p><img loading=\"lazy\" decoding=\"async\" class=\"wp-image-3541 size-full aligncenter\" src=\"http:\/\/ligadosantorosario.com\/wp-content\/uploads\/Capa-Natal-5-300x199-1.webp\" alt=\"\" width=\"253\" height=\"168\" \/>Propaganda de brinquedos de Natal da \u201cCasa Fuchs\u201d<\/p><p>Nas v\u00e9speras do Natal, \u00e9ramos levados para ver os brinquedos nas casas que tinham exposi\u00e7\u00e3o das pe\u00e7as. Naquela \u00e9poca, lembro-me que, em geral, eram casas alem\u00e3s e inglesas. Havia em S\u00e3o Paulo a \u201cCasa Fuchs\u201d [foto ao lado], a \u201cCasa Grumlach\u201d. Havia uma casa portuguesa \u2014 a \u201cCasa Lebre\u201d \u2014 e outras, como a \u201cCasa Mappin\u201d [foto abaixo]. Nesta \u00faltima, minha m\u00e3e e a fr\u00e4ulein iam conosco. Como o Natal se aproximava, \u00edamos com roupa de gala, todos enfeitados. E quando sa\u00edamos para ver os presentes, admir\u00e1vamos este presente, aquele, aquele outro\u2026 Mam\u00e3e ficava prestando aten\u00e7\u00e3o e vendo o que cada um queria. E o presente preferido era, \u201cpor coincid\u00eancia\u201d, aquele que S\u00e3o Nicolau levava\u2026 Maravilh\u00e1vamo-nos com a coincid\u00eancia: \u201cVeja como S\u00e3o Nicolau sabe de todas as coisas\u2026\u201d<\/p><p>Para mim, sens\u00edvel \u00e0 gastronomia desde muito cedo, uma das partes culminantes da prepara\u00e7\u00e3odo Natal era quando, depois do circuito para ver presentes, \u00edamos tomar um lanche no sal\u00e3o de ch\u00e1 da \u201cCasa Mappin\u201d. Ch\u00e1, sandu\u00edches, torradas, chocolate\u2026 Eu me regalava! Tinha a impress\u00e3o de que a alegria do meu corpo em contato com aqueles ventos que sopravam era meio parecida com a alegria de minha alma em contato com as gra\u00e7as do Natal que se aproximava. Eu pensava: \u201c\u00c9 bem verdade, o Natal de Nosso Senhor Jesus Cristo est\u00e1 chegando. Daqui a pouco se comemorar\u00e1 que Ele nasceu numa manjedoura, nasceu da Virgem Maria, sob o olhar de S\u00e3o Jos\u00e9. Oh, que beleza! Vamos depressa, pois Ele est\u00e1 para chegar!\u201d.<\/p><p><img loading=\"lazy\" decoding=\"async\" class=\"size-full wp-image-3542\" src=\"http:\/\/ligadosantorosario.com\/wp-content\/uploads\/Capa-Natal-6-300x215-1.webp\" alt=\"\" width=\"300\" height=\"215\" \/><\/p><div data-wp-editing=\"1\"><p>Pr\u00e9dio da antiga \u201cCasa Mappin\u201d na Pra\u00e7a do Patriarca<\/p><p>Esta alegria se percebia em todas as m\u00e3es que levavam crian\u00e7as de um lado para outro do centro da cidade. Em S\u00e3o Paulo, no centro andavam todas as crian\u00e7as, alegres e satisfeitas. Algumas j\u00e1 levando presentes, dando risadas, conversando. As m\u00e3es, quando passava uma crian\u00e7a mais vistosa, mais engra\u00e7ada, piscavam para a m\u00e3e daquela como que a dizer: \u201cMas que engra\u00e7adinha, etc.\u201d A m\u00e3e ficava toda satisfeita\u2026 Era uma participa\u00e7\u00e3o da alegria geral.<\/p><p><strong>Os preparativos, a \u00e1rvore de Natal e a \u201cMissa do Galo\u201d<\/strong><\/p><p><img loading=\"lazy\" decoding=\"async\" class=\"size-full wp-image-3543 alignleft\" src=\"http:\/\/ligadosantorosario.com\/wp-content\/uploads\/Capa-Natal-7-252x300-1.webp\" alt=\"\" width=\"252\" height=\"300\" \/>Voltava-se para casa e come\u00e7avam os mist\u00e9rios\u2026 Numa sala determinada, n\u00e3o se podia entrar. Era a \u00e1rvore de Natal que estava sendo preparada. Cada ano com alguma novidade. Eram os enfeites de Natal das \u00e1rvores anteriores, mas com alguma novidade: alguns enfeites diferentes; uma estrela muito grande e muito bonita; um anjo de papel colado num c\u00edrculo dourado; enfim, diversos enfeites para a \u00e1rvore de Natal. \u00c0s vezes, de esguelha, ouvia-se alguma coisa a respeito da \u00e1rvore e ia-se contar para os outros: \u201cOlha tem tal novidade\u2026\u201d E assim corriam os dias at\u00e9 a chegar a noite de Natal, a \u201cMissa do Galo\u201d.<\/p><p>Mor\u00e1vamos perto da igreja do Sagrado Cora\u00e7\u00e3o de Jesus e \u00edamos a p\u00e9 para a Missa. Todas as casas estavam abertas, todas as luzes acesas, todas as janelas e portas tamb\u00e9m abertas. E quando caminh\u00e1vamos, perceb\u00edamos \u2014 tanto em casas modestas como em casas apalaciadas \u2014 uma \u00e1rvore de Natal maior ou menor, acesa, e no interior das resid\u00eancias algum gramofone tocando roufenhamente umas m\u00fasicas de Natal. Perceb\u00edamos a alegria da fam\u00edlia: todos estavam acabando de se aprontar para sair, ficava apenas um criado ou outro tomando conta da casa. As fam\u00edlias come\u00e7avam a sair e os sinos a tocar, avisando que n\u00e3o tardaria muito o in\u00edcio da Missa.<\/p><p>Chegava-se \u00e0 igreja e estava iluminada \u2014 para a \u00f3tica da crian\u00e7a, iluminada feericamente. O altar todo cheio de flores, uma manjedoura e o Menino Jesus deitado. E quando batia a meia-noite, o padre entrava e come\u00e7ava a Missa. Era um recolhimento impressionante! Uma esp\u00e9cie de contradi\u00e7\u00e3o: um recolhimento e uma explos\u00e3o ao mesmo tempo. Uma explos\u00e3o de recolhimento, um recolhimento explosivo, algo nesse sentido, que enchia literalmente a alma de alegria.<\/p><p>Assistia-se \u00e0 Missa e, quando j\u00e1 se tinha idade, comungava-se. A comunh\u00e3o era o \u00e1pice. Recolhimento, a ideia de que Nosso Senhor Jesus Cristo tinha nascido em Bel\u00e9m numa noite daquelas e estava agora realmente presente em n\u00f3s. Faziam-se os pedidos\u2026 Mas, sobretudo, uma sensa\u00e7\u00e3o de intimidade. Eu tinha uma estampa do Sagrado Cora\u00e7\u00e3o de Jesus que representava Nosso Senhor segurando um menino de cabelos pretos cacheados, e embaixo havia uma ora\u00e7\u00e3o mais ou menos assim: \u201c\u00d3 Bom Jesus, tende piedade de mim!\u201d Eu rezava pensando: \u201cEspiritualmente, Nosso Senhor est\u00e1 fazendo isto comigo nesta hora. Eu pe\u00e7o a Ele: \u2018\u00d3 bom Jesus, tende piedade de mim!\u2019\u201d.<\/p><p><strong>\u201cSer\u00e1 que S\u00e3o Nicolau acertou?\u201d<\/strong><\/p><p><img loading=\"lazy\" decoding=\"async\" class=\"size-full wp-image-3544 alignleft\" src=\"http:\/\/ligadosantorosario.com\/wp-content\/uploads\/Capa-Natal-8-199x300-1.webp\" alt=\"\" width=\"199\" height=\"300\" \/>Tinha-se a impress\u00e3o de que, celebrada a Missa, as gra\u00e7as de Natal se difundiam por todas as casas. E quando se retornava, elas j\u00e1 n\u00e3o eram bem as mesmas. Havia algo de religioso nelas, algo de sacral, de recolhido, que era uma verdadeira maravilha! Mas ao mesmo tempo uma enorme alegria! Come\u00e7avam os cumprimentos, os \u00f3sculos, as felicita\u00e7\u00f5es, etc.<\/p><p>Nem preciso falar dos carinhos e felicita\u00e7\u00f5es que recebia de minha m\u00e3e\u2026 Eu j\u00e1 chegava em casa contando com isso, que era um complemento da noite de Natal: a m\u00e3e cat\u00f3lica osculando um filho que ela desejaria que ficasse cat\u00f3lico tamb\u00e9m. Depois come\u00e7ava a festa de Natal, que terminava j\u00e1 com o sono pesado, mas sono delicioso. Como se sabia que S\u00e3o Nicolau viria durante a noite entregar o presente, t\u00ednhamos vontade de surpreend\u00ea-lo\u2026 Como ele era muito h\u00e1bil, isto nunca acontecia. Mas t\u00ednhamos esperan\u00e7a. E quando chegavam mais ou menos as quatro horas da manh\u00e3, sentia-se \u00e0s vezes sobre os p\u00e9s o peso da caixa de presentes.<\/p><p>E pens\u00e1vamos: \u201cSer\u00e1 que S\u00e3o Nicolau acertou?\u201d Eu n\u00e3o podia acender a luz do meu abat-jour para ver porque meus pais, que dormiam no quarto cont\u00edguo, notariam e me censurariam. Mas tamb\u00e9m pensava: \u201cComo \u00e9 gostoso sentir nos p\u00e9s o peso desse presente grande\u201d. E avaliava o valor e o prazer que o presente iria causar. Pouco depois o sono infantil dominava e a crian\u00e7a dormia. Mas mais tarde, a sofreguid\u00e3o de acordar fazia<\/p><p><img loading=\"lazy\" decoding=\"async\" class=\"size-full wp-image-3545 alignleft\" src=\"http:\/\/ligadosantorosario.com\/wp-content\/uploads\/Capa-Natal-9-195x300-1.webp\" alt=\"\" width=\"195\" height=\"300\" \/><\/p><p>\u00a0 com que a crian\u00e7a acordasse de novo e pensasse no presente.\u00a0Um pouco antes\u00a0de a criada chegar, para acordar com o caf\u00e9, eu j\u00e1 estava de p\u00e9, estra\u00e7alhando as fitas, os la\u00e7os, os barbantes\u2026 Se fosse poss\u00edvel, arrebentando a caixa para ver o presente que estava dentro, que era sempre muito bonito e que tinha visto e gostado na \u201cCasa Lebre\u201d, na \u201cCasa Grumbach\u201d ou na \u201cCasa Fuchs\u201d\u2026<\/p><p><strong>Um ex\u00e9rcito de soldadinhos de chumbo<\/strong><\/p><p>Lembro-me de um dos presentes de Natal que recebi: uma caixa grande de soldadinhos de chumbo. Eram soldadinhos franceses, entre estes os\u00a0meus bem-amados Drag\u00f5es de Cavalaria, um dos quais tocando trompete. Havia outras tropas e canh\u00f5es. Era a miniatura de um pequeno ex\u00e9rcito. N\u00e3o est\u00e1vamos ainda longe da Primeira Guerra Mundial e tudo isto para mim dizia muito. Falava-se de guerra e fui em toda minha vida muit\u00edssimo militarista. Sempre tive entusiasmo pela condi\u00e7\u00e3o militar.<\/p><p><img loading=\"lazy\" decoding=\"async\" class=\"wp-image-3546 size-medium alignright\" src=\"http:\/\/ligadosantorosario.com\/wp-content\/uploads\/Capa-Natal-10-204x300.webp\" alt=\"\" width=\"204\" height=\"300\" srcset=\"https:\/\/ligadosantorosario.com\/wp-content\/uploads\/Capa-Natal-10-204x300.webp 204w, https:\/\/ligadosantorosario.com\/wp-content\/uploads\/Capa-Natal-10.webp 620w\" sizes=\"(max-width: 204px) 100vw, 204px\" \/><\/p><p style=\"text-align: center;\">Assim, eu puxava aqueles soldadinhos para fora da caixa e ia constituindo paradas militares, ficava horas dispondo tropas e sonhando com batalhas. Foi um presente de Natal!<\/p><p style=\"text-align: center;\">O sono da noite de 25 para 26 era um sono pesado, gostoso, da consci\u00eancia tranquila, do Natal sagrado, sob cujo bafejo se dormia, sabendo que no dia seguinte ainda seria de recorda\u00e7\u00e3o do Natal. Ainda ir\u00edamos comer os \u00faltimos doces, beber os \u00faltimos ponches, brincar mais uma vez com os brinquedos at\u00e9 nos familiarizarmos com eles.<\/p><p><strong>Recorda\u00e7\u00e3o\u2026 esperan\u00e7a\u2026 certeza\u2026<\/strong><\/p><p>No meu tempo de menino, a noite de Natal era um hiato luminoso, cheio de algo que n\u00e3o se consegue descrever, mas que todos sentiam: era aquela suavidade, aquela paz, aquela do\u00e7ura que dava a impress\u00e3o de que todo o c\u00e9u estrelado da noite estava como que impregnando a Terra de perfumes. Os sinos tocavam, o som se espalhava e o j\u00fabilo impregnava at\u00e9 os jardins. Era uma alegria enorme que circundava todos os homens, porque Cristo nasceu, nasceu em Bel\u00e9m!<\/p><p>Creio que alguns dos mais velhos devem ter sentido essa atmosfera natalina. Receio que os mais jovens n\u00e3o tanto. Nos tempos atuais, as televis\u00f5es ligadas o dia inteiro, r\u00e1dios vociferando can\u00e7\u00f5es de Natal comercializadas, essas l\u00e2mpadas el\u00e9tricas laicas penduradas em torno de \u00e1rvores, em jardins de pr\u00e9dios de apartamentos\u2026 Nas igrejas, a missa n\u00e3o \u00e9 mais tradicional, com toda a tristeza da realidade p\u00f3s-conciliar.<\/p><p>O que resta de todo o ambiente do Natal de outrora? Resta uma recorda\u00e7\u00e3o. Resta muito mais do que uma recorda\u00e7\u00e3o, resta uma esperan\u00e7a! E foi para avivar esta esperan\u00e7a que eu teci essas considera\u00e7\u00f5es. Resta mais do que uma esperan\u00e7a, resta uma certeza! Esta certeza \u00e9 ligada a uma promessa divina: \u201cAs portas do Inferno n\u00e3o prevalecer\u00e3o contra a Igreja!\u201d<\/p><p>Assim, um dia, depois de prova\u00e7\u00f5es, de lutas, acontecer\u00e1 que os verdadeiros Natais reflorescer\u00e3o na Terra. A alegria do Santo Natal de Nosso Senhor Jesus Cristo.<\/p><p>Aquelas antigas noites de Natal eram ainda os \u00faltimos luzimentos da Cristandade. N\u00f3s olhamos para o futuro e esperamos ver, ou do C\u00e9u ou na Terra, os natais que florescer\u00e3o no Reino de Maria \u2014 conforme anunciado por S\u00e3o Lu\u00eds Grignion de Montfort e na Cova da Iria, em F\u00e1tima. S\u00e3o promessas t\u00e3o celestes e t\u00e3o confortadoras: \u201cPor fim o meu Imaculado Cora\u00e7\u00e3o triunfar\u00e1\u201d. Quando o Imaculado Cora\u00e7\u00e3o de Maria triunfar, que gl\u00f3ria, que do\u00e7ura, que harmonia, que suavidade indescrit\u00edvel e \u00fanica ter\u00e3o as festas do Santo Natal de Nosso Senhor Jesus Cristo!<\/p><p><img loading=\"lazy\" decoding=\"async\" class=\"alignnone wp-image-3547 size-full\" src=\"http:\/\/ligadosantorosario.com\/wp-content\/uploads\/Capa-Natal-11-1024x723-1.webp\" alt=\"\" width=\"620\" height=\"437\" srcset=\"https:\/\/ligadosantorosario.com\/wp-content\/uploads\/Capa-Natal-11-1024x723-1.webp 620w, https:\/\/ligadosantorosario.com\/wp-content\/uploads\/Capa-Natal-11-1024x723-1-300x211.webp 300w\" sizes=\"(max-width: 620px) 100vw, 620px\" \/><\/p><p><strong>As comemora\u00e7\u00f5es natal\u00edcias da Sagrada Fam\u00edlia<\/strong><\/p><p>Encerro imaginando como seria o Natal na Sagrada Fam\u00edlia. \u00c9 poss\u00edvel que, nas noites de Natal, Nossa Senhora e S\u00e3o Jos\u00e9 celebrassem o anivers\u00e1rio do Menino Jesus. O dia \u00e9 t\u00e3o grandioso que, quando Nosso Senhor nasceu, os anjos cantaram: \u201cGl\u00f3ria a Deus no mais alto dos C\u00e9us e paz na Terra aos homens de boa vontade!\u201d \u00c9 imposs\u00edvel que Nossa Senhora e S\u00e3o Jos\u00e9 n\u00e3o festejassem esse t\u00e3o grande dia.<\/p><p>Podemos imaginar, por exemplo, Nosso Senhor com apenas dois anos deitado na sua caminha, e Nossa Senhora e S\u00e3o Jos\u00e9 aproximando-se \u00e0 meia-noite e adorando-O no sil\u00eancio, com receio de acord\u00e1-Lo. Em certo momento, Ele acorda, abre os olhos\u2026 Que olhar! Em forma de cruz, Ele abre os bra\u00e7os para ambos, que se aproximam e Lhe osculam os p\u00e9s. O Menino Jesus os abra\u00e7a e os beija. Era o Natal na casa de Nazar\u00e9, a qual se encontra hoje na cidade italiana de Loreto.<\/p><p>Pode-se imaginar que \u00e0 medida em que Nosso Senhor Jesus Cristo crescia em gra\u00e7a e santidade diante de Deus e dos homens, o Natal ia ficando mais belo. Imagine Ele adolescente, depois Ele j\u00e1 maduro, irradiando aquela perfei\u00e7\u00e3o cada vez mais sens\u00edvel aos homens e que deixava Nossa Senhora e S\u00e3o Jos\u00e9 cada vez mais encantados.<\/p><p>Como seriam essas comemora\u00e7\u00f5es? Os anjos n\u00e3o cantariam? N\u00e3o se ouviriam coisas extraordin\u00e1rias naquela santa casa? Todas as conjecturas s\u00e3o poss\u00edveis, cada uma delas mais bela do que a outra.<\/p><p>Pode-se imaginar o primeiro Natal depois da Ascens\u00e3o de Nosso Senhor ao C\u00e9u? Na Igreja ainda pequenina e nova, que nascia como uma plantinha, cada ano que passava o Natal se tornava mais belo, mais sagrado, mais recolhido, introduzia-se mais uma cerim\u00f4nia, mais um ritual, firmava-se uma tradi\u00e7\u00e3o\u2026<\/p><\/div>\t\t\t\t\t\t<\/div>\n\t\t\t\t<\/div>\n\t\t\t\t\t<\/div>\n\t\t<\/div>\n\t\t\t\t\t<\/div>\n\t\t<\/section>\n\t\t\t\t<\/div>\n\t\t","protected":false},"excerpt":{"rendered":"<p>Aten\u00e7\u00e3o : Leia o texto a seguir ouvindo a m\u00fasica de natal\u2026 Regule o som colocando na altura de sua preferencia. \u00a0NATAL &#8230; A fim de estimular nossos leitores a celebrar com a devida eleva\u00e7\u00e3o de vistas o nascimento do Menino-Deus, Catolicismo lhes oferece, como mat\u00e9ria de medita\u00e7\u00e3o, belas considera\u00e7\u00f5es feitas pelo Prof. Plinio Corr\u00eaa de Oliveira a respeito dessa data magna. Elas lhes far\u00e3o sentir as alegrias de que se cercavam e os perfumes que penetravam todos os ambientes da civiliza\u00e7\u00e3o crist\u00e3 no per\u00edodo natalino \u2014 o oposto do mundo neopag\u00e3o no qual vivemos. Esquecendo-se do principal, que \u00e9&#8230;<\/p>\n","protected":false},"author":1,"featured_media":0,"comment_status":"open","ping_status":"open","sticky":false,"template":"","format":"standard","meta":{"jetpack_post_was_ever_published":false,"_jetpack_newsletter_access":"","_jetpack_dont_email_post_to_subs":false,"_jetpack_newsletter_tier_id":0,"footnotes":""},"categories":[1],"tags":[],"jetpack_sharing_enabled":true,"jetpack_featured_media_url":"","_links":{"self":[{"href":"https:\/\/ligadosantorosario.com\/index.php?rest_route=\/wp\/v2\/posts\/3535"}],"collection":[{"href":"https:\/\/ligadosantorosario.com\/index.php?rest_route=\/wp\/v2\/posts"}],"about":[{"href":"https:\/\/ligadosantorosario.com\/index.php?rest_route=\/wp\/v2\/types\/post"}],"author":[{"embeddable":true,"href":"https:\/\/ligadosantorosario.com\/index.php?rest_route=\/wp\/v2\/users\/1"}],"replies":[{"embeddable":true,"href":"https:\/\/ligadosantorosario.com\/index.php?rest_route=%2Fwp%2Fv2%2Fcomments&post=3535"}],"version-history":[{"count":51,"href":"https:\/\/ligadosantorosario.com\/index.php?rest_route=\/wp\/v2\/posts\/3535\/revisions"}],"predecessor-version":[{"id":11640,"href":"https:\/\/ligadosantorosario.com\/index.php?rest_route=\/wp\/v2\/posts\/3535\/revisions\/11640"}],"wp:attachment":[{"href":"https:\/\/ligadosantorosario.com\/index.php?rest_route=%2Fwp%2Fv2%2Fmedia&parent=3535"}],"wp:term":[{"taxonomy":"category","embeddable":true,"href":"https:\/\/ligadosantorosario.com\/index.php?rest_route=%2Fwp%2Fv2%2Fcategories&post=3535"},{"taxonomy":"post_tag","embeddable":true,"href":"https:\/\/ligadosantorosario.com\/index.php?rest_route=%2Fwp%2Fv2%2Ftags&post=3535"}],"curies":[{"name":"wp","href":"https:\/\/api.w.org\/{rel}","templated":true}]}}