{"id":3642,"date":"2023-12-14T23:14:03","date_gmt":"2023-12-14T23:14:03","guid":{"rendered":"https:\/\/ligadosantorosario.com\/?p=3642"},"modified":"2023-12-15T14:31:26","modified_gmt":"2023-12-15T14:31:26","slug":"os-pastores-de-belem","status":"publish","type":"post","link":"https:\/\/ligadosantorosario.com\/?p=3642","title":{"rendered":"OS PASTORES DE BEL\u00c9M"},"content":{"rendered":"\t\t<div data-elementor-type=\"wp-post\" data-elementor-id=\"3642\" class=\"elementor elementor-3642\" data-elementor-post-type=\"post\">\n\t\t\t\t\t\t<section class=\"elementor-section elementor-top-section elementor-element elementor-element-56cd7bb elementor-section-boxed elementor-section-height-default elementor-section-height-default\" data-id=\"56cd7bb\" data-element_type=\"section\">\n\t\t\t\t\t\t<div class=\"elementor-container elementor-column-gap-default\">\n\t\t\t\t\t<div class=\"elementor-column elementor-col-100 elementor-top-column elementor-element elementor-element-e637994\" data-id=\"e637994\" data-element_type=\"column\">\n\t\t\t<div class=\"elementor-widget-wrap elementor-element-populated\">\n\t\t\t\t\t\t<div class=\"elementor-element elementor-element-fc9106a elementor-widget elementor-widget-image\" data-id=\"fc9106a\" data-element_type=\"widget\" data-widget_type=\"image.default\">\n\t\t\t\t<div class=\"elementor-widget-container\">\n\t\t\t<style>\/*! elementor - v3.23.0 - 05-08-2024 *\/\n.elementor-widget-image{text-align:center}.elementor-widget-image a{display:inline-block}.elementor-widget-image a img[src$=\".svg\"]{width:48px}.elementor-widget-image img{vertical-align:middle;display:inline-block}<\/style>\t\t\t\t\t\t\t<figure class=\"wp-caption\">\n\t\t\t\t\t\t\t\t\t\t<img fetchpriority=\"high\" decoding=\"async\" width=\"640\" height=\"480\" src=\"https:\/\/ligadosantorosario.com\/wp-content\/uploads\/Conto-de-Natal.jpg\" class=\"attachment-2048x2048 size-2048x2048 wp-image-3646\" alt=\"\" srcset=\"https:\/\/ligadosantorosario.com\/wp-content\/uploads\/Conto-de-Natal.jpg 640w, https:\/\/ligadosantorosario.com\/wp-content\/uploads\/Conto-de-Natal-300x225.jpg 300w\" sizes=\"(max-width: 640px) 100vw, 640px\" \/>\t\t\t\t\t\t\t\t\t\t\t<figcaption class=\"widget-image-caption wp-caption-text\">Os pastores de Bel\u00e9m<\/figcaption>\n\t\t\t\t\t\t\t\t\t\t<\/figure>\n\t\t\t\t\t\t\t<\/div>\n\t\t\t\t<\/div>\n\t\t\t\t\t<\/div>\n\t\t<\/div>\n\t\t\t\t\t<\/div>\n\t\t<\/section>\n\t\t\t\t<section class=\"elementor-section elementor-top-section elementor-element elementor-element-be47d41 elementor-section-boxed elementor-section-height-default elementor-section-height-default\" data-id=\"be47d41\" data-element_type=\"section\">\n\t\t\t\t\t\t<div class=\"elementor-container elementor-column-gap-default\">\n\t\t\t\t\t<div class=\"elementor-column elementor-col-100 elementor-top-column elementor-element elementor-element-b9ab45c\" data-id=\"b9ab45c\" data-element_type=\"column\">\n\t\t\t<div class=\"elementor-widget-wrap elementor-element-populated\">\n\t\t\t\t\t\t<div class=\"elementor-element elementor-element-1a869d8 elementor-widget elementor-widget-text-editor\" data-id=\"1a869d8\" data-element_type=\"widget\" data-widget_type=\"text-editor.default\">\n\t\t\t\t<div class=\"elementor-widget-container\">\n\t\t\t<style>\/*! elementor - v3.23.0 - 05-08-2024 *\/\n.elementor-widget-text-editor.elementor-drop-cap-view-stacked .elementor-drop-cap{background-color:#69727d;color:#fff}.elementor-widget-text-editor.elementor-drop-cap-view-framed .elementor-drop-cap{color:#69727d;border:3px solid;background-color:transparent}.elementor-widget-text-editor:not(.elementor-drop-cap-view-default) .elementor-drop-cap{margin-top:8px}.elementor-widget-text-editor:not(.elementor-drop-cap-view-default) .elementor-drop-cap-letter{width:1em;height:1em}.elementor-widget-text-editor .elementor-drop-cap{float:left;text-align:center;line-height:1;font-size:50px}.elementor-widget-text-editor .elementor-drop-cap-letter{display:inline-block}<\/style>\t\t\t\t<h2><strong>\u00a0 \u00a0 \u00a0 \u00a0 \u00a0 \u00a0 \u00a0 \u00a0 \u00a0 \u00a0 \u00a0 \u00a0 \u00a0 \u00a0 Conto de Natal<\/strong><\/h2><h6>Por Edson Carlos de Oliveira<\/h6><p>Naquela noite misteriosa, encoberta de nuvens, um grupo de pastores tinha uma diferente sensa\u00e7\u00e3o de tranquilidade interna em suas almas. Certamente algo estava para acontecer, mas nenhum deles ousava exprimir aos outros aquilo que pensavam ser um sentimento meramente pessoal.<\/p><p>Sentados em roda, conversavam sobre a chuva que poderia cair durante a madrugada e o cuidado redobrado que teriam para cuidar de suas ovelhas. Mas aquela noite misteriosa parecia que desejava revelar-lhes um segredo e, \u00e0 medida que o tempo passava, uma mistura de temor e alegria os inundava cada vez mais.<\/p><p>Embora externassem uns aos outros as preocupa\u00e7\u00f5es com a chuva, suas aten\u00e7\u00f5es segundas estavam voltadas para aquela serena sensa\u00e7\u00e3o interna, cheia de calma e alegria. O sil\u00eancio, muitas vezes, \u00e9 a atitude primeira da alma em face do mist\u00e9rio quando este se apresenta carregado de uma beleza inef\u00e1vel.<\/p><p>Todo mist\u00e9rio tem algo de obscuro como a noite. Quando obra da gra\u00e7a, esse obscuro \u00e9 acompanhado por estrelas radiantes que fazem a alma entrever, apesar do escuro do mist\u00e9rio, a luz da verdade inating\u00edvel pela raz\u00e3o. Se se trata de um mist\u00e9rio divino, esse obscuro n\u00e3o \u00e9 culpa do mist\u00e9rio, mas da raz\u00e3o humana que \u00e9 finita e incapaz de abarcar tudo aquilo que Deus revela.<\/p><p>E Deus deu a alma humana uma sede misteriosa pelo mist\u00e9rio. Tanto que quando o homem, por um ato de revolta, nega os divinos mist\u00e9rios sobrenaturais e os julga como contr\u00e1rios a sua raz\u00e3o \u2013\u00a0t\u00e3o pequena, ali\u00e1s, e t\u00e3o debilitada pelo pecado original; min\u00fascula como um gr\u00e3o de poeira se comparada com o tamanho do universo -, a alma do homem, assim turvada, se volta ainda assim para os mist\u00e9rios, mas para as trevas misteriosas do preternatural, do esoterismo e do ate\u00edsmo. Sim, nada mais sinistramente misterioso do que as trevas do ate\u00edsmo e nada \u00e9 t\u00e3o inexplic\u00e1vel \u00e0 raz\u00e3o quanto a f\u00e9 de seus adeptos.<\/p><p>Naquela noite, toda a natureza parecia sorrir para os pastores. Mas, como? Se era\u2026 noite? Durante a noite n\u00e3o se sente apenas medo e terror do perigo iminente e do sombrio das trevas que acobertam os ladr\u00f5es e as feras? Como era poss\u00edvel sentir aquela misteriosa sensa\u00e7\u00e3o de calma, tranquilidade e paz? Havia realmente algo diferente. Um misterioso mist\u00e9rio perfumava aquela noite nos campos pr\u00f3ximos \u00e0 Bel\u00e9m.<\/p><p>Mas, entre os pastores, diversas eram as atitudes de alma que cada um tomava em face daquela sensa\u00e7\u00e3o misteriosa que os invadia.<\/p><p>Uns percebiam que aquilo poderia significar que Deus interviria novamente no curso da Hist\u00f3ria. Lembravam-se dos profetas que anunciavam a vinda do Messias, da paganiza\u00e7\u00e3o que cobria a Terra, da hist\u00f3ria misteriosa e paradoxal de uma Virgem que havia concebido e das opress\u00f5es que sofriam os fi\u00e9is \u00e0s Leis de Deus naquela Jerusal\u00e9m decadente.<\/p><p>Outros pastores apenas identificavam aquela sensa\u00e7\u00e3o com uma esperan\u00e7a de que a chuva n\u00e3o viesse e assim pudessem ter uma noite mais tranquila.<\/p><p>Alguns outros, dentre eles, viam naquele sentimento algo que contrariava seu modo de vida libertino e desregrado. Entregues \u00e0s paix\u00f5es desordenadas e \u00e0 desordem temperamental que os v\u00edcios morais causavam, eles se achavam indignos daquele sentimento de alegria primaveril que, h\u00e1 tantos anos, haviam afogado na fanfarronice febricitante de uma vida onde a virtude n\u00e3o passava de uma palavra. A saudade desse per\u00edodo de inoc\u00eancia perdido os sensibilizava.<\/p><p>O tempo corria e a noite se firmava. A escurid\u00e3o parecia pesar cada vez mais. Em certo momento, os pastores notaram que seus rebanhos estavam silenciosos como nunca antes estiveram. Os animais pareciam participar daquela sensa\u00e7\u00e3o apraz\u00edvel e serena de algo misterioso.<\/p><p>Quando menos esperavam, uma luz misteriosa apareceu. T\u00e3o forte e intensa que os cegou por instantes e n\u00e3o conseguiam abrir os olhos por mais que tentassem. O temor tomou conta de suas almas. Segundos depois, a luz perdeu sua intensidade e eles ent\u00e3o <strong>puderam ver um anjo pairando no ar<\/strong>. Mas a luz que emanava de seu interior ainda impedia que aqueles homens fixassem suas vistas naquele ser. Pela primeira vez eles sentiam-se impotentes e como que diante de algo que poderia lhes tirar a vida com um s\u00f3 ato de vontade. O temor aumentara.<\/p><p><strong>\u201cN\u00e3o temais, eis que vos anuncio uma boa nova que ser\u00e1 alegria para todo o povo: hoje vos nasceu na Cidade de Davi um Salvador, que \u00e9 o Cristo Senhor\u201d, disse-lhes o anjo num tom de voz que eles nunca antes haviam ouvido.<\/strong><\/p><p>E o escuro do c\u00e9u subitamente deu lugar a um coro do ex\u00e9rcito celeste, que louvava a Deus e dizia como num brado de guerra e ao mesmo tempo como num canto de vit\u00f3ria contra o dem\u00f4nio conspirador da perdi\u00e7\u00e3o dos homens: <strong>\u201cGl\u00f3ria a Deus no mais alto dos c\u00e9us e na terra paz aos homens, objetos da benevol\u00eancia divina\u201d.<\/strong><\/p>\t\t\t\t\t\t<\/div>\n\t\t\t\t<\/div>\n\t\t\t\t<div class=\"elementor-element elementor-element-81be539 elementor-widget elementor-widget-image\" data-id=\"81be539\" data-element_type=\"widget\" data-widget_type=\"image.default\">\n\t\t\t\t<div class=\"elementor-widget-container\">\n\t\t\t\t\t\t\t\t\t\t\t\t\t<img decoding=\"async\" width=\"300\" height=\"239\" src=\"https:\/\/ligadosantorosario.com\/wp-content\/uploads\/Tres-reis-magos-300x239.jpg\" class=\"attachment-medium size-medium wp-image-3647\" alt=\"\" srcset=\"https:\/\/ligadosantorosario.com\/wp-content\/uploads\/Tres-reis-magos-300x239.jpg 300w, https:\/\/ligadosantorosario.com\/wp-content\/uploads\/Tres-reis-magos.jpg 600w\" sizes=\"(max-width: 300px) 100vw, 300px\" \/>\t\t\t\t\t\t\t\t\t\t\t\t\t<\/div>\n\t\t\t\t<\/div>\n\t\t\t\t\t<\/div>\n\t\t<\/div>\n\t\t\t\t\t<\/div>\n\t\t<\/section>\n\t\t\t\t<section class=\"elementor-section elementor-top-section elementor-element elementor-element-923f556 elementor-section-boxed elementor-section-height-default elementor-section-height-default\" data-id=\"923f556\" data-element_type=\"section\">\n\t\t\t\t\t\t<div class=\"elementor-container elementor-column-gap-default\">\n\t\t\t\t\t<div class=\"elementor-column elementor-col-100 elementor-top-column elementor-element elementor-element-c2a33c0\" data-id=\"c2a33c0\" data-element_type=\"column\">\n\t\t\t<div class=\"elementor-widget-wrap elementor-element-populated\">\n\t\t\t\t\t\t<div class=\"elementor-element elementor-element-a9ccaac elementor-widget elementor-widget-text-editor\" data-id=\"a9ccaac\" data-element_type=\"widget\" data-widget_type=\"text-editor.default\">\n\t\t\t\t<div class=\"elementor-widget-container\">\n\t\t\t\t\t\t\t<p>Todos olhavam para o firmamento e contemplavam aquele espet\u00e1culo que em um instante sumiu dando lugar novamente \u00e0 escurid\u00e3o da noite. Um bezerrinho encostou-se em seu pastor e este, <strong>olhando para o c\u00e9u, tirou o tecido que lhe cobria a cabe\u00e7a e apontou para o horizonte dizendo: olhem!<\/strong><\/p><p><strong>As nuvens come\u00e7aram a se abrir e por detr\u00e1s delas uma estrela desconhecida brilhava fortemente. No alto da colina, os pastores divisaram uma pequena caravana com tr\u00eas camelos que rumava na dire\u00e7\u00e3o daquele astro.<\/strong><\/p><p><strong>\u201cVamos at\u00e9 Bel\u00e9m e vejamos o que se realizou e o que o Senhor nos manifestou\u201d, falaram entre si os pastores.<\/strong><\/p><p>E, assim, naquela noite misteriosa, a luz resplandeceu na Terra ( Jo. 1, 5).\u00a0 \u00a0<\/p><p>\u00a0<\/p><p>\u00a0<\/p><p>\u00a0 \u00a0 \u00a0 \u00a0 \u00a0 \u00a0 \u00a0 \u00a0 \u00a0 \u00a0 \u00a0 \u00a0 \u00a0 \u00a0 \u00a0 \u00a0 \u00a0 \u00a0 \u00a0 \u00a0 \u00a0 \u00a0 \u00a0 <b>UM MILAGRE DE NATAL\u00a0 &#8211; Hungria &#8211; 1956<\/b><\/p>\t\t\t\t\t\t<\/div>\n\t\t\t\t<\/div>\n\t\t\t\t\t<\/div>\n\t\t<\/div>\n\t\t\t\t\t<\/div>\n\t\t<\/section>\n\t\t\t\t<section class=\"elementor-section elementor-top-section elementor-element elementor-element-ef6e64d elementor-section-boxed elementor-section-height-default elementor-section-height-default\" data-id=\"ef6e64d\" data-element_type=\"section\">\n\t\t\t\t\t\t<div class=\"elementor-container elementor-column-gap-default\">\n\t\t\t\t\t<div class=\"elementor-column elementor-col-100 elementor-top-column elementor-element elementor-element-31b075b\" data-id=\"31b075b\" data-element_type=\"column\">\n\t\t\t<div class=\"elementor-widget-wrap elementor-element-populated\">\n\t\t\t\t\t\t<div class=\"elementor-element elementor-element-6796b8f elementor-widget elementor-widget-video\" data-id=\"6796b8f\" data-element_type=\"widget\" data-settings=\"{&quot;youtube_url&quot;:&quot;https:\\\/\\\/www.youtube.com\\\/watch?v=0uHEK2-P-8Y&quot;,&quot;video_type&quot;:&quot;youtube&quot;,&quot;controls&quot;:&quot;yes&quot;}\" data-widget_type=\"video.default\">\n\t\t\t\t<div class=\"elementor-widget-container\">\n\t\t\t<style>\/*! elementor - v3.23.0 - 05-08-2024 *\/\n.elementor-widget-video .elementor-widget-container{overflow:hidden;transform:translateZ(0)}.elementor-widget-video .elementor-wrapper{aspect-ratio:var(--video-aspect-ratio)}.elementor-widget-video .elementor-wrapper iframe,.elementor-widget-video .elementor-wrapper video{height:100%;width:100%;display:flex;border:none;background-color:#000}@supports not (aspect-ratio:1\/1){.elementor-widget-video .elementor-wrapper{position:relative;overflow:hidden;height:0;padding-bottom:calc(100% \/ var(--video-aspect-ratio))}.elementor-widget-video .elementor-wrapper iframe,.elementor-widget-video .elementor-wrapper video{position:absolute;top:0;right:0;bottom:0;left:0}}.elementor-widget-video .elementor-open-inline .elementor-custom-embed-image-overlay{position:absolute;top:0;right:0;bottom:0;left:0;background-size:cover;background-position:50%}.elementor-widget-video .elementor-custom-embed-image-overlay{cursor:pointer;text-align:center}.elementor-widget-video .elementor-custom-embed-image-overlay:hover .elementor-custom-embed-play i{opacity:1}.elementor-widget-video .elementor-custom-embed-image-overlay img{display:block;width:100%;aspect-ratio:var(--video-aspect-ratio);-o-object-fit:cover;object-fit:cover;-o-object-position:center center;object-position:center center}@supports not (aspect-ratio:1\/1){.elementor-widget-video .elementor-custom-embed-image-overlay{position:relative;overflow:hidden;height:0;padding-bottom:calc(100% \/ var(--video-aspect-ratio))}.elementor-widget-video .elementor-custom-embed-image-overlay img{position:absolute;top:0;right:0;bottom:0;left:0}}.elementor-widget-video .e-hosted-video .elementor-video{-o-object-fit:cover;object-fit:cover}.e-con-inner>.elementor-widget-video,.e-con>.elementor-widget-video{width:var(--container-widget-width);--flex-grow:var(--container-widget-flex-grow)}<\/style>\t\t<div class=\"elementor-wrapper elementor-open-inline\">\n\t\t\t<div class=\"elementor-video\"><\/div>\t\t<\/div>\n\t\t\t\t<\/div>\n\t\t\t\t<\/div>\n\t\t\t\t\t<\/div>\n\t\t<\/div>\n\t\t\t\t\t<\/div>\n\t\t<\/section>\n\t\t\t\t<\/div>\n\t\t","protected":false},"excerpt":{"rendered":"<p>Os pastores de Bel\u00e9m \u00a0 \u00a0 \u00a0 \u00a0 \u00a0 \u00a0 \u00a0 \u00a0 \u00a0 \u00a0 \u00a0 \u00a0 \u00a0 \u00a0 Conto de Natal Por Edson Carlos de Oliveira Naquela noite misteriosa, encoberta de nuvens, um grupo de pastores tinha uma diferente sensa\u00e7\u00e3o de tranquilidade interna em suas almas. Certamente algo estava para acontecer, mas nenhum deles ousava exprimir aos outros aquilo que pensavam ser um sentimento meramente pessoal. Sentados em roda, conversavam sobre a chuva que poderia cair durante a madrugada e o cuidado redobrado que teriam para cuidar de suas ovelhas. Mas aquela noite misteriosa parecia que desejava revelar-lhes um segredo&#8230;<\/p>\n","protected":false},"author":1,"featured_media":0,"comment_status":"open","ping_status":"open","sticky":false,"template":"","format":"standard","meta":{"jetpack_post_was_ever_published":false,"_jetpack_newsletter_access":"","_jetpack_dont_email_post_to_subs":false,"_jetpack_newsletter_tier_id":0,"footnotes":""},"categories":[1],"tags":[],"jetpack_sharing_enabled":true,"jetpack_featured_media_url":"","_links":{"self":[{"href":"https:\/\/ligadosantorosario.com\/index.php?rest_route=\/wp\/v2\/posts\/3642"}],"collection":[{"href":"https:\/\/ligadosantorosario.com\/index.php?rest_route=\/wp\/v2\/posts"}],"about":[{"href":"https:\/\/ligadosantorosario.com\/index.php?rest_route=\/wp\/v2\/types\/post"}],"author":[{"embeddable":true,"href":"https:\/\/ligadosantorosario.com\/index.php?rest_route=\/wp\/v2\/users\/1"}],"replies":[{"embeddable":true,"href":"https:\/\/ligadosantorosario.com\/index.php?rest_route=%2Fwp%2Fv2%2Fcomments&post=3642"}],"version-history":[{"count":19,"href":"https:\/\/ligadosantorosario.com\/index.php?rest_route=\/wp\/v2\/posts\/3642\/revisions"}],"predecessor-version":[{"id":3679,"href":"https:\/\/ligadosantorosario.com\/index.php?rest_route=\/wp\/v2\/posts\/3642\/revisions\/3679"}],"wp:attachment":[{"href":"https:\/\/ligadosantorosario.com\/index.php?rest_route=%2Fwp%2Fv2%2Fmedia&parent=3642"}],"wp:term":[{"taxonomy":"category","embeddable":true,"href":"https:\/\/ligadosantorosario.com\/index.php?rest_route=%2Fwp%2Fv2%2Fcategories&post=3642"},{"taxonomy":"post_tag","embeddable":true,"href":"https:\/\/ligadosantorosario.com\/index.php?rest_route=%2Fwp%2Fv2%2Ftags&post=3642"}],"curies":[{"name":"wp","href":"https:\/\/api.w.org\/{rel}","templated":true}]}}