{"id":4343,"date":"2024-01-19T23:30:25","date_gmt":"2024-01-19T23:30:25","guid":{"rendered":"https:\/\/ligadosantorosario.com\/?p=4343"},"modified":"2024-09-16T23:36:07","modified_gmt":"2024-09-16T23:36:07","slug":"o-segredo-de-la-salette","status":"publish","type":"post","link":"https:\/\/ligadosantorosario.com\/?p=4343","title":{"rendered":"O SEGREDO DE LA SALETTE"},"content":{"rendered":"\t\t<div data-elementor-type=\"wp-post\" data-elementor-id=\"4343\" class=\"elementor elementor-4343\" data-elementor-post-type=\"post\">\n\t\t\t\t\t\t<section class=\"elementor-section elementor-top-section elementor-element elementor-element-64de7cc elementor-section-boxed elementor-section-height-default elementor-section-height-default\" data-id=\"64de7cc\" data-element_type=\"section\">\n\t\t\t\t\t\t<div class=\"elementor-container elementor-column-gap-default\">\n\t\t\t\t\t<div class=\"elementor-column elementor-col-100 elementor-top-column elementor-element elementor-element-01033de\" data-id=\"01033de\" data-element_type=\"column\">\n\t\t\t<div class=\"elementor-widget-wrap elementor-element-populated\">\n\t\t\t\t\t\t<div class=\"elementor-element elementor-element-222ca94 elementor-widget elementor-widget-image\" data-id=\"222ca94\" data-element_type=\"widget\" data-widget_type=\"image.default\">\n\t\t\t\t<div class=\"elementor-widget-container\">\n\t\t\t<style>\/*! elementor - v3.23.0 - 05-08-2024 *\/\n.elementor-widget-image{text-align:center}.elementor-widget-image a{display:inline-block}.elementor-widget-image a img[src$=\".svg\"]{width:48px}.elementor-widget-image img{vertical-align:middle;display:inline-block}<\/style>\t\t\t\t\t\t\t<figure class=\"wp-caption\">\n\t\t\t\t\t\t\t\t\t\t<img fetchpriority=\"high\" decoding=\"async\" width=\"598\" height=\"360\" src=\"https:\/\/ligadosantorosario.com\/wp-content\/uploads\/NossaSenhoraLaSalette_gde.jpg\" class=\"attachment-large size-large wp-image-4345\" alt=\"\" srcset=\"https:\/\/ligadosantorosario.com\/wp-content\/uploads\/NossaSenhoraLaSalette_gde.jpg 598w, https:\/\/ligadosantorosario.com\/wp-content\/uploads\/NossaSenhoraLaSalette_gde-300x181.jpg 300w\" sizes=\"(max-width: 598px) 100vw, 598px\" \/>\t\t\t\t\t\t\t\t\t\t\t<figcaption class=\"widget-image-caption wp-caption-text\">19 de setembro - Nossa Senhora de la Salette<\/figcaption>\n\t\t\t\t\t\t\t\t\t\t<\/figure>\n\t\t\t\t\t\t\t<\/div>\n\t\t\t\t<\/div>\n\t\t\t\t\t<\/div>\n\t\t<\/div>\n\t\t\t\t\t<\/div>\n\t\t<\/section>\n\t\t\t\t<section class=\"elementor-section elementor-top-section elementor-element elementor-element-93e84dc elementor-section-boxed elementor-section-height-default elementor-section-height-default\" data-id=\"93e84dc\" data-element_type=\"section\">\n\t\t\t\t\t\t<div class=\"elementor-container elementor-column-gap-default\">\n\t\t\t\t\t<div class=\"elementor-column elementor-col-50 elementor-top-column elementor-element elementor-element-7505b7f\" data-id=\"7505b7f\" data-element_type=\"column\">\n\t\t\t<div class=\"elementor-widget-wrap elementor-element-populated\">\n\t\t\t\t\t\t<div class=\"elementor-element elementor-element-fac9c4f elementor-widget elementor-widget-image\" data-id=\"fac9c4f\" data-element_type=\"widget\" data-widget_type=\"image.default\">\n\t\t\t\t<div class=\"elementor-widget-container\">\n\t\t\t\t\t\t\t\t\t\t<figure class=\"wp-caption\">\n\t\t\t\t\t\t\t\t\t\t<img decoding=\"async\" width=\"241\" height=\"404\" src=\"https:\/\/ligadosantorosario.com\/wp-content\/uploads\/Melanie.png\" class=\"attachment-large size-large wp-image-4349\" alt=\"\" srcset=\"https:\/\/ligadosantorosario.com\/wp-content\/uploads\/Melanie.png 241w, https:\/\/ligadosantorosario.com\/wp-content\/uploads\/Melanie-179x300.png 179w\" sizes=\"(max-width: 241px) 100vw, 241px\" \/>\t\t\t\t\t\t\t\t\t\t\t<figcaption class=\"widget-image-caption wp-caption-text\">M\u00e9lanie em 1848<\/figcaption>\n\t\t\t\t\t\t\t\t\t\t<\/figure>\n\t\t\t\t\t\t\t<\/div>\n\t\t\t\t<\/div>\n\t\t\t\t\t<\/div>\n\t\t<\/div>\n\t\t\t\t<div class=\"elementor-column elementor-col-50 elementor-top-column elementor-element elementor-element-e06055e\" data-id=\"e06055e\" data-element_type=\"column\">\n\t\t\t<div class=\"elementor-widget-wrap elementor-element-populated\">\n\t\t\t\t\t\t<div class=\"elementor-element elementor-element-51f901f elementor-widget elementor-widget-image\" data-id=\"51f901f\" data-element_type=\"widget\" data-widget_type=\"image.default\">\n\t\t\t\t<div class=\"elementor-widget-container\">\n\t\t\t\t\t\t\t\t\t\t<figure class=\"wp-caption\">\n\t\t\t\t\t\t\t\t\t\t<img decoding=\"async\" width=\"202\" height=\"404\" src=\"https:\/\/ligadosantorosario.com\/wp-content\/uploads\/Maximin.png\" class=\"attachment-large size-large wp-image-4353\" alt=\"\" srcset=\"https:\/\/ligadosantorosario.com\/wp-content\/uploads\/Maximin.png 202w, https:\/\/ligadosantorosario.com\/wp-content\/uploads\/Maximin-150x300.png 150w\" sizes=\"(max-width: 202px) 100vw, 202px\" \/>\t\t\t\t\t\t\t\t\t\t\t<figcaption class=\"widget-image-caption wp-caption-text\">Maximin em 1848<\/figcaption>\n\t\t\t\t\t\t\t\t\t\t<\/figure>\n\t\t\t\t\t\t\t<\/div>\n\t\t\t\t<\/div>\n\t\t\t\t\t<\/div>\n\t\t<\/div>\n\t\t\t\t\t<\/div>\n\t\t<\/section>\n\t\t\t\t<section class=\"elementor-section elementor-top-section elementor-element elementor-element-95e1425 elementor-section-boxed elementor-section-height-default elementor-section-height-default\" data-id=\"95e1425\" data-element_type=\"section\">\n\t\t\t\t\t\t<div class=\"elementor-container elementor-column-gap-default\">\n\t\t\t\t\t<div class=\"elementor-column elementor-col-100 elementor-top-column elementor-element elementor-element-db8d085\" data-id=\"db8d085\" data-element_type=\"column\">\n\t\t\t<div class=\"elementor-widget-wrap elementor-element-populated\">\n\t\t\t\t\t\t\t<\/div>\n\t\t<\/div>\n\t\t\t\t\t<\/div>\n\t\t<\/section>\n\t\t\t\t<section class=\"elementor-section elementor-top-section elementor-element elementor-element-19bc93f elementor-section-boxed elementor-section-height-default elementor-section-height-default\" data-id=\"19bc93f\" data-element_type=\"section\">\n\t\t\t\t\t\t<div class=\"elementor-container elementor-column-gap-default\">\n\t\t\t\t\t<div class=\"elementor-column elementor-col-100 elementor-top-column elementor-element elementor-element-f58787e\" data-id=\"f58787e\" data-element_type=\"column\">\n\t\t\t<div class=\"elementor-widget-wrap elementor-element-populated\">\n\t\t\t\t\t\t<div class=\"elementor-element elementor-element-b5981f3 elementor-widget elementor-widget-text-editor\" data-id=\"b5981f3\" data-element_type=\"widget\" data-widget_type=\"text-editor.default\">\n\t\t\t\t<div class=\"elementor-widget-container\">\n\t\t\t<style>\/*! elementor - v3.23.0 - 05-08-2024 *\/\n.elementor-widget-text-editor.elementor-drop-cap-view-stacked .elementor-drop-cap{background-color:#69727d;color:#fff}.elementor-widget-text-editor.elementor-drop-cap-view-framed .elementor-drop-cap{color:#69727d;border:3px solid;background-color:transparent}.elementor-widget-text-editor:not(.elementor-drop-cap-view-default) .elementor-drop-cap{margin-top:8px}.elementor-widget-text-editor:not(.elementor-drop-cap-view-default) .elementor-drop-cap-letter{width:1em;height:1em}.elementor-widget-text-editor .elementor-drop-cap{float:left;text-align:center;line-height:1;font-size:50px}.elementor-widget-text-editor .elementor-drop-cap-letter{display:inline-block}<\/style>\t\t\t\t<p><strong>O segredo na sua forma mais completa<\/strong><\/p><p><em>Luiz Eduardo Dufaur<\/em><\/p><p>\u00a0<\/p><p>Os dois pastorinhos \u2013 Maximin Giraud e M\u00e9lanie Calvat \u2013 tiveram uma vis\u00e3o da Virgem Maria numa montanha perto de La Salette, Fran\u00e7a, a\u00a0<b>19 de Setembro de 1846<\/b>, por volta das tr\u00eas horas da tarde.<\/p><p>Os videntes s\u00f3 aceitaram revelar o segredo antes de 1858 por obedi\u00eancia, e com a finalidade de ser levado ao conhecimento exclusivo do Papa.<\/p><p>Este foi o motivo da primeira reda\u00e7\u00e3o oficial do segredo, feita por Maximin em 3 de julho de 1851, e por M\u00e9lanie tr\u00eas dias depois.<\/p><p>Em 1853 o novo bispo de Grenoble, Mons. Ginoulhiac, ordenou que eles voltassem a verter o segredo no papel. Todas estas reda\u00e7\u00f5es ficaram sob sigilo no Vaticano.<\/p><p>Em 1858, ano da apari\u00e7\u00e3o de Nossa Senhora em Lourdes, os videntes ficaram liberados da obriga\u00e7\u00e3o do sil\u00eancio e deram a p\u00fablico o segredo.<\/p><p>M\u00e9lanie enviou ao Papa, o Beato Pio IX, uma reda\u00e7\u00e3o mais aprimorada.<\/p><p>No resto da vida, tanto M\u00e9lanie quanto Maximin responderam a in\u00fameras consultas e pedidos de esclarecimento.<\/p><p>Transcreveremos a seguir na \u00edntegra a vers\u00e3o hist\u00f3rica do segredo que \u00e9 conservada no Vaticano como a mais completa.<\/p><p>\u00c9 uma reda\u00e7\u00e3o mais extensa, feita por M\u00e9lanie em 21 de novembro de 1878, considerada definitiva pela vidente.<\/p><h3><b>Assim come\u00e7a o segredo:<\/b><\/h3><p>\u201cM\u00e9lanie, o que vou dizer-vos agora n\u00e3o ficar\u00e1 sempre segredo, podereis public\u00e1-lo em 1858.<\/p><p>\u201cOs sacerdotes, ministros de meu Filho, pela sua m\u00e1 vida, sua irrever\u00eancia e impiedade na celebra\u00e7\u00e3o dos santos mist\u00e9rios, pelo amor do dinheiro, das honrarias e dos prazeres, tornaram-se cloacas de impureza.<\/p><p>\u201cSim, os sacerdotes atraem a vingan\u00e7a e a vingan\u00e7a paira sobre suas cabe\u00e7as.<\/p><p><b>\u201cAi dos sacerdotes e das pessoas consagradas a Deus, que pela sua infidelidade e m\u00e1 vida crucificam de novo meu Filho!<\/b><\/p><p>\u201cOs pecados das pessoas consagradas a Deus bradam ao C\u00e9u e clamam por vingan\u00e7a.<\/p><p>\u201cE eis que a vingan\u00e7a est\u00e1 \u00e0s suas portas, pois n\u00e3o se encontra mais uma pessoa a implorar miseric\u00f3rdia e perd\u00e3o para o povo.<\/p><p>\u201cN\u00e3o h\u00e1 mais almas generosas, n\u00e3o h\u00e1 mais ningu\u00e9m digno de oferecer a v\u00edtima imaculada ao [Pai] Eterno em favor do mundo\u201d.<\/p><p>\u201cDeus vai golpear de modo inaudito. Ai dos habitantes da Terra. Deus vai esgotar sua c\u00f3lera, e ningu\u00e9m poder\u00e1 fugir a tantos males acumulados.<\/p><p>\u201c<b>Os chefes, os condutores do povo de Deus negligenciaram a ora\u00e7\u00e3o e a penit\u00eancia. E o dem\u00f4nio obscureceu suas intelig\u00eancias.<\/b><\/p><p>\u201cTransformaram-se nessas estrelas errantes, que o velho diabo arrastar\u00e1 com sua cauda para faz\u00ea-las perecer.<\/p><p>\u201cDeus permitir\u00e1 \u00e0 velha serpente introduzir divis\u00f5es entre os que reinam, em todas as sociedades e em todas as fam\u00edlias. Sofrer-se-\u00e3o tormentos f\u00edsicos e morais.<\/p><p>\u201cDeus abandonar\u00e1 os homens a si mesmos e enviar\u00e1 castigos que se suceder\u00e3o durante mais de trinta e cinco anos.<\/p><p>\u201c<b>A sociedade est\u00e1 na imin\u00eancia dos flagelos mais terr\u00edveis e dos maiores acontecimentos. Deve-se esperar ser governado por uma chibata de ferro e beber o c\u00e1lice da c\u00f3lera de Deus\u201d.<\/b><\/p><table><tbody><tr><td><img loading=\"lazy\" decoding=\"async\" class=\"alignnone wp-image-4360 size-full\" src=\"http:\/\/ligadosantorosario.com\/wp-content\/uploads\/BeatoPioIX.png\" alt=\"\" width=\"557\" height=\"592\" srcset=\"https:\/\/ligadosantorosario.com\/wp-content\/uploads\/BeatoPioIX.png 557w, https:\/\/ligadosantorosario.com\/wp-content\/uploads\/BeatoPioIX-282x300.png 282w\" sizes=\"(max-width: 557px) 100vw, 557px\" \/><\/td><\/tr><tr><td>Beato Pio IX, Papa da \u00e9poca da apari\u00e7\u00e3o<\/td><\/tr><\/tbody><\/table><p>\u201cQue o Vig\u00e1rio de meu Filho, o Soberano Pont\u00edfice Pio IX, n\u00e3o saia mais de Roma depois do ano 1859. Mas seja firme e generoso, combata com as armas da f\u00e9 e do amor. Eu estarei com ele.<\/p><p>\u201cQue ele n\u00e3o confie em Napole\u00e3o [III]. Seu cora\u00e7\u00e3o \u00e9 falso, e quando ele quiser tornar-se ao mesmo tempo papa e imperador, Deus se afastar\u00e1 dele.<\/p><p>\u201cEle \u00e9 como a \u00e1guia que, querendo subir sempre mais, cair\u00e1 sobre a espada da qual queria se servir para obrigar os povos a o elevarem.<\/p><p>\u201cA It\u00e1lia ser\u00e1 punida, pela ambi\u00e7\u00e3o de querer sacudir o jugo do Senhor dos Senhores. Ser\u00e1 tamb\u00e9m entregue \u00e0 guerra, o sangue correr\u00e1 por todo lado.<\/p><p>\u201cAs igrejas ser\u00e3o fechadas ou profanadas.<\/p><p>\u201cOs sacerdotes e os religiosos ser\u00e3o expulsos. Ser\u00e3o entregues \u00e0 morte, e morte cruel. V\u00e1rios abandonar\u00e3o a f\u00e9, e o n\u00famero dos sacerdotes e religiosos que se afastar\u00e3o da verdadeira Religi\u00e3o ser\u00e1 grande.<\/p><p>\u201cEntre essas pessoas encontrar-se-\u00e3o at\u00e9 bispos.<\/p><p>\u201c<b>No ano de 1864, L\u00facifer e um grande n\u00famero de dem\u00f4nios ser\u00e3o soltos do inferno. Eles abolir\u00e3o a f\u00e9 pouco a pouco, at\u00e9 nas pessoas consagradas a Deus.<\/b><\/p><p>\u201cEles as cegar\u00e3o de tal maneira que, salvo uma gra\u00e7a particular, adquirir\u00e3o o esp\u00edrito desses maus anjos.<\/p><p><b>\u201cV\u00e1rias casas religiosas perder\u00e3o inteiramente a f\u00e9 e perder\u00e3o muitas almas.<\/b><\/p><p>\u201cOs maus livros abundar\u00e3o sobre a Terra, e os esp\u00edritos das trevas espalhar\u00e3o por toda parte um relaxamento universal em tudo o que se refere ao servi\u00e7o de Deus. Eles ter\u00e3o grand\u00edssimo poder sobre a natureza.<\/p><p>\u201cExistir\u00e3o igrejas para cultuar esses esp\u00edritos. Pessoas ser\u00e3o transportadas de um lugar a outro por esses esp\u00edritos maus, at\u00e9 sacerdotes, porque n\u00e3o se ter\u00e3o conduzido pelo bom esp\u00edrito do Evangelho, que \u00e9 um esp\u00edrito de humildade, caridade e zelo pela gl\u00f3ria de Deus.<\/p><p>\u201cFar-se-\u00e3o ressuscitar mortos e justos (quer dizer, tais mortos tomar\u00e3o a figura de almas justas que viveram na Terra, para seduzir mais os homens; esses supostos mortos ressuscitados, que n\u00e3o ser\u00e3o outra coisa sen\u00e3o o dem\u00f4nio encarnado nessas figuras, pregar\u00e3o outro evangelho contr\u00e1rio ao do verdadeiro Jesus Cristo, negando a exist\u00eancia do C\u00e9u). Ou ainda almas de condenados.<\/p><p>\u201cTodas essas almas aparecer\u00e3o como unidas a seus corpos. Em todos os lugares haver\u00e1 prod\u00edgios extraordin\u00e1rios, porque a verdadeira f\u00e9 se apagou e uma falsa luz ilumina o mundo.<\/p><p>\u201cAi dos pr\u00edncipes, da Igreja que ent\u00e3o estar\u00e3o ocupados apenas em amontoar riquezas acima de riquezas, salvaguardar sua autoridade e dominar com orgulho!<\/p><p>\u201cO Vig\u00e1rio de meu Filho ter\u00e1 muito que sofrer, porque durante algum tempo a Igreja ser\u00e1 entregue a grandes persegui\u00e7\u00f5es. Ser\u00e1 o tempo das trevas, e a Igreja passar\u00e1 por uma crise pavorosa.<\/p><p>\u201cTendo sido esquecida a santa f\u00e9 em Deus, cada indiv\u00edduo desejar\u00e1 guiar-se por si pr\u00f3prio e ser superior a seus semelhantes.<\/p><p>\u201cSer\u00e3o abolidos os poderes civis e eclesi\u00e1sticos.<\/p><p><b>\u201cToda ordem e toda justi\u00e7a ser\u00e3o calcados aos p\u00e9s.<\/b><\/p><p>\u201c<b>N\u00e3o se ver\u00e1 outra coisa sen\u00e3o homic\u00eddios, \u00f3dio, inveja, mentira e disc\u00f3rdia, sem amor pela p\u00e1tria e sem amor pela fam\u00edlia.<\/b><\/p><p>\u201cO Santo Padre sofrer\u00e1 muito. Eu estarei com ele at\u00e9 o fim, para receber o seu sacrif\u00edcio.<\/p><p>\u201cOs maus atentar\u00e3o v\u00e1rias vezes contra sua vida sem poder abreviar seus dias, mas nem ele nem seu sucessor &#8230; ver\u00e3o o triunfo da Igreja de Deus.<\/p><p><b>\u201cOs governantes civis ter\u00e3o todos um mesmo objetivo, que consistir\u00e1 em abolir e fazer desaparecer todo princ\u00edpio religioso para dar lugar ao materialismo, ao ate\u00edsmo, ao espiritismo e a toda esp\u00e9cie de v\u00edcios<\/b>.<\/p><p>\u201cNo ano 1865 ver-se-\u00e1 a abomina\u00e7\u00e3o nos lugares santos. Nos conventos as flores da Igreja ser\u00e3o apodrecidas, e o dem\u00f4nio tornar-se-\u00e1 como que o rei dos cora\u00e7\u00f5es.<\/p><p>\u201c<b>Que os dirigentes das comunidades religiosas estejam atentos em rela\u00e7\u00e3o \u00e0s pessoas que devem receber, porque o dem\u00f4nio usar\u00e1 toda sua mal\u00edcia para introduzir nas ordens religiosas pessoas entregues ao pecado, pois as desordens e o amor aos prazeres carnais estar\u00e3o espalhados por toda a Terra.<\/b><\/p><p>\u201cA Fran\u00e7a, a It\u00e1lia, a Espanha e a Inglaterra estar\u00e3o em guerra. O sangue correr\u00e1 nas ruas, o franc\u00eas combater\u00e1 contra o franc\u00eas, o italiano contra o italiano.<\/p><p>\u201cA seguir haver\u00e1 uma guerra geral, que ser\u00e1 horrorosa. Durante certo tempo Deus n\u00e3o se lembrar\u00e1 mais da Fran\u00e7a nem da It\u00e1lia, porque o Evangelho de Jesus Cristo n\u00e3o ser\u00e1 mais conhecido.<\/p><p>\u201cOs maus estender\u00e3o toda sua mal\u00edcia. At\u00e9 nas casas as pessoas matar-se-\u00e3o e massacrar-se-\u00e3o mutuamente.<\/p><p>\u201cAo primeiro golpe de sua espada fulgurante [refere-se a Deus], as montanhas e a natureza inteira tremer\u00e3o de espanto, porque as desordens e os crimes dos homens transpassar\u00e3o a ab\u00f3bada celeste.<\/p><p><b>\u201cParis ser\u00e1 queimada, e Marselha engolida [pelas \u00e1guas].<\/b><\/p><p><b>\u201cV\u00e1rias grandes cidades ser\u00e3o abaladas e tragadas por tremores de terra.<\/b> Crer-se-\u00e1 que tudo est\u00e1 perdido. S\u00f3 se ver\u00e3o homic\u00eddios, e se ouvir\u00e3o apenas ru\u00eddos de armas e blasf\u00eamias.<\/p><p>\u201cOs justos sofrer\u00e3o muito. Suas ora\u00e7\u00f5es, sua penit\u00eancia e suas l\u00e1grimas subir\u00e3o at\u00e9 o c\u00e9u e todo o povo de Deus pedir\u00e1 perd\u00e3o e miseric\u00f3rdia. E pedir\u00e1 minha ajuda e intercess\u00e3o.<\/p><p><img loading=\"lazy\" decoding=\"async\" class=\"alignnone wp-image-4361 size-full\" src=\"http:\/\/ligadosantorosario.com\/wp-content\/uploads\/Anjos_Ferreiros.png\" alt=\"\" width=\"394\" height=\"772\" srcset=\"https:\/\/ligadosantorosario.com\/wp-content\/uploads\/Anjos_Ferreiros.png 394w, https:\/\/ligadosantorosario.com\/wp-content\/uploads\/Anjos_Ferreiros-153x300.png 153w\" sizes=\"(max-width: 394px) 100vw, 394px\" \/><\/p><p>\u201cJesus Cristo, por um ato de sua justi\u00e7a e de sua grande miseric\u00f3rdia em rela\u00e7\u00e3o aos justos, ordenar\u00e1 a seus anjos que deem morte a todos os seus inimigos.<\/p><p><b>\u201cDe repente os perseguidores da Igreja de Jesus Cristo e todos os homens entregues ao pecado perecer\u00e3o, e a Terra tornar-se-\u00e1 como um deserto.<\/b><\/p><p>\u201cEnt\u00e3o ser\u00e1 feita a paz, a reconcilia\u00e7\u00e3o de Deus com os homens. Jesus Cristo ser\u00e1 servido, adorado e glorificado. A caridade florescer\u00e1 por toda parte.<\/p><p>\u201cOs novos reis ser\u00e3o o bra\u00e7o direito da Santa Igreja, a qual ser\u00e1 forte, humilde, piedosa, pobre, zelosa e imitadora das virtudes de Jesus Cristo.<\/p><p>\u201cO Evangelho ser\u00e1 pregado por toda parte e os homens far\u00e3o grandes progressos na f\u00e9, porque haver\u00e1 unidade entre os oper\u00e1rios de Jesus Cristo e os homens viver\u00e3o no temor de Deus.<\/p><p>\u201cEsta paz entre os homens n\u00e3o ser\u00e1 longa. Vinte e cinco anos de safras abundantes lhes far\u00e3o esquecer que os pecados dos homens s\u00e3o a causa de todas as desgra\u00e7as que sucedem na terra.<\/p><p>\u201cUm precursor do Anticristo, com tropas de v\u00e1rias na\u00e7\u00f5es, guerrear\u00e1 contra o verdadeiro Cristo, \u00fanico Salvador do mundo, derramar\u00e1 muito sangue e tentar\u00e1 aniquilar o culto de Deus, para se fazer cultuar como um deus\u201d.<\/p><p>\u201cA Terra ser\u00e1 atingida por toda esp\u00e9cie de flagelos (al\u00e9m da peste e da fome, que ser\u00e3o gerais).<\/p><p>\u201cHaver\u00e1 guerras at\u00e9 a \u00faltima guerra, que ser\u00e1 movida pelos dez reis do Anticristo, cujo objetivo ser\u00e1 o mesmo e ser\u00e3o os \u00fanicos a governarem o mundo.<\/p><p>\u201cAntes que isto aconte\u00e7a,\u00a0<strong>haver\u00e1 uma esp\u00e9cie de falsa paz no mundo. N\u00e3o se pensar\u00e1 em outra coisa, sen\u00e3o em se divertir.<\/strong>\u00a0Os maus se entregar\u00e3o a toda sorte de pecados.<\/p><p>\u201cMas os filhos da Santa Igreja, os filhos da f\u00e9, meus verdadeiros imitadores, acreditar\u00e3o no amor de Deus e nas virtudes que me s\u00e3o mais caras. Felizes essas almas humildes conduzidas pelo Esp\u00edrito Santo!<\/p><p>\u201cEu combaterei junto a elas at\u00e9 que atinjam a plenitude da idade\u201d.<\/p><p>\u201cA natureza exige vingan\u00e7a por causa dos homens e estremece de pavor, na espera do que deve acontecer \u00e0 Terra emporcalhada de crimes.<\/p><p>\u201cTremei, \u00f3 Terra, v\u00f3s que fizestes profiss\u00e3o de servir a Jesus Cristo, mas que no vosso \u00edntimo adorais a v\u00f3s pr\u00f3prios.<\/p><p>\u201c<b>Tremei, pois Deus vos entregar\u00e1 a seu inimigo, porque os lugares santos est\u00e3o imersos na corrup\u00e7\u00e3o. Muitos conventos n\u00e3o s\u00e3o mais casas de Deus, m<\/b>as pastagens de Asmodeu e os seus [dem\u00f4nios].<\/p><p>\u201cDurante esse tempo nascer\u00e1 o Anticristo de uma religiosa hebraica, uma falsa virgem que ter\u00e1 comunica\u00e7\u00e3o com a velha serpente.<\/p><p><img loading=\"lazy\" decoding=\"async\" class=\"alignnone wp-image-4362 size-full\" src=\"http:\/\/ligadosantorosario.com\/wp-content\/uploads\/NossaSenhoraChorando.png\" alt=\"\" width=\"468\" height=\"644\" srcset=\"https:\/\/ligadosantorosario.com\/wp-content\/uploads\/NossaSenhoraChorando.png 468w, https:\/\/ligadosantorosario.com\/wp-content\/uploads\/NossaSenhoraChorando-218x300.png 218w\" sizes=\"(max-width: 468px) 100vw, 468px\" \/><\/p><p>\u201cE o mestre da impureza, seu pai, ser\u00e1 bispo. Ao nascer, vomitar\u00e1 blasf\u00eamias e ter\u00e1 dentes. Numa palavra, ser\u00e1 o diabo encarnado.<\/p><p>\u201cDar\u00e1 gritos aterrorizadores, far\u00e1 prod\u00edgios, alimentar-se-\u00e1 s\u00f3 de impurezas. Ter\u00e1 irm\u00e3os que, embora n\u00e3o sejam como ele outros dem\u00f4nios encarnados, ser\u00e3o filhos do mal.<\/p><p>\u201cAos doze anos eles se far\u00e3o notar pelas valorosas vit\u00f3rias que obter\u00e3o. Logo estar\u00e1 cada um \u00e0 testa de ex\u00e9rcitos, assistidos por legi\u00f5es do inferno.<\/p><p>\u201cAs esta\u00e7\u00f5es mudar\u00e3o, a terra s\u00f3 dar\u00e1 maus frutos, os astros perder\u00e3o seus movimentos regulares, a Lua n\u00e3o projetar\u00e1 sen\u00e3o uma d\u00e9bil luz avermelhada.<\/p><p>\u201cA \u00e1gua e o fogo dar\u00e3o ao globo terrestre movimentos convulsivos e horr\u00edveis tremores de terra, que engolir\u00e3o montanhas, cidades, etc..<\/p><p>\u201cRoma perder\u00e1 a f\u00e9 e se tornar\u00e1 sede do Anticristo.<\/p><p>\u201cOs dem\u00f4nios do ar, junto com o Anticristo, far\u00e3o grandes prod\u00edgios na terra e nos ares.<\/p><p>\u201cE os homens se perverter\u00e3o cada vez mais. Deus tomar\u00e1 sob seus cuidados os fi\u00e9is servidores e os homens de boa vontade, o Evangelho ser\u00e1 pregado por toda parte, todos os povos e todas as na\u00e7\u00f5es ter\u00e3o conhecimento da verdade.<\/p><p>\u201cEu dirijo um premente apelo \u00e0 Terra. Apelo aos verdadeiros disc\u00edpulos do Deus vivo que reina nos C\u00e9us. Apelo aos verdadeiros imitadores de Jesus Cristo feito homem, o \u00fanico e verdadeiro Salvador dos homens.<\/p><p>\u201cApelo aos meus filhos, meus verdadeiros devotos, aqueles que se deram a mim para que eu os conduza a meu divino Filho, aqueles que levo por assim dizer nos meus bra\u00e7os, que vivem de meu esp\u00edrito.<\/p><p><b>\u201cEnfim, apelo aos <u>Ap\u00f3stolos dos \u00daltimos Tempos<\/u>, aos fi\u00e9is disc\u00edpulos de Jesus Cristo que viveram no desprezo do mundo e de si pr\u00f3prios, na pobreza e na humildade, no desprezo e no sil\u00eancio, na ora\u00e7\u00e3o e na mortifica\u00e7\u00e3o, na castidade e na uni\u00e3o com Deus, no sofrimento e desconhecidos do mundo.<\/b><\/p><p><b>\u201c\u00c9 chegado o tempo para que eles saiam e venham iluminar a Terra. Ide e mostrai-vos como meus filhos amados. Estou convosco e em v\u00f3s, contanto que vossa f\u00e9 seja a luz que vos ilumina nestes dias de desgra\u00e7as.<\/b><\/p><p><b>\u201cQue vosso zelo vos fa\u00e7a como que famintos da gl\u00f3ria e honra de Jesus Cristo. Combatei, filhos da luz, pequeno n\u00famero que isto vedes, pois a\u00ed est\u00e1 o tempo dos tempos, o fim dos fins.<\/b><\/p><p><img loading=\"lazy\" decoding=\"async\" class=\"alignnone wp-image-4363 size-full\" src=\"http:\/\/ligadosantorosario.com\/wp-content\/uploads\/NossaSenhoravidentes.png\" alt=\"\" width=\"444\" height=\"644\" srcset=\"https:\/\/ligadosantorosario.com\/wp-content\/uploads\/NossaSenhoravidentes.png 444w, https:\/\/ligadosantorosario.com\/wp-content\/uploads\/NossaSenhoravidentes-207x300.png 207w\" sizes=\"(max-width: 444px) 100vw, 444px\" \/><\/p><p>\u201cA Igreja ser\u00e1 eclipsada, o mundo estar\u00e1 na consterna\u00e7\u00e3o.<\/p><p>\u201cMas eis Enoc e Elias cheios do Esp\u00edrito de Deus. Eles pregar\u00e3o com a for\u00e7a de Deus, os homens de boa vontade acreditar\u00e3o em Deus e muitas almas ser\u00e3o consoladas.<\/p><p>\u201cEles far\u00e3o grandes progressos, pela virtude do Esp\u00edrito Santo, e condenar\u00e3o os erros diab\u00f3licos do Anticristo.<\/p><p>\u201cAi dos habitantes da Terra! Haver\u00e1 guerras sangrentas e fome, peste e doen\u00e7as contagiosas. Haver\u00e1 chuvas feitas de saraivadas espantosas de animais, trovoadas que abalar\u00e3o as cidades, terremotos que engolir\u00e3o pa\u00edses.<\/p><p>\u201cOuvir-se-\u00e3o vozes pelos ares. Os homens bater\u00e3o as cabe\u00e7as contra as paredes. Pedir\u00e3o a morte, e por outro lado a morte ser\u00e1 seu supl\u00edcio. O sangue correr\u00e1 de todo lado.<\/p><p>\u201cQuem poder\u00e1 resistir, se Deus n\u00e3o diminuir o tempo da prova? Deus se deixar\u00e1 dobrar pelo sangue, l\u00e1grimas e ora\u00e7\u00f5es dos justos.<\/p><p>\u201cEnoc e Elias ser\u00e3o mortos. Roma pag\u00e3 desaparecer\u00e1. O fogo do c\u00e9u cair\u00e1 e consumir\u00e1 tr\u00eas cidades.<\/p><p>\u201cTodo o universo ser\u00e1 tomado de terror, e muitos se deixar\u00e3o seduzir, porque n\u00e3o adoraram o verdadeiro Cristo vivo entre eles.<\/p><p>\u201cChegou a hora, o sol se obscurece, s\u00f3 a f\u00e9 viver\u00e1.<\/p><p>\u201cChegou o tempo, o abismo se abre. Eis o rei dos reis das trevas, eis a Besta com seus s\u00faditos, dizendo ser o salvador do mundo. Ele se elevar\u00e1 orgulhosamente nos ares para ir at\u00e9 o c\u00e9u.<\/p><p>\u201cSer\u00e1 asfixiado pelo sopro de S\u00e3o Miguel Arcanjo. Cair\u00e1. E a Terra, que durante tr\u00eas dias ter\u00e1 estado em cont\u00ednuas evolu\u00e7\u00f5es, abrir\u00e1 seu seio cheio de fogo.<\/p><p>\u201cEle ser\u00e1 submerso para sempre, com todos os seus, nos despenhadeiros eternos do inferno.<\/p><p>\u201cEnt\u00e3o a \u00e1gua e o fogo purificar\u00e3o a Terra e consumir\u00e3o todas as obras do orgulho dos homens, e tudo ser\u00e1 renovado. Deus ser\u00e1 servido e glorificado\u201d.<\/p><h4><b>Termina aqui o Segredo, que foi transcrito integralmente.<\/b><\/h4><p>Para mais compara\u00e7\u00f5es com outras profecias fidedignas, esclarecimentos e coment\u00e1rios confira os posts do nosso blog relativos a cada parte aqui transcrita.<\/p><p><strong><em>Fonte: Michel Corteville \u2013 Ren\u00e9 Laurentin, \u201cD\u00e9couverte du Secret de La Salette \u2014 Au-del\u00e0 des pol\u00e9miques, la v\u00e9rit\u00e9 sur l&#8217;apparition et ses voyants\u201d, Fayard, Paris, 2002.<\/em><\/strong><\/p>\t\t\t\t\t\t<\/div>\n\t\t\t\t<\/div>\n\t\t\t\t\t<\/div>\n\t\t<\/div>\n\t\t\t\t\t<\/div>\n\t\t<\/section>\n\t\t\t\t<\/div>\n\t\t","protected":false},"excerpt":{"rendered":"<p>19 de setembro &#8211; Nossa Senhora de la Salette M\u00e9lanie em 1848 Maximin em 1848 O segredo na sua forma mais completa Luiz Eduardo Dufaur \u00a0 Os dois pastorinhos \u2013 Maximin Giraud e M\u00e9lanie Calvat \u2013 tiveram uma vis\u00e3o da Virgem Maria numa montanha perto de La Salette, Fran\u00e7a, a\u00a019 de Setembro de 1846, por volta das tr\u00eas horas da tarde. Os videntes s\u00f3 aceitaram revelar o segredo antes de 1858 por obedi\u00eancia, e com a finalidade de ser levado ao conhecimento exclusivo do Papa. Este foi o motivo da primeira reda\u00e7\u00e3o oficial do segredo, feita por Maximin em 3&#8230;<\/p>\n","protected":false},"author":1,"featured_media":0,"comment_status":"open","ping_status":"open","sticky":false,"template":"","format":"standard","meta":{"jetpack_post_was_ever_published":false,"_jetpack_newsletter_access":"","_jetpack_dont_email_post_to_subs":false,"_jetpack_newsletter_tier_id":0,"footnotes":""},"categories":[1],"tags":[],"jetpack_sharing_enabled":true,"jetpack_featured_media_url":"","_links":{"self":[{"href":"https:\/\/ligadosantorosario.com\/index.php?rest_route=\/wp\/v2\/posts\/4343"}],"collection":[{"href":"https:\/\/ligadosantorosario.com\/index.php?rest_route=\/wp\/v2\/posts"}],"about":[{"href":"https:\/\/ligadosantorosario.com\/index.php?rest_route=\/wp\/v2\/types\/post"}],"author":[{"embeddable":true,"href":"https:\/\/ligadosantorosario.com\/index.php?rest_route=\/wp\/v2\/users\/1"}],"replies":[{"embeddable":true,"href":"https:\/\/ligadosantorosario.com\/index.php?rest_route=%2Fwp%2Fv2%2Fcomments&post=4343"}],"version-history":[{"count":43,"href":"https:\/\/ligadosantorosario.com\/index.php?rest_route=\/wp\/v2\/posts\/4343\/revisions"}],"predecessor-version":[{"id":7428,"href":"https:\/\/ligadosantorosario.com\/index.php?rest_route=\/wp\/v2\/posts\/4343\/revisions\/7428"}],"wp:attachment":[{"href":"https:\/\/ligadosantorosario.com\/index.php?rest_route=%2Fwp%2Fv2%2Fmedia&parent=4343"}],"wp:term":[{"taxonomy":"category","embeddable":true,"href":"https:\/\/ligadosantorosario.com\/index.php?rest_route=%2Fwp%2Fv2%2Fcategories&post=4343"},{"taxonomy":"post_tag","embeddable":true,"href":"https:\/\/ligadosantorosario.com\/index.php?rest_route=%2Fwp%2Fv2%2Ftags&post=4343"}],"curies":[{"name":"wp","href":"https:\/\/api.w.org\/{rel}","templated":true}]}}