{"id":5195,"date":"2024-04-25T15:09:48","date_gmt":"2024-04-25T15:09:48","guid":{"rendered":"https:\/\/ligadosantorosario.com\/?p=5195"},"modified":"2024-04-25T18:59:56","modified_gmt":"2024-04-25T18:59:56","slug":"nossa-senhora-do-bom-conselho","status":"publish","type":"post","link":"https:\/\/ligadosantorosario.com\/?p=5195","title":{"rendered":"Nossa Senhora do Bom Conselho"},"content":{"rendered":"\t\t<div data-elementor-type=\"wp-post\" data-elementor-id=\"5195\" class=\"elementor elementor-5195\" data-elementor-post-type=\"post\">\n\t\t\t\t\t\t<section class=\"elementor-section elementor-top-section elementor-element elementor-element-242bf5a elementor-section-boxed elementor-section-height-default elementor-section-height-default\" data-id=\"242bf5a\" data-element_type=\"section\">\n\t\t\t\t\t\t<div class=\"elementor-container elementor-column-gap-default\">\n\t\t\t\t\t<div class=\"elementor-column elementor-col-100 elementor-top-column elementor-element elementor-element-f7d6970\" data-id=\"f7d6970\" data-element_type=\"column\">\n\t\t\t<div class=\"elementor-widget-wrap elementor-element-populated\">\n\t\t\t\t\t\t<div class=\"elementor-element elementor-element-1b9eeb1 elementor-widget elementor-widget-image\" data-id=\"1b9eeb1\" data-element_type=\"widget\" data-widget_type=\"image.default\">\n\t\t\t\t<div class=\"elementor-widget-container\">\n\t\t\t<style>\/*! elementor - v3.23.0 - 05-08-2024 *\/\n.elementor-widget-image{text-align:center}.elementor-widget-image a{display:inline-block}.elementor-widget-image a img[src$=\".svg\"]{width:48px}.elementor-widget-image img{vertical-align:middle;display:inline-block}<\/style>\t\t\t\t\t\t\t\t\t\t<img fetchpriority=\"high\" decoding=\"async\" width=\"262\" height=\"300\" src=\"https:\/\/ligadosantorosario.com\/wp-content\/uploads\/Mater-Boni-Consilii-Genazzano-262x300.jpg\" class=\"attachment-medium size-medium wp-image-5143\" alt=\"\" srcset=\"https:\/\/ligadosantorosario.com\/wp-content\/uploads\/Mater-Boni-Consilii-Genazzano-262x300.jpg 262w, https:\/\/ligadosantorosario.com\/wp-content\/uploads\/Mater-Boni-Consilii-Genazzano-768x879.jpg 768w, https:\/\/ligadosantorosario.com\/wp-content\/uploads\/Mater-Boni-Consilii-Genazzano.jpg 895w\" sizes=\"(max-width: 262px) 100vw, 262px\" \/>\t\t\t\t\t\t\t\t\t\t\t\t\t<\/div>\n\t\t\t\t<\/div>\n\t\t\t\t\t<\/div>\n\t\t<\/div>\n\t\t\t\t\t<\/div>\n\t\t<\/section>\n\t\t\t\t<section class=\"elementor-section elementor-top-section elementor-element elementor-element-3fac0e0 elementor-section-boxed elementor-section-height-default elementor-section-height-default\" data-id=\"3fac0e0\" data-element_type=\"section\">\n\t\t\t\t\t\t<div class=\"elementor-container elementor-column-gap-default\">\n\t\t\t\t\t<div class=\"elementor-column elementor-col-100 elementor-top-column elementor-element elementor-element-6b9dde2\" data-id=\"6b9dde2\" data-element_type=\"column\">\n\t\t\t<div class=\"elementor-widget-wrap elementor-element-populated\">\n\t\t\t\t\t\t<div class=\"elementor-element elementor-element-0ee6535 elementor-widget elementor-widget-heading\" data-id=\"0ee6535\" data-element_type=\"widget\" data-widget_type=\"heading.default\">\n\t\t\t\t<div class=\"elementor-widget-container\">\n\t\t\t<style>\/*! elementor - v3.23.0 - 05-08-2024 *\/\n.elementor-heading-title{padding:0;margin:0;line-height:1}.elementor-widget-heading .elementor-heading-title[class*=elementor-size-]>a{color:inherit;font-size:inherit;line-height:inherit}.elementor-widget-heading .elementor-heading-title.elementor-size-small{font-size:15px}.elementor-widget-heading .elementor-heading-title.elementor-size-medium{font-size:19px}.elementor-widget-heading .elementor-heading-title.elementor-size-large{font-size:29px}.elementor-widget-heading .elementor-heading-title.elementor-size-xl{font-size:39px}.elementor-widget-heading .elementor-heading-title.elementor-size-xxl{font-size:59px}<\/style><h4 class=\"elementor-heading-title elementor-size-default\">Pl\u00ednio Corr\u00eaa de Oliveira  -  <i><b>Festa: 26 de abril<\/b><\/i><\/h4>\t\t<\/div>\n\t\t\t\t<\/div>\n\t\t\t\t\t<\/div>\n\t\t<\/div>\n\t\t\t\t\t<\/div>\n\t\t<\/section>\n\t\t\t\t<section class=\"elementor-section elementor-top-section elementor-element elementor-element-6eec248 elementor-section-boxed elementor-section-height-default elementor-section-height-default\" data-id=\"6eec248\" data-element_type=\"section\">\n\t\t\t\t\t\t<div class=\"elementor-container elementor-column-gap-default\">\n\t\t\t\t\t<div class=\"elementor-column elementor-col-100 elementor-top-column elementor-element elementor-element-8a6d436\" data-id=\"8a6d436\" data-element_type=\"column\">\n\t\t\t<div class=\"elementor-widget-wrap\">\n\t\t\t\t\t\t\t<\/div>\n\t\t<\/div>\n\t\t\t\t\t<\/div>\n\t\t<\/section>\n\t\t\t\t<section class=\"elementor-section elementor-top-section elementor-element elementor-element-feff46c elementor-section-boxed elementor-section-height-default elementor-section-height-default\" data-id=\"feff46c\" data-element_type=\"section\">\n\t\t\t\t\t\t<div class=\"elementor-container elementor-column-gap-wide\">\n\t\t\t\t\t<div class=\"elementor-column elementor-col-100 elementor-top-column elementor-element elementor-element-4dee0f4\" data-id=\"4dee0f4\" data-element_type=\"column\">\n\t\t\t<div class=\"elementor-widget-wrap elementor-element-populated\">\n\t\t\t\t\t\t<div class=\"elementor-element elementor-element-058b0b6 elementor-widget__width-inherit elementor-widget elementor-widget-text-editor\" data-id=\"058b0b6\" data-element_type=\"widget\" data-widget_type=\"text-editor.default\">\n\t\t\t\t<div class=\"elementor-widget-container\">\n\t\t\t<style>\/*! elementor - v3.23.0 - 05-08-2024 *\/\n.elementor-widget-text-editor.elementor-drop-cap-view-stacked .elementor-drop-cap{background-color:#69727d;color:#fff}.elementor-widget-text-editor.elementor-drop-cap-view-framed .elementor-drop-cap{color:#69727d;border:3px solid;background-color:transparent}.elementor-widget-text-editor:not(.elementor-drop-cap-view-default) .elementor-drop-cap{margin-top:8px}.elementor-widget-text-editor:not(.elementor-drop-cap-view-default) .elementor-drop-cap-letter{width:1em;height:1em}.elementor-widget-text-editor .elementor-drop-cap{float:left;text-align:center;line-height:1;font-size:50px}.elementor-widget-text-editor .elementor-drop-cap-letter{display:inline-block}<\/style>\t\t\t\t<p><b>Na Alb\u00e2nia, no s\u00e9culo XV, a religi\u00e3o corria grave risco: de um lado, o fervor da popula\u00e7\u00e3o cat\u00f3lica estava em decl\u00ednio; de outro lado, assaltavam-na com crescente furor as hordas dos invasores maometanos, cujo objetivo era destruir at\u00e9 \u00e0 raiz a F\u00e9 cat\u00f3lica em territ\u00f3rio alban\u00eas. Para evitar a cat\u00e1strofe, a Provid\u00eancia suscitara um her\u00f3i compar\u00e1vel, pelo destemor e pela F\u00e9, aos pares de Carlos Magno e aos batalhadores mais salientes das Cruzadas e da Reconquista luso-hisp\u00e2nica: Scanderbeg. Enquanto ele viveu, a Alb\u00e2nia resistiu. Ele morto, em seguida a feitos her\u00f3icos e gloriosos, a resist\u00eancia albanesa se esboroou. Explic\u00e1vel castigo para uma popula\u00e7\u00e3o atolada na tibieza.<\/b><\/p><p><b>Al\u00e9m de Scanderbeg &#8211; e qu\u00e3o superior a ele &#8211; havia na Alb\u00e2nia outro pilar da Cristandade abalada. Era a Imagem &#8211; um afresco &#8211; de Nossa Senhora ent\u00e3o chamada &#8220;dos Bons Of\u00edcios&#8221; (invoca\u00e7\u00e3o an\u00e1loga \u00e0 de Nossa Senhora Auxiliadora, hoje generalizada em todo o mundo cat\u00f3lico). Essa Imagem, venerada em santu\u00e1rio pr\u00f3ximo de Sc\u00fatari, ocasi\u00e3o de tantas e t\u00e3o preciosas gra\u00e7as para aquele povo corrompido pela tibieza, cairia nas m\u00e3os do invasor maometano?<\/b><\/p><p><b>Era o que se perguntavam com ansiedade dois devotos albaneses, Georgio e De Sclavis, dignos representantes do que a Alb\u00e2nia ainda conservava de fiel.<\/b><\/p><p><b>A resposta a essa pergunta n\u00e3o tardou. A Imagem se destacou lentamente da parede, ante os olhos at\u00f4nitos dos dois devotos compatriotas do grande Scanderbeg. Ela se al\u00e7ou e foi prosseguindo em dire\u00e7\u00e3o \u00e0s \u00e1guas do Mar Adri\u00e1tico. E se foi deslocando sempre em igual dire\u00e7\u00e3o, ao mesmo tempo em que fazia entender aos dois albaneses que queria ser seguida por eles. Com F\u00e9 e estofo moral an\u00e1logos aos de Scanderbeg, ambos os albaneses n\u00e3o hesitaram. Foram caminhando milagrosamente sobre as \u00e1guas, at\u00e9 que a Imagem atingisse o territ\u00f3rio da catolic\u00edssima It\u00e1lia.<\/b><\/p><p><b>Um mundo que desaba, v\u00edtima de sua crise religiosa e moral, mais ainda do que do vigor do terr\u00edvel advers\u00e1rio, dois fi\u00e9is que continuam a crer e esperar contra toda a esperan\u00e7a, e um milagre estupendo a coroar a perseveran\u00e7a deles: eis em s\u00edntese o esquema do at\u00e9 aqui narrado.<\/b><\/p><p><b>\u00a0<\/b><b>Em condi\u00e7\u00f5es concretas muito diversas, o mesmo esquema se desenvolver\u00e1 em tra\u00e7os muito largos, mas an\u00e1logos, at\u00e9 nossos dias.<\/b><\/p><p><b>A ligar um esquema a outro, figura uma misteriosa e cruel prova\u00e7\u00e3o, da qual s\u00e3o part\u00edcipes os dois valentes albaneses, mais uma idosa italiana, a Beata Petruccia, cujo valor de alma tinha propor\u00e7\u00e3o com os dois her\u00f3is, escolhidos por Nossa Senhora do Bom Conselho para Lhe constitu\u00edrem imortal escolta de honra na travessia do Mar Adri\u00e1tico.<\/b><\/p><p><b>Com efeito, enquanto ambos os albaneses continuavam a seguir a Imagem pelo territ\u00f3rio italiano, esta&#8230; desapareceu. E foi encher de celestes consola\u00e7\u00f5es a alma de Petruccia, ent\u00e3o no auge de seu rev\u00e9s e de sua prova\u00e7\u00e3o.<\/b><\/p><p><b>\u00c9 o momento de dizer uma palavra sobre esta grande figura de mulher forte do Evangelho, que Nossa Senhora elegera para Lhe erguer o santu\u00e1rio mil vezes aben\u00e7oado em que a Imagem dEla est\u00e1 exposta \u00e0 venera\u00e7\u00e3o de incont\u00e1veis fi\u00e9is, desde h\u00e1 cinco s\u00e9culos.<\/b><\/p><p><b>Era ela uma vi\u00fava dotada de alguns bens. Muito piedosa, fora favorecida com uma vis\u00e3o na qual a Sant\u00edssima Virgem a incumbia de restaurar a igreja de Nossa Senhora do Bom Conselho, em Genazzano, ent\u00e3o amea\u00e7ada de ruir (5).<\/b><\/p><p><b>Para tal fim, Petruccia recorrera \u00e0 caridade dos fi\u00e9is. Mas o atendimento destes deixara a desejar. E as esmolas obtidas por Petruccia de modo nenhum bastavam para a execu\u00e7\u00e3o da obra. Animosa, resolvera ela ent\u00e3o aplicar na constru\u00e7\u00e3o o restante de seu patrim\u00f4nio pessoal. Mas at\u00e9 mesmo este fora insuficiente, pelo que as obras ainda estavam longe de ter chegado ao termo.<\/b><\/p><p><b>Tal insucesso atra\u00eda sobre a Beata os sarcasmos injustos dessa mesma popula\u00e7\u00e3o que dera t\u00edbio atendimento aos pedidos dela. Mas Petruccia continuava animosa, apesar de seus oitenta anos, confiando com firmeza no aux\u00edlio da Sant\u00edssima Virgem.<\/b><\/p><p><b>Foi pois imensa e maravilhosa a surpresa dela, e a de toda a popula\u00e7\u00e3o de Genazzano, quando, na tarde do s\u00e1bado 25 de abril de 1467, viram pousar sobre o lugarejo uma nuvem de aspecto admir\u00e1vel, da qual partiam os sons de uma m\u00fasica n\u00e3o menos bela. Aos poucos, destacou-se da nuvem o quadro de Nossa Senhora do Bom Conselho, o qual foi pousar sobre o altar que, na previs\u00e3o da futura conclus\u00e3o das obras, Petruccia fizera erguer.<\/b><\/p><p><b>Estava confirmada a vis\u00e3o da Beata Petruccia. Tornava-se manifesto que a Sant\u00edssima Virgem desejava a conclus\u00e3o das obras. E a popula\u00e7\u00e3o, que acorrera, enlevada para prestar culto \u00e0 Imagem, haveria de contribuir generosamente, de ent\u00e3o em diante, para a constru\u00e7\u00e3o da igreja. Esta n\u00e3o tardou em ser conclu\u00edda. E, enquanto nela os fi\u00e9is veneram o quadro da Virgem e do Menino, maravilhosamente transportado de Sc\u00fatari pelos anjos, nela tamb\u00e9m dormem o sono da paz os restos mortais da Beata Petruccia, \u00e0 espera da ressurrei\u00e7\u00e3o final.<\/b><\/p><p><b>Os dois albaneses, que haviam ficado desconcertados pelo desaparecimento de sua t\u00e3o querida Imagem, ignoravam o aparecimento desta \u00faltima em Genazzano. E andavam sem rumo pela It\u00e1lia, na v\u00e3 procura de seu tesouro perdido.<\/b><\/p><p><b>Quando lhes chegou aos ouvidos a not\u00edcia do ocorrido no lugarejo em que residia Petruccia, para l\u00e1 se dirigiram. \u00c9 f\u00e1cil calcular quanto se maravilharam e se alegraram ao reencontrarem ali o quadro celestial. Estava assim terminada a miss\u00e3o deles, a qual consistia, neste lance final, em atestar a identidade entre o quadro venerado em Sc\u00fatari e o que empolgava toda Genazzano.<\/b><\/p><p><b>Georgio e De Sclavis casaram em Genazzano e deixaram descend\u00eancia; a de Georgio se conserva at\u00e9 aos dias de hoje.<\/b><\/p><p><b>Os pontos de contato s\u00e3o evidentes: a miss\u00e3o dos dois albaneses se conectava com a de Petruccia. Guiados pela Virgem, os tr\u00eas trabalhavam, atrav\u00e9s de toda a sorte de obst\u00e1culos e prova\u00e7\u00f5es, para um mesmo fim. Este acabou por ser alcan\u00e7ado gloriosamente, sempre sob a dire\u00e7\u00e3o materna de Maria Sant\u00edssima.<\/b><\/p><p><b>\u00a0 \u00a0 \u00a0 \u00a0 \u00a0 \u00a0 \u00a0 \u00a0 \u00a0 \u00a0 \u00a0 \u00a0 \u00a0 \u00a0 \u00a0 \u00a0 \u00a0 \u00a0 \u00a0*\u00a0\u00a0\u00a0\u00a0 *\u00a0\u00a0\u00a0\u00a0 *<\/b><\/p><p><b>E eis que, isto posto, essas analogias nos transportam bruscamente a nosso s\u00e9culo, corro\u00eddo pela decad\u00eancia religiosa e moral, a qual \u00e9, por sua vez, ponto de partida para todas as outras formas da decad\u00eancia contempor\u00e2nea. Em 1917, a Virgem fala aos pastorinhos de F\u00e1tima, incumbindo-os de comunicar \u00e0 terra sua mensagem de justi\u00e7a e de miseric\u00f3rdia. Se o mundo n\u00e3o se convertesse e n\u00e3o fosse consagrado a Ela pelo Santo Padre simultaneamente com todos os Bispos nas respectivas dioceses, tremendos castigos haveriam de o assolar. A impiedade e a imoralidade seriam assim devidamente punidas e, em conseq\u00fc\u00eancia, tamb\u00e9m derrotadas. &#8220;Por fim &#8211; conclu\u00eda a Virgem \u2013 meu Imaculado Cora\u00e7\u00e3o triunfar\u00e1&#8221;.<\/b><\/p><p><b>\u00c9 bem de ver que, durante esse tempo de prova\u00e7\u00e3o, a Provid\u00eancia n\u00e3o deixar\u00e1 de suscitar em sua Igreja almas fortes e generosas, \u00e0s quais far\u00e1 conhecer, de um modo ou de outro, os seus des\u00edgnios. E que as utilizar\u00e1 tamb\u00e9m, de um modo ou de outro, para a obten\u00e7\u00e3o de sua vit\u00f3ria.<\/b><\/p><p><b>Quando se fala nos acontecimentos previstos em F\u00e1tima, as aten\u00e7\u00f5es se fixam principalmente nos castigos vindouros, e nos que os sofrer\u00e3o. E parecem esquecer os privilegiados devotos da Virgem que Ela suscitar\u00e1.<\/b><\/p><p><b>Quais ser\u00e3o estes? Compraz-nos conjeturar que constituir\u00e3o ponder\u00e1vel minoria, a qual confluir\u00e1 de todos os quadrantes da Terra, e se recrutar\u00e3o entre pessoas das mais diversas nacionalidades e condi\u00e7\u00f5es sociais.<\/b><\/p><p><b>Cada qual, segundo as formas e graus escolhidos por Maria Sant\u00edssima, ser\u00e1 alvo de gra\u00e7as admir\u00e1veis, ter\u00e1 de enfrentar obst\u00e1culos tremendos, julgar\u00e1 por vezes estar atolado em um insucesso total. Mas, por fim, no dia do grande triunfo, ser\u00e1 convocado maravilhosamente para participar da glorifica\u00e7\u00e3o da Sant\u00edssima M\u00e3e de Deus, e viver nos primeiros dias &#8211; pelo menos &#8211; daquela gloriosa era marial eloq\u00fcentemente prevista por S\u00e3o Lu\u00eds Maria Grignion de Montfort,\u00a0<a href=\"http:\/\/www.pliniocorreadeoliveira.info\/Especial_sao_luis_grignion_montfort.htm\">o grande ap\u00f3stolo da Virgem Sant\u00edssima no s\u00e9culo XVIII<\/a>\u00a0(6).<\/b><\/p><p>\u00a0<\/p><p><strong>Notas:<\/strong><\/p><p><b>(1) O car\u00e1ter ateu do igualitarismo \u00e9 lucidamente demonstrado por S\u00e3o Tom\u00e1s de Aquino, quando afirma: &#8220;Deve dizer-se que a multid\u00e3o e a distin\u00e7\u00e3o das coisas prov\u00eam da inten\u00e7\u00e3o do agente primeiro, que \u00e9 Deus. Pois trouxe as coisas ao ser para comunicar a sua bondade \u00e0s criaturas, e represent\u00e1-la atrav\u00e9s delas. E, como esta bondade n\u00e3o podia ser representada suficientemente por uma s\u00f3 criatura, produziu muitas e diversas; e assim, o que falta a uma, para representar a divina bondade, \u00e9 suprido por outra. Pois a bondade, que em Deus \u00e9 simples e uniforme, nas criaturas \u00e9 mult\u00edplice e dividida. Por onde, com mais perfei\u00e7\u00e3o participa da Divina Bondade e a representa todo o Universo do que uma s\u00f3 criatura, qualquer que seja&#8221; (Suma Teol\u00f3gica, 1 q. 47 a. 1).<\/b><\/p><p><b>(2) Trata-se do livro de autoria de Mons. Georges F. Dillon, Mission\u00e1rio Apost\u00f3lico na Austr\u00e1lia,\u00a0<em>La Vierge M\u00e8re du Bon Conseil<\/em>\u00a0(Descl\u00e9e de Brouwer, Bruges, 1885), tradu\u00e7\u00e3o do original ingl\u00eas The Virgin Mother of Good Counsel.<\/b><\/p><p><b>(3) &#8220;Una \u00abDichiarazione\u00bb&#8221;, in &#8220;Madre del Buon Consiglio&#8221;, Genazzano, julho-agosto de 1985, p. 28.<\/b><\/p><p><b>(4) Ver Cap\u00edtulos IV e V.<\/b><\/p><p><b>(5) Nesta igreja era cultuado desde o s\u00e9culo IV um baixo-relevo coma invoca\u00e7\u00e3o de Nossa Senhora do Bom Conselho. Come\u00e7ou Petruccia por reconstruir uma das capelas laterais, a de S\u00e3o Br\u00e1s, e foi junto \u00e0 parede principal desta capela que veio pousar o afresco venerado em Sc\u00fatari.<\/b><\/p><p><b>(6) S\u00e3o Lu\u00eds Maria Grignion de Montfort nasceu em 1673 em Montfort-sur-Meu (Fran\u00e7a), foi ordenado sacerdote em 1700 e subiu ao c\u00e9u em 1716. Beatificado por Le\u00e3o XIII em 22 de janeiro de 1888, Pio XII o canonizou em 20 de julho de 1947.<\/b><\/p>\t\t\t\t\t\t<\/div>\n\t\t\t\t<\/div>\n\t\t\t\t\t<\/div>\n\t\t<\/div>\n\t\t\t\t\t<\/div>\n\t\t<\/section>\n\t\t\t\t<section class=\"elementor-section elementor-top-section elementor-element elementor-element-d506eba elementor-section-boxed elementor-section-height-default elementor-section-height-default\" data-id=\"d506eba\" data-element_type=\"section\">\n\t\t\t\t\t\t<div class=\"elementor-container elementor-column-gap-default\">\n\t\t\t\t\t<div class=\"elementor-column elementor-col-100 elementor-top-column elementor-element elementor-element-98fc65d\" data-id=\"98fc65d\" data-element_type=\"column\">\n\t\t\t<div class=\"elementor-widget-wrap elementor-element-populated\">\n\t\t\t\t\t\t<div class=\"elementor-element elementor-element-ef39de4 elementor-widget elementor-widget-text-editor\" data-id=\"ef39de4\" data-element_type=\"widget\" data-widget_type=\"text-editor.default\">\n\t\t\t\t<div class=\"elementor-widget-container\">\n\t\t\t\t\t\t\t<h6><strong>Extra\u00eddo do site: Pliniocorreadeoliveira.info<\/strong><\/h6>\t\t\t\t\t\t<\/div>\n\t\t\t\t<\/div>\n\t\t\t\t\t<\/div>\n\t\t<\/div>\n\t\t\t\t\t<\/div>\n\t\t<\/section>\n\t\t\t\t<\/div>\n\t\t","protected":false},"excerpt":{"rendered":"<p>Pl\u00ednio Corr\u00eaa de Oliveira &#8211; Festa: 26 de abril Na Alb\u00e2nia, no s\u00e9culo XV, a religi\u00e3o corria grave risco: de um lado, o fervor da popula\u00e7\u00e3o cat\u00f3lica estava em decl\u00ednio; de outro lado, assaltavam-na com crescente furor as hordas dos invasores maometanos, cujo objetivo era destruir at\u00e9 \u00e0 raiz a F\u00e9 cat\u00f3lica em territ\u00f3rio alban\u00eas. Para evitar a cat\u00e1strofe, a Provid\u00eancia suscitara um her\u00f3i compar\u00e1vel, pelo destemor e pela F\u00e9, aos pares de Carlos Magno e aos batalhadores mais salientes das Cruzadas e da Reconquista luso-hisp\u00e2nica: Scanderbeg. Enquanto ele viveu, a Alb\u00e2nia resistiu. Ele morto, em seguida a feitos her\u00f3icos&#8230;<\/p>\n","protected":false},"author":1,"featured_media":0,"comment_status":"open","ping_status":"open","sticky":false,"template":"","format":"standard","meta":{"jetpack_post_was_ever_published":false,"_jetpack_newsletter_access":"","_jetpack_dont_email_post_to_subs":false,"_jetpack_newsletter_tier_id":0,"footnotes":""},"categories":[1],"tags":[],"jetpack_sharing_enabled":true,"jetpack_featured_media_url":"","_links":{"self":[{"href":"https:\/\/ligadosantorosario.com\/index.php?rest_route=\/wp\/v2\/posts\/5195"}],"collection":[{"href":"https:\/\/ligadosantorosario.com\/index.php?rest_route=\/wp\/v2\/posts"}],"about":[{"href":"https:\/\/ligadosantorosario.com\/index.php?rest_route=\/wp\/v2\/types\/post"}],"author":[{"embeddable":true,"href":"https:\/\/ligadosantorosario.com\/index.php?rest_route=\/wp\/v2\/users\/1"}],"replies":[{"embeddable":true,"href":"https:\/\/ligadosantorosario.com\/index.php?rest_route=%2Fwp%2Fv2%2Fcomments&post=5195"}],"version-history":[{"count":34,"href":"https:\/\/ligadosantorosario.com\/index.php?rest_route=\/wp\/v2\/posts\/5195\/revisions"}],"predecessor-version":[{"id":5237,"href":"https:\/\/ligadosantorosario.com\/index.php?rest_route=\/wp\/v2\/posts\/5195\/revisions\/5237"}],"wp:attachment":[{"href":"https:\/\/ligadosantorosario.com\/index.php?rest_route=%2Fwp%2Fv2%2Fmedia&parent=5195"}],"wp:term":[{"taxonomy":"category","embeddable":true,"href":"https:\/\/ligadosantorosario.com\/index.php?rest_route=%2Fwp%2Fv2%2Fcategories&post=5195"},{"taxonomy":"post_tag","embeddable":true,"href":"https:\/\/ligadosantorosario.com\/index.php?rest_route=%2Fwp%2Fv2%2Ftags&post=5195"}],"curies":[{"name":"wp","href":"https:\/\/api.w.org\/{rel}","templated":true}]}}