{"id":5622,"date":"2024-05-10T18:05:21","date_gmt":"2024-05-10T18:05:21","guid":{"rendered":"https:\/\/ligadosantorosario.com\/?p=5622"},"modified":"2025-05-09T23:07:00","modified_gmt":"2025-05-09T23:07:00","slug":"fatima-o-acontecimento-capital-do-seculo-xx","status":"publish","type":"post","link":"https:\/\/ligadosantorosario.com\/?p=5622","title":{"rendered":"F\u00e1tima &#8211; O acontecimento capital do s\u00e9culo XX"},"content":{"rendered":"\t\t<div data-elementor-type=\"wp-post\" data-elementor-id=\"5622\" class=\"elementor elementor-5622\" data-elementor-post-type=\"post\">\n\t\t\t\t\t\t<section class=\"elementor-section elementor-top-section elementor-element elementor-element-63145ef elementor-section-boxed elementor-section-height-default elementor-section-height-default\" data-id=\"63145ef\" data-element_type=\"section\">\n\t\t\t\t\t\t<div class=\"elementor-container elementor-column-gap-default\">\n\t\t\t\t\t<div class=\"elementor-column elementor-col-100 elementor-top-column elementor-element elementor-element-a140847\" data-id=\"a140847\" data-element_type=\"column\">\n\t\t\t<div class=\"elementor-widget-wrap elementor-element-populated\">\n\t\t\t\t\t\t<div class=\"elementor-element elementor-element-d76cd7a elementor-widget elementor-widget-text-editor\" data-id=\"d76cd7a\" data-element_type=\"widget\" data-widget_type=\"text-editor.default\">\n\t\t\t\t<div class=\"elementor-widget-container\">\n\t\t\t<style>\/*! elementor - v3.23.0 - 05-08-2024 *\/\n.elementor-widget-text-editor.elementor-drop-cap-view-stacked .elementor-drop-cap{background-color:#69727d;color:#fff}.elementor-widget-text-editor.elementor-drop-cap-view-framed .elementor-drop-cap{color:#69727d;border:3px solid;background-color:transparent}.elementor-widget-text-editor:not(.elementor-drop-cap-view-default) .elementor-drop-cap{margin-top:8px}.elementor-widget-text-editor:not(.elementor-drop-cap-view-default) .elementor-drop-cap-letter{width:1em;height:1em}.elementor-widget-text-editor .elementor-drop-cap{float:left;text-align:center;line-height:1;font-size:50px}.elementor-widget-text-editor .elementor-drop-cap-letter{display:inline-block}<\/style>\t\t\t\t<p><img fetchpriority=\"high\" decoding=\"async\" class=\"size-medium wp-image-5627 alignright\" src=\"http:\/\/ligadosantorosario.com\/wp-content\/uploads\/PCO-Edificio-Italia-decada-de-60-218x300.jpg\" alt=\"\" width=\"218\" height=\"300\" srcset=\"https:\/\/ligadosantorosario.com\/wp-content\/uploads\/PCO-Edificio-Italia-decada-de-60-218x300.jpg 218w, https:\/\/ligadosantorosario.com\/wp-content\/uploads\/PCO-Edificio-Italia-decada-de-60.jpg 222w\" sizes=\"(max-width: 218px) 100vw, 218px\" \/><\/p><h4>\u00a0 \u00a0 \u00a0 \u00a0 \u00a0 \u00a0 \u00a0 \u00a0 \u00a0 \u00a0 \u00a0 \u00a0 \u00a0 \u00a0 \u00a0 \u00a0 \u00a0 \u00a0 \u00a0 \u00a0 \u00a0 \u00a0 \u00a0 \u00a0 \u00a0 \u00a0 \u00a0 \u00a0 \u00a0 \u00a0 \u00a0 \u00a0 \u00a0 \u00a0 \u00a0 \u00a0 \u00a0 \u00a0 \u00a0 \u00a0 \u00a0 \u00a0 \u00a0 \u00a0 \u00a0 \u00a0 \u00a0 \u00a0 \u00a0 \u00a0 \u00a0 \u00a0 \u00a0 \u00a0 \u00a0 \u00a0 \u00a0 \u00a0 \u00a0 \u00a0 \u00a0 \u00a0 \u00a0 \u00a0 \u00a0 \u00a0 \u00a0 \u00a0 \u00a0 \u00a0 \u00a0 \u00a0 \u00a0 \u00a0 \u00a0 \u00a0 \u00a0 \u00a0 \u00a0 \u00a0 \u00a0 \u00a0 \u00a0 \u00a0 \u00a0 \u00a0 \u00a0 \u00a0 \u00a0 \u00a0 \u00a0 \u00a0 \u00a0 \u00a0 \u00a0 \u00a0 \u00a0 \u00a0 \u00a0 \u00a0 \u00a0 \u00a0 \u00a0 \u00a0 \u00a0 \u00a0 \u00a0 \u00a0 \u00a0 \u00a0 \u00a0 \u00a0 \u00a0 \u00a0 \u00a0 \u00a0 \u00a0 \u00a0 \u00a0 \u00a0 \u00a0 \u00a0 \u00a0 \u00a0 \u00a0 \u00a0 \u00a0 \u00a0 \u00a0 \u00a0 \u00a0 \u00a0 \u00a0 \u00a0 \u00a0 \u00a0 \u00a0 \u00a0 \u00a0 \u00a0 \u00a0 \u00a0 \u00a0 \u00a0 \u00a0 \u00a0 \u00a0 \u00a0 \u00a0 \u00a0 \u00a0 \u00a0 \u00a0 \u00a0 \u00a0\u00a0<\/h4><h4>\u00a0 \u00a0 \u00a0 \u00a0 \u00a0 \u00a0\u00a0<b>\u00a0<\/b>Pl\u00ednio Corr\u00eaa de Oliveira\u00a0 \u00a0 &#8211;\u00a0 \u00a0Ap\u00f3stolo de F\u00e1tima<b>\u00a0 <\/b>\u00a0 \u00a0 \u00a0 \u00a0 \u00a0 \u00a0 \u00a0 \u00a0 \u00a0 \u00a0 \u00a0 \u00a0 \u00a0 \u00a0 \u00a0 \u00a0 \u00a0 \u00a0 \u00a0 \u00a0 \u00a0 \u00a0 \u00a0 \u00a0 \u00a0 \u00a0 \u00a0 \u00a0 \u00a0 \u00a0 \u00a0 \u00a0 \u00a0 \u00a0 \u00a0 \u00a0 \u00a0 \u00a0 \u00a0 \u00a0 \u00a0 \u00a0 \u00a0 \u00a0\u00a0<\/h4>\t\t\t\t\t\t<\/div>\n\t\t\t\t<\/div>\n\t\t\t\t\t<\/div>\n\t\t<\/div>\n\t\t\t\t\t<\/div>\n\t\t<\/section>\n\t\t\t\t<section class=\"elementor-section elementor-top-section elementor-element elementor-element-d7ae098 elementor-section-boxed elementor-section-height-default elementor-section-height-default\" data-id=\"d7ae098\" data-element_type=\"section\">\n\t\t\t\t\t\t<div class=\"elementor-container elementor-column-gap-default\">\n\t\t\t\t\t<div class=\"elementor-column elementor-col-100 elementor-top-column elementor-element elementor-element-f4eb749\" data-id=\"f4eb749\" data-element_type=\"column\">\n\t\t\t<div class=\"elementor-widget-wrap\">\n\t\t\t\t\t\t\t<\/div>\n\t\t<\/div>\n\t\t\t\t\t<\/div>\n\t\t<\/section>\n\t\t\t\t<section class=\"elementor-section elementor-top-section elementor-element elementor-element-d5d9372 elementor-section-boxed elementor-section-height-default elementor-section-height-default\" data-id=\"d5d9372\" data-element_type=\"section\">\n\t\t\t\t\t\t<div class=\"elementor-container elementor-column-gap-default\">\n\t\t\t\t\t<div class=\"elementor-column elementor-col-100 elementor-top-column elementor-element elementor-element-57ce3c4\" data-id=\"57ce3c4\" data-element_type=\"column\">\n\t\t\t<div class=\"elementor-widget-wrap elementor-element-populated\">\n\t\t\t\t\t\t<div class=\"elementor-element elementor-element-d751c50 elementor-widget elementor-widget-text-editor\" data-id=\"d751c50\" data-element_type=\"widget\" data-widget_type=\"text-editor.default\">\n\t\t\t\t<div class=\"elementor-widget-container\">\n\t\t\t\t\t\t\t<h4><strong>SOBRE\u00a0F\u00e1tima<\/strong>\u00a0\u2014\u00a0como sobre tantos outros assuntos em nosso Pa\u00eds \u2014 muito se fala, e pouco se sabe de positivo, pelo menos na grande massa. Ningu\u00e9m ignora que se trata de uma nova invoca\u00e7\u00e3o de Nossa Senhora a cintilar no firmamento da Igreja. Qual a origem hist\u00f3rica desta invoca\u00e7\u00e3o? Qual o seu significado exato? Qual seu alcance para a vida espiritual e as atividades de apostolado? \u00c9 o que muitos n\u00e3o saberiam dizer.<br \/>Quis a relevante piedade do grande apostolo brasileiro de Maria, que \u00e9 Dom Antonio de Castro Mayer, preparar em Campos uma recep\u00e7\u00e3o triunfal para a imagem de Nossa Senhora de F\u00e1tima que ora percorre o mundo. Este fato d\u00e1 ensejo a que em CATOLICISMO se diga algo sobre o assunto.<br \/>Bem entendido, um simples artigo de jornal n\u00e3o pode esgotar mat\u00e9ria importante e complexa como esta, sobre a qual j\u00e1 existe toda uma volumosa bibliografia em todos os pa\u00edses cat\u00f3licos. Dos fatos, daremos apenas uma narra\u00e7\u00e3o muito sucinta, o m\u00ednimo necess\u00e1rio para que leitores menos informados possam acompanhar o coment\u00e1rio. Neste, desejamos acentuar alguns aspectos das mensagens de Nossa Senhora, que em geral n\u00e3o se p\u00f5e no necess\u00e1rio relevo.<\/h4>\t\t\t\t\t\t<\/div>\n\t\t\t\t<\/div>\n\t\t\t\t\t<\/div>\n\t\t<\/div>\n\t\t\t\t\t<\/div>\n\t\t<\/section>\n\t\t\t\t<section class=\"elementor-section elementor-top-section elementor-element elementor-element-5707506 elementor-section-boxed elementor-section-height-default elementor-section-height-default\" data-id=\"5707506\" data-element_type=\"section\">\n\t\t\t\t\t\t<div class=\"elementor-container elementor-column-gap-default\">\n\t\t\t\t\t<div class=\"elementor-column elementor-col-100 elementor-top-column elementor-element elementor-element-0d45413\" data-id=\"0d45413\" data-element_type=\"column\">\n\t\t\t<div class=\"elementor-widget-wrap elementor-element-populated\">\n\t\t\t\t\t\t<div class=\"elementor-element elementor-element-5e2bcf1 elementor-widget elementor-widget-image\" data-id=\"5e2bcf1\" data-element_type=\"widget\" data-widget_type=\"image.default\">\n\t\t\t\t<div class=\"elementor-widget-container\">\n\t\t\t<style>\/*! elementor - v3.23.0 - 05-08-2024 *\/\n.elementor-widget-image{text-align:center}.elementor-widget-image a{display:inline-block}.elementor-widget-image a img[src$=\".svg\"]{width:48px}.elementor-widget-image img{vertical-align:middle;display:inline-block}<\/style>\t\t\t\t\t\t\t\t\t\t<img decoding=\"async\" width=\"408\" height=\"404\" src=\"https:\/\/ligadosantorosario.com\/wp-content\/uploads\/Fatima_LuciaFranciscoJacinta_maio2010.jpg\" class=\"attachment-large size-large wp-image-5626\" alt=\"\" srcset=\"https:\/\/ligadosantorosario.com\/wp-content\/uploads\/Fatima_LuciaFranciscoJacinta_maio2010.jpg 408w, https:\/\/ligadosantorosario.com\/wp-content\/uploads\/Fatima_LuciaFranciscoJacinta_maio2010-300x297.jpg 300w, https:\/\/ligadosantorosario.com\/wp-content\/uploads\/Fatima_LuciaFranciscoJacinta_maio2010-150x150.jpg 150w\" sizes=\"(max-width: 408px) 100vw, 408px\" \/>\t\t\t\t\t\t\t\t\t\t\t\t\t<\/div>\n\t\t\t\t<\/div>\n\t\t\t\t\t<\/div>\n\t\t<\/div>\n\t\t\t\t\t<\/div>\n\t\t<\/section>\n\t\t\t\t<section class=\"elementor-section elementor-top-section elementor-element elementor-element-a24b0d1 elementor-section-boxed elementor-section-height-default elementor-section-height-default\" data-id=\"a24b0d1\" data-element_type=\"section\">\n\t\t\t\t\t\t<div class=\"elementor-container elementor-column-gap-default\">\n\t\t\t\t\t<div class=\"elementor-column elementor-col-100 elementor-top-column elementor-element elementor-element-abad33c\" data-id=\"abad33c\" data-element_type=\"column\">\n\t\t\t<div class=\"elementor-widget-wrap\">\n\t\t\t\t\t\t\t<\/div>\n\t\t<\/div>\n\t\t\t\t\t<\/div>\n\t\t<\/section>\n\t\t\t\t<section class=\"elementor-section elementor-top-section elementor-element elementor-element-ed6f98b elementor-section-boxed elementor-section-height-default elementor-section-height-default\" data-id=\"ed6f98b\" data-element_type=\"section\">\n\t\t\t\t\t\t<div class=\"elementor-container elementor-column-gap-default\">\n\t\t\t\t\t<div class=\"elementor-column elementor-col-100 elementor-top-column elementor-element elementor-element-892f31b\" data-id=\"892f31b\" data-element_type=\"column\">\n\t\t\t<div class=\"elementor-widget-wrap elementor-element-populated\">\n\t\t\t\t\t\t<div class=\"elementor-element elementor-element-64fc0f1 elementor-widget elementor-widget-text-editor\" data-id=\"64fc0f1\" data-element_type=\"widget\" data-widget_type=\"text-editor.default\">\n\t\t\t\t<div class=\"elementor-widget-container\">\n\t\t\t\t\t\t\t<h4>\u00a0<\/h4><h4>\u00a0 \u00a0 \u00a0 \u00a0 \u00a0 \u00a0 \u00a0 \u00a0 \u00a0 \u00a0 \u00a0 \u00a0 \u00a0 \u00a0 \u00a0 \u00a0 \u00a0 \u00a0 \u00a0 \u00a0 \u00a0 \u00a0 \u00a0 \u00a0 \u00a0 \u00a0 \u00a0 \u00a0 \u00a0<b>OS VIDENTES<\/b><\/h4><p>\u00a0<\/p><h4>LUCIA, Francisco e Jacinta s\u00e3o as tr\u00eas crian\u00e7as favorecidas pelas vis\u00f5es de F\u00e1tima. Lucia nascera em 1907, Francisco em 1908, Jacinta em 1910. Francisco e Jacinta eram irm\u00e3os, e Lucia era prima deles. Os tr\u00eas provinham de modest\u00edssima fam\u00edlia de Aljustrel, vilarejo pr\u00f3ximo do lugar das apari\u00e7\u00f5es. Absolutamente ignorantes, tinham por ocupa\u00e7\u00e3o o pastoreio. Passavam, pois, fora de casa grande parte do dia, aproveitando o tempo, na medida em que o trabalho&#8217;o permitia, para brincar e rezar. Nesta vida inocente, suas almas conservavam uma candura ang\u00e9lica, e iam adquirindo uma piedade e uma for\u00e7a de que deram ulteriormente provas admir\u00e1veis.<\/h4><h4>A Cova da Iria, lugar das vis\u00f5es, era ent\u00e3o um ermo, e pertencia aos pais de Lucia. Segundo tradi\u00e7\u00f5es dignas de respeito, o Bem-aventurado Nuno \u00c1lvares Pereira estivera orando ali na v\u00e9spera da famosa batalha de Aljubarrota. Como veremos, a coincid\u00eancia entre esta tradi\u00e7\u00e3o e as mensagens de F\u00e1tima n\u00e3o \u00e9 indiferente ao nosso estudo.<\/h4><h4>\u00a0 \u00a0 \u00a0 \u00a0 \u00a0 \u00a0 \u00a0 \u00a0 \u00a0 \u00a0 \u00a0 \u00a0 \u00a0 \u00a0 \u00a0 \u00a0 \u00a0 \u00a0 \u00a0 \u00a0 \u00a0 \u00a0 \u00a0 \u00a0 \u00a0 \u00a0 \u00a0<b>\u00a0 \u00a0 AS\u00a0 VIS\u00d5ES<\/b><\/h4><h4>As vis\u00f5es de F\u00e1tima se dividem em tr\u00eas grupos bem distintos. As primeiras se deram, n\u00e3o propriamente na Cova da Iria, mas em lugar muito pr\u00f3ximo, denominado Lapa do Cabe\u00e7o. Ocorreram em 1915 e 1916. Apareceu nelas um Anjo que se intitulou o Anjo de Portugal. As outras se verificaram na Cova da Iria, em 1917. Apareceu sempre Nossa Senhora; e uma vez toda a Sagrada Fam\u00edlia. Quer por sua seria\u00e7\u00e3o cronol\u00f3gica, quer pela qualidade das Pessoas que se manifestaram, quer pelo conte\u00fado das mensagens, \u00e9 fora de d\u00favida que as apari\u00e7\u00f5es de 1915 e 1916 foram uma prepara\u00e7\u00e3o para as de 1917. Estas constituem a parte central de toda a s\u00e9rie de vis\u00f5es. Vem por fim um grupo complementar, constitu\u00eddo pelas apari\u00e7\u00f5es de Nossa Senhora aos videntes depois das que ocorreram em F\u00e1tima. Deram-se em datas diversas e a cada um deles em separado. Constituem complemento ali\u00e1s essencial, das anteriores.<\/h4><div><span style=\"font-family: Verdana, 'sans-serif'; font-size: 14pt;\">\u00a0<\/span><\/div><div><h4 style=\"margin: 7.5pt 0cm; text-align: justify; background-image: initial; background-position: initial; background-size: initial; background-repeat: initial; background-attachment: initial; background-origin: initial; background-clip: initial;\"><span style=\"font-size: 14.0pt; line-height: 115%; font-family: 'Verdana','sans-serif'; color: black;\">\u00a0 \u00a0 \u00a0 \u00a0 \u00a0 \u00a0 \u00a0 \u00a0 \u00a0 \u00a0 \u00a0 \u00a0 \u00a0 \u00a0 \u00a0 \u00a0 \u00a0 \u00a0 \u00a0 \u00a0 \u00a0\u00a0<\/span><\/h4><\/div>\t\t\t\t\t\t<\/div>\n\t\t\t\t<\/div>\n\t\t\t\t\t<\/div>\n\t\t<\/div>\n\t\t\t\t\t<\/div>\n\t\t<\/section>\n\t\t\t\t<section class=\"elementor-section elementor-top-section elementor-element elementor-element-b7d4581 elementor-section-boxed elementor-section-height-default elementor-section-height-default\" data-id=\"b7d4581\" data-element_type=\"section\">\n\t\t\t\t\t\t<div class=\"elementor-container elementor-column-gap-default\">\n\t\t\t\t\t<div class=\"elementor-column elementor-col-100 elementor-top-column elementor-element elementor-element-35a0b80\" data-id=\"35a0b80\" data-element_type=\"column\">\n\t\t\t<div class=\"elementor-widget-wrap\">\n\t\t\t\t\t\t\t<\/div>\n\t\t<\/div>\n\t\t\t\t\t<\/div>\n\t\t<\/section>\n\t\t\t\t<section class=\"elementor-section elementor-top-section elementor-element elementor-element-2bbab4a elementor-section-boxed elementor-section-height-default elementor-section-height-default\" data-id=\"2bbab4a\" data-element_type=\"section\">\n\t\t\t\t\t\t<div class=\"elementor-container elementor-column-gap-default\">\n\t\t\t\t\t<div class=\"elementor-column elementor-col-100 elementor-top-column elementor-element elementor-element-50bbd86\" data-id=\"50bbd86\" data-element_type=\"column\">\n\t\t\t<div class=\"elementor-widget-wrap elementor-element-populated\">\n\t\t\t\t\t\t<div class=\"elementor-element elementor-element-f7f04f3 elementor-widget elementor-widget-image\" data-id=\"f7f04f3\" data-element_type=\"widget\" data-widget_type=\"image.default\">\n\t\t\t\t<div class=\"elementor-widget-container\">\n\t\t\t\t\t\t\t\t\t\t\t\t\t<img decoding=\"async\" width=\"800\" height=\"600\" src=\"https:\/\/ligadosantorosario.com\/wp-content\/uploads\/Fatima_Anjo_de_Portugal.jpg\" class=\"attachment-large size-large wp-image-5625\" alt=\"\" srcset=\"https:\/\/ligadosantorosario.com\/wp-content\/uploads\/Fatima_Anjo_de_Portugal.jpg 800w, https:\/\/ligadosantorosario.com\/wp-content\/uploads\/Fatima_Anjo_de_Portugal-300x225.jpg 300w, https:\/\/ligadosantorosario.com\/wp-content\/uploads\/Fatima_Anjo_de_Portugal-768x576.jpg 768w\" sizes=\"(max-width: 800px) 100vw, 800px\" \/>\t\t\t\t\t\t\t\t\t\t\t\t\t<\/div>\n\t\t\t\t<\/div>\n\t\t\t\t\t<\/div>\n\t\t<\/div>\n\t\t\t\t\t<\/div>\n\t\t<\/section>\n\t\t\t\t<section class=\"elementor-section elementor-top-section elementor-element elementor-element-f7052d5 elementor-section-boxed elementor-section-height-default elementor-section-height-default\" data-id=\"f7052d5\" data-element_type=\"section\">\n\t\t\t\t\t\t<div class=\"elementor-container elementor-column-gap-default\">\n\t\t\t\t\t<div class=\"elementor-column elementor-col-100 elementor-top-column elementor-element elementor-element-33204b9\" data-id=\"33204b9\" data-element_type=\"column\">\n\t\t\t<div class=\"elementor-widget-wrap elementor-element-populated\">\n\t\t\t\t\t\t<div class=\"elementor-element elementor-element-235fc61 elementor-widget elementor-widget-text-editor\" data-id=\"235fc61\" data-element_type=\"widget\" data-widget_type=\"text-editor.default\">\n\t\t\t\t<div class=\"elementor-widget-container\">\n\t\t\t\t\t\t\t<p class=\"h1\" style=\"text-align: center; background: white; margin: 7.5pt 0cm 7.5pt 0cm;\" align=\"center\"><b><span style=\"font-size: 13.5pt; font-family: 'Lucida Sans','sans-serif'; color: black;\">O ANJO DE PORTUGAL<\/span><\/b><\/p><h4>Em 1915, entre Abril e Outubro, deu-se uma primeira manifesta\u00e7\u00e3o sobrenatural. Lucia guardava o rebanho com tr\u00eas outras meninas quando &#8220;viram pairando sobre o arvoredo do vale, que se estendia a seus p\u00e9s, uma nuvem, mais branca do que a neve, algo transparente, com forma humana&#8221;. Francisco e Jacinta n\u00e3o estavam presentes. Em dias diferentes, esta apari\u00e7\u00e3o se repetiu duas vezes.<br \/>Em 1916, deu-se nova apari\u00e7\u00e3o, desta vez em presen\u00e7a de Lucia, Jacinta e Francisco. N\u00e3o havia outras crian\u00e7as. Repetiram-se assim mais duas apari\u00e7\u00f5es. O Anjo se manifestava sob a forma de um jovem resplendente, de uma consist\u00eancia e um brilho como do cristal atravessado pelos raios do sol. Ensinou-os a rezar, com a fronte curvada at\u00e9 o ch\u00e3o, a seguinte prece: &#8220;Meus Deus, eu creio, adoro, espero e amo-Vos. Pe\u00e7o-Vos perd\u00e3o para os que n\u00e3o cr\u00eaem, n\u00e3o adoram, n\u00e3o esperam, e n\u00e3o Vos amam&#8221;. E acrescentou que os Cora\u00e7\u00f5es de Jesus e de Maria estavam atentos \u00e0 voz de suas s\u00faplicas. Recomendou-lhes que oferecessem &#8220;tudo que pudessem&#8221;, em repara\u00e7\u00e3o pelos pecados, e pela convers\u00e3o dos pecadores. Declarou que era o Anjo de Portugal e que deviam orar por sua P\u00e1tria. Na terceira apari\u00e7\u00e3o, o Anjo trazia um c\u00e1lice na m\u00e3o e sobre ele uma H\u00f3stia da qual caiam dentro do c\u00e1lice algumas gotas de sangue. Deixando o c\u00e1lice e a H\u00f3stia suspensos no ar, prostrou-se em terra e repetiu tr\u00eas vezes a seguinte ora\u00e7\u00e3o:<br \/>&#8220;Sant\u00edssima Trindade, Pai, Filho e Esp\u00edrito Santo, adoro-Vos profundamente e ofere\u00e7o-Vos o precios\u00edssimo Corpo, Sangue, Alma e Divindade de Jesus Cristo, presente em todos os sacr\u00e1rios da terra, em repara\u00e7\u00e3o dos ultrajes, sacril\u00e9gios e indiferen\u00e7a com que \u00e9 ofendido. E, pelos m\u00e9ritos infinitos de Seu Sant\u00edssimo Cora\u00e7\u00e3o e do Cora\u00e7\u00e3o Imaculado de Maria, pe\u00e7o-Vos a convers\u00e3o dos pobres pecadores&#8221;. Depois, deu a H\u00f3stia a Lucia, e o c\u00e1lice deu-o a beber a Francisco e Jacinta, dizendo ao mesmo tempo: &#8220;Tomai e bebei o Corpo e o Sangue de Jesus Cristo, horrivelmente ultrajados por homens ingratos. Reparai os seus crimes e consolai o vosso Deus&#8221;.<br \/>Nesta narra\u00e7\u00e3o sucinta, reproduzimos s\u00f3 o essencial, omitindo a profunda impress\u00e3o que as palavras do Anjo produziram nas tr\u00eas crian\u00e7as, os numerosos sacrif\u00edcios com que a partir deste momento come\u00e7aram a expiar pelos pecadores, a ora\u00e7\u00e3o a bem dizer incessante, em que se transformou sua vida. Estavam assim sendo preparadas para as revela\u00e7\u00f5es de Nossa Senhora.<\/h4>\t\t\t\t\t\t<\/div>\n\t\t\t\t<\/div>\n\t\t\t\t\t<\/div>\n\t\t<\/div>\n\t\t\t\t\t<\/div>\n\t\t<\/section>\n\t\t\t\t<section class=\"elementor-section elementor-top-section elementor-element elementor-element-7c4b79b elementor-section-boxed elementor-section-height-default elementor-section-height-default\" data-id=\"7c4b79b\" data-element_type=\"section\">\n\t\t\t\t\t\t<div class=\"elementor-container elementor-column-gap-default\">\n\t\t\t\t\t<div class=\"elementor-column elementor-col-100 elementor-top-column elementor-element elementor-element-94c54b1\" data-id=\"94c54b1\" data-element_type=\"column\">\n\t\t\t<div class=\"elementor-widget-wrap elementor-element-populated\">\n\t\t\t\t\t\t<div class=\"elementor-element elementor-element-d880dc3 elementor-widget elementor-widget-image\" data-id=\"d880dc3\" data-element_type=\"widget\" data-widget_type=\"image.default\">\n\t\t\t\t<div class=\"elementor-widget-container\">\n\t\t\t\t\t\t\t\t\t\t\t\t\t<img loading=\"lazy\" decoding=\"async\" width=\"800\" height=\"600\" src=\"https:\/\/ligadosantorosario.com\/wp-content\/uploads\/NOSSADENHORAFATIMA-1024x768.jpg\" class=\"attachment-large size-large wp-image-2686\" alt=\"\" srcset=\"https:\/\/ligadosantorosario.com\/wp-content\/uploads\/NOSSADENHORAFATIMA-1024x768.jpg 1024w, https:\/\/ligadosantorosario.com\/wp-content\/uploads\/NOSSADENHORAFATIMA-300x225.jpg 300w, https:\/\/ligadosantorosario.com\/wp-content\/uploads\/NOSSADENHORAFATIMA-768x576.jpg 768w, https:\/\/ligadosantorosario.com\/wp-content\/uploads\/NOSSADENHORAFATIMA-1536x1152.jpg 1536w, https:\/\/ligadosantorosario.com\/wp-content\/uploads\/NOSSADENHORAFATIMA-2048x1536.jpg 2048w\" sizes=\"(max-width: 800px) 100vw, 800px\" \/>\t\t\t\t\t\t\t\t\t\t\t\t\t<\/div>\n\t\t\t\t<\/div>\n\t\t\t\t\t<\/div>\n\t\t<\/div>\n\t\t\t\t\t<\/div>\n\t\t<\/section>\n\t\t\t\t<section class=\"elementor-section elementor-top-section elementor-element elementor-element-1d7c1ea elementor-section-boxed elementor-section-height-default elementor-section-height-default\" data-id=\"1d7c1ea\" data-element_type=\"section\">\n\t\t\t\t\t\t<div class=\"elementor-container elementor-column-gap-default\">\n\t\t\t\t\t<div class=\"elementor-column elementor-col-100 elementor-top-column elementor-element elementor-element-0c7566f\" data-id=\"0c7566f\" data-element_type=\"column\">\n\t\t\t<div class=\"elementor-widget-wrap\">\n\t\t\t\t\t\t\t<\/div>\n\t\t<\/div>\n\t\t\t\t\t<\/div>\n\t\t<\/section>\n\t\t\t\t<section class=\"elementor-section elementor-top-section elementor-element elementor-element-5e03106 elementor-section-boxed elementor-section-height-default elementor-section-height-default\" data-id=\"5e03106\" data-element_type=\"section\">\n\t\t\t\t\t\t<div class=\"elementor-container elementor-column-gap-default\">\n\t\t\t\t\t<div class=\"elementor-column elementor-col-100 elementor-top-column elementor-element elementor-element-576776d\" data-id=\"576776d\" data-element_type=\"column\">\n\t\t\t<div class=\"elementor-widget-wrap elementor-element-populated\">\n\t\t\t\t\t\t<div class=\"elementor-element elementor-element-29d97bd elementor-widget elementor-widget-text-editor\" data-id=\"29d97bd\" data-element_type=\"widget\" data-widget_type=\"text-editor.default\">\n\t\t\t\t<div class=\"elementor-widget-container\">\n\t\t\t\t\t\t\t<p>&nbsp; &nbsp; &nbsp; &nbsp; &nbsp; &nbsp; &nbsp; &nbsp; &nbsp; &nbsp; &nbsp; &nbsp; &nbsp; &nbsp; &nbsp; &nbsp; &nbsp; &nbsp; &nbsp; &nbsp; <b>&nbsp; &nbsp; &nbsp; &nbsp;NOSSA SENHORA DE F\u00c1TIMA<\/b><\/p>\n<h4>As apari\u00e7\u00f5es de Nossa Senhora foram em n\u00famero de seis, respectivamente nos dias 13 de maio, junho, julho, setembro e outubro de 1917. A apari\u00e7\u00e3o do m\u00eas de agosto ocorreu no dia 19, e n\u00e3o no dia 13. Os tr\u00eas pastorinhos \u2014 Lucia, Jacinta, Francisco \u2014 estiveram presentes a todas. \u00c0 primeira, n\u00e3o estavam na Cova da Iria sen\u00e3o eles. Nas outras, o n\u00famero de pessoas presentes foi crescendo a ponto de se transformar, na \u00faltima, em verdadeira multid\u00e3o, calculada em 70.000 pessoas.<\/h4>\n<h4>Na primeira apari\u00e7\u00e3o, Nossa Senhora anunciou que viria mais cinco vezes, em cada m\u00eas seguinte, e mais tarde voltaria uma s\u00e9tima vez. E, diga-se de passagem, esta \u00faltima promessa ainda est\u00e1 para se realizar. Em que ocasi\u00e3o ser\u00e1? Prometeu Ela o C\u00e9u aos pastorinhos, e lhes pediu que aceitassem os sofrimentos que a Deus aprouvesse enviar-lhes para repara\u00e7\u00e3o dos pecados e convers\u00e3o dos pecadores. Os tr\u00eas aceitaram. Nossa&nbsp;Senhora lhes predisse ent\u00e3o que sofreriam muito, mas a gra\u00e7a de Deus n\u00e3o os abandonaria. E por fim lhes recomendou que rezassem diariamente o Ter\u00e7o para alcan\u00e7ar o fim da guerra e a paz do mundo.<br>Na segunda apari\u00e7\u00e3o, Nossa Senhora insistiu sobre o Ter\u00e7o di\u00e1rio, e recomendou \u00e0s tr\u00eas crian\u00e7as que aprendessem a ler. Ensinou-lhes tamb\u00e9m uma jaculat\u00f3ria, a ser rezada no Ter\u00e7o, entre mist\u00e9rio e mist\u00e9rio: &#8220;\u00d3 meu Jesus, perdoai-nos, livrai-nos do fogo do inferno, levai as almas todas para o C\u00e9u, socorrei principalmente as que mais precisarem&#8221;. Nesta apari\u00e7\u00e3o, Nossa Senhora prometeu que levaria para o C\u00e9u, em breve, Francisco e Jacinta, e anunciou que Lucia viveria por mais tempo, para cumprir na terra uma miss\u00e3o providencial: &#8220;Jesus quer servir-se de ti para Me fazer conhecer e amar. Ele quer estabelecer no mundo a devo\u00e7\u00e3o ao Meu Imaculado Cora\u00e7\u00e3o&#8221;. E como Lucia se mostrasse apreensiva, confortou-a Nossa Senhora prometendo: &#8220;O Meu Imaculado Cora\u00e7\u00e3o ser\u00e1 teu ref\u00fagio e o caminho que conduzir\u00e1 at\u00e9 Deus&#8221;. Ainda nesta apari\u00e7\u00e3o, a Sant\u00edssima M\u00e3e mostrou aos pastorinhos um cora\u00e7\u00e3o cercado de espinhos que o penetravam: era o Cora\u00e7\u00e3o Imaculado de Maria, ultrajado pelos pecados da humanidade. E prometeu assistir na hora da morte, com as gra\u00e7as necess\u00e1rias para a salva\u00e7\u00e3o, a todos os que, no primeiro s\u00e1bado de cinco meses seguidos, se confessarem, receberem a Sagrada Comunh\u00e3o, rezarem um Ter\u00e7o e Lhe fizerem companhia durante quinze minutos, meditando nos quinze mist\u00e9rios do Ros\u00e1rio com o fim de A desagravar.<\/h4>\n<h4>Nossa Senhora apareceu pela terceira vez a 13 de julho. Depois de haver recomendado mais uma vez a recita\u00e7\u00e3o di\u00e1ria do Ter\u00e7o, ensinou aos pequenos pastores uma nova jaculat\u00f3ria a ser rezada com frequ\u00eancia, e especialmente quando fizessem algum sacrif\u00edcio: &#8220;Oh meu Jesus, \u00e9 por vosso amor, pela convers\u00e3o dos pecadores, pelo Santo Padre e em repara\u00e7\u00e3o dos pecados cometidos contra o Imaculado Cora\u00e7\u00e3o de Maria&#8221;.<br>Maria Sant\u00edssima, ent\u00e3o, fez ver o inferno aos tr\u00eas pastorinhos: &#8220;Vimos um mar de fogo e nele mergulhados os dem\u00f4nios e as almas, como se fossem brasas transparentes e negras ou bronzeadas, com forma humana, que flutuavam no inc\u00eandio, levadas pelas chamas que saiam delas mesmas juntamente com nuvens de fumo, caindo por todos os lados \u2014 como as fagulhas nos grandes inc\u00eandios, \u2014 sem peso nem equil\u00edbrio, entre gritos e gemidos de dor e desespero que horrorizavam e faziam estremecer de pavor&#8230; Os dem\u00f4nios distinguiam-se por formas horr\u00edveis e asquerosas de animais espantosos e desconhecidos, mas transparentes como negros carv\u00f5es em brasa.<br>&#8220;Assustados, e como que a pedir socorro, levantamos a vista para Nossa Senhora, que nos disse com bondade e tristeza:<\/h4>\n<p>\u201c &#8211; Vistes o inferno, para onde v\u00e3o as almas dos pobres pecadores.<\/p>\n<h4>&#8220;Para as salvar, Deus quer estabelecer no mundo a devo\u00e7\u00e3o ao Meu Imaculado Cora\u00e7\u00e3o.<br>&#8220;Se fizerem o que Eu vos disser, salvar-se-\u00e3o muitas almas e ter\u00e3o paz.<br>&#8220;A guerra vai acabar: mas, se n\u00e3o deixarem de ofender a Deus, vir\u00e1 outra pior&#8221;.<br>Estas \u00faltimas palavras abriam naturalmente caminho para outro assunto. A Sant\u00edssima Virgem continuou: &#8220;Quando virdes uma noite iluminada por uma luz desconhecida, sabei que \u00e9 o grande sinal que Deus vos d\u00e1 de que vai punir o mundo dos seus crimes por meio da guerra, da fome e da persegui\u00e7\u00e3o \u00e0 Igreja: os bons ser\u00e3o martirizados, o Santo Padre ter\u00e1 muito que sofrer e v\u00e1rias na\u00e7\u00f5es ser\u00e3o aniquiladas.<br>&#8220;Por fim o Meu Imaculado Cora\u00e7\u00e3o triunfar\u00e1&#8221;.<\/h4>\n<h4>&nbsp; &nbsp;<b>&nbsp; O MILAGRE E O SEGREDO<\/b><\/h4>\n<h4>A13 de agosto n\u00e3o houve apari\u00e7\u00e3o: os pequenos videntes estavam presos, \u00e0 disposi\u00e7\u00e3o do Administrador de Ourem, movido de zelo laico e republicano. Nossa Senhora apareceu entretanto, e inesperadamente, no dia 19 do mesmo m\u00eas. Neste dia, a Sant\u00edssima M\u00e3e de Deus prometeu um insigne milagre para outubro, comunicou Suas instru\u00e7\u00f5es relativamente ao emprego do dinheiro que os fi\u00e9is deixavam no local das apari\u00e7\u00f5es, e mais uma vez recomendou ora\u00e7\u00f5es e penit\u00eancia: &#8220;Rezai, rezai muito e fazei sacrif\u00edcios pelos pecadores, que v\u00e3o muitas almas para o inferno, por n\u00e3o haver quem se sacrifique e pe\u00e7a por elas&#8221;.<br>A 13 de setembro, a Virgem Sant\u00edssima insistiu tamb\u00e9m na recita\u00e7\u00e3o di\u00e1ria do Ter\u00e7o para alcan\u00e7ar o fim da guerra, elogiou a fidelidade dos pastores \u00e0 vida de mortifica\u00e7\u00e3o que lhes tinha pedido e recomendou que se moderassem algum tanto neste ponto. Confirmou a promessa de um milagre na apari\u00e7\u00e3o de outubro, e anunciou que os tr\u00eas veriam ent\u00e3o a Sagrada Fam\u00edlia. Prometeu tamb\u00e9m operar algumas das curas pedidas por eles.<br>Foi somente a 13 de outubro, que Nossa Senhora revelou sua identidade aos pastorinhos, dizendo: &#8220;Eu sou a Senhora do Ros\u00e1rio&#8221;. Anunciou que a guerra terminaria em breve, e recomendou: &#8220;N\u00e3o ofendam mais a Nosso Senhor, que j\u00e1 est\u00e1 muito ofendido&#8221;. Lucia pediu a cura de algumas pessoas. A Senhora respondeu que curaria &#8220;uns sim, outros n\u00e3o&#8221;. E acrescentou: &#8220;\u00c9 preciso que se emendem, que pe\u00e7am perd\u00e3o de seus pecados&#8221;. Apareceu em seguida a Virgem com S. Jos\u00e9 e o Menino Jesus. Em certo momento, apresentava-se como a Senhora das Dores. Pouco depois como a Senhora do Carmo.<br>Foi durante esta apari\u00e7\u00e3o que ocorreram os sinais prometidos para autenticar o que narravam os pastorinhos.<br>Na vis\u00e3o de julho, a Sant\u00edssima Virgem comunicou seu famoso segredo, publicado at\u00e9 hoje apenas em parte. O Episcopado portugu\u00eas possui o segredo todo, por narra\u00e7\u00e3o da hoje Irm\u00e3 Lucia. A parte que se conhece \u00e9 da maior import\u00e2ncia. Nossa Senhora pediu que a humanidade se convertesse de seus pecados e que o Santo Padre com todos os Bispos consagrasse a R\u00fassia a Seu&nbsp;Imaculado Cora\u00e7\u00e3o. Se n\u00e3o, sobreviria nova guerra, em que muitas na\u00e7\u00f5es seriam aniquiladas, a R\u00fassia espalharia os seus erros, o Santo Padre teria muito que sofrer.<br>&nbsp; &nbsp; &nbsp; &nbsp; &nbsp; &nbsp; &nbsp; &nbsp; &nbsp; &nbsp; &nbsp; &nbsp; &nbsp; &nbsp; &nbsp; &nbsp; &nbsp; &nbsp; &nbsp; &nbsp; &nbsp; &nbsp; &nbsp; &nbsp; &nbsp; &nbsp; &nbsp; &nbsp; * * *<\/h4>\n<p><\/p>\n<p>Acerca da consagra\u00e7\u00e3o da R\u00fassia ao Imaculado Cora\u00e7\u00e3o de Maria, a Irm\u00e3 Lucia teve nova vis\u00e3o em 1929, segundo refere o Pe. Jo\u00e3o de Marchi (&#8220;Era uma Senhora mais brilhante que o Sol&#8221;, pg. 308 ). Nessa vis\u00e3o, ocorrida na capela das Irm\u00e3s Doroteas, em Thuy, na Espanha, Nossa Senhora mais uma vez pediu a consagra\u00e7\u00e3o da R\u00fassia ao Seu Cora\u00e7\u00e3o, feita pelo Papa em uni\u00e3o com os Bispos de todo o mundo.<\/p>\n<h4>ESTA \u00e9, em s\u00edntese, a hist\u00f3ria das apari\u00e7\u00f5es de F\u00e1tima. O texto das mensagens, extra\u00edmo-lo de&nbsp;&#8220;Era uma Senhora mais brilhante que o Sol&#8221;, do Revmo. Pe. Jo\u00e3o de Marchi, e de &#8220;Francisco&#8221;, do Revmo. Pe. J. Rolim.<\/h4>\n<h4>Extra\u00eddo da Revista&nbsp;&nbsp;<i><span lang=\"PT-BR\">Catolicismo, N\u00ba 28 &#8211; Abril de 1953<\/span><\/i><\/h4>\t\t\t\t\t\t<\/div>\n\t\t\t\t<\/div>\n\t\t\t\t\t<\/div>\n\t\t<\/div>\n\t\t\t\t\t<\/div>\n\t\t<\/section>\n\t\t\t\t<\/div>\n\t\t","protected":false},"excerpt":{"rendered":"<p>\u00a0 \u00a0 \u00a0 \u00a0 \u00a0 \u00a0 \u00a0 \u00a0 \u00a0 \u00a0 \u00a0 \u00a0 \u00a0 \u00a0 \u00a0 \u00a0 \u00a0 \u00a0 \u00a0 \u00a0 \u00a0 \u00a0 \u00a0 \u00a0 \u00a0 \u00a0 \u00a0 \u00a0 \u00a0 \u00a0 \u00a0 \u00a0 \u00a0 \u00a0 \u00a0 \u00a0 \u00a0 \u00a0 \u00a0 \u00a0 \u00a0 \u00a0 \u00a0 \u00a0 \u00a0 \u00a0 \u00a0 \u00a0 \u00a0 \u00a0 \u00a0 \u00a0 \u00a0 \u00a0 \u00a0 \u00a0 \u00a0 \u00a0 \u00a0 \u00a0 \u00a0 \u00a0 \u00a0 \u00a0 \u00a0 \u00a0 \u00a0 \u00a0 \u00a0 \u00a0 \u00a0 \u00a0 \u00a0 \u00a0 \u00a0 \u00a0 \u00a0 \u00a0 \u00a0 \u00a0 \u00a0 \u00a0 \u00a0 \u00a0 \u00a0 \u00a0 \u00a0 \u00a0 \u00a0 \u00a0 \u00a0 \u00a0 \u00a0 \u00a0 \u00a0 \u00a0 \u00a0 \u00a0 \u00a0 \u00a0&#8230;<\/p>\n","protected":false},"author":1,"featured_media":0,"comment_status":"open","ping_status":"open","sticky":false,"template":"","format":"standard","meta":{"jetpack_post_was_ever_published":false,"_jetpack_newsletter_access":"","_jetpack_dont_email_post_to_subs":false,"_jetpack_newsletter_tier_id":0,"footnotes":""},"categories":[1],"tags":[],"jetpack_sharing_enabled":true,"jetpack_featured_media_url":"","_links":{"self":[{"href":"https:\/\/ligadosantorosario.com\/index.php?rest_route=\/wp\/v2\/posts\/5622"}],"collection":[{"href":"https:\/\/ligadosantorosario.com\/index.php?rest_route=\/wp\/v2\/posts"}],"about":[{"href":"https:\/\/ligadosantorosario.com\/index.php?rest_route=\/wp\/v2\/types\/post"}],"author":[{"embeddable":true,"href":"https:\/\/ligadosantorosario.com\/index.php?rest_route=\/wp\/v2\/users\/1"}],"replies":[{"embeddable":true,"href":"https:\/\/ligadosantorosario.com\/index.php?rest_route=%2Fwp%2Fv2%2Fcomments&post=5622"}],"version-history":[{"count":124,"href":"https:\/\/ligadosantorosario.com\/index.php?rest_route=\/wp\/v2\/posts\/5622\/revisions"}],"predecessor-version":[{"id":9450,"href":"https:\/\/ligadosantorosario.com\/index.php?rest_route=\/wp\/v2\/posts\/5622\/revisions\/9450"}],"wp:attachment":[{"href":"https:\/\/ligadosantorosario.com\/index.php?rest_route=%2Fwp%2Fv2%2Fmedia&parent=5622"}],"wp:term":[{"taxonomy":"category","embeddable":true,"href":"https:\/\/ligadosantorosario.com\/index.php?rest_route=%2Fwp%2Fv2%2Fcategories&post=5622"},{"taxonomy":"post_tag","embeddable":true,"href":"https:\/\/ligadosantorosario.com\/index.php?rest_route=%2Fwp%2Fv2%2Ftags&post=5622"}],"curies":[{"name":"wp","href":"https:\/\/api.w.org\/{rel}","templated":true}]}}