{"id":5773,"date":"2024-05-28T15:07:49","date_gmt":"2024-05-28T15:07:49","guid":{"rendered":"https:\/\/ligadosantorosario.com\/?p=5773"},"modified":"2024-05-29T21:14:41","modified_gmt":"2024-05-29T21:14:41","slug":"festa-de-corpus-chisti","status":"publish","type":"post","link":"https:\/\/ligadosantorosario.com\/?p=5773","title":{"rendered":"FESTA  DE  CORPUS  CHISTI"},"content":{"rendered":"\t\t<div data-elementor-type=\"wp-post\" data-elementor-id=\"5773\" class=\"elementor elementor-5773\" data-elementor-post-type=\"post\">\n\t\t\t\t\t\t<section class=\"elementor-section elementor-top-section elementor-element elementor-element-7089991 elementor-section-boxed elementor-section-height-default elementor-section-height-default\" data-id=\"7089991\" data-element_type=\"section\">\n\t\t\t\t\t\t<div class=\"elementor-container elementor-column-gap-default\">\n\t\t\t\t\t<div class=\"elementor-column elementor-col-100 elementor-top-column elementor-element elementor-element-f374b7b\" data-id=\"f374b7b\" data-element_type=\"column\">\n\t\t\t<div class=\"elementor-widget-wrap elementor-element-populated\">\n\t\t\t\t\t\t<div class=\"elementor-element elementor-element-a406a25 elementor-widget elementor-widget-text-editor\" data-id=\"a406a25\" data-element_type=\"widget\" data-widget_type=\"text-editor.default\">\n\t\t\t\t<div class=\"elementor-widget-container\">\n\t\t\t<style>\/*! elementor - v3.23.0 - 05-08-2024 *\/\n.elementor-widget-text-editor.elementor-drop-cap-view-stacked .elementor-drop-cap{background-color:#69727d;color:#fff}.elementor-widget-text-editor.elementor-drop-cap-view-framed .elementor-drop-cap{color:#69727d;border:3px solid;background-color:transparent}.elementor-widget-text-editor:not(.elementor-drop-cap-view-default) .elementor-drop-cap{margin-top:8px}.elementor-widget-text-editor:not(.elementor-drop-cap-view-default) .elementor-drop-cap-letter{width:1em;height:1em}.elementor-widget-text-editor .elementor-drop-cap{float:left;text-align:center;line-height:1;font-size:50px}.elementor-widget-text-editor .elementor-drop-cap-letter{display:inline-block}<\/style>\t\t\t\t<p>\u00a0<\/p><p><strong><em><img fetchpriority=\"high\" decoding=\"async\" class=\" wp-image-940 alignright\" src=\"http:\/\/ligadosantorosario.com\/wp-content\/uploads\/Plinio-Correa-de-Oliveira-rosario-229x300.jpg\" alt=\"\" width=\"358\" height=\"470\" \/><\/em><\/strong><\/p><p>\u00a0<\/p><p><strong><em>\u00a0Pl\u00ednio Corr\u00eaa de oliveira<\/em><\/strong><\/p><p>\u00a0<\/p><p><strong><em>Corpus Christi:\u00a0<\/em><\/strong><\/p><p><strong><em>grande\u00a0 li\u00e7\u00e3o de <\/em><\/strong><strong><em>\u00a0combatividade da Igreja<\/em><\/strong><\/p><p><strong><em>\u00a0<\/em><\/strong><\/p><p><strong><em>\u00a0<\/em><\/strong><\/p><p><strong><em>\u00a0<\/em><\/strong><\/p>\t\t\t\t\t\t<\/div>\n\t\t\t\t<\/div>\n\t\t\t\t\t<\/div>\n\t\t<\/div>\n\t\t\t\t\t<\/div>\n\t\t<\/section>\n\t\t\t\t<section class=\"elementor-section elementor-top-section elementor-element elementor-element-2b80600 elementor-section-boxed elementor-section-height-default elementor-section-height-default\" data-id=\"2b80600\" data-element_type=\"section\">\n\t\t\t\t\t\t<div class=\"elementor-container elementor-column-gap-default\">\n\t\t\t\t\t<div class=\"elementor-column elementor-col-100 elementor-top-column elementor-element elementor-element-ad03f98\" data-id=\"ad03f98\" data-element_type=\"column\">\n\t\t\t<div class=\"elementor-widget-wrap elementor-element-populated\">\n\t\t\t\t\t\t<div class=\"elementor-element elementor-element-57533a5 elementor-widget elementor-widget-text-editor\" data-id=\"57533a5\" data-element_type=\"widget\" data-widget_type=\"text-editor.default\">\n\t\t\t\t<div class=\"elementor-widget-container\">\n\t\t\t\t\t\t\t<table width=\"900\"><tbody><tr><td width=\"848\"><p><strong>A D V E R T \u00ca N C I A<\/strong><\/p><p><b>O presente texto \u00e9 adapta\u00e7\u00e3o de transcri\u00e7\u00e3o de grava\u00e7\u00e3o de confer\u00eancia do Prof. Plinio Corr\u00eaa de Oliveira a s\u00f3cios e cooperadores da TFP, mantendo portanto o estilo verbal, e n\u00e3o foi revisto pelo autor.<\/b><\/p><p><b>Se o\u00a0Prof.\u00a0Plinio Corr\u00eaa de Oliveira estivesse entre n\u00f3s, certamente pediria que se colocasse expl\u00edcita men\u00e7\u00e3o a sua filial disposi\u00e7\u00e3o de retificar qualquer discrep\u00e2ncia em rela\u00e7\u00e3o ao Magist\u00e9rio da Igreja. \u00c9 o que fazemos aqui constar, com suas pr\u00f3prias palavras, como homenagem\u00a0a\u00a0t\u00e3o belo e constante estado de esp\u00edrito:<\/b><\/p><p><strong>\u201cCat\u00f3lico apost\u00f3lico romano, o autor deste texto\u00a0\u00a0se submete com filial ardor ao ensinamento tradicional da Santa Igreja. Se, no entanto,\u00a0 por lapso, algo nele ocorra que n\u00e3o esteja conforme \u00e0quele ensinamento, desde j\u00e1 e categoricamente o rejeita\u201d.<\/strong><\/p><p><b>As palavras &#8220;Revolu\u00e7\u00e3o&#8221; e &#8220;Contra-Revolu\u00e7\u00e3o&#8221;, s\u00e3o aqui empregadas no sentido que lhes d\u00e1 o Prof. Pl\u00ednio Corr\u00eaa de Oliveira em seu livro &#8220;<a href=\"https:\/\/www.pliniocorreadeoliveira.info\/livros.asp\">Revolu\u00e7\u00e3o e Contra-Revolu\u00e7\u00e3o<\/a>&#8220;, cuja primeira edi\u00e7\u00e3o foi publicada no N\u00ba 100 de\u00a0<a href=\"https:\/\/www.pliniocorreadeoliveira.info\/artigoscatolicismo_1959.asp\">&#8220;Catolicismo&#8221;<\/a>, em abril de 1959.<\/b><\/p><\/td><\/tr><\/tbody><\/table>\t\t\t\t\t\t<\/div>\n\t\t\t\t<\/div>\n\t\t\t\t\t<\/div>\n\t\t<\/div>\n\t\t\t\t\t<\/div>\n\t\t<\/section>\n\t\t\t\t<section class=\"elementor-section elementor-top-section elementor-element elementor-element-94984a2 elementor-section-boxed elementor-section-height-default elementor-section-height-default\" data-id=\"94984a2\" data-element_type=\"section\">\n\t\t\t\t\t\t<div class=\"elementor-container elementor-column-gap-default\">\n\t\t\t\t\t<div class=\"elementor-column elementor-col-100 elementor-top-column elementor-element elementor-element-9bfb3ab\" data-id=\"9bfb3ab\" data-element_type=\"column\">\n\t\t\t<div class=\"elementor-widget-wrap elementor-element-populated\">\n\t\t\t\t\t\t<div class=\"elementor-element elementor-element-3e454b4 elementor-widget elementor-widget-text-editor\" data-id=\"3e454b4\" data-element_type=\"widget\" data-widget_type=\"text-editor.default\">\n\t\t\t\t<div class=\"elementor-widget-container\">\n\t\t\t\t\t\t\t<h5>Eu devo falar alguma coisa aos<img decoding=\"async\" class=\" wp-image-5860 alignright\" src=\"http:\/\/ligadosantorosario.com\/wp-content\/uploads\/procissao-corpus-christi_Italia-300x200.jpg\" alt=\"\" width=\"431\" height=\"287\" srcset=\"https:\/\/ligadosantorosario.com\/wp-content\/uploads\/procissao-corpus-christi_Italia-300x200.jpg 300w, https:\/\/ligadosantorosario.com\/wp-content\/uploads\/procissao-corpus-christi_Italia-1024x683.jpg 1024w, https:\/\/ligadosantorosario.com\/wp-content\/uploads\/procissao-corpus-christi_Italia-768x512.jpg 768w, https:\/\/ligadosantorosario.com\/wp-content\/uploads\/procissao-corpus-christi_Italia-1536x1024.jpg 1536w, https:\/\/ligadosantorosario.com\/wp-content\/uploads\/procissao-corpus-christi_Italia-2048x1366.jpg 2048w\" sizes=\"(max-width: 431px) 100vw, 431px\" \/> senhores a respeito do\u00a0<strong><em>Corpus Christi<\/em><\/strong>. Todos os aspectos da institui\u00e7\u00e3o do Sant\u00edssimo Sacramento e da presen\u00e7a da Eucaristia na Igreja j\u00e1 t\u00eam de tal maneira sido estudados por n\u00f3s, que se fica um pouco embara\u00e7ado em dizer alguma coisa de novo a esse respeito. Mas uma vez que n\u00e3o estamos propriamente na festa da institui\u00e7\u00e3o do Sant\u00edssimo Sacramento, que \u00e9 na Quinta-feira Santa, mas estamos na festa de\u00a0<em>Corpus Christi<\/em>, eu gostaria de mostrar aos senhores algo a respeito da raz\u00e3o pela qual essa festa foi institu\u00edda.<\/h5><h5>Os senhores sabem que os protestantes, hereges, negaram e negam a presen\u00e7a real de Nosso Senhor Jesus Cristo no Sant\u00edssimo Sacramento. E que esse foi um dos maiores esc\u00e2ndalos havido na Igreja, no s\u00e9culo XVI, que foi um s\u00e9culo de tantos esc\u00e2ndalos. Os medievais tinham uma profunda f\u00e9 no Sant\u00edssimo Sacramento, na presen\u00e7a real e, portanto, uma devo\u00e7\u00e3o enorme quer \u00e0 Santa Missa, quer \u00e0 adora\u00e7\u00e3o do Sant\u00edssimo Sacramento. E os protestantes negaram brutalmente a presen\u00e7a real.<\/h5><h5>Essa nega\u00e7\u00e3o foi um dos pontos de fratura entre protestantes e cat\u00f3licos e foi recebida pelos cat\u00f3licos como um dos piores ultrajes que jamais se tenha cometido contra Nosso Senhor.<\/h5><h5>Qual foi ent\u00e3o a pol\u00edtica, porque se pode aqui falar em pol\u00edtica no sentido elevado do termo, quer dizer, qual foi a t\u00e1tica pastoral usada pela Igreja em face desse fato?<\/h5><h5>A Igreja tinha dois caminhos. Ela podia fazer o seguinte: dizer:<strong style=\"color: inherit; font-family: inherit; font-size: 1.25rem;\">&#8220;bem, nossos irm\u00e3os separados protestantes est\u00e3o negando a presen\u00e7a real. Se n\u00f3s vamos afirmar protuberantemente a presen\u00e7a real, n\u00f3s aumentamos a separa\u00e7\u00e3o. Como eles n\u00e3o querem saber de nenhum modo desse dogma, na medida em que n\u00f3s o afirmarmos, eles se afastam; vale a pena ent\u00e3o n\u00f3s repensarmos o dogma da presen\u00e7a real. E tomando em considera\u00e7\u00e3o que os tempos mudaram, porque o ano de 1500 estava afinal de contas bem longe do ano I da era Crist\u00e3, era muito natural que n\u00f3s agora exprim\u00edssemos a presen\u00e7a real num vocabul\u00e1rio diferente que agradasse aos protestantes. N\u00e3o seria uma nega\u00e7\u00e3o da presen\u00e7a real. Isto jamais! \u00c9 um dogma definido por Nosso Senhor Jesus Cristo e, por causa disto, n\u00e3o vamos dizer o contr\u00e1rio deste dogma.<\/strong><\/h5><p><strong style=\"color: var( --e-global-color-text ); font-family: var( --e-global-typography-text-font-family ), Sans-serif; font-size: 1rem;\">\u00a0<\/strong><\/p><h5>Mas em vez de afirmar t\u00e3o protuberantemente que Nosso Senhor est\u00e1 realmente presente debaixo das apar\u00eancias eucar\u00edsticas, presente com seu Corpo, Sangue, Alma e Divindade, poder\u00edamos dizer o seguinte. O que esta presen\u00e7a representa? Deus est\u00e1 presente por toda parte e os bons amigos protestantes podem entender que Deus est\u00e1 presente ali, como Ele est\u00e1, por exemplo, numa flor, ou como Ele est\u00e1 presente num p\u00e3o qualquer. N\u00f3s entendemos que n\u00e3o \u00e9. Que Ele est\u00e1 realmente presente com Corpo, Sangue, Alma e Divindade, mas n\u00e3o vamos dizer isto para n\u00e3o criar uma cis\u00e3o. Vamos usar um termo confuso, um termo equ\u00edvoco e assim eles ficam unidos conosco. Depois, vamos come\u00e7ar o di\u00e1logo. No di\u00e1logo, dizemos para eles: fulano, que tal seria se n\u00f3s reestud\u00e1ssemos os fundamentos do dogma da presen\u00e7a real? Para n\u00f3s verificarmos, em conjunto, at\u00e9 que ponto esse dogma tem ou n\u00e3o fundamento na Sagrada Escritura?&#8221;\u00a0<span style=\"color: var( --e-global-color-text ); font-family: var( --e-global-typography-text-font-family ), Sans-serif; font-size: 1rem;\">\u00a0<br \/><\/span><\/h5><h5>O protestante diria: &#8220;a sua d\u00favida \u00e9 irm\u00e3 da minha. E eu tenho vontade de re-pesquisar o assunto, como voc\u00ea tem tamb\u00e9m&#8221;. Eu n\u00e3o iria dizer: n\u00e3o, eu n\u00e3o duvido, porque eu destruiria o di\u00e1logo. Eu tamb\u00e9m n\u00e3o iria dizer: eu duvido, porque eu renegaria a F\u00e9. Ent\u00e3o eu diria a ele: &#8220;bom, se voc\u00ea tem d\u00favidas, era ent\u00e3o bom estudar tamb\u00e9m&#8221;. Ele fica com uma certa impress\u00e3o de que eu tenho d\u00favida, mas eu n\u00e3o disse que tenho d\u00favida.<\/h5><h5>Ent\u00e3o, come\u00e7a uma conversa a respeito do Sant\u00edssimo Sacramento em que eu digo a ele: &#8220;olha, seria mais interessante em vez de eu tomar uma posi\u00e7\u00e3o endurecida e voc\u00ea tamb\u00e9m, estudarmos qual \u00e9 o modo pelo qual poder\u00edamos chegar a um acordo. De maneira tal, que da tese &#8211; Jesus Cristo est\u00e1 presente realmente na Eucaristia, &#8211; e da ant\u00edtese &#8211; Jesus Cristo n\u00e3o est\u00e1 presente realmente na Eucaristia, &#8211; pud\u00e9ssemos deduzir uma terceira posi\u00e7\u00e3o. Que n\u00e3o seria inteiramente uma coisa, nem inteiramente outra. Voc\u00ea cede um pouco, eu cedo um pouco. E afirmaremos juntos que Jesus Cristo est\u00e1 presente de fato na Eucaristia. Agora, se Ele est\u00e1 presente apenas enquanto Deus, ou enquanto Homem-Deus \u00e9 um pormenor a respeito do qual cada um de n\u00f3s reclama sua liberdade de posi\u00e7\u00e3o. Ent\u00e3o, n\u00f3s teremos chegado finalmente a uma s\u00edntese.<\/h5><h5>Ent\u00e3o, se poderia ter, por esta forma, [evitado] a ruptura entre protestantes e cat\u00f3licos. E o mundo crist\u00e3o, hoje, seria unanimemente cat\u00f3lico. E isto teria dado \u00e0 Religi\u00e3o Cat\u00f3lica uma for\u00e7a, um vigor, lhe teria dado uma magnitude muito diferente da tristeza deste estra\u00e7alhamento, dessa biparti\u00e7\u00e3o que est\u00e1 a\u00ed. Voc\u00eas cat\u00f3licos, voc\u00eas quando v\u00eaem as seitas protestantes pulverizadas e que do alto e de dentro de sua unidade riem dessa pulveriza\u00e7\u00e3o, voc\u00eas imaginam bem de que desgra\u00e7a voc\u00eas riem? De que infort\u00fanio voc\u00eas est\u00e3o escarnecendo? Voc\u00eas t\u00eam uma id\u00e9ia de quanto isto representou para o rebaixamento moral deste mundo protestante assim dividido? Quanto representou de lutas, de divis\u00f5es, de dores de sofrimento? A primeira cis\u00e3o partiu de voc\u00eas. Quando voc\u00eas rejeitaram a nossa novidade. Depois, as outras cis\u00f5es vieram em cadeia, por causa exatamente da rejei\u00e7\u00e3o que voc\u00eas praticaram. Voc\u00eas s\u00e3o os autores dos males dos quais voc\u00eas se queixam, e voc\u00eas riem-se de n\u00f3s, quando voc\u00eas nos reduziram ao estado em que n\u00f3s estamos.<\/h5><h5><strong>Satan\u00e1s, se tivesse que fazer uso da palavra, com mais intelig\u00eancia, e com mais charme, diria mais ou menos a mesma coisa.<br \/><\/strong>Os santos, os te\u00f3logos, os papas \u2013 que viveram naquele tempo, seguiram uma pol\u00edtica inteiramente diversa. E pensaram o seguinte:\u00a0\u00c9 indigno o ensinamento que \u00e9 confuso. Ainda que seja involuntariamente, e que o professor por incompet\u00eancia, deixe a confus\u00e3o reinar sobre o conte\u00fado do que est\u00e1 ensinando, ainda que seja involuntariamente, ele n\u00e3o \u00e9 digno de ser professor. Porque a clareza \u00e9 a primeira das qualidades do professor.<\/h5><h5>Quer dizer, o ensino exige, como pressuposto, a clareza. Depois, exige a categoria do conte\u00fado. Um homem pode ser s\u00e1bio e n\u00e3o ser claro. Mas um homem n\u00e3o pode ser professor e n\u00e3o ser claro. Um professor confuso n\u00e3o pode ser professor. \u00c9 mais ou menos como um homem que \u00e9 fabricante de bin\u00f3culos, e faz os bin\u00f3culos com um cristal excelente, com uma montagem muito boa. O mal \u00e9 que os cristais que ele usa s\u00e3o um pouco emba\u00e7ados: \u00e9 uma porcaria! Pode ser o que for, \u00e9 uma porcaria! Porque o bin\u00f3culo foi feito para a gente ver \u00e0 dist\u00e2ncia com clareza. Se n\u00e3o d\u00e1 para ver com clareza, \u00e9 uma porcaria! O resto n\u00e3o interessa para nada.<\/h5><h5>Portanto, a primeira exig\u00eancia do ensino \u00e9 de ser claro. Se aquele que ensina n\u00e3o ensina com clareza intencionalmente, ele \u00e9 pior do que um incompetente: ele \u00e9 um desonesto. Porque \u00e9 uma desonestidade, \u00e9 uma fraude, apresentar-se algu\u00e9m com a segunda inten\u00e7\u00e3o de n\u00e3o lhe dar a verdade inteira. Quando ele est\u00e1 na suposi\u00e7\u00e3o de que a verdade inteira lhe ser\u00e1 dada.<\/h5><p>\u00a0<\/p><h5>Em termos mais definidos: h\u00e1 uma quest\u00e3o a respeito de saber se os portugueses j\u00e1 conheciam ou n\u00e3o o caminho do Brasil, quando aqui chegou Pedro \u00c1lvares Cabral. E se o descobrimento do Brasil foi, portanto, realmente um descobrimento ou foi uma expedi\u00e7\u00e3o mandada pelo rei de Portugal ao Brasil para oficialmente descobrir o Brasil. Porque os portugueses julgaram que era o momento de revelar ao mundo a posse desta terra que j\u00e1 conheciam, mas que n\u00e3o queriam que fosse habitada ainda, porque n\u00e3o\u00a0 sentiam a na\u00e7\u00e3o portuguesa pujante para iniciar o povoamente deste mundo que estava diante deles.<\/h5><h5>H\u00e1 uma discuss\u00e3o na Hist\u00f3ria do Brasil. Um professor tem o direito de sustentar uma dessas duas teses. S\u00e3o teses que se ap\u00f3iam em argumentos prov\u00e1veis. Um professor tem o direito de dizer que n\u00e3o aceita nenhuma dessas duas teses como demonstradas ainda, porque n\u00e3o as acha suficientemente elucidadas; o que ele n\u00e3o tem o direito \u00e9, numa aula de Hist\u00f3ria, tratando da quest\u00e3o, tirar o corpo da solu\u00e7\u00e3o, e n\u00e3o dar a posi\u00e7\u00e3o dele. Se ele, por uma raz\u00e3o pol\u00edtica qualquer, evita de tomar posi\u00e7\u00e3o, ele n\u00e3o \u00e9 honesto, porque tem a obriga\u00e7\u00e3o de dizer a verdade a respeito das coisas.<\/h5><h5>A gente pode at\u00e9 compreender, pode at\u00e9 talvez \u2013 eu n\u00e3o chego a dizer que se possa escusar \u2013 mas a gente pode compreender que um ou outro fa\u00e7a sil\u00eancio a respeito de um ponto de Hist\u00f3ria.<\/h5><h5>Se, segundo pensaram aqueles grandes te\u00f3logos e Doutores, a Igreja fizesse o sil\u00eancio a esse respeito, os fi\u00e9is ouvindo dEla um ensinamento confuso sobre uma verdade indispens\u00e1vel \u00e0 salva\u00e7\u00e3o, Ela estaria fraudando os fi\u00e9is. E Ela estaria faltando com a sua miss\u00e3o.<\/h5><h5>Em segundo lugar, se a Igreja, fosse silenciar a respeito da Eucaristia, faria com que os fi\u00e9is comungassem mal. Porque n\u00e3o tendo o ensinamento claro sobre o que eles est\u00e3o recebendo, n\u00e3o podiam receber bem o que eles estavam recebendo. Quem \u00e9 que pode [fazer] um ato de adora\u00e7\u00e3o ao Sant\u00edssimo Sacramento se n\u00e3o tem certeza se sim ou n\u00e3o, ali est\u00e1 Nosso Senhor Jesus Cristo? N\u00e3o \u00e9 poss\u00edvel! Quer dizer, a Igreja para manter uma unidade p\u00fatrida, sacrificaria a vida espiritual de seus fi\u00e9is.<\/h5><h5>Mas viria, sobretudo, um princ\u00edpio, &#8211; n\u00e3o \u00e9 o mais forte dos princ\u00edpios, &#8211; mas \u00e9 o menos real\u00e7ado e que eu quero real\u00e7ar mais hoje \u00e0 noite. <strong>A for\u00e7a de toda institui\u00e7\u00e3o consiste em levar \u00e0s \u00faltimas conseq\u00fc\u00eancias seus pr\u00f3prios princ\u00edpios. E a partir do momento em que ela acha que, para sobreviver, ela tem que ado\u00e7ar os seus princ\u00edpios, ela reconhece que j\u00e1 morreu.<\/strong><\/h5><h5>Eu dou muita import\u00e2ncia a este princ\u00edpio, e por isso pergunto se est\u00e1 claro.<\/h5><h5>Os senhores tomem, por exemplo, o estado militar. As For\u00e7as Armadas constituem uma institui\u00e7\u00e3o do pa\u00eds. O pr\u00f3prio das For\u00e7as Armadas, na sua pujan\u00e7a, \u00e9 deduzir da condi\u00e7\u00e3o militar todas as suas conseq\u00fc\u00eancias: a disciplina militar, a coragem militar, o estilo de vida militar, o porte militar, o militar levar [esses princ\u00edpios] t\u00e3o longe quanto poss\u00edvel. Isto \u00e9 o pr\u00f3prio de For\u00e7as Armadas pujantes. A partir do momento em que um Ministro da Guerra dissesse: &#8220;o Brasil \u00e9 um pa\u00eds ao qual repugna tanto o estado militar que, ou o militar toma ares de civil, ou n\u00e3o haver\u00e1 mais militares&#8221;, n\u00e3o adiantaria mais o militar tomar ares de civil. Porque ent\u00e3o, as For\u00e7as Armadas morreram no Brasil. Porque se o estado militar repugna tanto, a coer\u00eancia do estado militar \u00e9 inaceit\u00e1vel pelo pa\u00eds, afugenta as voca\u00e7\u00f5es, ent\u00e3o \u00e9 preciso reconhecer que o estado militar morreu, de frente. N\u00e3o vale a pena entrar com voltas, \u00e9 preciso ver de frente.<\/h5><h5>Voca\u00e7\u00f5es clericais:\u00a0<strong>um padre deve ser como padre, pensar como padre, se vestir como padre, viver como padre e vestir-se como padre, quer dizer, de batina.\u00a0<\/strong>Se algu\u00e9m vem e diz: bem, ent\u00e3o, n\u00e3o haver\u00e1 mais padres no Brasil, n\u00e3o adiantar\u00e1 p\u00f4r padre de macac\u00e3o para ver se algu\u00e9m quer ficar padre. \u00c9 preciso tomar o problema pela base. Esse pa\u00eds n\u00e3o quer ter mais padres, porque ficou pag\u00e3o. Vamos tomar a quest\u00e3o de frente.<\/h5><h5>\u00a0<\/h5><p>\u00a0<\/p><h5>A institui\u00e7\u00e3o da fam\u00edlia: algu\u00e9m dir\u00e1: &#8220;Dr. Plinio se n\u00e3o se fizer o div\u00f3rcio, no Brasil muita gente come\u00e7a a n\u00e3o se casar mais e a viver no amor-livre&#8221;. A resposta \u00e9: ent\u00e3o diga que morreu a institui\u00e7\u00e3o da fam\u00edlia no Brasil. N\u00e3o vale a pena fazer uma fam\u00e9lica, moribundinha, caricatura abastardada daquilo que deve ser, mas diga logo de uma vez: morreu a fam\u00edlia. Ent\u00e3o, vamos logo dizer: morreu o Brasil.\u00a0<strong>Porque um pa\u00eds onde n\u00e3o h\u00e1 compreens\u00e3o para o estado militar, para o estado eclesi\u00e1stico e nem apre\u00e7o pela fam\u00edlia, isso \u00e9 um pa\u00eds morto. Ent\u00e3o vamos, a partir disso, ver o que se deve fazer.<\/strong><\/h5><h5><span style=\"color: var( --e-global-color-text ); font-family: var( --e-global-typography-text-font-family ), Sans-serif; font-weight: var( --e-global-typography-text-font-weight ); font-size: 1rem;\"><br \/><\/span>Eu estou falando do Brasil, porque eu estou no Brasil. Eu poderia, a igual t\u00edtulo, falar de qualquer outro pa\u00eds onde me encontrasse.\u00a0<strong>\u00c9 um exemplo hipot\u00e9tico\u00a0<\/strong>que eu estou tomando.<img decoding=\"async\" class=\" wp-image-5792 alignright\" src=\"http:\/\/ligadosantorosario.com\/wp-content\/uploads\/Procissao-de-Corpus-Christi-300x188.jpg\" alt=\"\" width=\"397\" height=\"248\" srcset=\"https:\/\/ligadosantorosario.com\/wp-content\/uploads\/Procissao-de-Corpus-Christi-300x188.jpg 300w, https:\/\/ligadosantorosario.com\/wp-content\/uploads\/Procissao-de-Corpus-Christi.jpg 652w\" sizes=\"(max-width: 397px) 100vw, 397px\" \/><strong><br \/><\/strong><\/h5><h5><strong>\u00a0Ent\u00e3o, acontce que esses padres do Conc\u00edlio de Trento entenderam que era preciso fazer o contr\u00e1rio. E em oposi\u00e7\u00e3o ao protestantismo,<br \/><\/strong><strong>\u00a0acentuar o culto do Sant\u00edssimo Sacramento.\u00a0<br \/><\/strong>Ent\u00e3o instituir uma festa para a adora\u00e7\u00e3o do Sant\u00edssimo Sacramento. Fazer uma prociss\u00e3o em que o Sant\u00edssimo Sacramento sai \u00e0 rua, adorado por todos, para ver que as multid\u00f5es todas O adoram de joelhos postos em terra, reconhecendo que debaixo das apar\u00eancias eucar\u00edsticas, ali est\u00e1 Nosso Senhor Jesus Cristo. E impulsionar o culto do Sant\u00edssimo Sacramento, de todos os jeitos, chegando a essa plenitude que era a adora\u00e7\u00e3o perp\u00e9tua do\u00a0Sant\u00edssimo Sacramento, institu\u00edda por S\u00e3o Pedro Juli\u00e3o Eymard.<\/h5><p><strong>\u00a0 \u00a0 \u00a0 \u00a0 \u00a0 \u00a0 \u00a0 \u00a0 \u00a0 \u00a0 \u00a0 \u00a0 \u00a0 \u00a0 \u00a0 \u00a0 \u00a0 \u00a0 \u00a0 \u00a0 \u00a0 \u00a0 \u00a0 \u00a0 \u00a0 \u00a0 \u00a0 \u00a0 \u00a0 \u00a0 \u00a0 \u00a0 \u00a0 \u00a0 \u00a0 \u00a0 \u00a0 \u00a0 \u00a0 \u00a0 \u00a0 \u00a0 \u00a0 \u00a0 \u00a0 \u00a0 \u00a0 \u00a0 \u00a0 \u00a0 \u00a0 \u00a0 \u00a0 \u00a0 \u00a0 \u00a0 \u00a0 \u00a0 \u00a0 Prociss\u00e3o de Corpus Christi, Sevilha &#8211; Manuel Cabral y Aguado Bejarano -1857?<\/strong><\/p>\t\t\t\t\t\t<\/div>\n\t\t\t\t<\/div>\n\t\t\t\t\t<\/div>\n\t\t<\/div>\n\t\t\t\t\t<\/div>\n\t\t<\/section>\n\t\t\t\t<section class=\"elementor-section elementor-top-section elementor-element elementor-element-edd35b0 elementor-section-boxed elementor-section-height-default elementor-section-height-default\" data-id=\"edd35b0\" data-element_type=\"section\">\n\t\t\t\t\t\t<div class=\"elementor-container elementor-column-gap-default\">\n\t\t\t\t\t<div class=\"elementor-column elementor-col-100 elementor-top-column elementor-element elementor-element-d2e49fb\" data-id=\"d2e49fb\" data-element_type=\"column\">\n\t\t\t<div class=\"elementor-widget-wrap elementor-element-populated\">\n\t\t\t\t\t\t<div class=\"elementor-element elementor-element-e795707 elementor-widget elementor-widget-text-editor\" data-id=\"e795707\" data-element_type=\"widget\" data-widget_type=\"text-editor.default\">\n\t\t\t\t<div class=\"elementor-widget-container\">\n\t\t\t\t\t\t\t<p><strong><img loading=\"lazy\" decoding=\"async\" class=\"size-medium wp-image-5793 alignright\" src=\"http:\/\/ligadosantorosario.com\/wp-content\/uploads\/Dogma-da-Infalibilidade-300x242.jpg\" alt=\"\" width=\"300\" height=\"242\" srcset=\"https:\/\/ligadosantorosario.com\/wp-content\/uploads\/Dogma-da-Infalibilidade-300x242.jpg 300w, https:\/\/ligadosantorosario.com\/wp-content\/uploads\/Dogma-da-Infalibilidade.jpg 400w\" sizes=\"(max-width: 300px) 100vw, 300px\" \/><\/strong><\/p><p><strong>\u00a0<\/strong><\/p><h5><strong>Era a pol\u00edtica de enfrentar, de n\u00e3o conceder, de lutar, de afirmar, de proclamar.\u00a0<\/strong>Era a pol\u00edtica da honestidade, da lealdade, da integridade, da coer\u00eancia e da\u00ed veio para a Igreja uma torrente de gra\u00e7as; exatamente as gra\u00e7as da Contra-Reforma, que representaram uma das maiores chuvas de gra\u00e7a que a Igreja tem recebido.<\/h5><h5><br \/><strong>Acentuar o culto ao Sant\u00edssimo Sacramento, a Nossa Senhora, a devo\u00e7\u00e3o ao Papa, foi a resposta da Igreja ao protestantismo.<\/strong>\u00a0Uma longa resposta de 300 anos. Enquanto o protestantismo durou e a Igreja foi cat\u00f3lica em todo o seu conte\u00fado, essas respostas se acentuaram. No s\u00e9culo XIX ainda, a proclama\u00e7\u00e3o da infalibilidade papal, a proclama\u00e7\u00e3o do dogma da Imaculada Concei\u00e7\u00e3o, em nossos dias, o dogma da Assun\u00e7\u00e3o. Tivemos uma s\u00e9rie de afirma\u00e7\u00f5es, de institui\u00e7\u00f5es, etc. desdobrando e afirmando aquilo que o protestantismo negava. De maneira que quanto mais eles persistiam no seu erro, tanto mais n\u00f3s \u00edamos alto proclamando o nosso. Quanto mais eles se esfarelavam, tanto mais a nossa unidade se afirmava. Quanto mais eles morriam, tanto mais a nossa vitalidade se multiplicava.<\/h5><h5>At\u00e9 que outros ventos sopraram. E o dogma que estava para ser definido,\u00a0 o dogma da Media\u00e7\u00e3o Universal de Nossa Senhora, &#8211; o dogma n\u00e3o, a verdade de F\u00e9, n\u00e3o \u00e9 dogma &#8211; sobre o qual se assentam todos os princ\u00edpios ensinadas por S\u00e3o Lu\u00eds Maria Grignion de Montfort, no Tratado da Verdadeira Devo\u00e7\u00e3o, ia ser proclamado. Os senhores est\u00e3o vendo o que isto significa. Vamos dizer a verdade de frente: \u00e9 que h\u00e1 incont\u00e1veis cat\u00f3licos que j\u00e1 n\u00e3o t\u00eam mais a coer\u00eancia de sua f\u00e9. N\u00e3o t\u00eam mais a pugnacidade, n\u00e3o t\u00eam mais aquela integridade que caracteriza a institui\u00e7\u00e3o quando est\u00e1 v\u00edva.\u00a0<span style=\"color: var( --e-global-color-text ); font-family: var( --e-global-typography-text-font-family ), Sans-serif; font-weight: var( --e-global-typography-text-font-weight ); font-size: 1rem;\">\u00a0<br \/><\/span><\/h5><h5>A Igreja nunca diminui de vitalidade, porque Ela \u00e9 imortal, Ela \u00e9 sobrenatural, Ela \u00e9 divina, mas a correspond\u00eancia de seus filhos a Ela pode diminuir e pode, portanto, a densidade de f\u00e9 diminuir no esp\u00edrito de muitos filhos da Igreja. E vemos aqui, na festa de\u00a0<em>Corpus Christi,<\/em>\u00a0vemos como a coragem de proclamar os dogmas diminuiu e como, portanto, h\u00e1 uma diminui\u00e7\u00e3o da F\u00e9, em incont\u00e1veis desses que se dizem cat\u00f3licos.<\/h5><h5><br \/>Eu dou aos senhores apenas um dado: est\u00e1 sendo realizado o Congresso Eucar\u00edstico em Bras\u00edlia. N\u00f3s estamos em 1970. Pelos jornais, comparecer\u00e3o menos de 50.000 pessoas. A popula\u00e7\u00e3o de Bras\u00edlia, no Distrito Federal, \u00e9 de 400.000 pessoas. No ano de 1943, S\u00e3o Paulo tinha mais ou menos creio eu, um milh\u00e3o de habitantes. Foi realizado um Congresso Eucar\u00edstico que encheu o vale de Anhangaba\u00fa inteiro, desde a pra\u00e7a das Bandeiras at\u00e9 a pra\u00e7a do Correio. Os meios de comunica\u00e7\u00e3o eram muito mais deficientes que hoje em dia, encheu completamente. Em 1970, um Congresso n\u00e3o re\u00fane a oitava parte da popula\u00e7\u00e3o do Distrito Federal.<\/h5><h5><br \/>Os senhores v\u00eaem o que isso representa. Compara\u00e7\u00e3o que naturalmente ningu\u00e9m faz. Mas compara\u00e7\u00e3o, qu\u00e3o verdadeira e qu\u00e3o oportuna, para mostrar\u00a0<strong>como \u00e9 verdade aquela afirma\u00e7\u00e3o da Escritura de que viria um dia em que as verdades estariam diminu\u00eddas entre os filhos dos homens.\u00a0<\/strong>N\u00e3o propriamente negadas, mas murchas, reduzidas, apoucadas, amesquinhadas entre os filhos dos homens. E para mostrar aos senhores como representamos &#8211; pelo favor imerecido de Nossa Senhora para conosco, &#8211; uma tend\u00eancia de vitalidade, de correspond\u00eancia \u00e0 F\u00e9, de energia no crer, de plenitude no crer, na nossa intransig\u00eancia e na nossa combatividade.<\/h5><h5><br \/><strong>A festa de\u00a0<em>Corpus Christi<\/em>\u00a0\u00e9 a festa do Sant\u00edssimo Sacramento. Mas ela \u00e9 uma grande li\u00e7\u00e3o de combatividade.<\/strong>\u00a0Aprendamos essa li\u00e7\u00e3o, e procuremos ser cada vez mais combativos por amor a Nossa Senhora e por adora\u00e7\u00e3o ao Sant\u00edssimo Sacramento.<\/h5>\t\t\t\t\t\t<\/div>\n\t\t\t\t<\/div>\n\t\t\t\t\t<\/div>\n\t\t<\/div>\n\t\t\t\t\t<\/div>\n\t\t<\/section>\n\t\t\t\t<section class=\"elementor-section elementor-top-section elementor-element elementor-element-840a606 elementor-section-boxed elementor-section-height-default elementor-section-height-default\" data-id=\"840a606\" data-element_type=\"section\">\n\t\t\t\t\t\t<div class=\"elementor-container elementor-column-gap-default\">\n\t\t\t\t\t<div class=\"elementor-column elementor-col-100 elementor-top-column elementor-element elementor-element-318f3ca\" data-id=\"318f3ca\" data-element_type=\"column\">\n\t\t\t<div class=\"elementor-widget-wrap elementor-element-populated\">\n\t\t\t\t\t\t<div class=\"elementor-element elementor-element-b721116 elementor-widget elementor-widget-image\" data-id=\"b721116\" data-element_type=\"widget\" data-widget_type=\"image.default\">\n\t\t\t\t<div class=\"elementor-widget-container\">\n\t\t\t<style>\/*! elementor - v3.23.0 - 05-08-2024 *\/\n.elementor-widget-image{text-align:center}.elementor-widget-image a{display:inline-block}.elementor-widget-image a img[src$=\".svg\"]{width:48px}.elementor-widget-image img{vertical-align:middle;display:inline-block}<\/style>\t\t\t\t\t\t\t\t\t\t<img loading=\"lazy\" decoding=\"async\" width=\"800\" height=\"552\" src=\"https:\/\/ligadosantorosario.com\/wp-content\/uploads\/Procissao_Orvieto.jpg\" class=\"attachment-large size-large wp-image-5794\" alt=\"\" srcset=\"https:\/\/ligadosantorosario.com\/wp-content\/uploads\/Procissao_Orvieto.jpg 822w, https:\/\/ligadosantorosario.com\/wp-content\/uploads\/Procissao_Orvieto-300x207.jpg 300w, https:\/\/ligadosantorosario.com\/wp-content\/uploads\/Procissao_Orvieto-768x530.jpg 768w\" sizes=\"(max-width: 800px) 100vw, 800px\" \/>\t\t\t\t\t\t\t\t\t\t\t\t\t<\/div>\n\t\t\t\t<\/div>\n\t\t\t\t<div class=\"elementor-element elementor-element-611d83d elementor-widget elementor-widget-heading\" data-id=\"611d83d\" data-element_type=\"widget\" data-widget_type=\"heading.default\">\n\t\t\t\t<div class=\"elementor-widget-container\">\n\t\t\t<style>\/*! elementor - v3.23.0 - 05-08-2024 *\/\n.elementor-heading-title{padding:0;margin:0;line-height:1}.elementor-widget-heading .elementor-heading-title[class*=elementor-size-]>a{color:inherit;font-size:inherit;line-height:inherit}.elementor-widget-heading .elementor-heading-title.elementor-size-small{font-size:15px}.elementor-widget-heading .elementor-heading-title.elementor-size-medium{font-size:19px}.elementor-widget-heading .elementor-heading-title.elementor-size-large{font-size:29px}.elementor-widget-heading .elementor-heading-title.elementor-size-xl{font-size:39px}.elementor-widget-heading .elementor-heading-title.elementor-size-xxl{font-size:59px}<\/style><h2 class=\"elementor-heading-title elementor-size-default\">Alguns dos numerosos personagens que participam da Medieval Prociss\u00e3o de Corpus Christi, na cidade italiana de Orvieto<\/h2>\t\t<\/div>\n\t\t\t\t<\/div>\n\t\t\t\t\t<\/div>\n\t\t<\/div>\n\t\t\t\t\t<\/div>\n\t\t<\/section>\n\t\t\t\t<section class=\"elementor-section elementor-top-section elementor-element elementor-element-e33e7ef elementor-section-boxed elementor-section-height-default elementor-section-height-default\" data-id=\"e33e7ef\" data-element_type=\"section\">\n\t\t\t\t\t\t<div class=\"elementor-container elementor-column-gap-default\">\n\t\t\t\t\t<div class=\"elementor-column elementor-col-100 elementor-top-column elementor-element elementor-element-4ff5cb8\" data-id=\"4ff5cb8\" data-element_type=\"column\">\n\t\t\t<div class=\"elementor-widget-wrap elementor-element-populated\">\n\t\t\t\t\t\t<div class=\"elementor-element elementor-element-6af6b82 elementor-widget elementor-widget-text-editor\" data-id=\"6af6b82\" data-element_type=\"widget\" data-widget_type=\"text-editor.default\">\n\t\t\t\t<div class=\"elementor-widget-container\">\n\t\t\t\t\t\t\t<p>T<b>exto extra\u00eddo do site Pl\u00ednioCorr\u00eaadeOliveira.info.<\/b><\/p>\t\t\t\t\t\t<\/div>\n\t\t\t\t<\/div>\n\t\t\t\t\t<\/div>\n\t\t<\/div>\n\t\t\t\t\t<\/div>\n\t\t<\/section>\n\t\t\t\t<\/div>\n\t\t","protected":false},"excerpt":{"rendered":"<p>\u00a0 \u00a0 \u00a0Pl\u00ednio Corr\u00eaa de oliveira \u00a0 Corpus Christi:\u00a0 grande\u00a0 li\u00e7\u00e3o de \u00a0combatividade da Igreja \u00a0 \u00a0 \u00a0 A D V E R T \u00ca N C I A O presente texto \u00e9 adapta\u00e7\u00e3o de transcri\u00e7\u00e3o de grava\u00e7\u00e3o de confer\u00eancia do Prof. Plinio Corr\u00eaa de Oliveira a s\u00f3cios e cooperadores da TFP, mantendo portanto o estilo verbal, e n\u00e3o foi revisto pelo autor. Se o\u00a0Prof.\u00a0Plinio Corr\u00eaa de Oliveira estivesse entre n\u00f3s, certamente pediria que se colocasse expl\u00edcita men\u00e7\u00e3o a sua filial disposi\u00e7\u00e3o de retificar qualquer discrep\u00e2ncia em rela\u00e7\u00e3o ao Magist\u00e9rio da Igreja. \u00c9 o que fazemos aqui constar, com suas&#8230;<\/p>\n","protected":false},"author":1,"featured_media":0,"comment_status":"open","ping_status":"open","sticky":false,"template":"","format":"standard","meta":{"jetpack_post_was_ever_published":false,"_jetpack_newsletter_access":"","_jetpack_dont_email_post_to_subs":false,"_jetpack_newsletter_tier_id":0,"footnotes":""},"categories":[1],"tags":[],"jetpack_sharing_enabled":true,"jetpack_featured_media_url":"","_links":{"self":[{"href":"https:\/\/ligadosantorosario.com\/index.php?rest_route=\/wp\/v2\/posts\/5773"}],"collection":[{"href":"https:\/\/ligadosantorosario.com\/index.php?rest_route=\/wp\/v2\/posts"}],"about":[{"href":"https:\/\/ligadosantorosario.com\/index.php?rest_route=\/wp\/v2\/types\/post"}],"author":[{"embeddable":true,"href":"https:\/\/ligadosantorosario.com\/index.php?rest_route=\/wp\/v2\/users\/1"}],"replies":[{"embeddable":true,"href":"https:\/\/ligadosantorosario.com\/index.php?rest_route=%2Fwp%2Fv2%2Fcomments&post=5773"}],"version-history":[{"count":58,"href":"https:\/\/ligadosantorosario.com\/index.php?rest_route=\/wp\/v2\/posts\/5773\/revisions"}],"predecessor-version":[{"id":5863,"href":"https:\/\/ligadosantorosario.com\/index.php?rest_route=\/wp\/v2\/posts\/5773\/revisions\/5863"}],"wp:attachment":[{"href":"https:\/\/ligadosantorosario.com\/index.php?rest_route=%2Fwp%2Fv2%2Fmedia&parent=5773"}],"wp:term":[{"taxonomy":"category","embeddable":true,"href":"https:\/\/ligadosantorosario.com\/index.php?rest_route=%2Fwp%2Fv2%2Fcategories&post=5773"},{"taxonomy":"post_tag","embeddable":true,"href":"https:\/\/ligadosantorosario.com\/index.php?rest_route=%2Fwp%2Fv2%2Ftags&post=5773"}],"curies":[{"name":"wp","href":"https:\/\/api.w.org\/{rel}","templated":true}]}}