{"id":6006,"date":"2024-06-11T15:21:39","date_gmt":"2024-06-11T15:21:39","guid":{"rendered":"https:\/\/ligadosantorosario.com\/?p=6006"},"modified":"2025-06-20T18:48:41","modified_gmt":"2025-06-20T18:48:41","slug":"mes-de-junho-dedicado-ao-sagrado-coracao-de-jesus","status":"publish","type":"post","link":"https:\/\/ligadosantorosario.com\/?p=6006","title":{"rendered":"Mes de junho dedicado ao Sagrado Cora\u00e7\u00e3o de Jesus"},"content":{"rendered":"\t\t<div data-elementor-type=\"wp-post\" data-elementor-id=\"6006\" class=\"elementor elementor-6006\" data-elementor-post-type=\"post\">\n\t\t\t\t\t\t<section class=\"elementor-section elementor-top-section elementor-element elementor-element-0fbf129 elementor-section-boxed elementor-section-height-default elementor-section-height-default\" data-id=\"0fbf129\" data-element_type=\"section\">\n\t\t\t\t\t\t<div class=\"elementor-container elementor-column-gap-default\">\n\t\t\t\t\t<div class=\"elementor-column elementor-col-100 elementor-top-column elementor-element elementor-element-cbcb09a\" data-id=\"cbcb09a\" data-element_type=\"column\">\n\t\t\t<div class=\"elementor-widget-wrap elementor-element-populated\">\n\t\t\t\t\t\t<div class=\"elementor-element elementor-element-08e8d6a elementor-widget elementor-widget-text-editor\" data-id=\"08e8d6a\" data-element_type=\"widget\" data-widget_type=\"text-editor.default\">\n\t\t\t\t<div class=\"elementor-widget-container\">\n\t\t\t<style>\/*! elementor - v3.23.0 - 05-08-2024 *\/\n.elementor-widget-text-editor.elementor-drop-cap-view-stacked .elementor-drop-cap{background-color:#69727d;color:#fff}.elementor-widget-text-editor.elementor-drop-cap-view-framed .elementor-drop-cap{color:#69727d;border:3px solid;background-color:transparent}.elementor-widget-text-editor:not(.elementor-drop-cap-view-default) .elementor-drop-cap{margin-top:8px}.elementor-widget-text-editor:not(.elementor-drop-cap-view-default) .elementor-drop-cap-letter{width:1em;height:1em}.elementor-widget-text-editor .elementor-drop-cap{float:left;text-align:center;line-height:1;font-size:50px}.elementor-widget-text-editor .elementor-drop-cap-letter{display:inline-block}<\/style>\t\t\t\t<p><strong><em>&nbsp;<\/em><\/strong><\/p>\n<p><img fetchpriority=\"high\" decoding=\"async\" class=\"alignright\" src=\"http:\/\/ligadosantorosario.com\/wp-content\/uploads\/PCO-artigos-FSP73-aprox-234x300.jpg\" alt=\"\" width=\"348\" height=\"446\"><\/p>\n<p><strong><em>Plinio Corr\u00eaa de Oliveira<\/em><\/strong><\/p>\n<p><\/p>\n<h3><strong><em>&nbsp;<\/em><\/strong><\/h3><h3><strong><em><br><\/em><\/strong><\/h3><h3><strong><em>A devo\u00e7\u00e3o ao Sagrado&nbsp;<br><\/em><\/strong><strong><em>Cora\u00e7\u00e3o de Jesus<br><\/em><\/strong><strong><em>e a Contra-Revolu\u00e7\u00e3o<\/em><\/strong><\/h3>\n\n\n<p><strong><em>&nbsp;<\/em><\/strong><\/p>\n<h6><strong><em>&#8220;Santo do dia&#8221;, 4 de<\/em><\/strong><strong><em>&nbsp;mar\u00e7o de 1965<\/em><\/strong><\/h6>\t\t\t\t\t\t<\/div>\n\t\t\t\t<\/div>\n\t\t\t\t<div class=\"elementor-element elementor-element-2472920 elementor-widget elementor-widget-text-editor\" data-id=\"2472920\" data-element_type=\"widget\" data-widget_type=\"text-editor.default\">\n\t\t\t\t<div class=\"elementor-widget-container\">\n\t\t\t\t\t\t\t<p><strong>A d V E R T \u00ca N C I A<\/strong><\/p><p>O presente texto \u00e9 adapta\u00e7\u00e3o de transcri\u00e7\u00e3o de grava\u00e7\u00e3o de confer\u00eancia do <strong>A D<\/strong> Prof. Plinio Corr\u00eaa de Oliveira a s\u00f3cios e cooperadores da TFP, mantendo portanto o estilo verbal, e n\u00e3o foi revisto pelo autor.<\/p><p>Se o\u00a0Prof.\u00a0Plinio Corr\u00eaa de Oliveira estivesse entre n\u00f3s, certamente pediria que se colocasse expl\u00edcita men\u00e7\u00e3o a sua filial disposi\u00e7\u00e3o de retificar qualquer discrep\u00e2ncia em rela\u00e7\u00e3o ao Magist\u00e9rio da Igreja. \u00c9 o que fazemos aqui constar, com suas pr\u00f3prias palavras, como homenagem\u00a0a\u00a0t\u00e3o belo e constante estado de esp\u00edrito:<\/p><p><strong>\u201cCat\u00f3lico apost\u00f3lico romano, o autor deste texto\u00a0\u00a0se submete com filial ardor ao ensinamento tradicional da Santa Igreja. Se, no entanto,\u00a0 por lapso, algo nele ocorra que n\u00e3o esteja conforme \u00e0quele ensinamento, desde j\u00e1 e categoricamente o rejeita\u201d.<\/strong><\/p><p>As palavras &#8220;Revolu\u00e7\u00e3o&#8221; e &#8220;Contra-Revolu\u00e7\u00e3o&#8221;, s\u00e3o aqui empregadas no sentido que lhes d\u00e1 o Prof. Pl\u00ednio Corr\u00eaa de Oliveira em seu livro &#8220;<a href=\"https:\/\/www.pliniocorreadeoliveira.info\/livros.asp\"><strong>Revolu\u00e7\u00e3o e Contra-Revolu\u00e7\u00e3o<\/strong><\/a>&#8220;, cuja primeira edi\u00e7\u00e3o foi publicada no N\u00ba 100 de\u00a0<a href=\"https:\/\/www.pliniocorreadeoliveira.info\/artigoscatolicismo_1959.asp\"><strong>&#8220;Catolicismo&#8221;<\/strong><\/a>, em abril de 1959.<\/p>\t\t\t\t\t\t<\/div>\n\t\t\t\t<\/div>\n\t\t\t\t\t<\/div>\n\t\t<\/div>\n\t\t\t\t\t<\/div>\n\t\t<\/section>\n\t\t\t\t<section class=\"elementor-section elementor-top-section elementor-element elementor-element-741a74a elementor-section-boxed elementor-section-height-default elementor-section-height-default\" data-id=\"741a74a\" data-element_type=\"section\">\n\t\t\t\t\t\t<div class=\"elementor-container elementor-column-gap-default\">\n\t\t\t\t\t<div class=\"elementor-column elementor-col-100 elementor-top-column elementor-element elementor-element-9fbcff2\" data-id=\"9fbcff2\" data-element_type=\"column\">\n\t\t\t<div class=\"elementor-widget-wrap\">\n\t\t\t\t\t\t\t<\/div>\n\t\t<\/div>\n\t\t\t\t\t<\/div>\n\t\t<\/section>\n\t\t\t\t<section class=\"elementor-section elementor-top-section elementor-element elementor-element-71e634a elementor-section-boxed elementor-section-height-default elementor-section-height-default\" data-id=\"71e634a\" data-element_type=\"section\">\n\t\t\t\t\t\t<div class=\"elementor-container elementor-column-gap-default\">\n\t\t\t\t\t<div class=\"elementor-column elementor-col-100 elementor-top-column elementor-element elementor-element-39a2b1f\" data-id=\"39a2b1f\" data-element_type=\"column\">\n\t\t\t<div class=\"elementor-widget-wrap elementor-element-populated\">\n\t\t\t\t\t\t<div class=\"elementor-element elementor-element-d34cf78 elementor-widget elementor-widget-text-editor\" data-id=\"d34cf78\" data-element_type=\"widget\" data-widget_type=\"text-editor.default\">\n\t\t\t\t<div class=\"elementor-widget-container\">\n\t\t\t\t\t\t\t<p>\u00a0<\/p><p><img decoding=\"async\" class=\"wp-image-6008 alignright\" src=\"http:\/\/ligadosantorosario.com\/wp-content\/uploads\/Imagem_SCJ_PCO-140x300.jpg\" alt=\"\" width=\"215\" height=\"461\" srcset=\"https:\/\/ligadosantorosario.com\/wp-content\/uploads\/Imagem_SCJ_PCO-140x300.jpg 140w, https:\/\/ligadosantorosario.com\/wp-content\/uploads\/Imagem_SCJ_PCO.jpg 264w\" sizes=\"(max-width: 215px) 100vw, 215px\" \/><\/p><p>\u00a0<\/p><h4>O<b>s senhores sabem que a\u00a0devo\u00e7\u00e3o ao Sagrado Cora\u00e7\u00e3o de Jesus encontra-se na raiz de todos os movimentos contra-revolucion\u00e1rios maiores ou\u00a0menores, mais conhecidos ou menos, que eclodiram a partir do momento em que Santa Margarida Maria recebeu essa revela\u00e7\u00e3o no s\u00e9culo XVII. Ela recebeu a incumb\u00eancia de, em nome do Sagrado Cora\u00e7\u00e3o de Jesus, [pedir] ao rei Lu\u00eds XIV, que consagrasse a Fran\u00e7a ao Sagrado Cora\u00e7\u00e3o e que pusesse nas armas da Fran\u00e7a o Cora\u00e7\u00e3o de Jesus.<\/b><\/h4><h4><b>Ela prometia ao rei que desde que ele se resolvesse [a] atacar os inimigos da Igreja, o Cora\u00e7\u00e3o de Jesus o ampararia, conduziria seu reinado a uma grande gl\u00f3ria etc., etc. [cfr. Marguerite-Marie Alacoque,\u00a0<em>Vie et oeuvres<\/em>, Saint Paul, Paris-Fribourg, 1990, t. II, pp. 335-337, 343-344, 435-436]. O Sagrado Cora\u00e7\u00e3o de Jesus estava esperando de Luiz XIV \u00e9 que ele mudasse a orienta\u00e7\u00e3o que tinha e se pusesse \u00e0 testa da Contra-Revolu\u00e7\u00e3o. Uma vez que fizesse isso, haveria para ele um reinado de gl\u00f3ria e haveria para a Fran\u00e7a um verdadeiro apogeu, mas um apogeu cat\u00f3lico.<\/b><\/h4><h5><strong>\u00a0 \u00a0 \u00a0 \u00a0 \u00a0 \u00a0 \u00a0 \u00a0 \u00a0 \u00a0 \u00a0 \u00a0 \u00a0 \u00a0 \u00a0 \u00a0 \u00a0 \u00a0 \u00a0 \u00a0 \u00a0 \u00a0 \u00a0 \u00a0 \u00a0 \u00a0 \u00a0 \u00a0 \u00a0 \u00a0 \u00a0 \u00a0 \u00a0 \u00a0\u00a0<em><u>Imagem do Sagrado Cora\u00e7\u00e3o de Jesus venerada pelo Prof. Plinio desde sua inf\u00e2ncia<\/u><\/em><\/strong><\/h5><h4><b>\u00a0\u00c9 evidente que nesse caso, a devo\u00e7\u00e3o ao Sagrado Cora\u00e7\u00e3o se teria estendido pelo mundo inteiro, teria havido, na Fran\u00e7a, clima para as prega\u00e7\u00f5es de S\u00e3o Luiz Grignion de Montfort e para que tamb\u00e9m se generalizassem pelo mundo inteiro \u2014 S\u00e3o Luiz Grignion tamb\u00e9m viveu no tempo de Luiz XIV \u2014 e teria se conseguido evitar a Revolu\u00e7\u00e3o Francesa. Mediante esse pedido feito ao rei, a Revolu\u00e7\u00e3o, na forma que tinha ao tempo de Santa Margarida Maria, teria estancado; a forma p\u00e9ssima que tomou depois e que foi a Revolu\u00e7\u00e3o Francesa, teria sido prevenida.<br \/><\/b><b>Portanto, essa devo\u00e7\u00e3o, logo no seu primeiro movimento, em sua primeira indica\u00e7\u00e3o da parte do Sagrado Cora\u00e7\u00e3o, tem um sentido nitidamente contra-revolucion\u00e1rio.<\/b><\/h4><p><strong>\u00a0 \u00a0 \u00a0 \u00a0 \u00a0 \u00a0 \u00a0 \u00a0 \u00a0 \u00a0 \u00a0 \u00a0 \u00a0 \u00a0 \u00a0 \u00a0 \u00a0 \u00a0 \u00a0 \u00a0 \u00a0 \u00a0 \u00a0 \u00a0 \u00a0 \u00a0 \u00a0 \u00a0 \u00a0 \u00a0 \u00a0 \u00a0 \u00a0 \u00a0 \u00a0 \u00a0 \u00a0 \u00a0 \u00a0 \u00a0 \u00a0 \u00a0 \u00a0 \u00a0 \u00a0 \u00a0 \u00a0 \u00a0 \u00a0 \u00a0 \u00a0 \u00a0 \u00a0 \u00a0 \u00a0 \u00a0 \u00a0\u00a0<\/strong><\/p>\t\t\t\t\t\t<\/div>\n\t\t\t\t<\/div>\n\t\t\t\t\t<\/div>\n\t\t<\/div>\n\t\t\t\t\t<\/div>\n\t\t<\/section>\n\t\t\t\t<section class=\"elementor-section elementor-top-section elementor-element elementor-element-46ea151 elementor-section-boxed elementor-section-height-default elementor-section-height-default\" data-id=\"46ea151\" data-element_type=\"section\">\n\t\t\t\t\t\t<div class=\"elementor-container elementor-column-gap-default\">\n\t\t\t\t\t<div class=\"elementor-column elementor-col-100 elementor-top-column elementor-element elementor-element-4f7dcdb\" data-id=\"4f7dcdb\" data-element_type=\"column\">\n\t\t\t<div class=\"elementor-widget-wrap elementor-element-populated\">\n\t\t\t\t\t\t<div class=\"elementor-element elementor-element-8f4dfa7 elementor-widget elementor-widget-text-editor\" data-id=\"8f4dfa7\" data-element_type=\"widget\" data-widget_type=\"text-editor.default\">\n\t\t\t\t<div class=\"elementor-widget-container\">\n\t\t\t\t\t\t\t<h4><b>O professor Furquim, estudando detidamente isso, chama a aten\u00e7\u00e3o para [o fato de] que os v\u00e1rios movimentos contra-revolucion\u00e1rios [que] se esbo\u00e7aram nos s\u00e9culos XVIII e XIX tinham liga\u00e7\u00e3o com o Sagrado Cora\u00e7\u00e3o de Jesus. Os senhores sabem que os &#8220;chouans&#8221; tamb\u00e9m levaram o Sagrado Cora\u00e7\u00e3o no distintivo, e que essa devo\u00e7\u00e3o tem sido, invariavelmente, preconizada pelos bons, tem<\/b> i<b>nspirado os bons e tem sido para eles uma causa de alento, enquanto tem sido detestada pelos maus.<\/b><\/h4>\t\t\t\t\t\t<\/div>\n\t\t\t\t<\/div>\n\t\t\t\t\t<\/div>\n\t\t<\/div>\n\t\t\t\t\t<\/div>\n\t\t<\/section>\n\t\t\t\t<section class=\"elementor-section elementor-top-section elementor-element elementor-element-5a11d34 elementor-section-boxed elementor-section-height-default elementor-section-height-default\" data-id=\"5a11d34\" data-element_type=\"section\">\n\t\t\t\t\t\t<div class=\"elementor-container elementor-column-gap-default\">\n\t\t\t\t\t<div class=\"elementor-column elementor-col-100 elementor-top-column elementor-element elementor-element-ae58437\" data-id=\"ae58437\" data-element_type=\"column\">\n\t\t\t<div class=\"elementor-widget-wrap elementor-element-populated\">\n\t\t\t\t\t\t<div class=\"elementor-element elementor-element-2d064d9 elementor-widget elementor-widget-text-editor\" data-id=\"2d064d9\" data-element_type=\"widget\" data-widget_type=\"text-editor.default\">\n\t\t\t\t<div class=\"elementor-widget-container\">\n\t\t\t\t\t\t\t<p><\/p>\n<h4><b>O que dizem<\/b> <b>os maus contra a<\/b><img decoding=\"async\" class=\" wp-image-6013 alignright\" src=\"http:\/\/ligadosantorosario.com\/wp-content\/uploads\/Vitral-La-Roche-188x300.jpg\" alt=\"\" width=\"259\" height=\"414\" srcset=\"https:\/\/ligadosantorosario.com\/wp-content\/uploads\/Vitral-La-Roche-188x300.jpg 188w, https:\/\/ligadosantorosario.com\/wp-content\/uploads\/Vitral-La-Roche.jpg 212w\" sizes=\"(max-width: 259px) 100vw, 259px\" \/><b> devo\u00e7\u00e3o ao Sagrado Cora\u00e7\u00e3o de Jesus? Primeiro uma coisa que pensam ser um argumento decisivo: &#8220;por que<\/b> <b>adorar o Cora\u00e7\u00e3o de Jesus? N\u00e3o poder\u00edamos fazer uma linda devo\u00e7\u00e3o \u00e0s Sagradas m\u00e3os de Jesus? Aos Sagrados olhos de Jesus? Ent\u00e3o, decompomos blasfemamente Jesus e vamos fazer uma adora\u00e7\u00e3o a cada parte do corpo.<\/b><\/h4>\n<h4><b>&nbsp;Ent\u00e3o, fazemos uma adora\u00e7\u00e3o \u00e0s orelhas, que ouvem todas as s\u00faplicas do homem, \u00e0 boca, que falou, \u00e0s m\u00e3os que aben\u00e7oaram (n\u00e3o dizem que tamb\u00e9m fustigaram&#8230;). Ent\u00e3o, n\u00e3o vale a pena fazer essa devo\u00e7\u00e3o&#8221;.<\/b><\/h4>\n<h4><b>&#8220;Depois, dizem eles, \u00e9 uma devo\u00e7\u00e3o sentimental. O cora\u00e7\u00e3o \u00e9 o emblema do sentimento para o sentimentalismo. Portanto \u00e9 uma devo\u00e7\u00e3o sentimental, sem conte\u00fado teol\u00f3gico e n\u00e3o deve ser admitida&#8221;.<\/b><\/h4>\n<h4>&nbsp;<\/h4>\n<h5>&nbsp;<b style=\"color: inherit; font-family: inherit; font-size: 1.25rem;\">&nbsp; &nbsp; &nbsp; &nbsp; &nbsp; &nbsp; &nbsp; &nbsp; &nbsp; <i>&nbsp;Vitral da igreja de Notre-Dame, em Beaupr\u00e9au representando o general Henri de La Rochejaquelein &#8211; 1890<\/i><\/b><\/h5>\n<h4><b>Na realidade, a Santa S\u00e9, v\u00e1rias vezes, por meio de&nbsp; documentos pontif\u00edcios solenes, substanciosos, magn\u00edficos, recomendou essa devo\u00e7\u00e3o [cfr. Por exemplo, a enc\u00edclica &#8220;Inscrutabile divinae Sapientiae&#8221; do Papa Pio VI, em 1775]; cobriu de indulg\u00eancias a devo\u00e7\u00e3o das primeiras sextas-feiras, ligadas \u00e0 devo\u00e7\u00e3o ao Sagrado Cora\u00e7\u00e3o de Jesus, porque \u00e9 a comunh\u00e3o feita em repara\u00e7\u00e3o \u00e0s ofensas que o Sagrado Cora\u00e7\u00e3o de Jesus recebe. Ela cumulou de indulg\u00eancias as confrarias e arquiconfrarias que Ela mesma instituiu em favor da devo\u00e7\u00e3o do Sagrado Cora\u00e7\u00e3o de Jesus. Ela aprovou e estimulou a constru\u00e7\u00e3o de igrejas, altares e imagens em louvor do Sagrado Cora\u00e7\u00e3o.<\/b><\/h4>\n<p><\/p>\n<p><span style=\"color: inherit; font-family: inherit; font-size: 1.5rem;\"><b>Quanto ao mist\u00e9rio da Igreja, essa devo\u00e7\u00e3o \u00e9, tem sido aprovada de modo superabundante e tem tudo para merecer nossa confian\u00e7a. De outro lado, esse argumento de que n\u00e3o se pode ter uma devo\u00e7\u00e3o a cada parte do sacrat\u00edssimo corpo de Nosso Senhor, n\u00e3o tem sentido nenhum. De fato, privadamente falando, podemos adorar a Nosso Senhor em suas m\u00e3os sant\u00edssimas, podemos e devemos ador\u00e1-Lo em seus olhos infinitamente expressivos, significativos, r\u00e9gios, doutorais e salvadores. Pensar que com um s\u00f3 olhar Nosso Senhor regenerou S\u00e3o Pedro, e adorar Nosso Senhor inclusive em seus olhos divinos, evidentemente \u00e9 uma coisa que se pode fazer.<\/b><\/span><\/p>\t\t\t\t\t\t<\/div>\n\t\t\t\t<\/div>\n\t\t\t\t\t<\/div>\n\t\t<\/div>\n\t\t\t\t\t<\/div>\n\t\t<\/section>\n\t\t\t\t<section class=\"elementor-section elementor-top-section elementor-element elementor-element-0320c15 elementor-section-boxed elementor-section-height-default elementor-section-height-default\" data-id=\"0320c15\" data-element_type=\"section\">\n\t\t\t\t\t\t<div class=\"elementor-container elementor-column-gap-default\">\n\t\t\t\t\t<div class=\"elementor-column elementor-col-100 elementor-top-column elementor-element elementor-element-678cb29\" data-id=\"678cb29\" data-element_type=\"column\">\n\t\t\t<div class=\"elementor-widget-wrap elementor-element-populated\">\n\t\t\t\t\t\t<div class=\"elementor-element elementor-element-0d5c553 elementor-widget elementor-widget-text-editor\" data-id=\"0d5c553\" data-element_type=\"widget\" data-widget_type=\"text-editor.default\">\n\t\t\t\t<div class=\"elementor-widget-container\">\n\t\t\t\t\t\t\t<h4><b>Apenas a Igreja, que tem muito o senso do rid\u00edculo, e que compreende que o rid\u00edculo fica a um passo do sublime, compreende que os esp\u00edritos<\/b> v<b>ulgares teriam facilidade em p\u00f4r sarcasmo contra uma coisa que assim desmembrada realmente choca um pouco a sensibilidade humana, mas que nada tem de contr\u00e1rio ao racioc\u00ednio e que at\u00e9 muito adequadamente pode fazer-se. Por exemplo, conta-se de pedras da via sacra &#8211; sobretudo de uma &#8211; no caminho de Nosso Senhor, que teria a marca de seus p\u00e9s divinos.\u00a0<\/b><\/h4><h4><b>Ao adorar seus p\u00e9s divinos enquanto palmilharam a terra para ensinar, enquanto encheram-se do p\u00f3 dos caminhos para ensinar e salvar, para combater o mal, adorar esses p\u00e9s enquanto serviram para carregar a cruz, enquanto se encheram de sangue para nossa Reden\u00e7\u00e3o, enquanto suportaram os cravos da Paix\u00e3o, \u00e9 perfeitamente verdadeiro, leg\u00edtimo, necess\u00e1rio.<\/b><\/h4><h4><b><br \/><\/b><b>E at\u00e9 um lindo modo de adorarmos a Nosso Senhor Jesus Cristo \u00e9 nos unirmos \u00e0s disposi\u00e7\u00f5es e medita\u00e7\u00f5es de Nossa Senhora, na ocasi\u00e3o em que Nosso Senhor foi descido da cruz, quando Ela teve seu corpo sacrat\u00edssimo no colo, exangue. Ela contemplou cada parte desse corpo machucado com uma dor, com uma profundidade de conceitos, de amor, de venera\u00e7\u00e3o, de respeito, de carinho. Ela considerou cada uma dessas partes, adorou, com certeza, cada uma dessas partes em sua significa\u00e7\u00e3o e sua fun\u00e7\u00e3o espec\u00edfica; mediu a ofensa feita \u00e0 divindade no ter flagelado aquela parte e com isso &#8211; afinal de contas &#8211; Ela praticou essa devo\u00e7\u00e3o.<\/b><\/h4><h4><b><br \/><\/b><b>Portanto, \u00e9 apenas uma quest\u00e3o de conveni\u00eancia, uma quest\u00e3o de senso das apar\u00eancias, senso das propor\u00e7\u00f5es, se ousasse exprimir-se assim, que leva a Igreja a n\u00e3o promover a adora\u00e7\u00e3o de cada uma das partes do corpo de Nosso Senhor.<\/b><\/h4><p>\u00a0<\/p><p>\u00a0 \u00a0 \u00a0 \u00a0 \u00a0 \u00a0 \u00a0 \u00a0 \u00a0 \u00a0 \u00a0 \u00a0 \u00a0 \u00a0 \u00a0 \u00a0 \u00a0 \u00a0 \u00a0 \u00a0 \u00a0 \u00a0 \u00a0 \u00a0 \u00a0 \u00a0 \u00a0 \u00a0 \u00a0 \u00a0 \u00a0 \u00a0 \u00a0 \u00a0 \u00a0 \u00a0 \u00a0 \u00a0 \u00a0 \u00a0 \u00a0*\u00a0 \u00a0 \u00a0 \u00a0 \u00a0 \u00a0 \u00a0 \u00a0 \u00a0 \u00a0 \u00a0 \u00a0 \u00a0 \u00a0 \u00a0*\u00a0 \u00a0 \u00a0 \u00a0 \u00a0 \u00a0 \u00a0 \u00a0 \u00a0 \u00a0 \u00a0 \u00a0 \u00a0 \u00a0 \u00a0 \u00a0 \u00a0 \u00a0*<\/p><h4>\u00a0 \u00a0 \u00a0<b> \u00a0 \u00a0 \u00a0 \u00a0 \u00a0 \u00a0\u00a0<br \/>O que \u00e9, propriamente, a devo\u00e7\u00e3o ao Sagrado Cora\u00e7\u00e3o? \u00c9 a devo\u00e7\u00e3o ao \u00f3rg\u00e3o de Nosso Senhor, que \u00e9 o Cora\u00e7\u00e3o. Mas na Escritura, o cora\u00e7\u00e3o n\u00e3o tem o significado sentimental que tomou no fim do s\u00e9culo XVIII, mais ou menos, e certamente no s\u00e9culo XIX. N\u00e3o exprime o sentimento. Quando diz a Escritura: \u201cA ti disse o meu cora\u00e7\u00e3o: eu te procurei\u201d, o cora\u00e7\u00e3o a\u00ed \u00e9 a vontade humana, \u00e9 o prop\u00f3sito humano, \u00e9 propriamente, a santidade humana. A\u00ed quando Nosso Senhor diz isso, diz: &#8220;na minha vontade sant\u00edssima, Eu quero&#8221;. O Evangelho diz: \u201cNossa Senhora guardou todas as coisas em seu cora\u00e7\u00e3o e as meditava\u201d.\u00a0<\/b><\/h4><h4><b>Os senhores percebem que n\u00e3o \u00e9 o cora\u00e7\u00e3o sentimental, mas a vontade dEla, a alma dEla que guardava aquelas coisas e pensava sobre elas. O cora\u00e7\u00e3o \u00e9 a vontade da pessoa, o seu elemento din\u00e2mico que considera e pondera as coisas. O Sagrado Cora\u00e7\u00e3o de Jesus \u00e9 a considera\u00e7\u00e3o disso em Nosso Senhor, simbolizado pelo cora\u00e7\u00e3o, porque todos os movimentos da vontade do homem podem ter no cora\u00e7\u00e3o uma repercuss\u00e3o. Nesse sentido, ent\u00e3o, \u00e9 o \u00f3rg\u00e3o adequado para exprimir isso. E \u00e9 nesse sentido, ent\u00e3o, que se adora o Sant\u00edssimo Cora\u00e7\u00e3o de Jesus.<\/b><\/h4>\t\t\t\t\t\t<\/div>\n\t\t\t\t<\/div>\n\t\t\t\t\t<\/div>\n\t\t<\/div>\n\t\t\t\t\t<\/div>\n\t\t<\/section>\n\t\t\t\t<section class=\"elementor-section elementor-top-section elementor-element elementor-element-9ee225c elementor-section-boxed elementor-section-height-default elementor-section-height-default\" data-id=\"9ee225c\" data-element_type=\"section\">\n\t\t\t\t\t\t<div class=\"elementor-container elementor-column-gap-default\">\n\t\t\t\t\t<div class=\"elementor-column elementor-col-100 elementor-top-column elementor-element elementor-element-d01d998\" data-id=\"d01d998\" data-element_type=\"column\">\n\t\t\t<div class=\"elementor-widget-wrap elementor-element-populated\">\n\t\t\t\t\t\t<div class=\"elementor-element elementor-element-de0a2d7 elementor-widget__width-initial elementor-widget elementor-widget-text-editor\" data-id=\"de0a2d7\" data-element_type=\"widget\" data-widget_type=\"text-editor.default\">\n\t\t\t\t<div class=\"elementor-widget-container\">\n\t\t\t\t\t\t\t<p>\u00a0<\/p><h4><b>Por correla\u00e7\u00e3o, por conex\u00e3o,<\/b><img loading=\"lazy\" decoding=\"async\" class=\" wp-image-1407 alignright\" src=\"http:\/\/ligadosantorosario.com\/wp-content\/uploads\/imaculadoCorMaria-204x300.jpg\" alt=\"\" width=\"273\" height=\"401\" srcset=\"https:\/\/ligadosantorosario.com\/wp-content\/uploads\/imaculadoCorMaria-204x300.jpg 204w, https:\/\/ligadosantorosario.com\/wp-content\/uploads\/imaculadoCorMaria.jpg 413w\" sizes=\"(max-width: 273px) 100vw, 273px\" \/><b> existe a devo\u00e7\u00e3o imensamente significativa, do Imaculado Cora\u00e7\u00e3o de Maria. O Imaculado Cora\u00e7\u00e3o de Maria \u00e9 um escr\u00ednio dentro do qual encontramos o Sacrat\u00edssimo Cora\u00e7\u00e3o de Jesus [vide por exemplo o artigo publicado no &#8220;Legion\u00e1rio&#8221; de 21-7-1940 e intitulado\u00a0<a href=\"https:\/\/www.pliniocorreadeoliveira.info\/LEG%20400721_DOMINGODENOSSASENHORADOSAGRADOCORACAO.htm\">NOSSA SENHORA DO SAGRADO CORA\u00c7\u00c3O<\/a>].<\/b><\/h4><h4><b><br \/>A essa devo\u00e7\u00e3o Nosso Senhor prometeu um caudal de gra\u00e7as. Comentei o ano passado as promessas do Cora\u00e7\u00e3o de Jesus a quem fizer as nove primeiras sextas-feiras. A mais marcante delas, talvez, \u00e9 que as almas que fizerem as nove sextas-feiras n\u00e3o morrer\u00e3o sem terem a gra\u00e7a especial de se arrependerem antes. N\u00e3o quer dizer que elas certamente ir\u00e3o para o C\u00e9u. Quer dizer que ter\u00e3o uma grande gra\u00e7a antes de morrer; n\u00e3o quer dizer que v\u00e3o perceber que v\u00e3o morrer, mas no momento relacionado com a morte, elas ter\u00e3o uma grande gra\u00e7a, t\u00e3o grande que todas as esperan\u00e7as se podem ter de sua salva\u00e7\u00e3o.<\/b><b style=\"color: inherit; font-family: inherit; font-size: 1.25rem;\">\u00a0 \u00a0 \u00a0 \u00a0 \u00a0 \u00a0 \u00a0 \u00a0 \u00a0 \u00a0 \u00a0 \u00a0 \u00a0 \u00a0 \u00a0 \u00a0 \u00a0 \u00a0 \u00a0 \u00a0 \u00a0 \u00a0 \u00a0 \u00a0 \u00a0 \u00a0 \u00a0 \u00a0 \u00a0 \u00a0 \u00a0 \u00a0 \u00a0 \u00a0 \u00a0 \u00a0 \u00a0 \u00a0 \u00a0 \u00a0 \u00a0 \u00a0 \u00a0 \u00a0 \u00a0 \u00a0 \u00a0 \u00a0 \u00a0 \u00a0 \u00a0 \u00a0 \u00a0 \u00a0 \u00a0 \u00a0 \u00a0 \u00a0 \u00a0 \u00a0 \u00a0 \u00a0 \u00a0 \u00a0 \u00a0 \u00a0 \u00a0 \u00a0 \u00a0 \u00a0 \u00a0 \u00a0 \u00a0 \u00a0 \u00a0 \u00a0 \u00a0 \u00a0 \u00a0 \u00a0 \u00a0 \u00a0 \u00a0 \u00a0 \u00a0 \u00a0 \u00a0 \u00a0 \u00a0 \u00a0 \u00a0 \u00a0 \u00a0 \u00a0 \u00a0 \u00a0 \u00a0 \u00a0 \u00a0 \u00a0 \u00a0 \u00a0 \u00a0 \u00a0 \u00a0 \u00a0 \u00a0 \u00a0 \u00a0 \u00a0 \u00a0 \u00a0 \u00a0 \u00a0 \u00a0 \u00a0 \u00a0 \u00a0 \u00a0 \u00a0 <\/b><i style=\"color: inherit; font-family: inherit; font-size: 1.25rem;\"><b>Imaculado Cora\u00e7\u00e3o de Maria<\/b><\/i><\/h4><h4><b><br \/>Os senhores compreendem quanto empenho h\u00e1 na Igreja em que essa devo\u00e7\u00e3o seja conhecida, seja apreciada, seja medida com a raz\u00e3o, porque devo\u00e7\u00e3o sentimental n\u00e3o tem sentido. Devo\u00e7\u00e3o varonil \u00e9 a que procura conhecer a raz\u00e3o de ser da coisa e ama a coisa pela sua raz\u00e3o de ser; assim \u00e9 que um homem e uma mulher forte do Evangelho pensam a respeito das coisas de piedade.<\/b><\/h4><h4><b>\u00a0Ent\u00e3o, pensar nisso, querer isso, dirigirmos nossa alma ao Cora\u00e7\u00e3o de Jesus como fonte de gra\u00e7as calculadas para a \u00e9poca de Revolu\u00e7\u00e3o, calculada para as \u00e9pocas dif\u00edceis que deveriam vir e pedir que o Cora\u00e7\u00e3o de Jesus, regenerador pelo sangue e pela \u00e1gua que dEle saiu, nos lave. Isto \u00e9 propriamente a ora\u00e7\u00e3o magn\u00edfica que nas sextas-feiras e, sobretudo, na primeira sexta-feira do m\u00eas, e na Sexta-feira da Paix\u00e3o se deve considerar.<\/b><strong>\u00a0 \u00a0 \u00a0 \u00a0 \u00a0 \u00a0 \u00a0 \u00a0 \u00a0 \u00a0 \u00a0 \u00a0 \u00a0 \u00a0 \u00a0 \u00a0 \u00a0 \u00a0 \u00a0 \u00a0 \u00a0 \u00a0 \u00a0 \u00a0 \u00a0 \u00a0 \u00a0 \u00a0 \u00a0 \u00a0 \u00a0 \u00a0 \u00a0 \u00a0 \u00a0 \u00a0 \u00a0 \u00a0 \u00a0 \u00a0 \u00a0 \u00a0 \u00a0 \u00a0 \u00a0 \u00a0 \u00a0 \u00a0 \u00a0 \u00a0 \u00a0 \u00a0 \u00a0 \u00a0 \u00a0 \u00a0 \u00a0 \u00a0 \u00a0 \u00a0 \u00a0 \u00a0 \u00a0 \u00a0 \u00a0 \u00a0 \u00a0 \u00a0 \u00a0 \u00a0 \u00a0 \u00a0 \u00a0 \u00a0 \u00a0 \u00a0 \u00a0 \u00a0 \u00a0 \u00a0 \u00a0 \u00a0 \u00a0 \u00a0 \u00a0 \u00a0 \u00a0 \u00a0 \u00a0 \u00a0 \u00a0 \u00a0 \u00a0 \u00a0 \u00a0 \u00a0 \u00a0 \u00a0 \u00a0 \u00a0 \u00a0 \u00a0 \u00a0 \u00a0 \u00a0 \u00a0 \u00a0 \u00a0 \u00a0 \u00a0 \u00a0 \u00a0 \u00a0 \u00a0 \u00a0 \u00a0 \u00a0 \u00a0 \u00a0 \u00a0 \u00a0 \u00a0 \u00a0 \u00a0 \u00a0 \u00a0 \u00a0 \u00a0 \u00a0 \u00a0 \u00a0 \u00a0 \u00a0 \u00a0 \u00a0 \u00a0 \u00a0 \u00a0 \u00a0 \u00a0 \u00a0 \u00a0 \u00a0 \u00a0 \u00a0 \u00a0 \u00a0 \u00a0 \u00a0 \u00a0 \u00a0 \u00a0 \u00a0 \u00a0 \u00a0 \u00a0 \u00a0 \u00a0 \u00a0 \u00a0 \u00a0 \u00a0 \u00a0 \u00a0 \u00a0 \u00a0<\/strong><\/h4><h4><b>Assim, termino insistindo nesse ponto. J\u00e1 falei que aquele centuri\u00e3o que perfurou com uma lan\u00e7a o Cora\u00e7\u00e3o de Jesus, ao praticar esse ato de viol\u00eancia contra esse verdadeiro sacr\u00e1rio que era o Cora\u00e7\u00e3o Sagrado de Jesus, da \u00e1gua e do sangue que sa\u00edram do flanco de Nosso Senhor, uma parte jorrou em seus olhos, e ele imediatamente se curou e recuperou a vista. Para n\u00f3s isto \u00e9 altamente eloq\u00fcente.<br \/>Quer dizer que quem tem devo\u00e7\u00e3o ao Sagrado Cora\u00e7\u00e3o de Jesus pode pedir uma gra\u00e7a igual, n\u00e3o para a vista f\u00edsica, da qual, gra\u00e7as a Deus, nenhum de n\u00f3s carece, mas para a vista mental, se queremos ter senso cat\u00f3lico, se queremos ter senso da Revolu\u00e7\u00e3o e da Contra-Revolu\u00e7\u00e3o, se queremos ter a percep\u00e7\u00e3o de como a Revolu\u00e7\u00e3o e a Contra-Revolu\u00e7\u00e3o trabalham em torno de n\u00f3s, se queremos ter senso para distinguir em n\u00f3s o que \u00e9 Revolu\u00e7\u00e3o e Contra-Revolu\u00e7\u00e3o, se queremos ter conhecimento de nossos defeitos, se queremos ter conhecimento das almas dos outros para fazer bem aos outros, se queremos ter um bom discernimento para os estudos, se queremos ter dist\u00e2ncias ps\u00edquicas para termos equil\u00edbrio mental e nervoso e para nos curarmos\u00a0 \u2014 o quanto poss\u00edvel \u2014 de molezas de toda ordem, podemos e devemos recorrer ao Sagrado Cora\u00e7\u00e3o de Jesus que, com uma gra\u00e7a jorrada dEle \u2014 como a \u00e1gua que curou o centuri\u00e3o \u2014 possa eliminar a cegueira de nossas almas, porque somos cheios de cegueiras de todos os graus e ordens.<\/b><\/h4><h4><b>Pe\u00e7amos ao Sagrado Cora\u00e7\u00e3o de Jesus, por interm\u00e9dio do Cora\u00e7\u00e3o Imaculado de Maria \u2014 porque s\u00f3 assim, por interm\u00e9dio de Nossa Senhora \u00e9 que se obt\u00e9m dEle as gra\u00e7as que nos curem dessa m\u00faltipla cegueira \u2014, e teremos feito um espl\u00eandido pedido e estaremos a caminho de conseguir uma magn\u00edfica gra\u00e7a.<\/b><\/h4><p>\u00a0<\/p><p>\u00a0<b>Extra\u00eddo do site pliniocorreadeoliveira.info<\/b><\/p>\t\t\t\t\t\t<\/div>\n\t\t\t\t<\/div>\n\t\t\t\t\t<\/div>\n\t\t<\/div>\n\t\t\t\t\t<\/div>\n\t\t<\/section>\n\t\t\t\t<section class=\"elementor-section elementor-top-section elementor-element elementor-element-35ff387 elementor-section-boxed elementor-section-height-default elementor-section-height-default\" data-id=\"35ff387\" data-element_type=\"section\">\n\t\t\t\t\t\t<div class=\"elementor-container elementor-column-gap-default\">\n\t\t\t\t\t<div class=\"elementor-column elementor-col-100 elementor-top-column elementor-element elementor-element-4c11929\" data-id=\"4c11929\" data-element_type=\"column\">\n\t\t\t<div class=\"elementor-widget-wrap elementor-element-populated\">\n\t\t\t\t\t\t<div class=\"elementor-element elementor-element-183386f elementor-widget elementor-widget-text-editor\" data-id=\"183386f\" data-element_type=\"widget\" data-widget_type=\"text-editor.default\">\n\t\t\t\t<div class=\"elementor-widget-container\">\n\t\t\t\t\t\t\t<p><a href=\"https:\/\/ligadosantorosario.com\/?attachment_id=975\" rel=\"attachment wp-att-975\"><img loading=\"lazy\" decoding=\"async\" class=\"size-medium wp-image-975 alignleft\" src=\"http:\/\/ligadosantorosario.com\/wp-content\/uploads\/Sagrado-261x300.jpg\" alt=\"\" width=\"261\" height=\"300\" srcset=\"https:\/\/ligadosantorosario.com\/wp-content\/uploads\/Sagrado-261x300.jpg 261w, https:\/\/ligadosantorosario.com\/wp-content\/uploads\/Sagrado.jpg 570w\" sizes=\"(max-width: 261px) 100vw, 261px\" \/><\/a><\/p>\n<h5><a href=\"https:\/\/ligadosantorosario.com\/?attachment_id=974\" rel=\"attachment wp-att-974\"><img loading=\"lazy\" decoding=\"async\" class=\"size-medium wp-image-974 alignright\" src=\"http:\/\/ligadosantorosario.com\/wp-content\/uploads\/scj-186x300.webp\" alt=\"\" width=\"186\" height=\"300\"><\/a><b><br><\/b><\/h5>\n<h5><b>Toda primeira sexta-feira de cada m\u00eas, Nosso Senhor Jesus Cristo atrav\u00e9s de atos de repara\u00e7\u00e3o ao seu Sagrado Cora\u00e7\u00e3o concede gra\u00e7as especiais.<br>Por meio dessa devo\u00e7\u00e3o, Nosso Senhor revelou a Santa Margarida Maria Alacoque, 12 promessas com as quais podemos alcan\u00e7ar de sua Divina bondade gra\u00e7as especiais.<br>Abaixo listamos as 12 promessas e pedimos especial aten\u00e7\u00e3o a d\u00e9cima segunda, pois esta \u00e9 conhecida e chamada de A GRANDE PROMESSA.<\/b><\/h5><div><b><br><\/b><\/div><div><b><br><\/b><\/div>\n<div>&nbsp;<\/div>\n<p><\/p>\n<p><\/p>\n<h5><strong>&nbsp;1\u00aa Promessa<\/strong><\/h5><h5>\u201cEu darei aos devotos do meu Cora\u00e7\u00e3o todas as gra\u00e7as necess\u00e1rias a seu estado\u201d.<\/h5><h5><strong>&nbsp;2\u00aa Promessa<\/strong><\/h5><h5>\u201cEstabelecerei e conservarei a paz em suas fam\u00edlias\u201d.<\/h5>\n\n\n\n<h5><strong>&nbsp;3\u00aa Promessa<\/strong><\/h5><h5><span style=\"color: inherit; font-family: inherit; font-size: 1.25rem;\">\u201cEu os consolarei em todas as suas afli\u00e7\u00f5es\u201d.<\/span><\/h5><h5><strong>&nbsp;4\u00aa Promessa<\/strong><\/h5><h5>\u201cSerei seu ref\u00fagio seguro na vida e principalmente na hora da morte\u201d.<\/h5><h5><strong>&nbsp;5\u00aa Promessa<\/strong><\/h5><h5>\u201cLan\u00e7arei b\u00ean\u00e7\u00e3os abundantes sobre todos os seus trabalhos e empreendimentos\u201d.<\/h5>\n\n\n\n\n<h5><strong>&nbsp;6\u00aa Promessa<\/strong><\/h5>\n<h5>\u201cOs pecadores encontrar\u00e3o em meu Cora\u00e7\u00e3o fonte inesgot\u00e1vel de miseric\u00f3rdias\u201d.<\/h5><h5><strong>&nbsp;7\u00aa Promessa<\/strong><\/h5><h5>\u201cAs almas t\u00edbias tornar-se-\u00e3o fervorosas pela pr\u00e1tica dessa devo\u00e7\u00e3o\u201d.<\/h5><h5><strong>&nbsp;8\u00aa Promessa<\/strong><\/h5>\n\n\n\n<h5>\u201cAs almas fervorosas subir\u00e3o em pouco tempo a uma alta perfei\u00e7\u00e3o\u201d.<\/h5><h5><strong>&nbsp;9\u00aa Promessa<\/strong><\/h5><h5>\u201cA minha ben\u00e7\u00e3o permanecer\u00e1 sobre as casas em que se achar exposta e venerada a imagem de meu Sagrado Cora\u00e7\u00e3o\u201d.<\/h5>\n\n\n<h5><strong>&nbsp;10\u00aa Promessa<\/strong><\/h5><h5>\u201cDarei aos sacerdotes que praticarem especialmente essa devo\u00e7\u00e3o o poder de tocar os cora\u00e7\u00f5es mais endurecidos\u201d.<\/h5><h5><strong>&nbsp;11\u00aa Promessa<\/strong><\/h5><h5>\u201cAs pessoas que propagarem essa devo\u00e7\u00e3o ter\u00e3o os seus nomes inscritos para sempre no meu Cora\u00e7\u00e3o\u201d.<\/h5><h5><strong>&nbsp;12\u00aa Promessa<\/strong><\/h5><h5>\u201cA todos os que comungarem nas primeiras sextas-feiras de nove meses consecutivos darei a gra\u00e7a da perseveran\u00e7a final e da salva\u00e7\u00e3o eterna\u201d.<\/h5>\n\n\n\n\n\n<p><\/p>\t\t\t\t\t\t<\/div>\n\t\t\t\t<\/div>\n\t\t\t\t\t<\/div>\n\t\t<\/div>\n\t\t\t\t\t<\/div>\n\t\t<\/section>\n\t\t\t\t<\/div>\n\t\t","protected":false},"excerpt":{"rendered":"<p>&nbsp; Plinio Corr\u00eaa de Oliveira &nbsp; A devo\u00e7\u00e3o ao Sagrado&nbsp;Cora\u00e7\u00e3o de Jesuse a Contra-Revolu\u00e7\u00e3o &nbsp; &#8220;Santo do dia&#8221;, 4 de&nbsp;mar\u00e7o de 1965 A d V E R T \u00ca N C I A O presente texto \u00e9 adapta\u00e7\u00e3o de transcri\u00e7\u00e3o de grava\u00e7\u00e3o de confer\u00eancia do A D Prof. Plinio Corr\u00eaa de Oliveira a s\u00f3cios e cooperadores da TFP, mantendo portanto o estilo verbal, e n\u00e3o foi revisto pelo autor. Se o\u00a0Prof.\u00a0Plinio Corr\u00eaa de Oliveira estivesse entre n\u00f3s, certamente pediria que se colocasse expl\u00edcita men\u00e7\u00e3o a sua filial disposi\u00e7\u00e3o de retificar qualquer discrep\u00e2ncia em rela\u00e7\u00e3o ao Magist\u00e9rio da Igreja. \u00c9 o&#8230;<\/p>\n","protected":false},"author":1,"featured_media":0,"comment_status":"open","ping_status":"open","sticky":false,"template":"","format":"standard","meta":{"jetpack_post_was_ever_published":false,"_jetpack_newsletter_access":"","_jetpack_dont_email_post_to_subs":false,"_jetpack_newsletter_tier_id":0,"footnotes":""},"categories":[1],"tags":[],"jetpack_sharing_enabled":true,"jetpack_featured_media_url":"","_links":{"self":[{"href":"https:\/\/ligadosantorosario.com\/index.php?rest_route=\/wp\/v2\/posts\/6006"}],"collection":[{"href":"https:\/\/ligadosantorosario.com\/index.php?rest_route=\/wp\/v2\/posts"}],"about":[{"href":"https:\/\/ligadosantorosario.com\/index.php?rest_route=\/wp\/v2\/types\/post"}],"author":[{"embeddable":true,"href":"https:\/\/ligadosantorosario.com\/index.php?rest_route=\/wp\/v2\/users\/1"}],"replies":[{"embeddable":true,"href":"https:\/\/ligadosantorosario.com\/index.php?rest_route=%2Fwp%2Fv2%2Fcomments&post=6006"}],"version-history":[{"count":49,"href":"https:\/\/ligadosantorosario.com\/index.php?rest_route=\/wp\/v2\/posts\/6006\/revisions"}],"predecessor-version":[{"id":9926,"href":"https:\/\/ligadosantorosario.com\/index.php?rest_route=\/wp\/v2\/posts\/6006\/revisions\/9926"}],"wp:attachment":[{"href":"https:\/\/ligadosantorosario.com\/index.php?rest_route=%2Fwp%2Fv2%2Fmedia&parent=6006"}],"wp:term":[{"taxonomy":"category","embeddable":true,"href":"https:\/\/ligadosantorosario.com\/index.php?rest_route=%2Fwp%2Fv2%2Fcategories&post=6006"},{"taxonomy":"post_tag","embeddable":true,"href":"https:\/\/ligadosantorosario.com\/index.php?rest_route=%2Fwp%2Fv2%2Ftags&post=6006"}],"curies":[{"name":"wp","href":"https:\/\/api.w.org\/{rel}","templated":true}]}}