{"id":6074,"date":"2024-06-25T19:18:48","date_gmt":"2024-06-25T19:18:48","guid":{"rendered":"https:\/\/ligadosantorosario.com\/?p=6074"},"modified":"2024-06-27T20:35:55","modified_gmt":"2024-06-27T20:35:55","slug":"festa-da-catedra-de-sao-pedro","status":"publish","type":"post","link":"https:\/\/ligadosantorosario.com\/?p=6074","title":{"rendered":"Festa da C\u00e1tedra de S\u00e3o Pedro"},"content":{"rendered":"\t\t<div data-elementor-type=\"wp-post\" data-elementor-id=\"6074\" class=\"elementor elementor-6074\" data-elementor-post-type=\"post\">\n\t\t\t\t\t\t<section class=\"elementor-section elementor-top-section elementor-element elementor-element-cdef31f elementor-section-boxed elementor-section-height-default elementor-section-height-default\" data-id=\"cdef31f\" data-element_type=\"section\">\n\t\t\t\t\t\t<div class=\"elementor-container elementor-column-gap-default\">\n\t\t\t\t\t<div class=\"elementor-column elementor-col-100 elementor-top-column elementor-element elementor-element-52de8f4\" data-id=\"52de8f4\" data-element_type=\"column\">\n\t\t\t<div class=\"elementor-widget-wrap elementor-element-populated\">\n\t\t\t\t\t\t<div class=\"elementor-element elementor-element-4a73b3a elementor-widget elementor-widget-text-editor\" data-id=\"4a73b3a\" data-element_type=\"widget\" data-widget_type=\"text-editor.default\">\n\t\t\t\t<div class=\"elementor-widget-container\">\n\t\t\t<style>\/*! elementor - v3.23.0 - 05-08-2024 *\/\n.elementor-widget-text-editor.elementor-drop-cap-view-stacked .elementor-drop-cap{background-color:#69727d;color:#fff}.elementor-widget-text-editor.elementor-drop-cap-view-framed .elementor-drop-cap{color:#69727d;border:3px solid;background-color:transparent}.elementor-widget-text-editor:not(.elementor-drop-cap-view-default) .elementor-drop-cap{margin-top:8px}.elementor-widget-text-editor:not(.elementor-drop-cap-view-default) .elementor-drop-cap-letter{width:1em;height:1em}.elementor-widget-text-editor .elementor-drop-cap{float:left;text-align:center;line-height:1;font-size:50px}.elementor-widget-text-editor .elementor-drop-cap-letter{display:inline-block}<\/style>\t\t\t\t<h2><strong><em>Plinio Corr\u00eaa de Oliveira<\/em><\/strong><\/h2>\n<p><strong><em><img fetchpriority=\"high\" decoding=\"async\" class=\"size-medium wp-image-937 alignright\" src=\"http:\/\/ligadosantorosario.com\/wp-content\/uploads\/fundador-da-tfp-tradicao-familia-e-propriedade-plinio-correa-de-oliveira-em-foto-de-1993-1609031871595_v2_450x1-300x225.jpg\" alt=\"\" width=\"300\" height=\"225\" srcset=\"https:\/\/ligadosantorosario.com\/wp-content\/uploads\/fundador-da-tfp-tradicao-familia-e-propriedade-plinio-correa-de-oliveira-em-foto-de-1993-1609031871595_v2_450x1-300x225.jpg 300w, https:\/\/ligadosantorosario.com\/wp-content\/uploads\/fundador-da-tfp-tradicao-familia-e-propriedade-plinio-correa-de-oliveira-em-foto-de-1993-1609031871595_v2_450x1.jpg 450w\" sizes=\"(max-width: 300px) 100vw, 300px\" \/><\/em><\/strong><\/p>\n<p><b><i>&nbsp;<\/i><\/b><\/p>\n<h3><strong><em>C\u00e1tedra de S\u00e3o Pedro:<br><\/em><\/strong><strong><em>festa que celebra o Papado enquanto&nbsp;C\u00e1tedra infal\u00edvel que se dirige ao mundo<\/em><\/strong><\/h3>\n\n<p><strong><em>&nbsp;<\/em><\/strong><\/p>\n<p><strong><em>&nbsp;<\/em><\/strong><\/p>\n<h6><strong><em>&#8220;Santo do Dia&#8221;,&nbsp;&nbsp;22 de fevereiro de 1964<\/em><\/strong><\/h6>\t\t\t\t\t\t<\/div>\n\t\t\t\t<\/div>\n\t\t\t\t\t<\/div>\n\t\t<\/div>\n\t\t\t\t\t<\/div>\n\t\t<\/section>\n\t\t\t\t<section class=\"elementor-section elementor-top-section elementor-element elementor-element-927d112 elementor-section-boxed elementor-section-height-default elementor-section-height-default\" data-id=\"927d112\" data-element_type=\"section\">\n\t\t\t\t\t\t<div class=\"elementor-container elementor-column-gap-default\">\n\t\t\t\t\t<div class=\"elementor-column elementor-col-100 elementor-top-column elementor-element elementor-element-c3f745a\" data-id=\"c3f745a\" data-element_type=\"column\">\n\t\t\t<div class=\"elementor-widget-wrap elementor-element-populated\">\n\t\t\t\t\t\t<div class=\"elementor-element elementor-element-6426038 elementor-widget elementor-widget-text-editor\" data-id=\"6426038\" data-element_type=\"widget\" data-widget_type=\"text-editor.default\">\n\t\t\t\t<div class=\"elementor-widget-container\">\n\t\t\t\t\t\t\t<p><strong>A D V E R T \u00ca N C I A<\/strong><\/p><p>O presente texto \u00e9 adapta\u00e7\u00e3o de transcri\u00e7\u00e3o de grava\u00e7\u00e3o de confer\u00eancia do Prof. Plinio Corr\u00eaa de Oliveira a s\u00f3cios e cooperadores da TFP, mantendo portanto o estilo verbal, e n\u00e3o foi revisto pelo autor.<\/p><p>Se o\u00a0Prof.\u00a0Plinio Corr\u00eaa de Oliveira estivesse entre n\u00f3s, certamente pediria que se colocasse expl\u00edcita men\u00e7\u00e3o a sua filial disposi\u00e7\u00e3o de retificar qualquer discrep\u00e2ncia em rela\u00e7\u00e3o ao Magist\u00e9rio da Igreja. \u00c9 o que fazemos aqui constar, com suas pr\u00f3prias palavras, como homenagem\u00a0a\u00a0t\u00e3o belo e constante estado de esp\u00edrito:<\/p><p><strong>\u201cCat\u00f3lico apost\u00f3lico romano, o autor deste texto\u00a0\u00a0se submete com filial ardor ao ensinamento tradicional da Santa Igreja. Se, no entanto,\u00a0 por lapso, algo nele ocorra que n\u00e3o esteja conforme \u00e0quele ensinamento, desde j\u00e1 e categoricamente o rejeita\u201d.<\/strong><\/p><p>As palavras &#8220;Revolu\u00e7\u00e3o&#8221; e &#8220;Contra-Revolu\u00e7\u00e3o&#8221;, s\u00e3o aqui empregadas no sentido que lhes d\u00e1 o Prof. Pl\u00ednio Corr\u00eaa de Oliveira em seu livro &#8220;<a href=\"https:\/\/www.pliniocorreadeoliveira.info\/livros.asp\"><strong>Revolu\u00e7\u00e3o e Contra-Revolu\u00e7\u00e3o<\/strong><\/a>&#8220;, cuja primeira edi\u00e7\u00e3o foi publicada no N\u00ba 100 de\u00a0<a href=\"https:\/\/www.pliniocorreadeoliveira.info\/artigoscatolicismo_1959.asp\"><strong>&#8220;Catolicismo&#8221;<\/strong><\/a>, em abril de 1959.<\/p><p>\u00a0<\/p><p>\u00a0 \u00a0 \u00a0 \u00a0 \u00a0 \u00a0 \u00a0 \u00a0 \u00a0 \u00a0 \u00a0 \u00a0 \u00a0 \u00a0 \u00a0 \u00a0 \u00a0 \u00a0 \u00a0 \u00a0 \u00a0 \u00a0 \u00a0 \u00a0 \u00a0 \u00a0 \u00a0 \u00a0 \u00a0 \u00a0 \u00a0 \u00a0 \u00a0 \u00a0 \u00a0 \u00a0 \u00a0 \u00a0 \u00a0 \u00a0 \u00a0 \u00a0 \u00a0 \u00a0 \u00a0 \u00a0 \u00a0*\u00a0 \u00a0 \u00a0 \u00a0 \u00a0 \u00a0 \u00a0 \u00a0 \u00a0 \u00a0 \u00a0 \u00a0 \u00a0 \u00a0 \u00a0 \u00a0 \u00a0 \u00a0 \u00a0 \u00a0 \u00a0 \u00a0 *\u00a0 \u00a0 \u00a0 \u00a0 \u00a0 \u00a0 \u00a0 \u00a0 \u00a0 \u00a0 \u00a0 \u00a0 \u00a0 \u00a0 \u00a0 \u00a0 \u00a0 \u00a0 \u00a0 \u00a0 \u00a0 \u00a0 *<\/p>\t\t\t\t\t\t<\/div>\n\t\t\t\t<\/div>\n\t\t\t\t\t<\/div>\n\t\t<\/div>\n\t\t\t\t\t<\/div>\n\t\t<\/section>\n\t\t\t\t<section class=\"elementor-section elementor-top-section elementor-element elementor-element-8fcf9b1 elementor-section-boxed elementor-section-height-default elementor-section-height-default\" data-id=\"8fcf9b1\" data-element_type=\"section\">\n\t\t\t\t\t\t<div class=\"elementor-container elementor-column-gap-default\">\n\t\t\t\t\t<div class=\"elementor-column elementor-col-100 elementor-top-column elementor-element elementor-element-b872c0a\" data-id=\"b872c0a\" data-element_type=\"column\">\n\t\t\t<div class=\"elementor-widget-wrap\">\n\t\t\t\t\t\t\t<\/div>\n\t\t<\/div>\n\t\t\t\t\t<\/div>\n\t\t<\/section>\n\t\t\t\t<section class=\"elementor-section elementor-top-section elementor-element elementor-element-846d0f5 elementor-section-boxed elementor-section-height-default elementor-section-height-default\" data-id=\"846d0f5\" data-element_type=\"section\">\n\t\t\t\t\t\t<div class=\"elementor-container elementor-column-gap-default\">\n\t\t\t\t\t<div class=\"elementor-column elementor-col-100 elementor-top-column elementor-element elementor-element-c47809c\" data-id=\"c47809c\" data-element_type=\"column\">\n\t\t\t<div class=\"elementor-widget-wrap elementor-element-populated\">\n\t\t\t\t\t\t<div class=\"elementor-element elementor-element-9a677f2 elementor-widget elementor-widget-text-editor\" data-id=\"9a677f2\" data-element_type=\"widget\" data-widget_type=\"text-editor.default\">\n\t\t\t\t<div class=\"elementor-widget-container\">\n\t\t\t\t\t\t\t<p><strong><em>\u00a0<\/em><\/strong><\/p><h2><em><b>Amor sem limites \u00e0 C\u00e1tedra de S\u00e3o Pedro<\/b><\/em><\/h2><h4><strong><em><br \/><\/em><\/strong><strong><em>Extratos do &#8220;Santo do Dia&#8221; de 17 de janeiro de 1966<\/em><\/strong><\/h4><h4><strong><em><br \/><\/em><\/strong>\u00c9 por um des\u00edgnio soberano de Deus que a cidade de Roma foi escolhida para ser a cidade do Papa. Era uma cidade estrat\u00e9gica, onde o benef\u00edcio da salva\u00e7\u00e3o podia tomar-se mais geralmente conhecido. Da\u00ed vem a celebra\u00e7\u00e3o da C\u00e1tedra, que se trata de venerar. Posta no ponto nevr\u00e1lgico e no centro de influ\u00eancia do mundo, a C\u00e1tedra \u201cinoculou\u201d a regenera\u00e7\u00e3o cat\u00f3lica, a verdadeira f\u00e9, e disseminou a Igreja.<\/h4><h4>Quando se fala de\u00a0<em>C\u00e1tedra de S\u00e3o Pedro<\/em>, alude-se naturalmente ao m\u00f3vel que constitui essa c\u00e1tedra. Na Igreja de S\u00e3o Pedro h\u00e1 uma c\u00e1tedra de bronze, feita por Bernini. Dentro encontra-se o pequeno trono de madeira que S\u00e3o Pedro usava em Roma, e que at\u00e9 hoje se conserva para venera\u00e7\u00e3o dos fi\u00e9is.<\/h4><h4>Simbolicamente, c\u00e1tedra lembra poder, institui\u00e7\u00e3o, Papado, Pontificado. Recorda a continuidade dessa institui\u00e7\u00e3o mantida por tantos homens, t\u00e3o diferentes, que a t\u00eam ocupado. Lembra o supremo governo da Santa Igreja Cat\u00f3lica, Apost\u00f3lica, Romana, lembra a cabe\u00e7a da Igreja. Se as vicissitudes humanas podem dar-lhe brilho maior ou menor, ou at\u00e9 rode\u00e1-la de trevas, essa C\u00e1tedra \u00e9 sempre a mesma. E o supremo governo da Igreja \u00e9 a sua Cabe\u00e7a, que sobretudo deve ser amada quando se ama a Igreja.<\/h4><h4>Portanto, nosso amor \u00e0 Santa Igreja Cat\u00f3lica, Apost\u00f3lica, Romana \u2014 que \u00e9 um amor absolutamente sem limites e acima de todas as coisas da Terra \u2014 deve incidir especialmente sobre o Papado e a C\u00e1tedra de S\u00e3o Pedro, qualquer que seja o seu ocupante. Porque esse \u00e9 Pedro \u2014 a quem foram dadas as chaves dourada e prateada (s\u00edmbolos do poder espiritual e temporal) \u2014 a quem n\u00f3s, em esp\u00edrito, osculamos os p\u00e9s, como express\u00e3o de homenagem e de ades\u00e3o, porque em rela\u00e7\u00e3o \u00e0 C\u00e1tedra de S\u00e3o Pedro nosso amor, nossa obedi\u00eancia e venera\u00e7\u00e3o absolutamente n\u00e3o t\u00eam limites. Eis o que \u00e9 especialmente conveniente acentuar sobre a C\u00e1tedra de S\u00e3o Pedro.<br \/>( Retirado da Se\u00e7\u00e3o\u00a0<strong>&#8220;Excertos&#8221;<\/strong>, da revista\u00a0<a href=\"https:\/\/www.catolicismo.com.br\/\"><strong>&#8220;Catolicismo&#8221;<\/strong><\/a>\u00a0N\u00ba 710, fevereiro de 2010 )<\/h4><div>\u00a0<\/div><p>\u00a0 \u00a0 \u00a0 \u00a0 \u00a0 \u00a0 \u00a0 \u00a0 \u00a0 \u00a0 \u00a0 \u00a0 \u00a0 \u00a0 \u00a0 \u00a0 \u00a0 \u00a0 \u00a0 \u00a0 \u00a0 \u00a0 \u00a0 \u00a0 \u00a0 \u00a0 \u00a0 \u00a0 \u00a0 \u00a0 \u00a0 \u00a0 \u00a0 \u00a0 \u00a0 \u00a0 \u00a0 \u00a0 \u00a0 \u00a0 \u00a0 \u00a0 \u00a0 \u00a0 \u00a0*\u00a0 \u00a0 \u00a0 \u00a0 \u00a0 \u00a0 \u00a0 \u00a0 \u00a0 \u00a0 \u00a0 \u00a0 \u00a0 \u00a0 \u00a0 \u00a0 \u00a0 \u00a0 \u00a0 \u00a0 \u00a0 \u00a0 \u00a0 *\u00a0 \u00a0 \u00a0 \u00a0 \u00a0 \u00a0 \u00a0 \u00a0 \u00a0 \u00a0 \u00a0 \u00a0 \u00a0 \u00a0 \u00a0 \u00a0 \u00a0 \u00a0 \u00a0 \u00a0 \u00a0 \u00a0 \u00a0 \u00a0 \u00a0*<\/p>\t\t\t\t\t\t<\/div>\n\t\t\t\t<\/div>\n\t\t\t\t\t<\/div>\n\t\t<\/div>\n\t\t\t\t\t<\/div>\n\t\t<\/section>\n\t\t\t\t<section class=\"elementor-section elementor-top-section elementor-element elementor-element-6202da6 elementor-section-boxed elementor-section-height-default elementor-section-height-default\" data-id=\"6202da6\" data-element_type=\"section\">\n\t\t\t\t\t\t<div class=\"elementor-container elementor-column-gap-default\">\n\t\t\t\t\t<div class=\"elementor-column elementor-col-100 elementor-top-column elementor-element elementor-element-62cae73\" data-id=\"62cae73\" data-element_type=\"column\">\n\t\t\t<div class=\"elementor-widget-wrap elementor-element-populated\">\n\t\t\t\t\t\t<div class=\"elementor-element elementor-element-986fd36 elementor-widget elementor-widget-text-editor\" data-id=\"986fd36\" data-element_type=\"widget\" data-widget_type=\"text-editor.default\">\n\t\t\t\t<div class=\"elementor-widget-container\">\n\t\t\t\t\t\t\t<h4>Os senhores sabem que Pio IX, um grande Papa do qual temos uma rel\u00edquia indireta, \u2014 um peda\u00e7o de seu caix\u00e3o mortu\u00e1rio, \u2014 e cujo processo de canoniza\u00e7\u00e3o est\u00e1 introduzido [ foi beatificado por S.S. Jo\u00e3o Paulo II em 3 de setembro de 2000 ], teve um primeiro per\u00edodo de seu governo considerado<b> l<\/b>iberal. N\u00e3o que ele tivesse defendido algum erro doutrin\u00e1rio do liberalismo em seus documentos, mas tomou uma s\u00e9rie de medidas tidas como liberais\u00a0<a href=\"https:\/\/www.pliniocorreadeoliveira.info\/DIS_SD_640222_Catedra_de_Sao_Pedro.htm#(*)\">(*)<\/a>.<br \/>De tal maneira que na It\u00e1lia daquele tempo, \u2014 dividida pitoresca, proveitosa<b> <\/b>e eficientemente em pequenos reinos, principados e cidades livres, \u2014 que pendia para a unifica\u00e7\u00e3o, os independentistas \u00a0que queriam unificar a It\u00e1lia, davam um brado revolucion\u00e1rio pelas ruas para ligar e atrair a uma a\u00e7\u00e3o comum os anarquistas e os afilhados da seita de Mazzini: \u201cViva Pio IX!&#8221;.<\/h4><h4>Este brado recrutava nas ruas a fina flor dos\u00a0<em>lazzarones<\/em>, dos sem vergonha, dos revolucion\u00e1rios, da m\u00e1fia, da camorra e de tudo o mais que queiram, na luta contra aqueles pequenos tronos cujo desaparecimento hoje lamentamos.<br \/>Nessa situa\u00e7\u00e3o dif\u00edcil, em que um Papa era transformado em s\u00edmbolo da Revolu\u00e7\u00e3o, vivia o grande santo D. Bosco. Nos col\u00e9gios de D. Bosco penetrava tamb\u00e9m o brado \u201cViva Pio IX\u201d. E um ou outro desses alunos, que os senhores podem imaginar de que jeito eram, gritavam \u201cViva Pio IX\u201d no meio do recreio. O brado de revolta.<\/h4><h4>Dom Bosco teve ent\u00e3o uma atitude, que foi a seguinte: \u201cn\u00e3o gritem \u2018Viva Pio IX\u2019, gritem \u2018Viva o Papa\u2019!\u201d\u00a0<a href=\"https:\/\/www.pliniocorreadeoliveira.info\/DIS_SD_640222_Catedra_de_Sao_Pedro.htm#(**)\">(**)<\/a>\u00a0\u00c9 a sa\u00edda soberanamente inteligente, porque &#8220;Viva o Papa&#8221; a gente deve gritar sempre. Isto est\u00e1 no processo de canoniza\u00e7\u00e3o de D. Bosco e n\u00e3o impediu que fosse canonizado nem que sua obra fosse aben\u00e7oada pela Provid\u00eancia de todos os modos.<br \/>Na raiz disso est\u00e1 uma distin\u00e7\u00e3o muito importante: a distin\u00e7\u00e3o entre o Papa e o papado; entre a pessoa do Papa, sujeita \u00e0s mis\u00e9rias humanas, sujeita tamb\u00e9m a erros onde n\u00e3o \u00e9 amparado pela infalibilidade e, de outro lado, a institui\u00e7\u00e3o, que \u00e9 inteiramente distinta da pessoa. E se \u00e9 verdade que de vez em quando se grita: \u201cviva fulano\u201d e \u00e0s vezes se cala e \u00e0s vezes se chora, e sempre se reza, h\u00e1 um brado que se d\u00e1 sempre, e este brado \u00e9 &#8220;Viva o Papa&#8221;!, &#8220;Viva o Papado&#8221;!<\/h4><h4>\u00c9 por causa disso que a festa que vai ser celebrada hoje, a festa da C\u00e1tedra de S\u00e3o Pedro, \u00e9 uma festa<img decoding=\"async\" class=\"alignright\" src=\"http:\/\/ligadosantorosario.com\/wp-content\/uploads\/Cadeira-de-Sao-Pedro.jpg\" alt=\"\" width=\"289\" height=\"374\" \/> extremamente oportuna, porque ela celebra o Papa enquanto mestre, ela celebra o Papado enquanto tendo uma C\u00e1tedra infal\u00edvel que se dirige ao mundo e que esta \u00e9, de fato infal\u00edvel. E \u00e9 portanto a infalibilidade do Papa, por assim dizer, \u00e9 a ortodoxia, aquilo em que o Papado n\u00e3o erra nunca, que \u00e9 o objeto dessa celebra\u00e7\u00e3o de hoje.<\/h4><h4>Sabemos que da Cadeira de S\u00e3o Pedro conservou-se quase toda a estrutura, guardada na Igreja de S\u00e3o Pedro, em Roma. Na \u201cGl\u00f3ria\u201d de Bernini existe uma C\u00e1tedra de bronze, oca, que de vez em quando se abre e que cont\u00e9m dentro um banquinho, que \u00e9 considerado como tendo sido a cadeira de S\u00e3o Pedro.<\/h4><h4>\u00a0 \u00a0 \u00a0 \u00a0 \u00a0 \u00a0 \u00a0 \u00a0 \u00a0 \u00a0 \u00a0 \u00a0 \u00a0 \u00a0 \u00a0 \u00a0 \u00a0 \u00a0 \u00a0 \u00a0 \u00a0 \u00a0 \u00a0 \u00a0 \u00a0 \u00a0 \u00a0 \u00a0 \u00a0 \u00a0 \u00a0 \u00a0 \u00a0 \u00a0 \u00a0 \u00a0 \u00a0 \u00a0 \u00a0 \u00a0 \u00a0 \u00a0 \u00a0 \u00a0 \u00a0 \u00a0 \u00a0\u00a0<\/h4><h4>\u00a0 \u00a0 \u00a0 \u00a0 \u00a0 \u00a0 \u00a0 \u00a0 \u00a0 \u00a0 \u00a0 \u00a0 \u00a0 \u00a0 \u00a0 \u00a0 \u00a0 \u00a0 \u00a0 \u00a0 \u00a0 \u00a0 \u00a0 \u00a0 \u00a0 \u00a0 \u00a0 \u00a0 \u00a0 \u00a0 \u00a0 \u00a0 \u00a0 \u00a0 \u00a0 \u00a0 \u00a0 \u00a0 \u00a0 \u00a0 \u00a0 \u00a0 \u00a0 \u00a0 \u00a0 \u00a0 \u00a0 \u00a0 \u00a0 \u00a0 \u00a0 \u00a0 \u00a0 \u00a0 \u00a0 \u00a0 \u00a0 \u00a0 \u00a0 \u00a0 \u00a0 \u00a0 \u00a0 \u00a0 \u00a0 \u00a0 \u00a0 \u00a0 \u00a0 \u00a0 \u00a0 \u00a0 \u00a0 \u00a0 \u00a0 \u00a0 \u00a0 \u00a0 \u00a0 \u00a0 \u00a0 \u00a0 \u00a0 \u00a0 \u00a0 \u00a0 \u00a0 \u00a0 \u00a0 \u00a0 \u00a0 \u00a0 \u00a0 \u00a0 \u00a0 \u00a0 \u00a0 \u00a0 \u00a0 \u00a0 \u00a0 \u00a0 \u00a0 \u00a0 \u00a0 \u00a0 \u00a0 \u00a0 \u00a0 \u00a0 \u00a0 \u00a0 \u00a0 \u00a0 \u00a0 \u00a0 \u00a0 \u00a0 \u00a0 \u00a0 \u00a0 \u00a0 \u00a0 \u00a0 \u00a0 \u00a0 \u00a0 \u00a0 \u00a0 \u00a0 \u00a0 \u00a0 \u00a0 \u00a0<b>C\u00e1tedra de S\u00e3o Pedro<\/b><\/h4><p>\u00a0<\/p><h4>A festa da C\u00e1tedra de S\u00e3o Pedro tem em vista este objeto, mas tem, muito mais do que esse objeto, em vista o fato de Roma ser a C\u00e1tedra de S\u00e3o Pedro, e o fato de Nosso Senhor Jesus Cristo ter dado a S\u00e3o Pedro uma C\u00e1tedra infal\u00edvel, e o fato dessa C\u00e1tedra governar a Santa Igreja Cat\u00f3lica Apost\u00f3lica e Romana. \u00c9, portanto, esse fato que se celebra no dia de hoje.\u00a0<span style=\"color: var( --e-global-color-text ); font-family: var( --e-global-typography-text-font-family ), Sans-serif; font-size: 1rem;\">\u00a0 <b>\u00a0 \u00a0 \u00a0 \u00a0 \u00a0 \u00a0 \u00a0 \u00a0 \u00a0 \u00a0 \u00a0 \u00a0 \u00a0 \u00a0 \u00a0 \u00a0 \u00a0 \u00a0 \u00a0 \u00a0 \u00a0 \u00a0 \u00a0 \u00a0 \u00a0 \u00a0 \u00a0 \u00a0 \u00a0 \u00a0 \u00a0 \u00a0 \u00a0 \u00a0 \u00a0 \u00a0 \u00a0 \u00a0 \u00a0 \u00a0 \u00a0 \u00a0 \u00a0 \u00a0 \u00a0 \u00a0 \u00a0 \u00a0 \u00a0 \u00a0 \u00a0 \u00a0 \u00a0 \u00a0 \u00a0 \u00a0 \u00a0 \u00a0 \u00a0 \u00a0 \u00a0 \u00a0 \u00a0 \u00a0 \u00a0 \u00a0 \u00a0 \u00a0 \u00a0 \u00a0 \u00a0 \u00a0 \u00a0 \u00a0 \u00a0 \u00a0 \u00a0 \u00a0 \u00a0 \u00a0 \u00a0 \u00a0 \u00a0 \u00a0 \u00a0 \u00a0 \u00a0 \u00a0 \u00a0 \u00a0 \u00a0 \u00a0 \u00a0 \u00a0 \u00a0 \u00a0 \u00a0 \u00a0 \u00a0 \u00a0 \u00a0 \u00a0 \u00a0 \u00a0 \u00a0 \u00a0 \u00a0 \u00a0 \u00a0 \u00a0 \u00a0 \u00a0 \u00a0 \u00a0 \u00a0 \u00a0 \u00a0 \u00a0 \u00a0 \u00a0 \u00a0 \u00a0 \u00a0 \u00a0 \u00a0 \u00a0 \u00a0 \u00a0 \u00a0 \u00a0 \u00a0 \u00a0 \u00a0 \u00a0 \u00a0 \u00a0 \u00a0 \u00a0 \u00a0 \u00a0 \u00a0 \u00a0 \u00a0 \u00a0 \u00a0 \u00a0 \u00a0 \u00a0 \u00a0 \u00a0 \u00a0 \u00a0 \u00a0 \u00a0 \u00a0 \u00a0 \u00a0 \u00a0 \u00a0 \u00a0 \u00a0 \u00a0 \u00a0 \u00a0 \u00a0 \u00a0 \u00a0 \u00a0 \u00a0 \u00a0 \u00a0 \u00a0 \u00a0 \u00a0 \u00a0 \u00a0 \u00a0 \u00a0 \u00a0 \u00a0 \u00a0 \u00a0 \u00a0 \u00a0 \u00a0 \u00a0 \u00a0 \u00a0 \u00a0 \u00a0 \u00a0 \u00a0 \u00a0 \u00a0 \u00a0 \u00a0 \u00a0 \u00a0 \u00a0 \u00a0 \u00a0 \u00a0 \u00a0 \u00a0 \u00a0 \u00a0 \u00a0 \u00a0 \u00a0 \u00a0 \u00a0 \u00a0 \u00a0 \u00a0 \u00a0 \u00a0 \u00a0 \u00a0 \u00a0 \u00a0 \u00a0 \u00a0 \u00a0 \u00a0 \u00a0 \u00a0 \u00a0 \u00a0 \u00a0 \u00a0 \u00a0 \u00a0 \u00a0 \u00a0 \u00a0 \u00a0 \u00a0 \u00a0 \u00a0 \u00a0 \u00a0 \u00a0 \u00a0 \u00a0 \u00a0 \u00a0 \u00a0 \u00a0 \u00a0 \u00a0 \u00a0 \u00a0 \u00a0 \u00a0 \u00a0 \u00a0 \u00a0 \u00a0 \u00a0 \u00a0 \u00a0 \u00a0 \u00a0 \u00a0 \u00a0 \u00a0 \u00a0 \u00a0 \u00a0 \u00a0 \u00a0 \u00a0 \u00a0 \u00a0\u00a0<\/b><\/span><\/h4><p><b style=\"color: var( --e-global-color-text ); font-family: var( --e-global-typography-text-font-family ), Sans-serif; font-size: 1rem;\">\u00a0<\/b><\/p><p><b style=\"color: var( --e-global-color-text ); font-family: var( --e-global-typography-text-font-family ), Sans-serif; font-size: 1rem;\">\u00a0\u00a0<\/b><\/p>\t\t\t\t\t\t<\/div>\n\t\t\t\t<\/div>\n\t\t\t\t\t<\/div>\n\t\t<\/div>\n\t\t\t\t\t<\/div>\n\t\t<\/section>\n\t\t\t\t<section class=\"elementor-section elementor-top-section elementor-element elementor-element-d447986 elementor-section-boxed elementor-section-height-default elementor-section-height-default\" data-id=\"d447986\" data-element_type=\"section\">\n\t\t\t\t\t\t<div class=\"elementor-container elementor-column-gap-default\">\n\t\t\t\t\t<div class=\"elementor-column elementor-col-100 elementor-top-column elementor-element elementor-element-7575b3b\" data-id=\"7575b3b\" data-element_type=\"column\">\n\t\t\t<div class=\"elementor-widget-wrap elementor-element-populated\">\n\t\t\t\t\t\t<div class=\"elementor-element elementor-element-0dc1464 elementor-widget elementor-widget-text-editor\" data-id=\"0dc1464\" data-element_type=\"widget\" data-widget_type=\"text-editor.default\">\n\t\t\t\t<div class=\"elementor-widget-container\">\n\t\t\t\t\t\t\t<p>\u00a0<\/p><p><img decoding=\"async\" class=\" wp-image-6083 alignright\" src=\"http:\/\/ligadosantorosario.com\/wp-content\/uploads\/ESTATUA-DE-SAO-PEDRO-225x300.jpg\" alt=\"\" width=\"366\" height=\"488\" srcset=\"https:\/\/ligadosantorosario.com\/wp-content\/uploads\/ESTATUA-DE-SAO-PEDRO-225x300.jpg 225w, https:\/\/ligadosantorosario.com\/wp-content\/uploads\/ESTATUA-DE-SAO-PEDRO.jpg 547w\" sizes=\"(max-width: 366px) 100vw, 366px\" \/><\/p><h4>Na nave central da Bas\u00edlica de S\u00e3o Pedro h\u00e1 uma imagem, preta, de material escuro, que representa o Papa. \u00c9 S\u00e3o Pedro, com as chaves na m\u00e3o, sentando numa c\u00e1tedra e com o p\u00e9 \u00e0\u00a0altura dos l\u00e1bios dos fi\u00e9is. E todos os peregrinos que v\u00e3o a Roma passam por l\u00e1 e osculam o p\u00e9 de S\u00e3o Pedro. O resultado \u00e9 que com o \u00f3sculo mil e mil vezes repetido, o p\u00e9 de S\u00e3o Pedro est\u00e1 at\u00e9 desgastado. Acho que \u00e9 o \u00fanico exemplo na hist\u00f3ria em que \u00f3sculos destroem bronze.<\/h4><h4>E o bonito \u00e9 que no dia da festa do Papa \u2014 parece-me que no anivers\u00e1rio do Papa, em todo o caso no dia de S\u00e3o Pedro, \u2014 essa imagem \u00e9 revestida com os ornamentos pontificais. De maneira que ela tem tiara, tem tudo, fica vestida como se fosse um Papa vivo, para indicar a magn\u00edfica e evidente solidariedade e continuidade que vai de S\u00e3o Pedro at\u00e9 o Papa de nossos dias.<\/h4><h6><b>\u00a0 \u00a0 \u00a0 \u00a0 \u00a0 \u00a0 \u00a0 \u00a0 \u00a0 \u00a0 \u00a0 \u00a0 \u00a0 \u00a0 \u00a0 \u00a0 \u00a0 \u00a0 \u00a0 \u00a0 \u00a0 \u00a0 \u00a0 \u00a0 \u00a0 \u00a0 \u00a0 \u00a0 \u00a0 \u00a0 \u00a0 \u00a0 \u00a0 \u00a0 \u00a0 \u00a0 \u00a0 \u00a0 \u00a0 \u00a0 \u00a0 \u00a0 \u00a0 \u00a0 \u00a0 \u00a0 \u00a0<\/b><\/h6><h6><b>\u00a0 \u00a0 \u00a0 \u00a0 \u00a0 \u00a0 \u00a0 \u00a0 \u00a0 \u00a0 \u00a0 \u00a0 \u00a0 \u00a0 \u00a0 \u00a0 \u00a0 \u00a0 \u00a0 \u00a0 \u00a0 \u00a0 \u00a0 \u00a0 \u00a0 \u00a0 \u00a0 \u00a0 \u00a0 \u00a0 \u00a0 \u00a0 \u00a0 \u00a0 \u00a0 \u00a0 \u00a0 \u00a0 \u00a0 \u00a0 \u00a0 \u00a0 \u00a0 \u00a0 \u00a0 \u00a0 \u00a0 \u00a0 \u00a0 \u00a0 \u00a0 \u00a0 \u00a0 \u00a0 \u00a0 \u00a0 \u00a0 \u00a0 \u00a0 \u00a0 \u00a0 \u00a0 \u00a0 \u00a0 \u00a0 \u00a0 \u00a0 \u00a0 \u00a0 \u00a0 \u00a0 \u00a0 \u00a0 \u00a0 \u00a0 \u00a0 \u00a0 \u00a0 \u00a0 \u00a0 \u00a0 \u00a0 \u00a0 \u00a0 \u00a0 \u00a0 \u00a0 \u00a0 \u00a0 \u00a0 \u00a0 \u00a0 \u00a0 \u00a0 \u00a0 \u00a0 \u00a0 \u00a0 \u00a0 \u00a0 \u00a0 \u00a0 \u00a0 \u00a0 \u00a0 \u00a0 \u00a0 \u00a0 \u00a0 \u00a0 \u00a0 \u00a0 \u00a0 \u00a0 \u00a0 \u00a0 \u00a0 \u00a0 \u00a0 \u00a0 \u00a0 \u00a0 \u00a0 \u00a0 \u00a0 \u00a0 \u00a0 \u00a0 \u00a0 \u00a0 \u00a0 \u00a0 \u00a0 \u00a0 \u00a0 \u00a0 \u00a0 \u00a0 \u00a0 \u00a0 \u00a0 \u00a0 \u00a0 \u00a0 \u00a0 \u00a0 \u00a0 \u00a0 \u00a0 \u00a0<\/b><\/h6><h5><b>\u00a0 \u00a0 \u00a0 \u00a0 \u00a0 \u00a0 \u00a0 \u00a0 \u00a0 \u00a0 \u00a0 \u00a0 \u00a0 \u00a0 \u00a0 \u00a0 \u00a0 \u00a0 \u00a0 \u00a0 \u00a0 \u00a0 \u00a0 \u00a0 \u00a0 \u00a0 \u00a0 \u00a0 \u00a0 \u00a0 \u00a0 \u00a0 \u00a0 \u00a0 \u00a0 \u00a0 \u00a0 \u00a0 \u00a0 \u00a0 \u00a0 \u00a0 \u00a0 \u00a0 \u00a0 \u00a0 \u00a0 \u00a0 \u00a0 \u00a0 \u00a0 \u00a0 \u00a0 \u00a0 \u00a0 \u00a0 \u00a0 \u00a0 \u00a0 \u00a0 \u00a0 \u00a0 \u00a0 \u00a0 \u00a0 \u00a0 \u00a0 \u00a0 \u00a0 \u00a0 \u00a0 \u00a0 \u00a0 \u00a0 \u00a0 \u00a0Arnolfo di Cambio, c.1300<\/b><\/h5><h4>N\u00f3s o que devemos fazer hoje? Em esp\u00edrito, oscular o p\u00e9 dessa imagem. Quer dizer, em esp\u00edrito oscular o Papado, em esp\u00edrito oscular esse princ\u00edpio de sabedoria, de infalibilidade da autoridade que governa\u00a0 a Igreja\u00a0 Cat\u00f3lica. E, por meio de Nossa Senhora, agradecer a Nosso Senhor Jesus Cristo a institui\u00e7\u00e3o da infalibilidade desta C\u00e1tedra, que \u00e9 propriamente a coluna do mundo; porque se n\u00e3o houvesse infalibilidade, o mundo estava completamente perdido, a Igreja destro\u00e7ada e com ela o mundo perdido. E tamb\u00e9m o caminho para o c\u00e9u. Porque os homens n\u00e3o encontrariam o caminho para o c\u00e9u se n\u00e3o houvesse uma autoridade infal\u00edvel para governar.<\/h4><p><strong>\u00a0 \u00a0 \u00a0 \u00a0 \u00a0 \u00a0 \u00a0 \u00a0 \u00a0 \u00a0 \u00a0 \u00a0 \u00a0 \u00a0 \u00a0 \u00a0 \u00a0 \u00a0 \u00a0 \u00a0 \u00a0 \u00a0 \u00a0 \u00a0 \u00a0 \u00a0 \u00a0 \u00a0 \u00a0 \u00a0 \u00a0 \u00a0 \u00a0 \u00a0 \u00a0 \u00a0 \u00a0 \u00a0 \u00a0 \u00a0 \u00a0 \u00a0 \u00a0 \u00a0 \u00a0 \u00a0 \u00a0 \u00a0 \u00a0 \u00a0 \u00a0 \u00a0 \u00a0 \u00a0 \u00a0 \u00a0 \u00a0 \u00a0 \u00a0 \u00a0 \u00a0 \u00a0 \u00a0 \u00a0 \u00a0 \u00a0 \u00a0 \u00a0 \u00a0 \u00a0 \u00a0 \u00a0 \u00a0 \u00a0 <\/strong><\/p><p>\u00a0<\/p><p><strong>\u00a0 \u00a0 \u00a0 \u00a0 \u00a0 \u00a0 \u00a0 \u00a0 \u00a0 \u00a0 \u00a0 \u00a0 \u00a0 \u00a0 \u00a0 \u00a0 \u00a0 \u00a0 \u00a0 \u00a0 \u00a0 \u00a0 \u00a0 \u00a0 \u00a0 \u00a0 \u00a0 \u00a0 \u00a0 \u00a0 \u00a0 \u00a0 \u00a0 \u00a0 \u00a0 \u00a0 \u00a0 \u00a0 \u00a0 \u00a0 \u00a0 \u00a0 \u00a0 \u00a0 \u00a0 \u00a0 \u00a0 \u00a0 \u00a0 \u00a0 \u00a0 \u00a0 \u00a0 \u00a0 \u00a0 \u00a0 \u00a0 \u00a0 \u00a0 \u00a0 \u00a0 \u00a0 \u00a0 \u00a0 \u00a0 \u00a0 \u00a0 \u00a0 \u00a0 \u00a0 \u00a0 \u00a0 \u00a0 \u00a0 \u00a0 \u00a0 \u00a0 \u00a0 \u00a0 \u00a0 \u00a0 \u00a0 \u00a0 \u00a0 \u00a0 \u00a0 \u00a0 \u00a0 \u00a0 \u00a0 \u00a0 \u00a0<\/strong><\/p><h4>Entretanto, uma coisa que devemos lembrar \u00e9 o seguinte: a fidelidade \u00e0 c\u00e1tedra n\u00e3o se confunde inteiramente e sob todos os pontos de vista com a aceita\u00e7\u00e3o incondicional do que faz a pessoa. Nosso Senhor Jesus Cristo faz uma distin\u00e7\u00e3o entre a c\u00e1tedra e a pessoa. Embora o catedr\u00e1tico seja ele e os poderes da c\u00e1tedra residam nele, nem tudo nele \u00e9 c\u00e1tedra, e n\u00e3o podemos imaginar a Igreja como ela n\u00e3o foi feita por Nosso Senhor Jesus Cristo.<\/h4><h4>\u00a0A Igreja foi feita por Nosso Senhor Jesus Cristo de maneira a ser assim.\u00a0<a href=\"https:\/\/www.pliniocorreadeoliveira.info\/DIS_SD_640222_Catedra_de_Sao_Pedro.htm#(***)\"><strong>(***)<br \/><\/strong><\/a>Com a c\u00e1tedra ou com o catedr\u00e1tico? Com a c\u00e1tedra, at\u00e9 morrer, notando sempre que a\u00a0<strong>c\u00e1tedra nunca est\u00e1 fora do catedr\u00e1tico.<\/strong>\u00a0E que portanto n\u00e3o se pode ter uma fidelidade abstrata ao papado, que n\u00e3o seja fidelidade concreta ao Papa atual, em toda medida em que ele \u00e9 infal\u00edvel e tem o poder de governar e reger a Igreja Cat\u00f3lica.<\/h4><div>\u00a0 \u00a0 \u00a0 \u00a0 \u00a0 \u00a0 \u00a0 \u00a0 \u00a0 \u00a0 \u00a0 \u00a0\u00a0<\/div>\t\t\t\t\t\t<\/div>\n\t\t\t\t<\/div>\n\t\t\t\t\t<\/div>\n\t\t<\/div>\n\t\t\t\t\t<\/div>\n\t\t<\/section>\n\t\t\t\t<section class=\"elementor-section elementor-top-section elementor-element elementor-element-fe19b67 elementor-section-boxed elementor-section-height-default elementor-section-height-default\" data-id=\"fe19b67\" data-element_type=\"section\">\n\t\t\t\t\t\t<div class=\"elementor-container elementor-column-gap-default\">\n\t\t\t\t\t<div class=\"elementor-column elementor-col-100 elementor-top-column elementor-element elementor-element-083eed6\" data-id=\"083eed6\" data-element_type=\"column\">\n\t\t\t<div class=\"elementor-widget-wrap elementor-element-populated\">\n\t\t\t\t\t\t<div class=\"elementor-element elementor-element-980c58e elementor-widget elementor-widget-image\" data-id=\"980c58e\" data-element_type=\"widget\" data-widget_type=\"image.default\">\n\t\t\t\t<div class=\"elementor-widget-container\">\n\t\t\t<style>\/*! elementor - v3.23.0 - 05-08-2024 *\/\n.elementor-widget-image{text-align:center}.elementor-widget-image a{display:inline-block}.elementor-widget-image a img[src$=\".svg\"]{width:48px}.elementor-widget-image img{vertical-align:middle;display:inline-block}<\/style>\t\t\t\t\t\t\t\t\t\t<img loading=\"lazy\" decoding=\"async\" width=\"800\" height=\"603\" src=\"https:\/\/ligadosantorosario.com\/wp-content\/uploads\/SAO-PEDRO-BEIJA-PES.jpg\" class=\"attachment-large size-large wp-image-6082\" alt=\"\" srcset=\"https:\/\/ligadosantorosario.com\/wp-content\/uploads\/SAO-PEDRO-BEIJA-PES.jpg 859w, https:\/\/ligadosantorosario.com\/wp-content\/uploads\/SAO-PEDRO-BEIJA-PES-300x226.jpg 300w, https:\/\/ligadosantorosario.com\/wp-content\/uploads\/SAO-PEDRO-BEIJA-PES-768x579.jpg 768w\" sizes=\"(max-width: 800px) 100vw, 800px\" \/>\t\t\t\t\t\t\t\t\t\t\t\t\t<\/div>\n\t\t\t\t<\/div>\n\t\t\t\t<div class=\"elementor-element elementor-element-26d11ca elementor-widget elementor-widget-heading\" data-id=\"26d11ca\" data-element_type=\"widget\" data-widget_type=\"heading.default\">\n\t\t\t\t<div class=\"elementor-widget-container\">\n\t\t\t<style>\/*! elementor - v3.23.0 - 05-08-2024 *\/\n.elementor-heading-title{padding:0;margin:0;line-height:1}.elementor-widget-heading .elementor-heading-title[class*=elementor-size-]>a{color:inherit;font-size:inherit;line-height:inherit}.elementor-widget-heading .elementor-heading-title.elementor-size-small{font-size:15px}.elementor-widget-heading .elementor-heading-title.elementor-size-medium{font-size:19px}.elementor-widget-heading .elementor-heading-title.elementor-size-large{font-size:29px}.elementor-widget-heading .elementor-heading-title.elementor-size-xl{font-size:39px}.elementor-widget-heading .elementor-heading-title.elementor-size-xxl{font-size:59px}<\/style><h2 class=\"elementor-heading-title elementor-size-default\"><i>LE BAISEMENT DES PIEDS DANS LA BASILIQUE DE SAINT-PIERRE A ROME\nHAUDEBOURT-LESCOT, Antoinette C\u00e9cile Hortense,  1er quart 19e si\u00e8cle\nMus\u00e9e National du Ch\u00e2teau de Fontainebleau<\/i>\n<\/h2>\t\t<\/div>\n\t\t\t\t<\/div>\n\t\t\t\t\t<\/div>\n\t\t<\/div>\n\t\t\t\t\t<\/div>\n\t\t<\/section>\n\t\t\t\t<section class=\"elementor-section elementor-top-section elementor-element elementor-element-064005c elementor-section-boxed elementor-section-height-default elementor-section-height-default\" data-id=\"064005c\" data-element_type=\"section\">\n\t\t\t\t\t\t<div class=\"elementor-container elementor-column-gap-default\">\n\t\t\t\t\t<div class=\"elementor-column elementor-col-100 elementor-top-column elementor-element elementor-element-e66a2c4\" data-id=\"e66a2c4\" data-element_type=\"column\">\n\t\t\t<div class=\"elementor-widget-wrap\">\n\t\t\t\t\t\t\t<\/div>\n\t\t<\/div>\n\t\t\t\t\t<\/div>\n\t\t<\/section>\n\t\t\t\t<section class=\"elementor-section elementor-top-section elementor-element elementor-element-c7caa07 elementor-section-boxed elementor-section-height-default elementor-section-height-default\" data-id=\"c7caa07\" data-element_type=\"section\">\n\t\t\t\t\t\t<div class=\"elementor-container elementor-column-gap-default\">\n\t\t\t\t\t<div class=\"elementor-column elementor-col-100 elementor-top-column elementor-element elementor-element-1d78fae\" data-id=\"1d78fae\" data-element_type=\"column\">\n\t\t\t<div class=\"elementor-widget-wrap elementor-element-populated\">\n\t\t\t\t\t\t<div class=\"elementor-element elementor-element-ab7c2ea elementor-widget elementor-widget-text-editor\" data-id=\"ab7c2ea\" data-element_type=\"widget\" data-widget_type=\"text-editor.default\">\n\t\t\t\t<div class=\"elementor-widget-container\">\n\t\t\t\t\t\t\t<p><a href=\"https:\/\/www.pliniocorreadeoliveira.info\/DIS_SD_640222_Catedra_de_Sao_Pedro.htm#(*)_ret\"><strong>(*)<\/strong><\/a>\u00a0Para uma informa\u00e7\u00e3o mais detalhada deste assunto ver, por ex., a mat\u00e9ria publicado por &#8220;Catolicismo&#8221; na edi\u00e7\u00e3o de Janeiro de 1992,\u00a0<a href=\"https:\/\/www.catolicismo.com.br\/materia\/materia.cfm?IDmat=3996B8DB-3048-313C-2EF4A30DB62CD034&amp;mes=Janeiro1992\"><strong>&#8220;Pio IX e Metternich&#8221;<\/strong><\/a>.<\/p><p><a href=\"https:\/\/www.pliniocorreadeoliveira.info\/DIS_SD_640222_Catedra_de_Sao_Pedro.htm#(**)_ret\"><strong>(**)<\/strong><\/a>\u00a0Ver\u00a0<a href=\"https:\/\/www.pliniocorreadeoliveira.info\/SaoJoaoBosco_VivaoPapa_EugenioPilla_2.jpg\"><strong>&#8220;I sogni di Don Bosco&#8221;<\/strong><\/a>, escrito por Eugenio Pilla, publicado pela editora Cantagalli, Siena, 2004, 4a. edicao, pag. 104<\/p><p><a href=\"https:\/\/www.pliniocorreadeoliveira.info\/DIS_SD_640222_Catedra_de_Sao_Pedro.htm#(***)_ret\"><strong>(***)<\/strong><\/a>\u00a0Uma explica\u00e7\u00e3o mais detalhada deste ponto pode ser encontrada no livro\u00a0<a href=\"https:\/\/www.pliniocorreadeoliveira.info\/livros.asp\"><strong>&#8220;As CEBs&#8230; Das quais muito se fala, Pouco se conhece &#8211; a TFP as descreve como s\u00e3o&#8221;<\/strong><\/a>, de autoria do Prof. Plinio Corr\u00eaa de Oliveira e de Gustavo Antonio Solimeo e Luiz S\u00e9rgio Solimeo, na parte I, Cap. III &#8211;\u00a0<em>A intelec\u00e7\u00e3o deformada do tr\u00edplice &#8220;sentire&#8221; ( &#8220;cum Romano Pontifice&#8221;, &#8220;cum Episcopo&#8221;, &#8220;cum Parocho&#8221;)<\/em>.<\/p><p>Texto extra\u00eddo do site pliniocorreadeoliveira.info<\/p><p>\u00a0<\/p><p>\u00a0 \u00a0 \u00a0 \u00a0 \u00a0 \u00a0 \u00a0 \u00a0 \u00a0 \u00a0 \u00a0 \u00a0 \u00a0 \u00a0 \u00a0 \u00a0 \u00a0 \u00a0 \u00a0 \u00a0 \u00a0 \u00a0 \u00a0 \u00a0 \u00a0 \u00a0 \u00a0 \u00a0 \u00a0 \u00a0 \u00a0 \u00a0 \u00a0 \u00a0 \u00a0 *\u00a0 \u00a0 \u00a0 \u00a0 \u00a0 \u00a0 \u00a0 \u00a0 \u00a0 \u00a0 \u00a0 \u00a0 \u00a0 \u00a0 \u00a0 \u00a0 \u00a0 \u00a0 \u00a0 \u00a0 \u00a0 \u00a0 \u00a0 \u00a0 \u00a0 \u00a0 \u00a0 \u00a0 \u00a0*\u00a0 \u00a0 \u00a0 \u00a0 \u00a0 \u00a0 \u00a0 \u00a0 \u00a0 \u00a0 \u00a0 \u00a0 \u00a0 \u00a0 \u00a0 \u00a0 \u00a0 \u00a0 \u00a0 \u00a0 \u00a0 \u00a0 \u00a0 \u00a0 \u00a0 \u00a0 \u00a0 \u00a0 \u00a0 \u00a0 \u00a0 \u00a0 \u00a0 \u00a0 \u00a0*<\/p><p>\u00a0<\/p>\t\t\t\t\t\t<\/div>\n\t\t\t\t<\/div>\n\t\t\t\t<div class=\"elementor-element elementor-element-9670da4 elementor-widget elementor-widget-heading\" data-id=\"9670da4\" data-element_type=\"widget\" data-widget_type=\"heading.default\">\n\t\t\t\t<div class=\"elementor-widget-container\">\n\t\t\t<h2 class=\"elementor-heading-title elementor-size-default\">ALGUNS GRANDES PAPAS DA HIST\u00d3RIA DA  IGREJA  - SANTOS<\/h2>\t\t<\/div>\n\t\t\t\t<\/div>\n\t\t\t\t\t<\/div>\n\t\t<\/div>\n\t\t\t\t\t<\/div>\n\t\t<\/section>\n\t\t\t\t<section class=\"elementor-section elementor-top-section elementor-element elementor-element-cda6712 elementor-section-boxed elementor-section-height-default elementor-section-height-default\" data-id=\"cda6712\" data-element_type=\"section\">\n\t\t\t\t\t\t<div class=\"elementor-container elementor-column-gap-default\">\n\t\t\t\t\t<div class=\"elementor-column elementor-col-100 elementor-top-column elementor-element elementor-element-ea62e14\" data-id=\"ea62e14\" data-element_type=\"column\">\n\t\t\t<div class=\"elementor-widget-wrap\">\n\t\t\t\t\t\t\t<\/div>\n\t\t<\/div>\n\t\t\t\t\t<\/div>\n\t\t<\/section>\n\t\t\t\t<section class=\"elementor-section elementor-top-section elementor-element elementor-element-3dc3715 elementor-section-boxed elementor-section-height-default elementor-section-height-default\" data-id=\"3dc3715\" data-element_type=\"section\">\n\t\t\t\t\t\t<div class=\"elementor-container elementor-column-gap-default\">\n\t\t\t\t\t<div class=\"elementor-column elementor-col-100 elementor-top-column elementor-element elementor-element-09487e9\" data-id=\"09487e9\" data-element_type=\"column\">\n\t\t\t<div class=\"elementor-widget-wrap elementor-element-populated\">\n\t\t\t\t\t\t<div class=\"elementor-element elementor-element-58f7cae elementor-widget elementor-widget-image\" data-id=\"58f7cae\" data-element_type=\"widget\" data-widget_type=\"image.default\">\n\t\t\t\t<div class=\"elementor-widget-container\">\n\t\t\t\t\t\t\t\t\t\t\t\t\t<img loading=\"lazy\" decoding=\"async\" width=\"473\" height=\"1024\" src=\"https:\/\/ligadosantorosario.com\/wp-content\/uploads\/Sao-Pedro-Imagem-de-bronze-na-basilica-vaticana-473x1024.jpg\" class=\"attachment-large size-large wp-image-6201\" alt=\"\" srcset=\"https:\/\/ligadosantorosario.com\/wp-content\/uploads\/Sao-Pedro-Imagem-de-bronze-na-basilica-vaticana-473x1024.jpg 473w, https:\/\/ligadosantorosario.com\/wp-content\/uploads\/Sao-Pedro-Imagem-de-bronze-na-basilica-vaticana-139x300.jpg 139w, https:\/\/ligadosantorosario.com\/wp-content\/uploads\/Sao-Pedro-Imagem-de-bronze-na-basilica-vaticana.jpg 499w\" sizes=\"(max-width: 473px) 100vw, 473px\" \/>\t\t\t\t\t\t\t\t\t\t\t\t\t<\/div>\n\t\t\t\t<\/div>\n\t\t\t\t\t<\/div>\n\t\t<\/div>\n\t\t\t\t\t<\/div>\n\t\t<\/section>\n\t\t\t\t<section class=\"elementor-section elementor-top-section elementor-element elementor-element-27b1b4d elementor-section-boxed elementor-section-height-default elementor-section-height-default\" data-id=\"27b1b4d\" data-element_type=\"section\">\n\t\t\t\t\t\t<div class=\"elementor-container elementor-column-gap-default\">\n\t\t\t\t\t<div class=\"elementor-column elementor-col-100 elementor-top-column elementor-element elementor-element-350024d\" data-id=\"350024d\" data-element_type=\"column\">\n\t\t\t<div class=\"elementor-widget-wrap elementor-element-populated\">\n\t\t\t\t\t\t<div class=\"elementor-element elementor-element-fe9cce5 elementor-widget elementor-widget-heading\" data-id=\"fe9cce5\" data-element_type=\"widget\" data-widget_type=\"heading.default\">\n\t\t\t\t<div class=\"elementor-widget-container\">\n\t\t\t<h2 class=\"elementor-heading-title elementor-size-default\">Imagem de bronze de S\u00e3o Pedro na Bas\u00edlica do Vaticano<\/h2>\t\t<\/div>\n\t\t\t\t<\/div>\n\t\t\t\t\t<\/div>\n\t\t<\/div>\n\t\t\t\t\t<\/div>\n\t\t<\/section>\n\t\t\t\t<section class=\"elementor-section elementor-top-section elementor-element elementor-element-d7c1f0e elementor-section-boxed elementor-section-height-default elementor-section-height-default\" data-id=\"d7c1f0e\" data-element_type=\"section\">\n\t\t\t\t\t\t<div class=\"elementor-container elementor-column-gap-default\">\n\t\t\t\t\t<div class=\"elementor-column elementor-col-100 elementor-top-column elementor-element elementor-element-2ef9540\" data-id=\"2ef9540\" data-element_type=\"column\">\n\t\t\t<div class=\"elementor-widget-wrap elementor-element-populated\">\n\t\t\t\t\t\t<div class=\"elementor-element elementor-element-86afff5 elementor-widget elementor-widget-text-editor\" data-id=\"86afff5\" data-element_type=\"widget\" data-widget_type=\"text-editor.default\">\n\t\t\t\t<div class=\"elementor-widget-container\">\n\t\t\t\t\t\t\t<h3><strong>\u00a0As circunst\u00e2ncias<\/strong><b> em que Nosso Senhor instituiu o Papado<\/b><\/h3><div><b>\u00a0<\/b><\/div><h4>N\u00f3s conhecemos bem as circunst\u00e2ncias admir\u00e1veis em que Nosso Senhor Jesus Cristo instituiu o Papado.<br \/>Ele foi abordado por uns indiv\u00edduos caluniadores que ouvindo dizer que a eucaristia era verdadeiramente a carne e o sangue dEle, eles diziam que n\u00e3o podiam crer, etc. E Nosso Senhor afastou-se deles.<br \/>Voltou-se para S\u00e3o Pedro e disse: \u201cE v\u00f3s, o que \u00e9 que dizeis disso? Como quem diz, \u201cVoc\u00eas fazem parte desses \u00edmpios?\u201d<br \/>S\u00e3o Pedro teve uma bonita palavra, disse: \u201cAonde iremos, Mestre, se s\u00f3 V\u00f3s tendes palavra de vida eterna?\u201d<\/h4><h4>Quer dizer, \u201cn\u00f3s n\u00e3o iremos, n\u00f3s acreditamos na vossa palavra.\u201d<br \/>E ent\u00e3o, Nosso Senhor disse: \u201cPedro tu \u00e9s pedra, e sobre essa pedra, eu edificarei a minha Igreja. E as portas do inferno n\u00e3o prevalecer\u00e3o contra Ela.\u201d<br \/>Petrus tu es petram. \u201cPetrus\u201d \u00e9 Pedro. \u201cPetram\u201d \u00e9 pedra. Ent\u00e3o, \u201cPedro tu \u00e9s pedra, \u00e9s rocha e sobre essa rocha, eu edificarei a minha Igreja.\u201d \u2013 era Pedro.<br \/>\u201cE as portas do inferno n\u00e3o prevalecer\u00e3o contra Ela\u201d, quer dizer, jamais a Igreja vai ser destru\u00edda pelas investidas do inferno, quer dizer, a Igreja jamais cair\u00e1 em erro. Mas jamais cair\u00e1 em erro, porque ela est\u00e1 baseada no Papa.<\/h4><h4>Est\u00e1 baseada em S\u00e3o Pedro, cujo sucessor \u2013 S\u00e3o Pedro era bispo de Roma \u2013 todo bispo de Roma \u00e9 um sucessor de S\u00e3o Pedro. \u00c9 um Papa, quer dizer, o rei da Igreja Cat\u00f3lica.<\/h4><div>\u00a0<\/div><div>\u00a0<\/div><div>\u00a0 \u00a0 \u00a0 \u00a0 \u00a0 \u00a0 \u00a0 \u00a0 \u00a0 \u00a0 \u00a0 \u00a0 \u00a0 \u00a0 \u00a0 \u00a0 \u00a0 \u00a0 \u00a0 \u00a0 \u00a0 \u00a0 \u00a0 \u00a0 \u00a0 \u00a0 \u00a0 \u00a0 \u00a0 \u00a0 \u00a0 \u00a0 \u00a0 \u00a0 \u00a0 \u00a0 \u00a0 \u00a0 \u00a0 \u00a0 *\u00a0 \u00a0 \u00a0 \u00a0 \u00a0 \u00a0 \u00a0 \u00a0 \u00a0 \u00a0 \u00a0 \u00a0 \u00a0 \u00a0 \u00a0 \u00a0 \u00a0 \u00a0 \u00a0 \u00a0 \u00a0 \u00a0 \u00a0 \u00a0 \u00a0 *\u00a0 \u00a0 \u00a0 \u00a0 \u00a0 \u00a0 \u00a0 \u00a0 \u00a0 \u00a0 \u00a0 \u00a0 \u00a0 \u00a0 \u00a0 \u00a0 \u00a0 \u00a0 \u00a0 \u00a0 \u00a0 \u00a0 \u00a0 \u00a0 \u00a0 \u00a0 *<\/div><div>\u00a0<\/div><p>\u00a0<\/p>\t\t\t\t\t\t<\/div>\n\t\t\t\t<\/div>\n\t\t\t\t\t<\/div>\n\t\t<\/div>\n\t\t\t\t\t<\/div>\n\t\t<\/section>\n\t\t\t\t<section class=\"elementor-section elementor-top-section elementor-element elementor-element-41937b2 elementor-section-boxed elementor-section-height-default elementor-section-height-default\" data-id=\"41937b2\" data-element_type=\"section\">\n\t\t\t\t\t\t<div class=\"elementor-container elementor-column-gap-default\">\n\t\t\t\t\t<div class=\"elementor-column elementor-col-100 elementor-top-column elementor-element elementor-element-d19699c\" data-id=\"d19699c\" data-element_type=\"column\">\n\t\t\t<div class=\"elementor-widget-wrap elementor-element-populated\">\n\t\t\t\t\t\t<div class=\"elementor-element elementor-element-cb72007 elementor-widget elementor-widget-image\" data-id=\"cb72007\" data-element_type=\"widget\" data-widget_type=\"image.default\">\n\t\t\t\t<div class=\"elementor-widget-container\">\n\t\t\t\t\t\t\t\t\t\t\t\t\t<img loading=\"lazy\" decoding=\"async\" width=\"700\" height=\"525\" src=\"https:\/\/ligadosantorosario.com\/wp-content\/uploads\/PAPA_LEAO_MAGNO.jpg\" class=\"attachment-large size-large wp-image-6207\" alt=\"\" srcset=\"https:\/\/ligadosantorosario.com\/wp-content\/uploads\/PAPA_LEAO_MAGNO.jpg 700w, https:\/\/ligadosantorosario.com\/wp-content\/uploads\/PAPA_LEAO_MAGNO-300x225.jpg 300w\" sizes=\"(max-width: 700px) 100vw, 700px\" \/>\t\t\t\t\t\t\t\t\t\t\t\t\t<\/div>\n\t\t\t\t<\/div>\n\t\t\t\t<div class=\"elementor-element elementor-element-6dbd7d3 elementor-widget elementor-widget-text-editor\" data-id=\"6dbd7d3\" data-element_type=\"widget\" data-widget_type=\"text-editor.default\">\n\t\t\t\t<div class=\"elementor-widget-container\">\n\t\t\t\t\t\t\t<h5>\u00a0 \u00a0 \u00a0 \u00a0 \u00a0 \u00a0 \u00a0 \u00a0 \u00a0 \u00a0 \u00a0 \u00a0 \u00a0 \u00a0 \u00a0 \u00a0 \u00a0 \u00a0 \u00a0 \u00a0 \u00a0 \u00a0 \u00a0 \u00a0 \u00a0 \u00a0 \u00a0 \u00a0 \u00a0 \u00a0 \u00a0 \u00a0 \u00a0\u00a0<b>\u00a0 PAPA S\u00c3O LEAO\u00a0 MAGNO<\/b><\/h5>\t\t\t\t\t\t<\/div>\n\t\t\t\t<\/div>\n\t\t\t\t\t<\/div>\n\t\t<\/div>\n\t\t\t\t\t<\/div>\n\t\t<\/section>\n\t\t\t\t<section class=\"elementor-section elementor-top-section elementor-element elementor-element-156b91b elementor-section-boxed elementor-section-height-default elementor-section-height-default\" data-id=\"156b91b\" data-element_type=\"section\">\n\t\t\t\t\t\t<div class=\"elementor-container elementor-column-gap-default\">\n\t\t\t\t\t<div class=\"elementor-column elementor-col-100 elementor-top-column elementor-element elementor-element-f898b3f\" data-id=\"f898b3f\" data-element_type=\"column\">\n\t\t\t<div class=\"elementor-widget-wrap elementor-element-populated\">\n\t\t\t\t\t\t\t<\/div>\n\t\t<\/div>\n\t\t\t\t\t<\/div>\n\t\t<\/section>\n\t\t\t\t<section class=\"elementor-section elementor-top-section elementor-element elementor-element-bd6a5b8 elementor-section-boxed elementor-section-height-default elementor-section-height-default\" data-id=\"bd6a5b8\" data-element_type=\"section\">\n\t\t\t\t\t\t<div class=\"elementor-container elementor-column-gap-default\">\n\t\t\t\t\t<div class=\"elementor-column elementor-col-100 elementor-top-column elementor-element elementor-element-b29aecc\" data-id=\"b29aecc\" data-element_type=\"column\">\n\t\t\t<div class=\"elementor-widget-wrap elementor-element-populated\">\n\t\t\t\t\t\t<div class=\"elementor-element elementor-element-20a55fc elementor-widget elementor-widget-text-editor\" data-id=\"20a55fc\" data-element_type=\"widget\" data-widget_type=\"text-editor.default\">\n\t\t\t\t<div class=\"elementor-widget-container\">\n\t\t\t\t\t\t\t<p>\u00a0<\/p><h4>\u00a0S\u00e3o Le\u00e3o Magno, diz o nosso calend\u00e1rio, foi papa, confessor e Doutor da<b><img loading=\"lazy\" decoding=\"async\" class=\" wp-image-6230 alignright\" src=\"http:\/\/ligadosantorosario.com\/wp-content\/uploads\/PAPA_SAO-LEAO-MAGNO-FRENTE-A-ATILA-300x168.jpg\" alt=\"\" width=\"376\" height=\"211\" srcset=\"https:\/\/ligadosantorosario.com\/wp-content\/uploads\/PAPA_SAO-LEAO-MAGNO-FRENTE-A-ATILA-300x168.jpg 300w, https:\/\/ligadosantorosario.com\/wp-content\/uploads\/PAPA_SAO-LEAO-MAGNO-FRENTE-A-ATILA.jpg 700w\" sizes=\"(max-width: 376px) 100vw, 376px\" \/><\/b>\u00a0Igreja. Combateu Eutiques e Nest\u00f3rio, que foram dois grandes heresiarcas; e<br \/>\u00a0 <b>deteve \u00c1tila \u00e0 porta de\u00a0Roma. S\u00e9culo V<\/b>. S\u00e3o Le\u00e3o Magno, que viveu de 390 a 461, foi um dos maiores papas que a hist\u00f3ria registra. Lutou, em seu pontificado, contra numerosas heresias que ent\u00e3o agitavam a Igreja, principalmente os maniqueus e os pelagianos. <b>Enfrentou \u00c1tila, o flagelo de Deus, conseguindo que se afastasse da It\u00e1lia. Impediu ainda a destrui\u00e7\u00e3o de Roma pelos v\u00e2ndalos comandados por Genserico<\/b>.<\/h4><h4>\u00a0foi\u00a0<a href=\"https:\/\/pt.wikipedia.org\/wiki\/Papa\">papa<\/a>\u00a0entre\u00a0<a href=\"https:\/\/pt.wikipedia.org\/wiki\/29_de_setembro\">29 de setembro<\/a>\u00a0de\u00a0<a href=\"https:\/\/pt.wikipedia.org\/wiki\/440\">440<\/a>\u00a0e sua morte em\u00a0<a href=\"https:\/\/pt.wikipedia.org\/wiki\/10_de_novembro\">10 de novembro<\/a>\u00a0de\u00a0<a href=\"https:\/\/pt.wikipedia.org\/wiki\/461\">461<\/a>.<a href=\"https:\/\/pt.wikipedia.org\/wiki\/Papa_Le%C3%A3o_I#cite_note-ce-1\"><sup>[1]<\/sup><\/a>\u00a0Um aristocrata de origem\u00a0<a href=\"https:\/\/pt.wikipedia.org\/wiki\/It%C3%A1lia_romana\">italiana<\/a>, Le\u00e3o foi o primeiro a receber o t\u00edtulo de &#8220;o Grande&#8221;. Ele \u00e9, provavelmente, mais famoso por ter ido ao encontro de\u00a0<a href=\"https:\/\/pt.wikipedia.org\/wiki\/%C3%81tila,_o_Huno\">\u00c1tila, o Huno<\/a>, em\u00a0<a href=\"https:\/\/pt.wikipedia.org\/wiki\/452\">452<\/a>\u00a0para persuadi-lo a desistir de sua invas\u00e3o da It\u00e1lia. Ele \u00e9 tamb\u00e9m considerado um\u00a0<a href=\"https:\/\/pt.wikipedia.org\/wiki\/Doutor_da_Igreja\">Doutor da Igreja<\/a>, lembrado\u00a0<a href=\"https:\/\/pt.wikipedia.org\/wiki\/Teologia\">teologicamente<\/a>\u00a0por seu &#8220;<a href=\"https:\/\/pt.wikipedia.org\/wiki\/Tomo_de_Le%C3%A3o\">Tomo de Le\u00e3o<\/a>&#8220;.<\/h4><div>\u00a0<\/div><div>\u00a0<\/div><div>\u00a0 \u00a0 \u00a0 \u00a0 \u00a0 \u00a0 \u00a0 \u00a0 \u00a0 \u00a0 \u00a0 \u00a0 \u00a0 \u00a0 \u00a0 \u00a0 \u00a0 \u00a0 \u00a0 \u00a0 \u00a0 \u00a0 \u00a0 \u00a0 \u00a0 \u00a0 \u00a0 \u00a0 \u00a0 \u00a0 \u00a0 \u00a0 \u00a0 \u00a0 \u00a0 \u00a0 \u00a0 \u00a0 \u00a0 \u00a0 \u00a0 \u00a0 \u00a0 \u00a0 \u00a0 *\u00a0 \u00a0 \u00a0 \u00a0 \u00a0 \u00a0 \u00a0 \u00a0 \u00a0 \u00a0 \u00a0 \u00a0 \u00a0 \u00a0 \u00a0 \u00a0 \u00a0 \u00a0 \u00a0 \u00a0 \u00a0 \u00a0 *\u00a0 \u00a0 \u00a0 \u00a0 \u00a0 \u00a0 \u00a0 \u00a0 \u00a0 \u00a0 \u00a0 \u00a0 \u00a0 \u00a0 \u00a0 \u00a0 \u00a0 \u00a0 \u00a0 \u00a0 \u00a0 \u00a0 \u00a0 \u00a0 \u00a0*<\/div><div>\u00a0<\/div><div>\u00a0<\/div><p>\u00a0<\/p>\t\t\t\t\t\t<\/div>\n\t\t\t\t<\/div>\n\t\t\t\t\t<\/div>\n\t\t<\/div>\n\t\t\t\t\t<\/div>\n\t\t<\/section>\n\t\t\t\t<section class=\"elementor-section elementor-top-section elementor-element elementor-element-d2aafd8 elementor-section-boxed elementor-section-height-default elementor-section-height-default\" data-id=\"d2aafd8\" data-element_type=\"section\">\n\t\t\t\t\t\t<div class=\"elementor-container elementor-column-gap-default\">\n\t\t\t\t\t<div class=\"elementor-column elementor-col-100 elementor-top-column elementor-element elementor-element-b27ea13\" data-id=\"b27ea13\" data-element_type=\"column\">\n\t\t\t<div class=\"elementor-widget-wrap elementor-element-populated\">\n\t\t\t\t\t\t<div class=\"elementor-element elementor-element-380eccb elementor-widget elementor-widget-image\" data-id=\"380eccb\" data-element_type=\"widget\" data-widget_type=\"image.default\">\n\t\t\t\t<div class=\"elementor-widget-container\">\n\t\t\t\t\t\t\t\t\t\t\t\t\t<img loading=\"lazy\" decoding=\"async\" width=\"747\" height=\"496\" src=\"https:\/\/ligadosantorosario.com\/wp-content\/uploads\/PAPA-SAO-LEAO-IX.png\" class=\"attachment-large size-large wp-image-6244\" alt=\"\" srcset=\"https:\/\/ligadosantorosario.com\/wp-content\/uploads\/PAPA-SAO-LEAO-IX.png 747w, https:\/\/ligadosantorosario.com\/wp-content\/uploads\/PAPA-SAO-LEAO-IX-300x199.png 300w\" sizes=\"(max-width: 747px) 100vw, 747px\" \/>\t\t\t\t\t\t\t\t\t\t\t\t\t<\/div>\n\t\t\t\t<\/div>\n\t\t\t\t\t<\/div>\n\t\t<\/div>\n\t\t\t\t\t<\/div>\n\t\t<\/section>\n\t\t\t\t<section class=\"elementor-section elementor-top-section elementor-element elementor-element-efaaeff elementor-section-boxed elementor-section-height-default elementor-section-height-default\" data-id=\"efaaeff\" data-element_type=\"section\">\n\t\t\t\t\t\t<div class=\"elementor-container elementor-column-gap-default\">\n\t\t\t\t\t<div class=\"elementor-column elementor-col-100 elementor-top-column elementor-element elementor-element-081c69b\" data-id=\"081c69b\" data-element_type=\"column\">\n\t\t\t<div class=\"elementor-widget-wrap elementor-element-populated\">\n\t\t\t\t\t\t<div class=\"elementor-element elementor-element-3d153d2 elementor-widget elementor-widget-text-editor\" data-id=\"3d153d2\" data-element_type=\"widget\" data-widget_type=\"text-editor.default\">\n\t\t\t\t<div class=\"elementor-widget-container\">\n\t\t\t\t\t\t\t<p>&nbsp; &nbsp; &nbsp; &nbsp; &nbsp; &nbsp; &nbsp; &nbsp; &nbsp; &nbsp; &nbsp; &nbsp; &nbsp; &nbsp; &nbsp; &nbsp; &nbsp; &nbsp; &nbsp; &nbsp; &nbsp; &nbsp; &nbsp; &nbsp; &nbsp; &nbsp; &nbsp; &nbsp; &nbsp; &nbsp; &nbsp; &nbsp; &nbsp;&nbsp;<b>&nbsp; &nbsp; &nbsp;PAPA&nbsp; S\u00c3O&nbsp; LE\u00c3O&nbsp; IX&nbsp; &nbsp; &nbsp;<\/b><\/p>\t\t\t\t\t\t<\/div>\n\t\t\t\t<\/div>\n\t\t\t\t\t<\/div>\n\t\t<\/div>\n\t\t\t\t\t<\/div>\n\t\t<\/section>\n\t\t\t\t<section class=\"elementor-section elementor-top-section elementor-element elementor-element-840b09b elementor-section-boxed elementor-section-height-default elementor-section-height-default\" data-id=\"840b09b\" data-element_type=\"section\">\n\t\t\t\t\t\t<div class=\"elementor-container elementor-column-gap-default\">\n\t\t\t\t\t<div class=\"elementor-column elementor-col-100 elementor-top-column elementor-element elementor-element-332b123\" data-id=\"332b123\" data-element_type=\"column\">\n\t\t\t<div class=\"elementor-widget-wrap elementor-element-populated\">\n\t\t\t\t\t\t<div class=\"elementor-element elementor-element-c1ed7e7 elementor-widget elementor-widget-text-editor\" data-id=\"c1ed7e7\" data-element_type=\"widget\" data-widget_type=\"text-editor.default\">\n\t\t\t\t<div class=\"elementor-widget-container\">\n\t\t\t\t\t\t\t<p><\/p>\n<h4><a href=\"https:\/\/pt.wikipedia.org\/wiki\/21_de_junho\">21 de junho<\/a>&nbsp;de&nbsp;<a href=\"https:\/\/pt.wikipedia.org\/wiki\/1002\">1002<\/a>\u2013&nbsp;<a href=\"https:\/\/pt.wikipedia.org\/wiki\/19_de_abril\">19 de abril<\/a>&nbsp;de&nbsp;<a href=\"https:\/\/pt.wikipedia.org\/wiki\/1054\">1054<\/a><\/h4>\n<h4>Indicado pelos bispos em Worms para substituir o PAPA D\u00e2maso II, falecido, n\u00e3o&nbsp; aceitou. Ent\u00e3o foi a Roma, a p\u00e9, atravessando os alpes. Quando chegou em Roma estava todo mundo aguardando-o para aclam\u00e1-lo PAPA. N\u00c3O TEVE JEITO, TEVE QUE ACEITAR. Chamava-se Bruno. Tendo em vista a luta que o esperava \u2013 dentro do pr\u00f3prio clero \u2013 inclusive, tomou o nome de LE\u00c3O.<\/h4>\n<h4>Suas principais lutas foram contra:<\/h4>\n<h4><ul><li>a taxa eclesi\u00e1stica (a&nbsp;<a href=\"https:\/\/pt.wikipedia.org\/wiki\/Simonia\">simonia<\/a>);<\/li><\/ul><ul><li>o casamento bem como o concubinato dos padres (o&nbsp;<a href=\"https:\/\/pt.wikipedia.org\/wiki\/Nicola%C3%ADsmo\">nicola\u00edsmo<\/a>);<\/li><\/ul><ul><li>os bispos n\u00e3o deveriam ser pr\u00edncipes do&nbsp;<a href=\"https:\/\/pt.wikipedia.org\/wiki\/Imp%C3%A9rio\">Imp\u00e9rio<\/a>, mas simples&nbsp;<a href=\"https:\/\/pt.wikipedia.org\/wiki\/Teologia\">te\u00f3logos<\/a>;<\/li><\/ul><ul><li>o retorno dos valores do cristianismo primitivo.<\/li><\/ul><\/h4>\n\n\n<ul>\n\n<li>&nbsp;<\/li>\n<\/ul>\n<div>&nbsp;<\/div>\n<div><p>&nbsp; &nbsp; &nbsp; &nbsp; &nbsp; &nbsp; &nbsp; &nbsp; &nbsp; &nbsp; &nbsp; &nbsp; &nbsp; &nbsp; &nbsp; &nbsp; &nbsp; &nbsp; &nbsp; &nbsp; &nbsp; &nbsp; &nbsp; &nbsp; &nbsp; &nbsp; &nbsp; &nbsp; &nbsp; &nbsp; &nbsp; &nbsp; &nbsp; &nbsp; &nbsp; &nbsp; &nbsp; &nbsp; &nbsp; &nbsp; &nbsp; *&nbsp; &nbsp; &nbsp; &nbsp; &nbsp; &nbsp; &nbsp; &nbsp; &nbsp; &nbsp; &nbsp; &nbsp; &nbsp; &nbsp; &nbsp; &nbsp; &nbsp; &nbsp; *&nbsp; &nbsp; &nbsp; &nbsp; &nbsp; &nbsp; &nbsp; &nbsp; &nbsp; &nbsp; &nbsp; &nbsp; &nbsp; &nbsp; &nbsp; &nbsp; &nbsp; &nbsp; &nbsp; &nbsp; *<\/p>\n<\/div>\n<div>&nbsp;<\/div>\n<div>&nbsp;<\/div>\t\t\t\t\t\t<\/div>\n\t\t\t\t<\/div>\n\t\t\t\t\t<\/div>\n\t\t<\/div>\n\t\t\t\t\t<\/div>\n\t\t<\/section>\n\t\t\t\t<section class=\"elementor-section elementor-top-section elementor-element elementor-element-cd00d3e elementor-section-boxed elementor-section-height-default elementor-section-height-default\" data-id=\"cd00d3e\" data-element_type=\"section\">\n\t\t\t\t\t\t<div class=\"elementor-container elementor-column-gap-default\">\n\t\t\t\t\t<div class=\"elementor-column elementor-col-100 elementor-top-column elementor-element elementor-element-e801e94\" data-id=\"e801e94\" data-element_type=\"column\">\n\t\t\t<div class=\"elementor-widget-wrap elementor-element-populated\">\n\t\t\t\t\t\t<div class=\"elementor-element elementor-element-83edafa elementor-widget elementor-widget-image\" data-id=\"83edafa\" data-element_type=\"widget\" data-widget_type=\"image.default\">\n\t\t\t\t<div class=\"elementor-widget-container\">\n\t\t\t\t\t\t\t\t\t\t\t\t\t<img loading=\"lazy\" decoding=\"async\" width=\"800\" height=\"593\" src=\"https:\/\/ligadosantorosario.com\/wp-content\/uploads\/PAPA_SAO-GREGORIO_VII.jpg\" class=\"attachment-large size-large wp-image-6257\" alt=\"\" srcset=\"https:\/\/ligadosantorosario.com\/wp-content\/uploads\/PAPA_SAO-GREGORIO_VII.jpg 991w, https:\/\/ligadosantorosario.com\/wp-content\/uploads\/PAPA_SAO-GREGORIO_VII-300x223.jpg 300w, https:\/\/ligadosantorosario.com\/wp-content\/uploads\/PAPA_SAO-GREGORIO_VII-768x570.jpg 768w\" sizes=\"(max-width: 800px) 100vw, 800px\" \/>\t\t\t\t\t\t\t\t\t\t\t\t\t<\/div>\n\t\t\t\t<\/div>\n\t\t\t\t\t<\/div>\n\t\t<\/div>\n\t\t\t\t\t<\/div>\n\t\t<\/section>\n\t\t\t\t<section class=\"elementor-section elementor-top-section elementor-element elementor-element-d8765c7 elementor-section-boxed elementor-section-height-default elementor-section-height-default\" data-id=\"d8765c7\" data-element_type=\"section\">\n\t\t\t\t\t\t<div class=\"elementor-container elementor-column-gap-default\">\n\t\t\t\t\t<div class=\"elementor-column elementor-col-100 elementor-top-column elementor-element elementor-element-b8093d9\" data-id=\"b8093d9\" data-element_type=\"column\">\n\t\t\t<div class=\"elementor-widget-wrap elementor-element-populated\">\n\t\t\t\t\t\t<div class=\"elementor-element elementor-element-0ebc151 elementor-widget elementor-widget-text-editor\" data-id=\"0ebc151\" data-element_type=\"widget\" data-widget_type=\"text-editor.default\">\n\t\t\t\t<div class=\"elementor-widget-container\">\n\t\t\t\t\t\t\t<p>\u00a0 \u00a0 \u00a0 \u00a0 \u00a0 \u00a0 \u00a0 \u00a0 \u00a0 \u00a0 \u00a0 \u00a0 \u00a0 \u00a0 \u00a0 \u00a0 \u00a0 \u00a0 \u00a0 \u00a0 \u00a0 \u00a0 \u00a0 \u00a0 \u00a0 \u00a0 \u00a0 \u00a0 \u00a0 \u00a0 \u00a0 \u00a0\u00a0<b>PAPA\u00a0 S\u00c3O\u00a0 GREG\u00d3RIO\u00a0 VII<\/b><\/p>\t\t\t\t\t\t<\/div>\n\t\t\t\t<\/div>\n\t\t\t\t\t<\/div>\n\t\t<\/div>\n\t\t\t\t\t<\/div>\n\t\t<\/section>\n\t\t\t\t<section class=\"elementor-section elementor-top-section elementor-element elementor-element-9b174e8 elementor-section-boxed elementor-section-height-default elementor-section-height-default\" data-id=\"9b174e8\" data-element_type=\"section\">\n\t\t\t\t\t\t<div class=\"elementor-container elementor-column-gap-default\">\n\t\t\t\t\t<div class=\"elementor-column elementor-col-100 elementor-top-column elementor-element elementor-element-ff978d1\" data-id=\"ff978d1\" data-element_type=\"column\">\n\t\t\t<div class=\"elementor-widget-wrap elementor-element-populated\">\n\t\t\t\t\t\t<div class=\"elementor-element elementor-element-4a20759 elementor-widget elementor-widget-text-editor\" data-id=\"4a20759\" data-element_type=\"widget\" data-widget_type=\"text-editor.default\">\n\t\t\t\t<div class=\"elementor-widget-container\">\n\t\t\t\t\t\t\t<h4>A respeito da festa de S\u00e3o Greg\u00f3rio VII (1073 \u2013 1085), existe um documento que lhe \u00e9 atribu\u00eddo e que reflete o seu pensamento, intitulado \u201c<strong>Dictatus Papae<\/strong>\u201d (o qual se encontra no \u201cArquivo Secreto Vaticano\u201d, emitido em 1075, em Roma, e que foi exibido na monumental exposi\u00e7\u00e3o \u201cLux in Arcana\u201d, realizada nos museus capitolinos em Roma, durante os primeiros meses de 2012; \u201cDictatus Papae\u201d = ditado pelo Papa, n.d.c.). Trata-se de um\u00a0<strong>documento atacado pelos te\u00f3logos progressistas, e que \u00e9 uma lista verdadeiramente sublime das teses que S\u00e3o Greg\u00f3rio VII queria sustentar<\/strong>.\u00a0\u00a0<\/h4><h4><strong><em>Alguns dos t\u00f3picos do \u201cDictatus Papae\u201d:<\/em><\/strong><\/h4><h4><strong><em><br \/><\/em><\/strong><strong>1 \u2013 A Igreja romana foi fundada somente pelo Senhor<br \/><\/strong><strong>2 \u2013 Somente o Romano Pont\u00edfice pode ser chamado, de direito, de Bispo de Roma.<br \/><\/strong><strong>3 \u2013 Somente ele pode depor ou restabelecer bispos.<br \/><\/strong><strong>5 \u2013 O papa pode depor os ausentes.<br \/><\/strong><strong>6 \u2013 N\u00e3o se deve residir na mesma casa onde moram pessoas que ele excomungou.<br \/><\/strong><strong>7 \u2013 Somente ele pode promulgar novas leis, atendendo \u00e0s exig\u00eancias dos tempos, formar novas comunidades religiosas, transformar um cabido de c\u00f4negos em abadia, ou vice-versa, dividir uma diocese rica ou unir dioceses pobres.<br \/><\/strong><strong>12 \u2013 A ele \u00e9 l\u00edcito depor o imperador.<br \/><\/strong><strong>13 \u2013 A ele \u00e9 l\u00edcito, se houver necessidade, transferir um bispo de uma s\u00e9 para outra.<br \/><\/strong><strong>16 \u2013 Nenhum s\u00ednodo pode ser chamado geral sem o consentimento do Papa.<br \/><\/strong><strong>17 \u2013 Nenhuma norma e nenhum livro podem ser considerados can\u00f4nicos sem a aprova\u00e7\u00e3o dele.<br \/><\/strong><strong>20 \u2013 Ningu\u00e9m pode condenar aquele que apela para a Santa S\u00e9.<br \/><\/strong><strong>21 \u2013 Toda causa de maior relevo de qualquer igreja, deve ser remetida \u00e0 Santa S\u00e9.<br \/><\/strong><strong>24 \u2013 Depois de sua decis\u00e3o, e com sua autoriza\u00e7\u00e3o, \u00e9 permitido aos s\u00faditos apresentar uma queixa.<br \/><\/strong><strong>25 \u2013 Mesmo sem recorrer a um s\u00ednodo, pode depor um bispo ou receber de novo na igreja aqueles que tenham sido excomungados.<br \/><\/strong><strong>27 \u2013 Ele pode liberar os s\u00faditos do juramento de fidelidade ao Soberano, em caso de injusti\u00e7a.<br \/><\/strong><strong>\u00a0<\/strong><strong style=\"color: var( --e-global-color-text ); font-family: var( --e-global-typography-text-font-family ), Sans-serif; font-size: 1rem;\">\u00a0<br \/><\/strong>Ele estava exilado de Roma, e ap\u00f3s mudar de castelo para castelo, de convento para convento, de abadia para abadia, seu corpo foi enfraquecendo aos poucos. Quando sentiu aproximar-se a morte, ele disse:<\/h4><h2><b><i><u>\u201cJustitiam dilexit et odivit iniquitatem, propterea morior in exilium \u2014 amei a justi\u00e7a e odiei a iniquidade; por causa disso, morro no ex\u00edlio\u201d<\/u>.<\/i><\/b><\/h2><div><b><i>\u00a0<\/i><\/b><\/div><div><b><i><u>\u00a0<\/u><\/i><\/b><\/div><div><p>\u00a0 \u00a0 \u00a0 \u00a0 \u00a0 \u00a0 \u00a0 \u00a0 \u00a0 \u00a0 \u00a0 \u00a0 \u00a0 \u00a0 \u00a0 \u00a0 \u00a0 \u00a0 \u00a0 \u00a0 \u00a0 \u00a0 \u00a0 \u00a0 \u00a0 \u00a0 \u00a0 \u00a0 \u00a0 \u00a0 \u00a0 \u00a0 \u00a0 \u00a0 \u00a0 \u00a0 \u00a0 \u00a0 \u00a0 \u00a0 \u00a0*\u00a0 \u00a0 \u00a0 \u00a0 \u00a0 \u00a0 \u00a0 \u00a0 \u00a0 \u00a0 \u00a0 \u00a0 \u00a0 \u00a0 \u00a0 \u00a0 \u00a0 \u00a0 \u00a0 \u00a0 \u00a0 \u00a0 \u00a0 \u00a0 \u00a0 \u00a0 \u00a0 \u00a0 *\u00a0 \u00a0 \u00a0 \u00a0 \u00a0 \u00a0 \u00a0 \u00a0 \u00a0 \u00a0 \u00a0 \u00a0 \u00a0 \u00a0 \u00a0 \u00a0 \u00a0 \u00a0 \u00a0 \u00a0 \u00a0 \u00a0 \u00a0 \u00a0 \u00a0 \u00a0 \u00a0 \u00a0 \u00a0 \u00a0 \u00a0 \u00a0 \u00a0 \u00a0*<span style=\"font-family: var( --e-global-typography-text-font-family ), Sans-serif; font-weight: var( --e-global-typography-text-font-weight ); font-size: 1rem;\">\u00a0<\/span><\/p><\/div><div>\u00a0<\/div><div>\u00a0<\/div><p>\u00a0<\/p>\t\t\t\t\t\t<\/div>\n\t\t\t\t<\/div>\n\t\t\t\t\t<\/div>\n\t\t<\/div>\n\t\t\t\t\t<\/div>\n\t\t<\/section>\n\t\t\t\t<section class=\"elementor-section elementor-top-section elementor-element elementor-element-5af01a9 elementor-section-boxed elementor-section-height-default elementor-section-height-default\" data-id=\"5af01a9\" data-element_type=\"section\">\n\t\t\t\t\t\t<div class=\"elementor-container elementor-column-gap-default\">\n\t\t\t\t\t<div class=\"elementor-column elementor-col-100 elementor-top-column elementor-element elementor-element-ef2d3c7\" data-id=\"ef2d3c7\" data-element_type=\"column\">\n\t\t\t<div class=\"elementor-widget-wrap elementor-element-populated\">\n\t\t\t\t\t\t<div class=\"elementor-element elementor-element-aa5276f elementor-widget elementor-widget-image\" data-id=\"aa5276f\" data-element_type=\"widget\" data-widget_type=\"image.default\">\n\t\t\t\t<div class=\"elementor-widget-container\">\n\t\t\t\t\t\t\t\t\t\t\t\t\t<img loading=\"lazy\" decoding=\"async\" width=\"681\" height=\"1024\" src=\"https:\/\/ligadosantorosario.com\/wp-content\/uploads\/PAPA-URBANO-II-681x1024.jpg\" class=\"attachment-large size-large wp-image-6261\" alt=\"\" srcset=\"https:\/\/ligadosantorosario.com\/wp-content\/uploads\/PAPA-URBANO-II-681x1024.jpg 681w, https:\/\/ligadosantorosario.com\/wp-content\/uploads\/PAPA-URBANO-II-199x300.jpg 199w, https:\/\/ligadosantorosario.com\/wp-content\/uploads\/PAPA-URBANO-II-768x1155.jpg 768w, https:\/\/ligadosantorosario.com\/wp-content\/uploads\/PAPA-URBANO-II.jpg 851w\" sizes=\"(max-width: 681px) 100vw, 681px\" \/>\t\t\t\t\t\t\t\t\t\t\t\t\t<\/div>\n\t\t\t\t<\/div>\n\t\t\t\t\t<\/div>\n\t\t<\/div>\n\t\t\t\t\t<\/div>\n\t\t<\/section>\n\t\t\t\t<section class=\"elementor-section elementor-top-section elementor-element elementor-element-686f8b9 elementor-section-boxed elementor-section-height-default elementor-section-height-default\" data-id=\"686f8b9\" data-element_type=\"section\">\n\t\t\t\t\t\t<div class=\"elementor-container elementor-column-gap-default\">\n\t\t\t\t\t<div class=\"elementor-column elementor-col-100 elementor-top-column elementor-element elementor-element-c2afd9d\" data-id=\"c2afd9d\" data-element_type=\"column\">\n\t\t\t<div class=\"elementor-widget-wrap elementor-element-populated\">\n\t\t\t\t\t\t<div class=\"elementor-element elementor-element-e1a2def elementor-widget elementor-widget-text-editor\" data-id=\"e1a2def\" data-element_type=\"widget\" data-widget_type=\"text-editor.default\">\n\t\t\t\t<div class=\"elementor-widget-container\">\n\t\t\t\t\t\t\t<p>\u00a0 \u00a0 \u00a0 \u00a0 \u00a0 \u00a0 \u00a0 \u00a0 \u00a0 \u00a0 \u00a0 \u00a0 \u00a0 \u00a0 \u00a0 \u00a0 \u00a0 \u00a0 \u00a0 \u00a0 \u00a0 \u00a0 \u00a0 \u00a0 \u00a0 \u00a0 \u00a0 \u00a0 \u00a0 \u00a0 \u00a0 \u00a0<b> PAPA\u00a0 BEATO URBANO\u00a0 II<\/b><\/p>\t\t\t\t\t\t<\/div>\n\t\t\t\t<\/div>\n\t\t\t\t\t<\/div>\n\t\t<\/div>\n\t\t\t\t\t<\/div>\n\t\t<\/section>\n\t\t\t\t<section class=\"elementor-section elementor-top-section elementor-element elementor-element-462c074 elementor-section-boxed elementor-section-height-default elementor-section-height-default\" data-id=\"462c074\" data-element_type=\"section\">\n\t\t\t\t\t\t<div class=\"elementor-container elementor-column-gap-default\">\n\t\t\t\t\t<div class=\"elementor-column elementor-col-100 elementor-top-column elementor-element elementor-element-1623855\" data-id=\"1623855\" data-element_type=\"column\">\n\t\t\t<div class=\"elementor-widget-wrap elementor-element-populated\">\n\t\t\t\t\t\t<div class=\"elementor-element elementor-element-7835ed2 elementor-widget elementor-widget-text-editor\" data-id=\"7835ed2\" data-element_type=\"widget\" data-widget_type=\"text-editor.default\">\n\t\t\t\t<div class=\"elementor-widget-container\">\n\t\t\t\t\t\t\t<h4>Urbano II foi Papa de 1088 a 1099.<br>defensor da liberdade da Igreja, continuador da obra de S\u00e3o Greg\u00f3rio VII. <strong>Promoveu a Primeira Cruzada. O Conc\u00edlio de Clermont tinha como finalidade principal discutir a Cruzada<\/strong>. O povo esperava o dia da anunciada expedi\u00e7\u00e3o. Finalmente, o Papa satisfez sua impaci\u00eancia. Sentou-se no trono especialmente preparado para a ocasi\u00e3o, tendo ao seu lado o eremita Pedro. A seus p\u00e9s, uma enorme multid\u00e3o: cardeais, abades, sacerdotes, monges, cavaleiros e povo. Ap\u00f3s as palavras de Pedro, descrevendo o que vira em Jerusal\u00e9m, Urbano II dirigiu-se a todos:<\/h4><h4><br><em>\u201cIde, irm\u00e3os, ide com esperan\u00e7a, ao assalto dos inimigos de Deus que, h\u00e1 muito, dominam a S\u00edria, a Arm\u00eania e pa\u00edses da \u00c1sia Menor. Muitos danos j\u00e1 fizeram: usurparam o Sepulcro de Cristo, os maravilhosos monumentos de nossa f\u00e9; vedaram, aos peregrinos, ingresso numa cidade a qual somente os crist\u00e3os sabem dar o real valor. N\u00e3o \u00e9 o bastante para escurecer a serenidade de nossa face? Ide e mostrai vosso valor. Ide, soldados; e vossa fama se estender\u00e1 por todo o mundo. N\u00e3o temei perder o Reino de Deus por grande tribula\u00e7\u00e3o. Se cairdes prisioneiros, enfrentai os piores tormentos por vossa f\u00e9 e salvareis vossas almas ao perder o corpo. N\u00e3o hesiteis, irm\u00e3os car\u00edssimos, em sacrificar vossa vida pelo bem dos irm\u00e3os. N\u00e3o vos detenha o amor \u00e0 vossa fam\u00edlia, \u00e0 vossa p\u00e1tria, ou \u00e0s riquezas, pois o homem deve seu amor principalmente a Deus, e a Terra inteira \u00e9 vossa. E qual maior felicidade para um crist\u00e3o que ver, durante a vida, os lugares onde o Senhor falou a l\u00edngua dos homens?\u201d<\/em><\/h4><h4><em><br><\/em>\u00c0s palavras do pont\u00edfice, os fi\u00e9is responderam unanimemente: Deus o quer! E Urbano acrescentou:<br><em>\u201cEsse vosso grito n\u00e3o seria un\u00e2nime, se n\u00e3o fosse inspirado pelo Esp\u00edrito Santo. Seja ent\u00e3o essa palavra vosso grito de guerra, anunciando o poder do Deus dos ex\u00e9rcitos. E quem empreender essa viagem dever\u00e1 levar a figura da Cruz. A Cruz esteja em vossa espada e em vosso peito, sobre as armas e os estandartes. Seja ela, para v\u00f3s, o louro das vit\u00f3rias ou a palma do mart\u00edrio e a ins\u00edgnia para unir os filhos dispersos da casa de Israel. Ela vos recordar\u00e1 continuamente que Jesus Cristo morreu por v\u00f3s e que por Ele deveis morrer\u201d.<\/em><\/h4><div><em><br><\/em><\/div><div><em>&nbsp; &nbsp; &nbsp; &nbsp; &nbsp; &nbsp; &nbsp; &nbsp; &nbsp; &nbsp; &nbsp; &nbsp; &nbsp; &nbsp; &nbsp; &nbsp; &nbsp; &nbsp; &nbsp; &nbsp; &nbsp; &nbsp; &nbsp; &nbsp; &nbsp; &nbsp; &nbsp; &nbsp; &nbsp; &nbsp;*&nbsp; &nbsp; &nbsp; &nbsp; &nbsp; &nbsp; &nbsp; &nbsp; &nbsp; &nbsp; &nbsp; &nbsp; &nbsp; &nbsp; &nbsp; &nbsp; &nbsp; &nbsp; &nbsp; &nbsp; &nbsp; &nbsp; &nbsp; &nbsp; &nbsp; &nbsp; &nbsp; &nbsp; *&nbsp; &nbsp; &nbsp; &nbsp; &nbsp; &nbsp; &nbsp; &nbsp; &nbsp; &nbsp; &nbsp; &nbsp; &nbsp; &nbsp; &nbsp; &nbsp; &nbsp; &nbsp; &nbsp; &nbsp; &nbsp; &nbsp; &nbsp; &nbsp; &nbsp; &nbsp; &nbsp; &nbsp; &nbsp; &nbsp; &nbsp; *<\/em><\/div><div><em><br><\/em><\/div><div><em><br><\/em><\/div>\n<p><\/p>\n\n\n\n\n<p><\/p>\t\t\t\t\t\t<\/div>\n\t\t\t\t<\/div>\n\t\t\t\t\t<\/div>\n\t\t<\/div>\n\t\t\t\t\t<\/div>\n\t\t<\/section>\n\t\t\t\t<section class=\"elementor-section elementor-top-section elementor-element elementor-element-151bb32 elementor-section-boxed elementor-section-height-default elementor-section-height-default\" data-id=\"151bb32\" data-element_type=\"section\">\n\t\t\t\t\t\t<div class=\"elementor-container elementor-column-gap-default\">\n\t\t\t\t\t<div class=\"elementor-column elementor-col-100 elementor-top-column elementor-element elementor-element-8ae95ed\" data-id=\"8ae95ed\" data-element_type=\"column\">\n\t\t\t<div class=\"elementor-widget-wrap elementor-element-populated\">\n\t\t\t\t\t\t<div class=\"elementor-element elementor-element-9c9f86e elementor-widget elementor-widget-image\" data-id=\"9c9f86e\" data-element_type=\"widget\" data-widget_type=\"image.default\">\n\t\t\t\t<div class=\"elementor-widget-container\">\n\t\t\t\t\t\t\t\t\t\t\t\t\t<img loading=\"lazy\" decoding=\"async\" width=\"446\" height=\"600\" src=\"https:\/\/ligadosantorosario.com\/wp-content\/uploads\/PAPA_PIO-V.jpg\" class=\"attachment-large size-large wp-image-6268\" alt=\"\" srcset=\"https:\/\/ligadosantorosario.com\/wp-content\/uploads\/PAPA_PIO-V.jpg 446w, https:\/\/ligadosantorosario.com\/wp-content\/uploads\/PAPA_PIO-V-223x300.jpg 223w\" sizes=\"(max-width: 446px) 100vw, 446px\" \/>\t\t\t\t\t\t\t\t\t\t\t\t\t<\/div>\n\t\t\t\t<\/div>\n\t\t\t\t\t<\/div>\n\t\t<\/div>\n\t\t\t\t\t<\/div>\n\t\t<\/section>\n\t\t\t\t<section class=\"elementor-section elementor-top-section elementor-element elementor-element-2c326cd elementor-section-boxed elementor-section-height-default elementor-section-height-default\" data-id=\"2c326cd\" data-element_type=\"section\">\n\t\t\t\t\t\t<div class=\"elementor-container elementor-column-gap-default\">\n\t\t\t\t\t<div class=\"elementor-column elementor-col-100 elementor-top-column elementor-element elementor-element-4199af4\" data-id=\"4199af4\" data-element_type=\"column\">\n\t\t\t<div class=\"elementor-widget-wrap elementor-element-populated\">\n\t\t\t\t\t\t<div class=\"elementor-element elementor-element-9a24ce8 elementor-widget elementor-widget-text-editor\" data-id=\"9a24ce8\" data-element_type=\"widget\" data-widget_type=\"text-editor.default\">\n\t\t\t\t<div class=\"elementor-widget-container\">\n\t\t\t\t\t\t\t<p>\u00a0 \u00a0 \u00a0 \u00a0 \u00a0 \u00a0 \u00a0 \u00a0 \u00a0 \u00a0 \u00a0 \u00a0 \u00a0 \u00a0 \u00a0 \u00a0 \u00a0 \u00a0 \u00a0 \u00a0 \u00a0 \u00a0 \u00a0 \u00a0 \u00a0 \u00a0 <b>\u00a0 \u00a0 \u00a0 \u00a0 \u00a0 \u00a0 \u00a0 \u00a0 \u00a0PAPA\u00a0 S\u00c3O\u00a0 \u00a0PIO\u00a0 \u00a0 V\u00a0 \u00a0 \u00a0<\/b><\/p>\t\t\t\t\t\t<\/div>\n\t\t\t\t<\/div>\n\t\t\t\t\t<\/div>\n\t\t<\/div>\n\t\t\t\t\t<\/div>\n\t\t<\/section>\n\t\t\t\t<section class=\"elementor-section elementor-top-section elementor-element elementor-element-395bebb elementor-section-boxed elementor-section-height-default elementor-section-height-default\" data-id=\"395bebb\" data-element_type=\"section\">\n\t\t\t\t\t\t<div class=\"elementor-container elementor-column-gap-default\">\n\t\t\t\t\t<div class=\"elementor-column elementor-col-100 elementor-top-column elementor-element elementor-element-9b62813\" data-id=\"9b62813\" data-element_type=\"column\">\n\t\t\t<div class=\"elementor-widget-wrap elementor-element-populated\">\n\t\t\t\t\t\t<div class=\"elementor-element elementor-element-59a3eb4 elementor-widget elementor-widget-text-editor\" data-id=\"59a3eb4\" data-element_type=\"widget\" data-widget_type=\"text-editor.default\">\n\t\t\t\t<div class=\"elementor-widget-container\">\n\t\t\t\t\t\t\t<h4>\u00a0S\u00e3o Pio V (1551-1572), Papa e Confessor. Dele afirma o\u00a0<em>Martirol\u00f3gio<\/em>\u00a0que se aplicou com zelo e entusiasmo a restaurar a disciplina eclesi\u00e1stica, extirpar as heresias e esmagar os inimigos do nome crist\u00e3o. Ele foi inquisidor supremo, promotor da batalha de Lepanto.<\/h4><h4><br \/>Dados narrados por D. Gu\u00e9ranger, em\u00a0<em>L\u2019Ann\u00e9e Liturgique<\/em>\u00a0e de Rohrbacher, na sua\u00a0<em>Histoire Universelle de l\u2019Eglise Catholique<\/em>:<br \/>\u201cMiguel Ghislieri, futuro S\u00e3o Pio V, foi nomeado superior de numerosos conventos, e [deplorou] logo o relaxamento, corrigindo abusos, mantendo a disciplina. Com ele pareceram ressuscitados os Pac\u00f4mios&#8230; Onde se encontrasse fazia reviver o esp\u00edrito de S\u00e3o Domingos em toda sua pureza e fervor. Era not\u00e1vel sua assiduidade nos exerc\u00edcios do claustro. No exerc\u00edcio divino, destacava-se por sua humildade sincera, por seu amor \u00e0 solid\u00e3o, ao sil\u00eancio, \u00e0 pobreza, \u00e0 mortifica\u00e7\u00e3o e seu zelo contra as heresias de seu tempo. Por isso foi feito inquisidor da f\u00e9 em Como.\u00a0<\/h4><h4>Cumpriu seu of\u00edcio com prud\u00eancia, mas foi objeto de persegui\u00e7\u00e3o, correndo risco de vida. Em 1557, Paulo IV o fez Cardeal. Todo o Sacro Col\u00e9gio agradeceu ao Pont\u00edfice por lhe ter dado um t\u00e3o digno colega. Malgrado suas numerosas ocupa\u00e7\u00f5es, o agora cardeal Ghislieri era imensamente af\u00e1vel, quer com aqueles que vinham tratar de neg\u00f3cios s\u00e9rios, quer com os que vinham importun\u00e1-lo&#8230;\u201d<br \/>\u00a0\u201cA ningu\u00e9m jamais fez recusas, nunca foi recusada uma audi\u00eancia e o todo de sua conduta, como suas menores atitudes, faziam compreender que Deus o elevava dia a dia, a fim de que dessa altura ele pudesse servir, instruir, edificar o maior n\u00famero de pessoas.<\/h4><h4>\u201cEleito Papa, Pio V reuniu todos os dignat\u00e1rios e dom\u00e9sticos de sua casa, prescreveu-lhes regras de conduta, declarou o que esperava deles, segundo seu estado, e advertiu que n\u00e3o aceitava nenhuma infra\u00e7\u00e3o aos princ\u00edpios de uma piedade exemplar. E ele dava exemplo. Auster\u00edssimo consigo mesmo, n\u00e3o abandonava suas vestes de monge sob os trajes pontif\u00edcios, nem mesmo sobre a dura enxerga que lhe servia de leito. Todas as noites fazia uma longa visita aos sete altares da Igreja de S\u00e3o Pedro\u201d.<\/h4><h4><br \/>\u201c<i>Em conjunturas importantes, passava noites inteiras de joelhos, consultando a Deus sobre suas decis\u00f5es.<\/i><\/h4><div><i>\u00a0<\/i><\/div><div><i>\u00a0<\/i><\/div><div><i>\u00a0 \u00a0 \u00a0 \u00a0 \u00a0 \u00a0 \u00a0 \u00a0 \u00a0 \u00a0 \u00a0 \u00a0 \u00a0 \u00a0 \u00a0 \u00a0 \u00a0 \u00a0 \u00a0 \u00a0 \u00a0 \u00a0 \u00a0 \u00a0 \u00a0 \u00a0 \u00a0 \u00a0 \u00a0 \u00a0 \u00a0 *\u00a0 \u00a0 \u00a0 \u00a0 \u00a0 \u00a0 \u00a0 \u00a0 \u00a0 \u00a0 \u00a0 \u00a0 \u00a0 \u00a0 \u00a0 \u00a0 \u00a0 \u00a0 \u00a0 \u00a0 \u00a0 \u00a0 \u00a0 \u00a0 \u00a0 \u00a0 \u00a0 \u00a0 *\u00a0 \u00a0 \u00a0 \u00a0 \u00a0 \u00a0 \u00a0 \u00a0 \u00a0 \u00a0 \u00a0 \u00a0 \u00a0 \u00a0 \u00a0 \u00a0 \u00a0 \u00a0 \u00a0 \u00a0 \u00a0 \u00a0 \u00a0 \u00a0 \u00a0 \u00a0 \u00a0 \u00a0 \u00a0 \u00a0 \u00a0 \u00a0 *<\/i><\/div><div><i>\u00a0<\/i><\/div><p>\u00a0<\/p>\t\t\t\t\t\t<\/div>\n\t\t\t\t<\/div>\n\t\t\t\t\t<\/div>\n\t\t<\/div>\n\t\t\t\t\t<\/div>\n\t\t<\/section>\n\t\t\t\t<section class=\"elementor-section elementor-top-section elementor-element elementor-element-5a258cc elementor-section-boxed elementor-section-height-default elementor-section-height-default\" data-id=\"5a258cc\" data-element_type=\"section\">\n\t\t\t\t\t\t<div class=\"elementor-container elementor-column-gap-default\">\n\t\t\t\t\t<div class=\"elementor-column elementor-col-100 elementor-top-column elementor-element elementor-element-49b46e9\" data-id=\"49b46e9\" data-element_type=\"column\">\n\t\t\t<div class=\"elementor-widget-wrap elementor-element-populated\">\n\t\t\t\t\t\t<div class=\"elementor-element elementor-element-53a9e23 elementor-widget elementor-widget-image\" data-id=\"53a9e23\" data-element_type=\"widget\" data-widget_type=\"image.default\">\n\t\t\t\t<div class=\"elementor-widget-container\">\n\t\t\t\t\t\t\t\t\t\t\t\t\t<img loading=\"lazy\" decoding=\"async\" width=\"700\" height=\"1024\" src=\"https:\/\/ligadosantorosario.com\/wp-content\/uploads\/PAPA_PIO_IX.jpg\" class=\"attachment-large size-large wp-image-6269\" alt=\"\" srcset=\"https:\/\/ligadosantorosario.com\/wp-content\/uploads\/PAPA_PIO_IX.jpg 700w, https:\/\/ligadosantorosario.com\/wp-content\/uploads\/PAPA_PIO_IX-205x300.jpg 205w\" sizes=\"(max-width: 700px) 100vw, 700px\" \/>\t\t\t\t\t\t\t\t\t\t\t\t\t<\/div>\n\t\t\t\t<\/div>\n\t\t\t\t\t<\/div>\n\t\t<\/div>\n\t\t\t\t\t<\/div>\n\t\t<\/section>\n\t\t\t\t<section class=\"elementor-section elementor-top-section elementor-element elementor-element-05f8b26 elementor-section-boxed elementor-section-height-default elementor-section-height-default\" data-id=\"05f8b26\" data-element_type=\"section\">\n\t\t\t\t\t\t<div class=\"elementor-container elementor-column-gap-default\">\n\t\t\t\t\t<div class=\"elementor-column elementor-col-100 elementor-top-column elementor-element elementor-element-6eaa123\" data-id=\"6eaa123\" data-element_type=\"column\">\n\t\t\t<div class=\"elementor-widget-wrap elementor-element-populated\">\n\t\t\t\t\t\t<div class=\"elementor-element elementor-element-77363b2 elementor-widget elementor-widget-text-editor\" data-id=\"77363b2\" data-element_type=\"widget\" data-widget_type=\"text-editor.default\">\n\t\t\t\t<div class=\"elementor-widget-container\">\n\t\t\t\t\t\t\t<p>\u00a0 \u00a0 \u00a0 \u00a0 \u00a0 \u00a0 \u00a0 \u00a0 \u00a0 \u00a0 \u00a0 \u00a0 \u00a0 \u00a0 \u00a0 \u00a0 \u00a0 \u00a0 \u00a0 \u00a0 \u00a0 \u00a0 \u00a0 \u00a0 \u00a0 \u00a0 \u00a0 \u00a0 \u00a0 \u00a0 \u00a0 \u00a0 \u00a0 \u00a0\u00a0<b>PAPA\u00a0 BEATO\u00a0 PIO\u00a0 \u00a0IX\u00a0 \u00a0<\/b><\/p>\t\t\t\t\t\t<\/div>\n\t\t\t\t<\/div>\n\t\t\t\t\t<\/div>\n\t\t<\/div>\n\t\t\t\t\t<\/div>\n\t\t<\/section>\n\t\t\t\t<section class=\"elementor-section elementor-top-section elementor-element elementor-element-882d7e7 elementor-section-boxed elementor-section-height-default elementor-section-height-default\" data-id=\"882d7e7\" data-element_type=\"section\">\n\t\t\t\t\t\t<div class=\"elementor-container elementor-column-gap-default\">\n\t\t\t\t\t<div class=\"elementor-column elementor-col-100 elementor-top-column elementor-element elementor-element-ca623e9\" data-id=\"ca623e9\" data-element_type=\"column\">\n\t\t\t<div class=\"elementor-widget-wrap\">\n\t\t\t\t\t\t\t<\/div>\n\t\t<\/div>\n\t\t\t\t\t<\/div>\n\t\t<\/section>\n\t\t\t\t<section class=\"elementor-section elementor-top-section elementor-element elementor-element-38af94b elementor-section-boxed elementor-section-height-default elementor-section-height-default\" data-id=\"38af94b\" data-element_type=\"section\">\n\t\t\t\t\t\t<div class=\"elementor-container elementor-column-gap-default\">\n\t\t\t\t\t<div class=\"elementor-column elementor-col-100 elementor-top-column elementor-element elementor-element-05238f2\" data-id=\"05238f2\" data-element_type=\"column\">\n\t\t\t<div class=\"elementor-widget-wrap elementor-element-populated\">\n\t\t\t\t\t\t<div class=\"elementor-element elementor-element-5477b6f elementor-widget elementor-widget-text-editor\" data-id=\"5477b6f\" data-element_type=\"widget\" data-widget_type=\"text-editor.default\">\n\t\t\t\t<div class=\"elementor-widget-container\">\n\t\t\t\t\t\t\t<h4><strong>A Hist\u00f3ria do pontificado do grande Pio IX mereceria ser estudada a fundo pelos cat\u00f3licos. Ela cont\u00e9m ensinamentos para nossa \u00e9poca muito mais oportunos e mais profundos do que geralmente se pensa.<\/strong><\/h4><h4><strong><br \/><\/strong><a href=\"https:\/\/www.pliniocorreadeoliveira.info\/a-estrategia-apostolica-de-pio-ix-7-2\/\"><strong>Em nosso \u00faltimo artigo<\/strong><\/a>, procuramos mostrar o\u00a0<a href=\"https:\/\/www.pliniocorreadeoliveira.info\/a-estrategia-apostolica-de-pio-ix-7-2\/\"><strong>\u00eaxito da energia apost\u00f3lica do grande Pont\u00edfice<\/strong><\/a>.<\/h4><h4>\u00a0Quer pela defini\u00e7\u00e3o do\u00a0<strong>dogma da Imaculada Concei\u00e7\u00e3o<\/strong>, feito por meio da bula \u201cInefabilis\u201d em 1854, quer pela convoca\u00e7\u00e3o do\u00a0<strong>Conc\u00edlio do Vaticano<\/strong>\u00a0e a defini\u00e7\u00e3o do\u00a0<strong>dogma da infalibilidade papal<\/strong>\u00a0em 1869,\u00a0<strong>o grande Papa enfrentou aguerrida e resolutamente o naturalismo e o racionalismo<\/strong>\u00a0do s\u00e9culo.\u00a0<strong>A despeito da opini\u00e3o em contr\u00e1rio<\/strong>, de leigos eminentes e at\u00e9 de Prelados,\u00a0<strong>Pio IX<\/strong>\u00a0julgou que\u00a0<strong>a \u00e9poca era ainda menos prop\u00edcia do que outra qualquer para uma atitude de impassibilidade sorridente<\/strong>, cujo\u00a0<strong>efeito necess\u00e1rio seria o encorajamento dos maus e o entibiamento dos bons<\/strong>. Com isto, Pio IX,\u00a0<strong>calcando aos p\u00e9s qualquer falso sentimentalismo, enfrentou decididamente a impiedade<\/strong>.\u00a0<\/h4><h4><strong>Sua energia combativa venceu<\/strong>. Depois da defini\u00e7\u00e3o do dogma da infalibilidade pontif\u00edcia pelo Conc\u00edlio do Vaticano, a onda do racionalismo naturalista tem decrescido incessantemente, e, se bem que ela ainda conserve formas disfar\u00e7adas dignas da maior cautela dos cat\u00f3licos, \u00e9 certo que ela perdeu aquela agressividade truculenta e blasfema com que se pavoneava nas altas rodas liter\u00e1rias, pol\u00edticas e sociais da Europa do s\u00e9culo XIX.<\/h4><h4>Erraria quem pensasse que, agindo assim, Pio IX empregou uma estrat\u00e9gia de cunho exclusivamente pessoal.\u00a0<strong>O que o grande Pont\u00edfice fez n\u00e3o foi sen\u00e3o a aplica\u00e7\u00e3o, ao seu s\u00e9culo, dos tradicionais processos de apostolado da Santa Igreja<\/strong>. A estrat\u00e9gia de Pio IX foi a\u00a0<strong>de todos os Pont\u00edfices que se viram em situa\u00e7\u00e3o an\u00e1loga \u00e0 sua e que venceram as grandes crises<\/strong>\u00a0que assediaram a Santa Igreja no passado. E n\u00e3o seria dif\u00edcil mostrar, que foi id\u00eantica a linha de conduta observada pelos Pont\u00edfices que depois de Pio IX se tem sucedido no trono de S\u00e3o Pedro. \u00c9 a admir\u00e1vel continuidade pontif\u00edcia que atesta, de modo flagrante, a assist\u00eancia indefect\u00edvel do Esp\u00edrito Santo aos Papas, atrav\u00e9s dos s\u00e9culos. Todos os cap\u00edtulos da Hist\u00f3ria da Igreja, em todos os s\u00e9culos, atestam esta admir\u00e1vel continuidade, e\u00a0<strong>proporcionam aos fi\u00e9is ensinamentos de inestim\u00e1vel valor<\/strong>.\u00a0<strong>\u00c9 o que o estudo do Pontificado de Pio IX demonstra<br \/><\/strong><strong>Os inimigos da Igreja se compraziam em ver nela um imenso edif\u00edcio que se esboroava<\/strong>,\u00a0<strong>e que cedo ou tarde ruiria, inteiramente<\/strong>, quando ru\u00edssem todas as grandes monarquias europeias, restos com a Igreja, de um estado de coisas destinado definitivamente a desaparecer.<\/h4><h4>Jo\u00e3o Maria Mastai Ferretti, o futuro Pio IX, nasceu no dia 13 de maio de 1792 em Senigaglia, na It\u00e1lia. De fam\u00edlia da nobreza local, estudou no Col\u00e9gio Piarista em Volterra. Como sofria de epilepsia, n\u00e3o p\u00f4de seguir a carreira militar. Foi ent\u00e3o para Roma em 1809 para estudar teologia, mas teve que abandonar os estudos em 1812, por problemas de sa\u00fade. O que \u00e9 curioso, pois ele viveu longamente, sendo seu pontificado o mais longo da Hist\u00f3ria depois do de S\u00e3o Pedro. Assim s\u00e3o os caminhos da Provid\u00eancia.<\/h4><h4>Mastai Ferreti fez parte da Guarda Nobre Pontif\u00edcia, mas tamb\u00e9m, por motivos de sa\u00fade, teve que deix\u00e1-la. Foi ent\u00e3o que ele teve, em 1815, um encontro providencial com S\u00e3o Vicente Pallotti, que lhe profetizou o pontificado. A partir da\u00ed a Virgem de Loreto o curou gradual e definitivamente.<br \/>O beato voltou aos seus estudos teol\u00f3gicos, sendo ordenado sacerdote em 1819. Em 1823 acompanhou o N\u00fancio Apost\u00f3lico ao Chile, onde ficou durante dois anos. Ao seu retorno em 1825, foi nomeado c\u00f4nego de Santa Maria in Via Lata, e diretor do grande hospital de S\u00e3o Miguel. Finalmente, em 1827, Le\u00e3o XII o designou Arcebispo de Espoleto.<\/h4><h4>Aconteceu ent\u00e3o que, em 1831, um bando de revolucion\u00e1rios italianos que queriam sua independ\u00eancia da \u00c1ustria, combateram o ex\u00e9rcito imperial e foram derrotados. O Arcebispo os convenceu ent\u00e3o a depor as armas e a se dispersarem, dando-lhes dinheiro suficiente para voltar \u00e0s suas casas. Obteve tamb\u00e9m para eles o perd\u00e3o do comandante austr\u00edaco.<br \/>No ano seguinte Mastai Ferreti foi transferido para a s\u00e9 de Imola e, em 14 de dezembro de 1840, criado cardeal, embora o tivesse sido j\u00e1 em 1839,\u201cin petto\u201d. Ele, entretanto, conservou a s\u00e9 de Imola at\u00e9 ser Papa.<\/h4><h4>Em junho de 1846, com a morte de Greg\u00f3rio XVI, ele foi eleito Papa como candidato dos cardeais liberais, que desejavam reformas pol\u00edticas moderadas.<br \/>O novo Papa aceitou relutantemente a tiara, e tomou o nome de Pio em mem\u00f3ria de Pio VII, seu benfeitor. Por sua caridade para com os pobres, bondade de cora\u00e7\u00e3o e perspic\u00e1cia, foi aceito com alegria pelo povo.<br \/>Em sua primeira enc\u00edclica, Qui Pluribus, de 9 de novembro de 1846, Pio IX lamenta a opress\u00e3o dos interesses cat\u00f3licos, as intrigas contra a Santa S\u00e9, as maquina\u00e7\u00f5es das sociedades secretas, sectarismos, as associa\u00e7\u00f5es b\u00edblicas, o indiferentismo, as falsas filosofias, o comunismo, e a licenciosidade da imprensa.<\/h4><h4>Durante a revolu\u00e7\u00e3o de 1848, estando a cidade em poder dos revolucion\u00e1rios, o pal\u00e1cio papal do Quirinal foi cercado. Com a assist\u00eancia do embaixador da Baviera, o Papa conseguiu fugir disfar\u00e7ado, indo para Gaeta, onde outros cardeais se juntaram a ele. Em Roma os revolucion\u00e1rios queriam proclamar a rep\u00fablica. O Papa apelou para a Fran\u00e7a, \u00c1ustria, Espanha e N\u00e1poles. No dia 29 de junho as tropas francesas comandadas por Oudinot, restaurou a ordem, e no dia 12 de abril de 1850 Pio IX voltou a Roma. Foi ent\u00e3o que abandonou da\u00ed para a frente sua pol\u00edtica liberal, tornando-se um contra-revolucion\u00e1rio de tr\u00fas.<\/h4><div>\u00a0<\/div><h4>Durante o Risorgimento, com a queda de Roma em 20 de setembro de 1870 e o fim do poder temporal da Santa S\u00e9, Pio IX encerrou-se no Vaticano, passando a se considerar como prisioneiro.<br \/>O pontificado de Pio IX foi cheio de grandes realiza\u00e7\u00f5es, como o restabelecimento da hierarquia cat\u00f3lica na Inglaterra, Holanda e Esc\u00f3cia; a condena\u00e7\u00e3o das doutrinas galicanas; o envio de mission\u00e1rios ao Polo Norte, \u00cdndia, Birm\u00e2nia, China e Jap\u00e3o; a cria\u00e7\u00e3o de um Dicast\u00e9rio para as quest\u00f5es relativas aos orientais.<\/h4><h4>Em sua estr\u00eanua luta contra o liberalismo, sua enc\u00edclica Quanta Cura, de 8 de dezembro de 1864, condenava 16 proposi\u00e7\u00f5es relativas aos erros da \u00e9poca. Era acompanhada do famoso \u201cSyllabus errorum\u201d, lista de 80 proposi\u00e7\u00f5es previamente censuradas sobre o pante\u00edsmo, naturalismo, racionalismo, indiferentismo, socialismo, comunismo, e ma\u00e7onaria.<br \/>Grande devoto da Sant\u00edssima Virgem, Pio IX promulgou o dogma da Imaculada Concei\u00e7\u00e3o em 8 de dezembro de 1854. Ele tamb\u00e9m incentivou a devo\u00e7\u00e3o ao Sagrado Cora\u00e7\u00e3o de Jesus.<\/h4><h4>Em 29 de junho de 1869 pela bula AeterniPatris, o Pont\u00edfice convocou o Conc\u00edlio do Vaticano. Durante sua quarta se\u00e7\u00e3o, em 18 de julho de 1870, foi proclamado o dogma da Infalibilidade Pontif\u00edcia.<br \/>Pio IX faleceu no dia 7 de fevereiro de 1878, e foi sucedido por Le\u00e3o XIII. Seu t\u00famulo est\u00e1 na igreja de San Lorenzo Fuori le Mura. Ele foi beatificado em setembro de 2000.<\/h4><p>Extra\u00eddo do site IPCO.ORG.BR<\/p><p>\u00a0<\/p><p>\u00a0<\/p><p>\u00a0 \u00a0 \u00a0 \u00a0 \u00a0 \u00a0 \u00a0 \u00a0 \u00a0 \u00a0 \u00a0 \u00a0 \u00a0 \u00a0 \u00a0 \u00a0 \u00a0 \u00a0 \u00a0 \u00a0 \u00a0 \u00a0 \u00a0 \u00a0 \u00a0 \u00a0 \u00a0 \u00a0 \u00a0 \u00a0 \u00a0 \u00a0 \u00a0 \u00a0 *\u00a0 \u00a0 \u00a0 \u00a0 \u00a0 \u00a0 \u00a0 \u00a0 \u00a0 \u00a0 \u00a0 \u00a0 \u00a0 \u00a0 \u00a0 \u00a0 \u00a0 \u00a0 \u00a0 \u00a0 \u00a0 \u00a0 \u00a0 \u00a0 *\u00a0 \u00a0 \u00a0 \u00a0 \u00a0 \u00a0 \u00a0 \u00a0 \u00a0 \u00a0 \u00a0 \u00a0 \u00a0 \u00a0 \u00a0 \u00a0 \u00a0 \u00a0 \u00a0 \u00a0 \u00a0 \u00a0 \u00a0 \u00a0 \u00a0 \u00a0 \u00a0 \u00a0 *\u00a0<\/p><p>\u00a0<\/p><p>\u00a0<\/p>\t\t\t\t\t\t<\/div>\n\t\t\t\t<\/div>\n\t\t\t\t\t<\/div>\n\t\t<\/div>\n\t\t\t\t\t<\/div>\n\t\t<\/section>\n\t\t\t\t<section class=\"elementor-section elementor-top-section elementor-element elementor-element-c765c70 elementor-section-boxed elementor-section-height-default elementor-section-height-default\" data-id=\"c765c70\" data-element_type=\"section\">\n\t\t\t\t\t\t<div class=\"elementor-container elementor-column-gap-default\">\n\t\t\t\t\t<div class=\"elementor-column elementor-col-100 elementor-top-column elementor-element elementor-element-8791f07\" data-id=\"8791f07\" data-element_type=\"column\">\n\t\t\t<div class=\"elementor-widget-wrap\">\n\t\t\t\t\t\t\t<\/div>\n\t\t<\/div>\n\t\t\t\t\t<\/div>\n\t\t<\/section>\n\t\t\t\t<section class=\"elementor-section elementor-top-section elementor-element elementor-element-dddd97d elementor-section-boxed elementor-section-height-default elementor-section-height-default\" data-id=\"dddd97d\" data-element_type=\"section\">\n\t\t\t\t\t\t<div class=\"elementor-container elementor-column-gap-default\">\n\t\t\t\t\t<div class=\"elementor-column elementor-col-100 elementor-top-column elementor-element elementor-element-a5a1159\" data-id=\"a5a1159\" data-element_type=\"column\">\n\t\t\t<div class=\"elementor-widget-wrap\">\n\t\t\t\t\t\t\t<\/div>\n\t\t<\/div>\n\t\t\t\t\t<\/div>\n\t\t<\/section>\n\t\t\t\t<section class=\"elementor-section elementor-top-section elementor-element elementor-element-c52268d elementor-section-boxed elementor-section-height-default elementor-section-height-default\" data-id=\"c52268d\" data-element_type=\"section\">\n\t\t\t\t\t\t<div class=\"elementor-container elementor-column-gap-default\">\n\t\t\t\t\t<div class=\"elementor-column elementor-col-100 elementor-top-column elementor-element elementor-element-fcfba06\" data-id=\"fcfba06\" data-element_type=\"column\">\n\t\t\t<div class=\"elementor-widget-wrap elementor-element-populated\">\n\t\t\t\t\t\t<div class=\"elementor-element elementor-element-455f86b elementor-widget elementor-widget-image\" data-id=\"455f86b\" data-element_type=\"widget\" data-widget_type=\"image.default\">\n\t\t\t\t<div class=\"elementor-widget-container\">\n\t\t\t\t\t\t\t\t\t\t\t\t\t<img loading=\"lazy\" decoding=\"async\" width=\"800\" height=\"1003\" src=\"https:\/\/ligadosantorosario.com\/wp-content\/uploads\/PAPA_PIO_X-817x1024.jpg\" class=\"attachment-large size-large wp-image-6279\" alt=\"\" srcset=\"https:\/\/ligadosantorosario.com\/wp-content\/uploads\/PAPA_PIO_X-817x1024.jpg 817w, https:\/\/ligadosantorosario.com\/wp-content\/uploads\/PAPA_PIO_X-239x300.jpg 239w, https:\/\/ligadosantorosario.com\/wp-content\/uploads\/PAPA_PIO_X-768x963.jpg 768w, https:\/\/ligadosantorosario.com\/wp-content\/uploads\/PAPA_PIO_X-1225x1536.jpg 1225w, https:\/\/ligadosantorosario.com\/wp-content\/uploads\/PAPA_PIO_X-1633x2048.jpg 1633w, https:\/\/ligadosantorosario.com\/wp-content\/uploads\/PAPA_PIO_X-scaled.jpg 2042w\" sizes=\"(max-width: 800px) 100vw, 800px\" \/>\t\t\t\t\t\t\t\t\t\t\t\t\t<\/div>\n\t\t\t\t<\/div>\n\t\t\t\t\t<\/div>\n\t\t<\/div>\n\t\t\t\t\t<\/div>\n\t\t<\/section>\n\t\t\t\t<section class=\"elementor-section elementor-top-section elementor-element elementor-element-2c2c433 elementor-section-boxed elementor-section-height-default elementor-section-height-default\" data-id=\"2c2c433\" data-element_type=\"section\">\n\t\t\t\t\t\t<div class=\"elementor-container elementor-column-gap-default\">\n\t\t\t\t\t<div class=\"elementor-column elementor-col-100 elementor-top-column elementor-element elementor-element-8c9f26e\" data-id=\"8c9f26e\" data-element_type=\"column\">\n\t\t\t<div class=\"elementor-widget-wrap elementor-element-populated\">\n\t\t\t\t\t\t<div class=\"elementor-element elementor-element-aae9fba elementor-widget elementor-widget-text-editor\" data-id=\"aae9fba\" data-element_type=\"widget\" data-widget_type=\"text-editor.default\">\n\t\t\t\t<div class=\"elementor-widget-container\">\n\t\t\t\t\t\t\t<p>\u00a0 \u00a0 \u00a0 \u00a0 \u00a0 \u00a0 \u00a0 \u00a0 \u00a0 \u00a0 \u00a0 \u00a0 \u00a0 \u00a0 \u00a0 \u00a0 \u00a0 \u00a0 \u00a0 \u00a0 \u00a0 \u00a0 \u00a0 \u00a0 \u00a0 \u00a0 \u00a0 \u00a0 \u00a0 \u00a0 \u00a0 \u00a0 \u00a0 \u00a0 \u00a0<b> PAPA\u00a0 S\u00c3O\u00a0 PIO\u00a0 \u00a0X<\/b><\/p>\t\t\t\t\t\t<\/div>\n\t\t\t\t<\/div>\n\t\t\t\t\t<\/div>\n\t\t<\/div>\n\t\t\t\t\t<\/div>\n\t\t<\/section>\n\t\t\t\t<section class=\"elementor-section elementor-top-section elementor-element elementor-element-c264416 elementor-section-boxed elementor-section-height-default elementor-section-height-default\" data-id=\"c264416\" data-element_type=\"section\">\n\t\t\t\t\t\t<div class=\"elementor-container elementor-column-gap-default\">\n\t\t\t\t\t<div class=\"elementor-column elementor-col-100 elementor-top-column elementor-element elementor-element-a7976e9\" data-id=\"a7976e9\" data-element_type=\"column\">\n\t\t\t<div class=\"elementor-widget-wrap elementor-element-populated\">\n\t\t\t\t\t\t<div class=\"elementor-element elementor-element-1e1b877 elementor-widget elementor-widget-text-editor\" data-id=\"1e1b877\" data-element_type=\"widget\" data-widget_type=\"text-editor.default\">\n\t\t\t\t<div class=\"elementor-widget-container\">\n\t\t\t\t\t\t\t<h4>\u00a0Foi Papa da Igreja Cat\u00f3lica, S\u00e3o Pio X, no ano mais ou menos de 1902 ou 1903 (n\u00e3o me lembro bem o ano em que come\u00e7ou o pontificado dele \u2013\u00a0<strong>9 de agosto de 1903<\/strong>), at\u00e9 o ano de\u00a0<strong>1914<\/strong>\u00a0(<strong>20 de agosto<\/strong>\u00a0de 1914), em que ele morreu misteriosamente.\u00a0 Arrebentou a 1\u00aa Guerra Mundial, e pouco depois, misteriosamente, morria o Papa S\u00e3o Pio X.<\/h4><div>\u00a0<\/div><h4>l\u00e1 por 1910, se n\u00e3o me trai a mem\u00f3ria, ele baixou uma Enc\u00edclica que deixou todo mundo pasmo:\u00a0<strong><em><a href=\"https:\/\/w2.vatican.va\/content\/pius-x\/pt\/encyclicals\/documents\/hf_p-x_enc_19070908_pascendi-dominici-gregis.html\">Pascendi Dominici Gregis<\/a><\/em><\/strong>\u00a0(<strong>de 8 de setembro de 1907<\/strong>, n.d.c.). A Enc\u00edclica tinha o t\u00edtulo:\u00a0 &#8220;Apascentando o rebanho do Senhor&#8221;. O Senhor \u00e9 Nosso Senhor Jesus Cristo, evidentemente; o rebanho \u00e9 a Santa Igreja Cat\u00f3lica.<\/h4><h4><br \/>Ele, nessa Enc\u00edclica, desenvolveu uma concep\u00e7\u00e3o, uma teoria e uma descri\u00e7\u00e3o do estado em que estava a Igreja no tempo dele.\u00a0 E, depois, ele ainda escreveu uma carta intitulada Carta apost\u00f3lica \u201c<strong><em>Notre Charge Apostolique<\/em><\/strong>\u201d (Nosso encargo apost\u00f3lico,\u00a0<strong>de 25 de agosto de 1910<\/strong>)&#8221;.<\/h4><h4><br \/>Ele diz que a Igreja Cat\u00f3lica se encontrava naquele tempo imersa num mundo que tinha um pensamento oposto ao dela.\u00a0 Era um mundo revolucion\u00e1rio, um mundo com as id\u00e9ias provenientes &#8211; mais ou menos o que est\u00e1 na\u00a0<strong><em>RCR<\/em><\/strong>\u00a0(=\u00a0<a href=\"https:\/\/www.pliniocorreadeoliveira.info\/livros.asp\"><strong><em>Revolu\u00e7\u00e3o e Contra-Revolu\u00e7\u00e3o<\/em><\/strong><\/a>) &#8211; provenientes do protestantismo, da Revolu\u00e7\u00e3o Francesa, etc., que se chocavam com a concep\u00e7\u00e3o que a Igreja tinha do mundo, e de como deve ser organizada a civiliza\u00e7\u00e3o crist\u00e3\u00a0(nota deste site: a enc\u00edclica de Le\u00e3o XIII &#8220;<strong><em>Parvenu \u00e0 la vingtcinqui\u00e8me ann\u00e9e<\/em><\/strong>&#8220;, ou seja &#8220;<strong><em><a href=\"https:\/\/www.pliniocorreadeoliveira.info\/Leao13_Parvenu.htm\">Chegados aos 25 anos de nosso pontificado<\/a><\/em><\/strong>&#8220;, sobre a Igreja Cat\u00f3lica, aborda o processo da pseudo-Reforma protestante, a qual abriu o caminho para o filosofismo do s\u00e9culo XVIII, desembocando este no ate\u00edsmo do s\u00e9culo XIX, na anarquia).<\/h4><h4><br \/><strong>* Uma pan-religi\u00e3o de um deus inexistente<\/strong><\/h4><h4><strong><br \/><\/strong>Mas, tamb\u00e9m se chocavam contra a doutrina que a Igreja ensina de si mesma.\u00a0 E que se tratava de uma organiza\u00e7\u00e3o colossal de hereges, que estava espalhada pelo mundo inteiro, e que tinha uma organiza\u00e7\u00e3o clandestina, uma organiza\u00e7\u00e3o escondida.\u00a0 E que ficaria escondida at\u00e9 que eles fossem bastante fortes para meter a cabe\u00e7a fora d&#8217;\u00e1gua, e come\u00e7ar a proclamar as suas heresias claro.\u00a0 E que era uma verdadeira conjura\u00e7\u00e3o dentro da Igreja Cat\u00f3lica.<\/h4><div>\u00a0<\/div><h4><strong>\u00a0Na surdina ia desenvolvendo-se a pior das heresias,\u00a0 injetada nas pr\u00f3prias veias da Igreja, e querendo destru\u00ed-La de dentro para fora<br \/><\/strong>E que esta \u00fanica religi\u00e3o deveria aos poucos ir corroendo por dentro todas as religi\u00f5es, e transformar-se numa s\u00f3 religi\u00e3o, que era uma religi\u00e3o inteiramente nova.\u00a0 Uma religi\u00e3o com uma moral muito evolu\u00edda, em que os preceitos morais seriam muito mais f\u00e1ceis de cumprir, muito mais agrad\u00e1veis:\u00a0 era a imoralidade transformada em moral.<\/h4><h4><br \/>E que, por outro lado, a igualdade completa entre os homens acabaria com toda a hierarquia.\u00a0 As diferen\u00e7as de fortuna, de intelig\u00eancia, de posi\u00e7\u00e3o social, de talento, tudo isso devia acabar.\u00a0 Todos os homens deveriam ser completamente iguais aos outros.\u00a0 E n\u00f3s ter\u00edamos assim um mundo futuro, que era o mundo novo de uma religi\u00e3o nova, formando uma Rep\u00fablica Universal.\u00a0 Isso seria o mundo para o qual se devia caminhar.<\/h4><h4><br \/>Mas, eles adotavam uma t\u00e9cnica. Eles diziam &#8211; diz S\u00e3o Pio X &#8211; que se eles fossem declarar isso de um modo ostensivo para todos, isso provocaria, evidentemente, uma revolta.\u00a0 E que esta revolta era nociva a eles.\u00a0 Ent\u00e3o, eles deveriam proclamar isto, e ensinar isto, s\u00f3 para as pessoas que eles percebessem que iam facilmente no conto.\u00a0 Os outros, n\u00e3o.\u00a0 Eles deveriam ir aos poucos apresentando figuras deformadas da Igreja Cat\u00f3lica;\u00a0 cada vez menos parecida com a doutrina tradicional, e mais parecida com a doutrina nova.\u00a0 E que os principais art\u00edfices disso tinham que ser os pr\u00f3prios padres!<br \/>Os padres ganhos por essa religi\u00e3o nova, deveriam continuar exercendo o sacerd\u00f3cio na religi\u00e3o antiga.\u00a0 E aproveitando o prest\u00edgio deles de sacerdotes para ensinar essas coisas erradas.\u00a0 E, com essa forma, haveria um determinado momento em que a Igreja estaria toda ela transformada.<\/h4><h4><br \/>S\u00e3o Pio X disse que esta era a pior heresia de todos os s\u00e9culos!\u00a0 A pior heresia!\u00a0 E acrescentou que era a pior heresia, porque o mal n\u00e3o estava do lado de fora da Igreja, procurando entrar, como no tempo de Lutero.\u00a0 Lutero rompeu com a Igreja, saiu da Igreja, e de fora para dentro procurou atac\u00e1-la.\u00a0 Diz ele:\u00a0 &#8220;N\u00e3o.\u00a0 O mal \u00e9 um veneno que se injetou nas pr\u00f3prias veias da Igreja, e quer destru\u00ed-la de dentro para fora!&#8221;<\/h4><h4>\u00a0<\/h4><h3><strong>A misteriosa morte de S\u00e3o Pio X<\/strong><\/h3><h4><strong><br \/><\/strong>Mas, S\u00e3o Pio X uma noite deitou-se bem.\u00a0 E o Cardeal Merry del Val, que era seu Secret\u00e1rio de Estado, conta isto assim.\u00a0 Trabalharam juntos at\u00e9 tarde.\u00a0 Ele se despediu de S\u00e3o Pio X e foi para a casa dele.\u00a0 E de manh\u00e3, bem cedo, ele foi acordado com o aviso de que o Papa estava muito mal.<br \/>Ele vestiu-se depressa e foi ao Vaticano.\u00a0 Chegando ao quarto de S\u00e3o Pio X, ele encontrou S\u00e3o Pio X atacado por uma doen\u00e7a, mudo.\u00a0 E fez um sinal a ele de que queria escrever alguma coisa.\u00a0 Ele arranjou, papel, l\u00e1pis.\u00a0<\/h4><h4>\u00a0S\u00e3o Pio X tentou escrever essa coisa, mas n\u00e3o conseguiu escrever uma letra.\u00a0 A m\u00e3o caiu, e ele fez assim, como quem diz:\u00a0 &#8220;N\u00e3o posso fazer nada&#8221;.<br \/>O Cardeal Merry del Val diz:\u00a0 S\u00f3 no dia do Ju\u00edzo Final &#8211; nas &#8220;Mem\u00f3rias&#8221; estava isso &#8211; se saber\u00e1 naquela noite o que se passou no Vaticano.\u00a0 Como \u00e9 que o Papa, que se deitou saud\u00e1vel amanheceu assim?<\/h4><p>\u00a0<\/p><p>\u00a0<\/p>\t\t\t\t\t\t<\/div>\n\t\t\t\t<\/div>\n\t\t\t\t\t<\/div>\n\t\t<\/div>\n\t\t\t\t\t<\/div>\n\t\t<\/section>\n\t\t\t\t<\/div>\n\t\t","protected":false},"excerpt":{"rendered":"<p>Plinio Corr\u00eaa de Oliveira &nbsp; C\u00e1tedra de S\u00e3o Pedro:festa que celebra o Papado enquanto&nbsp;C\u00e1tedra infal\u00edvel que se dirige ao mundo &nbsp; &nbsp; &#8220;Santo do Dia&#8221;,&nbsp;&nbsp;22 de fevereiro de 1964 A D V E R T \u00ca N C I A O presente texto \u00e9 adapta\u00e7\u00e3o de transcri\u00e7\u00e3o de grava\u00e7\u00e3o de confer\u00eancia do Prof. Plinio Corr\u00eaa de Oliveira a s\u00f3cios e cooperadores da TFP, mantendo portanto o estilo verbal, e n\u00e3o foi revisto pelo autor. Se o\u00a0Prof.\u00a0Plinio Corr\u00eaa de Oliveira estivesse entre n\u00f3s, certamente pediria que se colocasse expl\u00edcita men\u00e7\u00e3o a sua filial disposi\u00e7\u00e3o de retificar qualquer discrep\u00e2ncia em rela\u00e7\u00e3o ao&#8230;<\/p>\n","protected":false},"author":1,"featured_media":0,"comment_status":"open","ping_status":"open","sticky":false,"template":"","format":"standard","meta":{"jetpack_post_was_ever_published":false,"_jetpack_newsletter_access":"","_jetpack_dont_email_post_to_subs":false,"_jetpack_newsletter_tier_id":0,"footnotes":""},"categories":[1],"tags":[],"jetpack_sharing_enabled":true,"jetpack_featured_media_url":"","_links":{"self":[{"href":"https:\/\/ligadosantorosario.com\/index.php?rest_route=\/wp\/v2\/posts\/6074"}],"collection":[{"href":"https:\/\/ligadosantorosario.com\/index.php?rest_route=\/wp\/v2\/posts"}],"about":[{"href":"https:\/\/ligadosantorosario.com\/index.php?rest_route=\/wp\/v2\/types\/post"}],"author":[{"embeddable":true,"href":"https:\/\/ligadosantorosario.com\/index.php?rest_route=\/wp\/v2\/users\/1"}],"replies":[{"embeddable":true,"href":"https:\/\/ligadosantorosario.com\/index.php?rest_route=%2Fwp%2Fv2%2Fcomments&post=6074"}],"version-history":[{"count":357,"href":"https:\/\/ligadosantorosario.com\/index.php?rest_route=\/wp\/v2\/posts\/6074\/revisions"}],"predecessor-version":[{"id":6472,"href":"https:\/\/ligadosantorosario.com\/index.php?rest_route=\/wp\/v2\/posts\/6074\/revisions\/6472"}],"wp:attachment":[{"href":"https:\/\/ligadosantorosario.com\/index.php?rest_route=%2Fwp%2Fv2%2Fmedia&parent=6074"}],"wp:term":[{"taxonomy":"category","embeddable":true,"href":"https:\/\/ligadosantorosario.com\/index.php?rest_route=%2Fwp%2Fv2%2Fcategories&post=6074"},{"taxonomy":"post_tag","embeddable":true,"href":"https:\/\/ligadosantorosario.com\/index.php?rest_route=%2Fwp%2Fv2%2Ftags&post=6074"}],"curies":[{"name":"wp","href":"https:\/\/api.w.org\/{rel}","templated":true}]}}