{"id":6529,"date":"2024-07-09T14:47:13","date_gmt":"2024-07-09T14:47:13","guid":{"rendered":"https:\/\/ligadosantorosario.com\/?p=6529"},"modified":"2024-07-09T20:53:44","modified_gmt":"2024-07-09T20:53:44","slug":"16-de-julho-festa-de-nossa-senhora-do-carmo","status":"publish","type":"post","link":"https:\/\/ligadosantorosario.com\/?p=6529","title":{"rendered":"16 de julho &#8211; Festa de Nossa Senhora do Carmo"},"content":{"rendered":"\t\t<div data-elementor-type=\"wp-post\" data-elementor-id=\"6529\" class=\"elementor elementor-6529\" data-elementor-post-type=\"post\">\n\t\t\t\t\t\t<section class=\"elementor-section elementor-top-section elementor-element elementor-element-0e86822 elementor-section-boxed elementor-section-height-default elementor-section-height-default\" data-id=\"0e86822\" data-element_type=\"section\">\n\t\t\t\t\t\t<div class=\"elementor-container elementor-column-gap-default\">\n\t\t\t\t\t<div class=\"elementor-column elementor-col-100 elementor-top-column elementor-element elementor-element-669af99\" data-id=\"669af99\" data-element_type=\"column\">\n\t\t\t<div class=\"elementor-widget-wrap\">\n\t\t\t\t\t\t\t<\/div>\n\t\t<\/div>\n\t\t\t\t\t<\/div>\n\t\t<\/section>\n\t\t\t\t<section class=\"elementor-section elementor-top-section elementor-element elementor-element-ac6b3ea elementor-section-boxed elementor-section-height-default elementor-section-height-default\" data-id=\"ac6b3ea\" data-element_type=\"section\">\n\t\t\t\t\t\t<div class=\"elementor-container elementor-column-gap-default\">\n\t\t\t\t\t<div class=\"elementor-column elementor-col-100 elementor-top-column elementor-element elementor-element-d9e847d\" data-id=\"d9e847d\" data-element_type=\"column\">\n\t\t\t<div class=\"elementor-widget-wrap elementor-element-populated\">\n\t\t\t\t\t\t<div class=\"elementor-element elementor-element-53dfac5 elementor-widget elementor-widget-image\" data-id=\"53dfac5\" data-element_type=\"widget\" data-widget_type=\"image.default\">\n\t\t\t\t<div class=\"elementor-widget-container\">\n\t\t\t<style>\/*! elementor - v3.23.0 - 05-08-2024 *\/\n.elementor-widget-image{text-align:center}.elementor-widget-image a{display:inline-block}.elementor-widget-image a img[src$=\".svg\"]{width:48px}.elementor-widget-image img{vertical-align:middle;display:inline-block}<\/style>\t\t\t\t\t\t\t\t\t\t<img fetchpriority=\"high\" decoding=\"async\" width=\"455\" height=\"572\" src=\"https:\/\/ligadosantorosario.com\/wp-content\/uploads\/the-virgin-delivering-the-rosary-to-st-dominic-murillo-1638-1640-14ed1j3j.webp\" class=\"attachment-2048x2048 size-2048x2048 wp-image-2652\" alt=\"\" srcset=\"https:\/\/ligadosantorosario.com\/wp-content\/uploads\/the-virgin-delivering-the-rosary-to-st-dominic-murillo-1638-1640-14ed1j3j.webp 455w, https:\/\/ligadosantorosario.com\/wp-content\/uploads\/the-virgin-delivering-the-rosary-to-st-dominic-murillo-1638-1640-14ed1j3j-239x300.webp 239w\" sizes=\"(max-width: 455px) 100vw, 455px\" \/>\t\t\t\t\t\t\t\t\t\t\t\t\t<\/div>\n\t\t\t\t<\/div>\n\t\t\t\t\t<\/div>\n\t\t<\/div>\n\t\t\t\t\t<\/div>\n\t\t<\/section>\n\t\t\t\t<section class=\"elementor-section elementor-top-section elementor-element elementor-element-e14d37d elementor-section-boxed elementor-section-height-default elementor-section-height-default\" data-id=\"e14d37d\" data-element_type=\"section\">\n\t\t\t\t\t\t<div class=\"elementor-container elementor-column-gap-default\">\n\t\t\t\t\t<div class=\"elementor-column elementor-col-100 elementor-top-column elementor-element elementor-element-47ee2d7\" data-id=\"47ee2d7\" data-element_type=\"column\">\n\t\t\t<div class=\"elementor-widget-wrap\">\n\t\t\t\t\t\t\t<\/div>\n\t\t<\/div>\n\t\t\t\t\t<\/div>\n\t\t<\/section>\n\t\t\t\t<section class=\"elementor-section elementor-top-section elementor-element elementor-element-ed7969d elementor-section-boxed elementor-section-height-default elementor-section-height-default\" data-id=\"ed7969d\" data-element_type=\"section\">\n\t\t\t\t\t\t<div class=\"elementor-container elementor-column-gap-default\">\n\t\t\t\t\t<div class=\"elementor-column elementor-col-100 elementor-top-column elementor-element elementor-element-0a51974\" data-id=\"0a51974\" data-element_type=\"column\">\n\t\t\t<div class=\"elementor-widget-wrap\">\n\t\t\t\t\t\t\t<\/div>\n\t\t<\/div>\n\t\t\t\t\t<\/div>\n\t\t<\/section>\n\t\t\t\t<section class=\"elementor-section elementor-top-section elementor-element elementor-element-dcd8a3b elementor-section-boxed elementor-section-height-default elementor-section-height-default\" data-id=\"dcd8a3b\" data-element_type=\"section\">\n\t\t\t\t\t\t<div class=\"elementor-container elementor-column-gap-default\">\n\t\t\t\t\t<div class=\"elementor-column elementor-col-100 elementor-top-column elementor-element elementor-element-402e992\" data-id=\"402e992\" data-element_type=\"column\">\n\t\t\t<div class=\"elementor-widget-wrap elementor-element-populated\">\n\t\t\t\t\t\t<div class=\"elementor-element elementor-element-da0b3f3 elementor-widget elementor-widget-text-editor\" data-id=\"da0b3f3\" data-element_type=\"widget\" data-widget_type=\"text-editor.default\">\n\t\t\t\t<div class=\"elementor-widget-container\">\n\t\t\t<style>\/*! elementor - v3.23.0 - 05-08-2024 *\/\n.elementor-widget-text-editor.elementor-drop-cap-view-stacked .elementor-drop-cap{background-color:#69727d;color:#fff}.elementor-widget-text-editor.elementor-drop-cap-view-framed .elementor-drop-cap{color:#69727d;border:3px solid;background-color:transparent}.elementor-widget-text-editor:not(.elementor-drop-cap-view-default) .elementor-drop-cap{margin-top:8px}.elementor-widget-text-editor:not(.elementor-drop-cap-view-default) .elementor-drop-cap-letter{width:1em;height:1em}.elementor-widget-text-editor .elementor-drop-cap{float:left;text-align:center;line-height:1;font-size:50px}.elementor-widget-text-editor .elementor-drop-cap-letter{display:inline-block}<\/style>\t\t\t\t<p><strong><em><img decoding=\"async\" class=\"size-medium wp-image-6534 alignright\" src=\"http:\/\/ligadosantorosario.com\/wp-content\/uploads\/PlinioCorreadeOliveira_Habito_carmo-245x300.jpg\" alt=\"\" width=\"245\" height=\"300\" srcset=\"https:\/\/ligadosantorosario.com\/wp-content\/uploads\/PlinioCorreadeOliveira_Habito_carmo-245x300.jpg 245w, https:\/\/ligadosantorosario.com\/wp-content\/uploads\/PlinioCorreadeOliveira_Habito_carmo.jpg 247w\" sizes=\"(max-width: 245px) 100vw, 245px\" \/><\/em><\/strong><\/p>\n<p><strong><em>&nbsp;<\/em><\/strong><\/p>\n<p><\/p>\n<h3><strong><em>Pl\u00ednio Corr\u00eaa de Oliveira<\/em><\/strong><\/h3>\n<p><strong><em>&nbsp;<\/em><\/strong><\/p>\n<h4><strong><em>S\u00e3o Sim\u00e3o Stock e a&nbsp;Ordem do Carmo,<br><\/em><\/strong><strong><em>o primeiro fil\u00e3o de<br><\/em><\/strong><strong><em>devo\u00e7\u00e3o marial no mundo<\/em><\/strong><\/h4>\n<div><strong><em><br><\/em><\/strong><\/div>\n<p><\/p>\n<h6><strong><em>Santo do Dia, 16 de maio de 1966&nbsp; &nbsp; &nbsp; &nbsp; &nbsp; &nbsp; &nbsp; &nbsp; &nbsp; &nbsp; &nbsp; &nbsp; &nbsp; &nbsp; &nbsp; &nbsp; &nbsp; &nbsp; &nbsp; &nbsp; &nbsp; &nbsp; &nbsp; &nbsp; &nbsp; &nbsp; &nbsp; &nbsp; &nbsp; &nbsp; &nbsp; &nbsp; &nbsp; &nbsp; &nbsp; &nbsp; &nbsp; &nbsp; &nbsp; &nbsp; &nbsp; &nbsp; &nbsp; &nbsp; &nbsp; &nbsp; &nbsp; &nbsp; &nbsp; &nbsp; &nbsp; &nbsp; &nbsp; &nbsp; &nbsp; &nbsp; &nbsp; &nbsp; &nbsp; &nbsp; &nbsp; &nbsp; &nbsp; &nbsp; &nbsp; &nbsp; &nbsp; &nbsp; &nbsp; &nbsp; &nbsp; &nbsp; &nbsp; &nbsp; &nbsp; &nbsp; &nbsp; &nbsp; &nbsp; &nbsp; &nbsp; &nbsp; &nbsp; &nbsp; &nbsp; &nbsp; &nbsp; &nbsp; &nbsp; &nbsp; &nbsp; &nbsp; &nbsp; &nbsp; &nbsp; &nbsp; &nbsp; &nbsp; &nbsp; &nbsp; &nbsp; &nbsp; &nbsp; &nbsp; &nbsp; &nbsp; &nbsp; &nbsp; &nbsp; &nbsp; &nbsp; &nbsp; &nbsp; &nbsp; &nbsp; &nbsp; &nbsp; &nbsp; &nbsp; &nbsp; &nbsp; &nbsp;<\/em><\/strong><\/h6>\n<h6><strong><em>&nbsp; &nbsp; &nbsp; &nbsp; &nbsp; &nbsp; &nbsp; &nbsp; &nbsp; &nbsp; &nbsp; &nbsp; &nbsp; &nbsp; &nbsp; &nbsp; &nbsp; &nbsp; &nbsp; &nbsp; &nbsp; &nbsp; &nbsp; &nbsp; &nbsp; &nbsp; &nbsp; &nbsp; &nbsp; &nbsp; &nbsp; &nbsp; &nbsp; &nbsp; &nbsp; &nbsp; &nbsp; &nbsp; &nbsp; &nbsp; &nbsp; &nbsp; &nbsp; &nbsp; &nbsp; &nbsp; &nbsp; &nbsp; &nbsp; &nbsp; &nbsp; &nbsp; &nbsp; &nbsp; &nbsp; &nbsp; &nbsp; &nbsp; &nbsp; &nbsp; &nbsp; &nbsp; &nbsp; &nbsp; &nbsp; &nbsp; &nbsp; &nbsp; &nbsp; &nbsp; &nbsp; &nbsp; &nbsp; &nbsp; &nbsp; &nbsp; &nbsp; &nbsp; &nbsp; &nbsp; &nbsp; &nbsp; &nbsp; &nbsp; &nbsp; &nbsp; &nbsp; &nbsp; &nbsp; &nbsp; &nbsp; &nbsp; &nbsp; &nbsp; &nbsp; &nbsp; &nbsp; &nbsp; &nbsp; &nbsp; &nbsp; &nbsp; &nbsp; &nbsp; &nbsp; &nbsp; &nbsp; &nbsp; &nbsp; &nbsp; &nbsp; &nbsp; &nbsp; &nbsp; &nbsp; &nbsp; &nbsp; &nbsp; &nbsp; &nbsp; &nbsp; &nbsp; &nbsp; &nbsp; &nbsp; &nbsp; &nbsp; &nbsp; &nbsp; &nbsp; &nbsp; &nbsp; &nbsp; &nbsp; &nbsp; &nbsp; &nbsp; &nbsp; &nbsp; &nbsp; &nbsp; &nbsp; &nbsp; &nbsp; &nbsp; &nbsp; &nbsp; &nbsp; &nbsp; &nbsp; &nbsp; &nbsp; &nbsp; &nbsp; &nbsp; &nbsp; &nbsp; &nbsp; &nbsp; &nbsp; &nbsp; &nbsp; &nbsp; &nbsp; &nbsp; &nbsp; &nbsp; &nbsp; &nbsp; &nbsp; &nbsp; &nbsp; &nbsp; &nbsp; &nbsp; &nbsp; &nbsp;Prof. Plinio com o h\u00e1bito da Ordem Terceira do Carmo<\/em><\/strong><\/h6>\t\t\t\t\t\t<\/div>\n\t\t\t\t<\/div>\n\t\t\t\t<div class=\"elementor-element elementor-element-1e2fdba elementor-widget elementor-widget-text-editor\" data-id=\"1e2fdba\" data-element_type=\"widget\" data-widget_type=\"text-editor.default\">\n\t\t\t\t<div class=\"elementor-widget-container\">\n\t\t\t\t\t\t\t<table width=\"900\"><tbody><tr><td width=\"848\"><p><strong>A D V E R T \u00ca N C I A<\/strong><\/p><p>O presente texto \u00e9 adapta\u00e7\u00e3o de transcri\u00e7\u00e3o de grava\u00e7\u00e3o de confer\u00eancia do Prof. Plinio Corr\u00eaa de Oliveira a s\u00f3cios e cooperadores da TFP, mantendo portanto o estilo verbal, e n\u00e3o foi revisto pelo autor.<\/p><p>Se o\u00a0Prof.\u00a0Plinio Corr\u00eaa de Oliveira estivesse entre n\u00f3s, certamente pediria que se colocasse expl\u00edcita men\u00e7\u00e3o a sua filial disposi\u00e7\u00e3o de retificar qualquer discrep\u00e2ncia em rela\u00e7\u00e3o ao Magist\u00e9rio tradicional da Igreja. \u00c9 o que fazemos aqui constar, com suas pr\u00f3prias palavras, como homenagem\u00a0a\u00a0t\u00e3o belo e constante estado de esp\u00edrito:<\/p><p><strong>\u201cCat\u00f3lico apost\u00f3lico romano, o autor deste texto\u00a0\u00a0se submete com filial ardor ao ensinamento tradicional da Santa Igreja. Se, no entanto,\u00a0 por lapso, algo nele ocorra que n\u00e3o esteja conforme \u00e0quele ensinamento, desde j\u00e1 e categoricamente o rejeita\u201d.<\/strong><\/p><p>As palavras &#8220;Revolu\u00e7\u00e3o&#8221; e &#8220;Contra-Revolu\u00e7\u00e3o&#8221;, s\u00e3o aqui empregadas no sentido que lhes d\u00e1 o Prof. Plinio Corr\u00eaa de Oliveira em seu livro &#8220;<a href=\"https:\/\/www.pliniocorreadeoliveira.info\/RCR_0000_indice.htm\"><strong>Revolu\u00e7\u00e3o e Contra-Revolu\u00e7\u00e3o<\/strong><\/a>&#8220;, cuja primeira edi\u00e7\u00e3o foi publicada no N\u00ba 100 de\u00a0<a href=\"https:\/\/www.pliniocorreadeoliveira.info\/artigoscatolicismo_1959.asp\"><strong>&#8220;Catolicismo&#8221;<\/strong><\/a>, em abril de 1959.<\/p><\/td><\/tr><\/tbody><\/table>\t\t\t\t\t\t<\/div>\n\t\t\t\t<\/div>\n\t\t\t\t\t<\/div>\n\t\t<\/div>\n\t\t\t\t\t<\/div>\n\t\t<\/section>\n\t\t\t\t<section class=\"elementor-section elementor-top-section elementor-element elementor-element-4a702c4 elementor-section-boxed elementor-section-height-default elementor-section-height-default\" data-id=\"4a702c4\" data-element_type=\"section\">\n\t\t\t\t\t\t<div class=\"elementor-container elementor-column-gap-default\">\n\t\t\t\t\t<div class=\"elementor-column elementor-col-100 elementor-top-column elementor-element elementor-element-fd132b2\" data-id=\"fd132b2\" data-element_type=\"column\">\n\t\t\t<div class=\"elementor-widget-wrap elementor-element-populated\">\n\t\t\t\t\t\t<div class=\"elementor-element elementor-element-cd76952 elementor-widget elementor-widget-image\" data-id=\"cd76952\" data-element_type=\"widget\" data-widget_type=\"image.default\">\n\t\t\t\t<div class=\"elementor-widget-container\">\n\t\t\t\t\t\t\t\t\t\t\t\t\t<img decoding=\"async\" width=\"472\" height=\"768\" src=\"https:\/\/ligadosantorosario.com\/wp-content\/uploads\/SaoSimaoStock.jpg\" class=\"attachment-large size-large wp-image-6538\" alt=\"\" srcset=\"https:\/\/ligadosantorosario.com\/wp-content\/uploads\/SaoSimaoStock.jpg 472w, https:\/\/ligadosantorosario.com\/wp-content\/uploads\/SaoSimaoStock-184x300.jpg 184w\" sizes=\"(max-width: 472px) 100vw, 472px\" \/>\t\t\t\t\t\t\t\t\t\t\t\t\t<\/div>\n\t\t\t\t<\/div>\n\t\t\t\t\t<\/div>\n\t\t<\/div>\n\t\t\t\t\t<\/div>\n\t\t<\/section>\n\t\t\t\t<section class=\"elementor-section elementor-top-section elementor-element elementor-element-6f5a78f elementor-section-boxed elementor-section-height-default elementor-section-height-default\" data-id=\"6f5a78f\" data-element_type=\"section\">\n\t\t\t\t\t\t<div class=\"elementor-container elementor-column-gap-default\">\n\t\t\t\t\t<div class=\"elementor-column elementor-col-100 elementor-top-column elementor-element elementor-element-9cc0e01\" data-id=\"9cc0e01\" data-element_type=\"column\">\n\t\t\t<div class=\"elementor-widget-wrap elementor-element-populated\">\n\t\t\t\t\t\t<div class=\"elementor-element elementor-element-9ccbc33 elementor-widget elementor-widget-text-editor\" data-id=\"9ccbc33\" data-element_type=\"widget\" data-widget_type=\"text-editor.default\">\n\t\t\t\t<div class=\"elementor-widget-container\">\n\t\t\t\t\t\t\t<p>\u00a0 \u00a0 \u00a0 \u00a0 \u00a0 \u00a0 \u00a0 \u00a0 \u00a0 \u00a0 \u00a0 \u00a0 \u00a0 \u00a0 \u00a0 \u00a0 \u00a0 \u00a0 \u00a0 \u00a0 \u00a0 \u00a0 \u00a0 \u00a0 \u00a0 \u00a0 \u00a0 \u00a0 \u00a0 <em>\u00a0 \u00a0 \u00a0 \u00a0 \u00a0 \u00a0 \u00a0 \u00a0 \u00a0 \u00a0 \u00a0 \u00a0 <b>S\u00e3o Sim\u00e3o Stock &#8211; Sabang Baliuag &#8211; Bulacan &#8211; Filipinas<\/b><\/em><\/p>\t\t\t\t\t\t<\/div>\n\t\t\t\t<\/div>\n\t\t\t\t\t<\/div>\n\t\t<\/div>\n\t\t\t\t\t<\/div>\n\t\t<\/section>\n\t\t\t\t<section class=\"elementor-section elementor-top-section elementor-element elementor-element-bf20293 elementor-section-boxed elementor-section-height-default elementor-section-height-default\" data-id=\"bf20293\" data-element_type=\"section\">\n\t\t\t\t\t\t<div class=\"elementor-container elementor-column-gap-default\">\n\t\t\t\t\t<div class=\"elementor-column elementor-col-100 elementor-top-column elementor-element elementor-element-162e788\" data-id=\"162e788\" data-element_type=\"column\">\n\t\t\t<div class=\"elementor-widget-wrap\">\n\t\t\t\t\t\t\t<\/div>\n\t\t<\/div>\n\t\t\t\t\t<\/div>\n\t\t<\/section>\n\t\t\t\t<section class=\"elementor-section elementor-top-section elementor-element elementor-element-43ff6fd elementor-section-boxed elementor-section-height-default elementor-section-height-default\" data-id=\"43ff6fd\" data-element_type=\"section\">\n\t\t\t\t\t\t<div class=\"elementor-container elementor-column-gap-default\">\n\t\t\t\t\t<div class=\"elementor-column elementor-col-100 elementor-top-column elementor-element elementor-element-0b5dd3e\" data-id=\"0b5dd3e\" data-element_type=\"column\">\n\t\t\t<div class=\"elementor-widget-wrap elementor-element-populated\">\n\t\t\t\t\t\t<div class=\"elementor-element elementor-element-9e8ff64 elementor-widget elementor-widget-text-editor\" data-id=\"9e8ff64\" data-element_type=\"widget\" data-widget_type=\"text-editor.default\">\n\t\t\t\t<div class=\"elementor-widget-container\">\n\t\t\t\t\t\t\t<p>Hoje n\u00f3s temos a festa de S\u00e3o Sim\u00e3o Stock, confessor. Ele era da mais alta nobreza da Inglaterra, e foi prior geral da Ordem do Carmo. Recebeu o Santo Escapul\u00e1rio das m\u00e3os de Nossa Senhora, como sinal da predile\u00e7\u00e3o dEla pela Ordem. Deu o primeiro grande impulso \u00e0 vida ativa em uni\u00e3o com a vida contemplativa carmelitana. S\u00e9culo XIII.<\/p><p><strong>* A Ordem do Carmo, o primeiro fil\u00e3o de devo\u00e7\u00e3o marial no mundo<\/strong><\/p><p>A respeito de S\u00e3o Sim\u00e3o Stock, da Ordem do Carmo, \u00e9 preciso termos bem em mente a import\u00e2ncia da obra desse santo numa linha muito alta das coisas,\u00a0<strong>para compreendermos bem qu\u00e3o grata nos deve ser a festa que hoje se comemora<\/strong>.<span style=\"color: var( --e-global-color-text );\">Sabemos que tendo o Profeta Elias fundado os antecedentes da Ordem do Carmo, ela representou o\u00a0<\/span>primeiro fil\u00e3o da devo\u00e7\u00e3o marial no mundo, e o Profeta Elias<img loading=\"lazy\" decoding=\"async\" class=\" wp-image-6555 alignleft\" src=\"http:\/\/ligadosantorosario.com\/wp-content\/uploads\/Santo-Elias-229x300.jpg\" alt=\"\" width=\"291\" height=\"381\" srcset=\"https:\/\/ligadosantorosario.com\/wp-content\/uploads\/Santo-Elias-229x300.jpg 229w, https:\/\/ligadosantorosario.com\/wp-content\/uploads\/Santo-Elias.jpg 425w\" sizes=\"(max-width: 291px) 100vw, 291px\" \/> repreenta o\u00a0extremo da devo\u00e7\u00e3o a Nossa Senhora, que lutar\u00e1 no fim do mundo contra o Anticristo e contra os \u00faltimos inimigos de Nosso Senhor. E que constitui, portanto, uma esp\u00e9cie de ponte, desde o in\u00edcio da devo\u00e7\u00e3o a Nossa Senhora no mundo \u2013 s\u00e9culos antes de Nossa Senhora ter nascido, at\u00e9 a luta contra os \u00faltimos inimigos de Nossa Senhora, que estar\u00e3o acabando com o Reino de Maria. E contra os quais vai lutar precisamente Santo Elias.<\/p><p>Essa Ordem assim fundada por Santo Elias, na qual, desde muito cedo, se cultivou a verdadeira devo\u00e7\u00e3o de S\u00e3o Lu\u00eds Maria Grignion de Montfort; e o frei Jer\u00f4nimo [carmelita ele pr\u00f3prio, n.d.c.] nos disse que h\u00e1 v\u00e1rios escritores carmelitanos que desenvolvem a teoria da perfeita devo\u00e7\u00e3o a Nossa Senhora em tratados at\u00e9 anteriores a S\u00e3o Lu\u00eds Grignion de Montfort.<\/p><h6><b>20 de julho &#8211; Festa de Santo Elias<\/b><\/h6><p>De maneira que no tempo em que dois mais dois era igual a quatro, os carmelitas consideravam a espiritualidade de S\u00e3o Lu\u00eds Grignion de Montfort como a espiritualidade pr\u00f3pria \u00e0 sua Ordem. Os senhores compreendem, portanto,\u00a0<strong>a import\u00e2ncia que h\u00e1 nesta ponte que se faz, desde os prim\u00f3rdios da devo\u00e7\u00e3o mariana at\u00e9 o fim do mundo<\/strong>,\u00a0<strong>dessa continuidade para o esp\u00edrito ultramontano e para a verdadeira devo\u00e7\u00e3o marial<\/strong>.<\/p><p>Qual foi a emerg\u00eancia diante da qual S\u00e3o Sim\u00e3o Stock foi levado a realizar o seu apostolado?<\/p><p>\u00a0 \u00a0 \u00a0 \u00a0 \u00a0 \u00a0 \u00a0 \u00a0 \u00a0 \u00a0 \u00a0 \u00a0 \u00a0 \u00a0 \u00a0 \u00a0 \u00a0 \u00a0 \u00a0 \u00a0 \u00a0 \u00a0 \u00a0 \u00a0 \u00a0 \u00a0 \u00a0 \u00a0 \u00a0 \u00a0 \u00a0 \u00a0 \u00a0 \u00a0 \u00a0 \u00a0 \u00a0 \u00a0 \u00a0 \u00a0 \u00a0 \u00a0 \u00a0 \u00a0 \u00a0 \u00a0 \u00a0 \u00a0 \u00a0 \u00a0 \u00a0 \u00a0 \u00a0 \u00a0 \u00a0 \u00a0 \u00a0 \u00a0 \u00a0 \u00a0 \u00a0 \u00a0 \u00a0 \u00a0 \u00a0 \u00a0 \u00a0 \u00a0 \u00a0 \u00a0 \u00a0 \u00a0 \u00a0 \u00a0 \u00a0 \u00a0 \u00a0 \u00a0 \u00a0 \u00a0 \u00a0 \u00a0 \u00a0 \u00a0 \u00a0 \u00a0 \u00a0 \u00a0 <strong style=\"color: var( --e-global-color-text );\">* Nas obras que Nossa Senhora ama, quando tudo chega ao ponto de se despeda\u00e7ar, \u00e9 o momento em que Ela reserva para intervir<\/strong><\/p><p>Tinha havido as invas\u00f5es dos sarracenos e a Ordem do Carmo, que existia no Oriente, estava perseguida, enxotada e muitos religiosos ent\u00e3o passaram ao Ocidente, para aqui viver. Por\u00e9m, eles n\u00e3o se aclimatavam. Havia indiferen\u00e7a para com eles, n\u00e3o se compreendia o que eram, estavam meio dispersos. S\u00e3o Sim\u00e3o Stock era o Geral deles, mas n\u00e3o exercia uma autoridade efetiva sobre uma Ordem propriamente constitu\u00edda. Podemos dizer que a Ordem do Carmo estava transformada em destro\u00e7os boiando sobre um mar revolto, e n\u00e3o mais num navio, numa estrutura jur\u00eddica, coesa e uniforme, capaz de conservar um esp\u00edrito, de promover, de o transmitir \u00e0 posteridade etc.<\/p><p>Foi nessa situa\u00e7\u00e3o que ele, que era ingl\u00eas, rezando \u00e0 Nossa Senhora com muita devo\u00e7\u00e3o, pediu que Ela n\u00e3o deixasse que morresse a Ordem do Carmo.<\/p><p>Ent\u00e3o, no auge dessa afli\u00e7\u00e3o em que se encontrava o santo, Nossa Senhora lhe apareceu e deu o escapul\u00e1rio do Carmo, que n\u00e3o \u00e9 propriamente esse \u201cbentinho\u201d que se usa ao pesco\u00e7o, mas \u00e9 aquele escapul\u00e1rio grande da Ordem Terceira, que \u00e9 como que uma libr\u00e9, que se colocava sobre a t\u00fanica.<\/p><p>Com efeito, naquela \u00e9poca se usava ainda muito a t\u00fanica como traje civil comum. E os homens que pertenciam a algu\u00e9m usavam, por cima de sua t\u00fanica, uma esp\u00e9cie de t\u00fanica menor, que tinha a forma de escapul\u00e1rio atual do Carmo. Assim, pela cor e por outras caracter\u00edsticas, se indicava quem era o dono desse homem, a quem ele pertencia. Ent\u00e3o, Nossa Senhora indicou aquilo como Sua libr\u00e9, que eles deveriam p\u00f4r sobre a batina. Ao mesmo tempo, revelou o famoso privil\u00e9gio sabatino, ligado a quem usa o escapul\u00e1rio do Carmo: quem usar esse escapul\u00e1rio piedosamente, tem a gra\u00e7a da perseveran\u00e7a final e vai para o purgat\u00f3rio, se merecer, mas ser\u00e1 liberto no primeiro s\u00e1bado subsequente \u00e0 sua morte.<\/p><p>Depois dessa interven\u00e7\u00e3o de Nossa Senhora, a Ordem come\u00e7ou a florescer, a se desenvolver extraordinariamente e deu na Ordem do Carmo, a qual, por sua vez, deu ao Ocidente &#8211; para mencionar sen\u00e3o tr\u00eas pessoas \u2013 Santa Teresa, a Grande, S\u00e3o Jo\u00e3o da Cruz e Santa Teresinha do Menino Jesus. Ou seja, tr\u00eas s\u00f3is no firmamento da Igreja.<\/p><p>Por\u00e9m,\u00a0<strong>mais do que isso<\/strong>\u00a0\u2013 e eu n\u00e3o hesito em dizer que \u00e9 mais \u2013\u00a0<strong>assegurou a continuidade da Ordem at\u00e9 os presentes dias&#8230;<\/strong>\u00a0 Os senhores est\u00e3o vendo, portanto, uma\u00a0<strong>miss\u00e3o enorme que esse santo cumpriu<\/strong>.<\/p><p>Ele foi o tra\u00e7o entre a vida ocidental e a vida oriental da Ordem. E no momento em que nessa esp\u00e9cie de istmo, entre esses dois continentes hist\u00f3ricos, se adelga\u00e7ava de tal maneira que parecia sumir, precisamente nesse momento Nossa Senhora interv\u00e9m para salvar e dar muito mais do que tinha antes. A Ordem prosperou no Ocidente muito mais do que no Oriente. E com esses dois privil\u00e9gios, proporcionou uma ideia exata de como se deve confiar em Nossa Senhora e de qual \u00e9 o Seu papel nas obras que Ela ama.<\/p><p>Nas obras que Ela ama&#8230; as coisas podem chegar a ponto de se despeda\u00e7ar quase que completamente, se estra\u00e7alhar quase completamente. Tudo fica perdido. Mas \u00e9 o momento que Ela reserva para intervir.<\/p><p>Joseph de Maistre dizia bem isso:\u00a0<strong>as grandes interven\u00e7\u00f5es de Deus s\u00e3o precedidas por uma fase onde tudo fica perdido,\u00a0para ficar inteiramente claro que nenhum socorro humano adianta de nada.<\/strong><\/p><p><strong>Depois que ficou provado que tudo quanto era humano fracassou<\/strong>,\u00a0<strong>na hora da desola\u00e7\u00e3o e do caos, por intercess\u00e3o de<\/strong>\u00a0<strong>Nossa Senhora, Deus interv\u00e9m e salva a situa\u00e7\u00e3o<\/strong>. E foi precisamente o que se deu na vida de S\u00e3o Sim\u00e3o Stock. Quer dizer,\u00a0<strong>uma li\u00e7\u00e3o de confian\u00e7a magn\u00edfica<\/strong>\u00a0que \u00e9 dada para o decurso dos s\u00e9culos.<\/p><p>\u00a0<\/p><p>\u00a0 \u00a0 \u00a0 \u00a0 \u00a0 \u00a0 \u00a0 \u00a0 \u00a0 \u00a0 \u00a0 \u00a0 \u00a0*\u00a0 \u00a0 \u00a0 \u00a0 \u00a0 \u00a0 \u00a0 \u00a0 \u00a0 \u00a0 \u00a0 \u00a0 \u00a0 \u00a0 \u00a0 \u00a0 \u00a0 \u00a0 \u00a0 \u00a0 *\u00a0 \u00a0 \u00a0 \u00a0 \u00a0 \u00a0 \u00a0 \u00a0 \u00a0 \u00a0 \u00a0 \u00a0 \u00a0 \u00a0 \u00a0 \u00a0 \u00a0 \u00a0 \u00a0 \u00a0 \u00a0 \u00a0 \u00a0 \u00a0 *<\/p><p>\u00a0<\/p>\t\t\t\t\t\t<\/div>\n\t\t\t\t<\/div>\n\t\t\t\t\t<\/div>\n\t\t<\/div>\n\t\t\t\t\t<\/div>\n\t\t<\/section>\n\t\t\t\t<section class=\"elementor-section elementor-top-section elementor-element elementor-element-7914114 elementor-section-boxed elementor-section-height-default elementor-section-height-default\" data-id=\"7914114\" data-element_type=\"section\">\n\t\t\t\t\t\t<div class=\"elementor-container elementor-column-gap-default\">\n\t\t\t\t\t<div class=\"elementor-column elementor-col-100 elementor-top-column elementor-element elementor-element-4767fa9\" data-id=\"4767fa9\" data-element_type=\"column\">\n\t\t\t<div class=\"elementor-widget-wrap elementor-element-populated\">\n\t\t\t\t\t\t<div class=\"elementor-element elementor-element-d49d86a elementor-widget elementor-widget-text-editor\" data-id=\"d49d86a\" data-element_type=\"widget\" data-widget_type=\"text-editor.default\">\n\t\t\t\t<div class=\"elementor-widget-container\">\n\t\t\t\t\t\t\t<h3><b>Escapul\u00e1rio \u2013 Origem, privil\u00e9gios e pr\u00e1ticas e algumas observa\u00e7\u00f5es pr\u00e1ticas<\/b><\/h3><p>\u00a0<\/p><p><strong style=\"color: var( --e-global-color-text );\">Tenho ouvido falar muito sobre o Escapul\u00e1rio de Nossa Senhora do Carmo. Mas ningu\u00e9m sabe me explicar o que ele \u00e9 sen\u00e3o mediante generalidades e considera\u00e7\u00f5es imprecisas. Seria poss\u00edvel o Sr. dizer algo preciso sobre sua origem, promessas, condi\u00e7\u00f5es para receb\u00ea-lo? Ouvi dizer que ele serve de prote\u00e7\u00e3o, mesmo contra perigos materiais. \u00c9 isso exato?<\/strong><\/p><p><strong>Resposta:<\/strong><\/p><p>Realmente, o Escapul\u00e1rio do Carmo \u00e9 um penhor da prote\u00e7\u00e3o e do materno carinho de Nossa Senhora para com os homens.<\/p><p><strong><img loading=\"lazy\" decoding=\"async\" src=\"http:\/\/ligadosantorosario.com\/wp-content\/uploads\/g211-4b746ecaa00c37583216144405592531-1024-1024-300x298.png\" alt=\"\" width=\"300\" height=\"298\" \/> <\/strong><\/p><p><strong>O que \u00e9 propriamenteum escapul\u00e1rio?<\/strong><\/p><p>Originariamente, na Idade M\u00e9dia, era uma esp\u00e9cie de avental que ca\u00eda na frente e atr\u00e1s (<em>Scapulae<\/em>), usado sobre a roupa comum, sobretudo por criados ou funcion\u00e1rios de pal\u00e1cios, institui\u00e7\u00f5es etc. A cor, ou certos desenhos nele bordados, indicavam a quem serviam.<\/p><p><strong>Origem do Escapul\u00e1rio Carmelita<\/strong><\/p><p>Como surgiu o Escapul\u00e1rio do Carmo? Aqui \u00e9 preciso expor um pequeno hist\u00f3rico.<\/p><p>A Ordem do Carmo remonta, segundo antiga tradi\u00e7\u00e3o, aos Profetas Elias, Eliseu e seus disc\u00edpulos, estabelecidos no Monte Carmelo, na Palestina. De acordo com essa tradi\u00e7\u00e3o, eles j\u00e1 veneravam Aquela que viria a ser M\u00e3e do Redentor, simbolizada pela nuvenzinha que apareceu quando Elias pedia o fim da seca que assolava a Palestina(cfr. 3Reis 18, 41-45), e da qual caiu a chuva bendita que revivesceu a terra.<\/p><p>Esses eremitas, que viviam em pequenos eremit\u00e9rios, ter-se-iam sucedido atrav\u00e9s das gera\u00e7\u00f5es at\u00e9 que, na Idade M\u00e9dia, quando os mu\u00e7ulmanos conquistaram a Terra Santa, tiveram que fugir para a Europa. L\u00e1 n\u00e3o foram muito bem recebidos pelas outras ordens mendicantes que j\u00e1 existiam. Por isso encontraram grandes dificuldades, passando at\u00e9 pelo risco de extin\u00e7\u00e3o.<\/p><p>Foi nessa ocasi\u00e3o que o carmelita ingl\u00eas Sim\u00e3o Stock, homem penitente e de muita santidade, foi eleito Superior Geral. Angustiado com a situa\u00e7\u00e3o em que se encontravam os carmelitas, come\u00e7ou a suplicar incessantemente a Nossa Senhora que protegesse sua Ordem.<\/p><p>Exatamente no dia 16 de Julho de 1251, quando o Santo rezava mais fervorosamente em seu convento de Cambridge (Inglaterra), apareceu-lhe a M\u00e3e de Deus revestida do h\u00e1bito carmelitano, portanto o menino Jesus e apresentando-lhe um escapul\u00e1rio. O nome Escapul\u00e1rio vem da palavra latina \u201cScapulae\u201d, que significa ombros. \u00c9 o nome dado \u00e0 pe\u00e7a do h\u00e1bito religioso, que pende dos ombros, caindo sobre a parte anterior e o dorso da t\u00fanica de quem o porta.<\/p><p>\u201cRecebe, car\u00edssimo filho,\u201d disse Ela, \u201ceste Escapul\u00e1rio da tua Ordem, sinal de minha confraternidade, privil\u00e9gio para ti e para todos os carmelitas. Todo aquele que morrer com ele revestido, n\u00e3o arder\u00e1 nas chamas do Inferno. Ele \u00e9, pois, um sinal de salva\u00e7\u00e3o, uma seguran\u00e7a de paz e de eterna alian\u00e7a\u201d. \u00c9 a primeira Promessa, chamada \u201cGrande Promessa\u201d.<\/p><p>Quando se tornou p\u00fablica essa prova de predile\u00e7\u00e3o da Sant\u00edssima Virgem em rela\u00e7\u00e3o \u00e0 Ordem Carmelita, esta come\u00e7ou a florescer.<\/p><p>No s\u00e9culo seguinte, em 1314, a M\u00e3e de Deus apareceu novamente, desta vez ao Papa Jo\u00e3o XXII, confirmando sua especial prote\u00e7\u00e3o aos que usassem o escapul\u00e1rio, e prometendo ainda que os livraria do purgat\u00f3rio no primeiro s\u00e1bado ap\u00f3s a morte. \u00c9 a segunda Promessa, chamada \u201cPrivil\u00e9gio Sabatino\u201d.<\/p><p>Isso levou Pont\u00edfices, Monarcas, religiosos de outras Ordens e pessoas de todas as condi\u00e7\u00f5es a querer participar desse privil\u00e9gio, recebendo o escapul\u00e1rio como um s\u00edmbolo de devo\u00e7\u00e3o a Maria e de Sua salvaguarda contra os inimigos da alma e do corpo. Pio XII chegou a afirmar, em carta aos carmelitas em prepara\u00e7\u00e3o para o s\u00e9timo centen\u00e1rio da entrega do Escapul\u00e1rio a S\u00e3o Sim\u00e3o Stock\u00a0que, dentre as devo\u00e7\u00f5es exteriores \u00e0 M\u00e3e de Deus, \u201c<em>devemos colocar em primeiro lugar a devo\u00e7\u00e3o ao Escapul\u00e1rio de Nossa Senhora do Carmo que, pela sua simplicidade, ao alcance de todos, e pelos abundantes frutos de santifica\u00e7\u00e3o, se encontra extensamente divulgada entre os f\u00e9is crist\u00e3os<\/em>\u201c.<\/p><p><strong>Privil\u00e9gios concedidos<\/strong><\/p><p>Podemos dividir os privil\u00e9gios ligados ao escapul\u00e1rio do Carmo em duas partes:<\/p><p><strong>1<\/strong>\u00a0\u2013 morte em estado de gra\u00e7a para aqueles que o tiverem trazido piedosamente durante a vida e com ele morrido (promessa a S\u00e3o Sim\u00e3o Stock);<\/p><p><strong>2<\/strong>\u00a0\u2013 o chamado \u201cPrivil\u00e9gio Sabatino\u201d. Nossa Senhora tiraria do Purgat\u00f3rio no primeiro s\u00e1bado ap\u00f3s a morte (promessa ao Papa Jo\u00e3o XXII):<\/p><p>a \u2013 os que tiverem trazido piedosamente o escapul\u00e1rio e com ele morrido;<\/p><p>b \u2013 tivessem guardado com esmero a castidade segundo seu estado;<\/p><p>c \u2013 tivessem rezado diariamente o Of\u00edcio Menor de Nossa Senhora ou as ora\u00e7\u00f5es prescritas pelo sacerdote que imp\u00f4s o escapul\u00e1rio;<\/p><p><strong>Quais s\u00e3o as condi\u00e7\u00f5es para se merecer esses privil\u00e9gios?<\/strong><\/p><p>\u00c9 preciso receber o escapul\u00e1rio de um sacerdote que tenha autoridade para imp\u00f4-lo e port\u00e1-lo piedosamente at\u00e9 a hora da morte. At\u00e9 mesmo ao pecadores pode ser imposto! Ser-lhes-\u00e1 um grande penhor de convers\u00e3o.<\/p><p><strong>Algumas observa\u00e7\u00f5es pr\u00e1ticas<\/strong><\/p><p>O escapul\u00e1rio deve ser de tecido de pura l\u00e1, marrom. N\u00e3o pode assim ser de feltro, algod\u00e3o ou de tecidos sint\u00e9ticos. O cord\u00e3o, entretanto, pode ser de outro tecido e cor.<\/p><p>Somente o primeiro escapul\u00e1rio que se recebe deve ser bento por um sacerdote com poder para isso. Os outros, n\u00e3o. A pessoa mesmo pode faz\u00ea-lo e coloc\u00e1-lo ao pesco\u00e7o sem necessidade de mandar benz\u00ea-lo.<\/p><p>Ele deve ser usado ao pesco\u00e7o de maneira que parte caia sobre o peito, e parte sobre as costas. \u201cO Escapul\u00e1rio no bolso nada vale e n\u00e3o protege\u201d afirmava Pio XII. Aqueles que tenham alergia a l\u00e1 ou outro inconveniente para usar o escapul\u00e1rio, poder\u00e3o usar uma medalha benta correspondente, mas ap\u00f3s ter-lhe sido imposto o escapul\u00e1rio de l\u00e1 (privil\u00e9gio concedido pelo Papa S\u00e3o Pio X em dezembro de 1910). Mas, o mesmo Santo Pont\u00edfice recomendava a todos os fi\u00e9is a continuar usando o Escapul\u00e1rio de l\u00e1, como foi revelado por Nossa Senhora.<\/p><p><strong>\u201cPenhor e sinal de salva\u00e7\u00e3o\u201d<\/strong><\/p><p>O escapul\u00e1rio representa um grande tesouro, como afirmou o Papa Pio XII: \u201cN\u00e3o \u00e9 coisa de pequena import\u00e2ncia procurar-se a aquisi\u00e7\u00e3o da vida eterna, segundo a tradicional promessa da Virgem sant\u00edssima; trata-se, com efeito, da empresa mais importante e do modo mais seguro de a levar a cabo\u201d.<\/p><p>Santo Afonso Maria de Lig\u00f3rio, Doutor da Igreja, n\u00e3o s\u00f3 o trazia consigo, como o louva em seus livros e o recomendava a todos como sinal de santidade e fortaleza. Dizia que, quando somos tentados, devemos apertar o santo escapul\u00e1rio com as m\u00e3os para que o dem\u00f4nio deixe de nos atormentar.<\/p><p>E o Beato Cl\u00e1udio de la Colombi\u00e8re, confessor de Santa Margarida Maria Alacquoque, confidente do Sagrado Cora\u00e7\u00e3o de Jesus, afirmava:<\/p><p>\u201cCreio que \u00e0s vantagens que se atribuem aos devotos de Maria, se podem acrescentar outras mais not\u00e1veis em favor dos confrades do Carmo, que s\u00e3o todos os que usam o escapul\u00e1rio. E prosseguia: \u201cN\u00e3o; n\u00e3o basta dizer que o Escapul\u00e1rio \u00e9 um sinal de salva\u00e7\u00e3o. Eu estou certo de que n\u00e3o h\u00e1 outro que fa\u00e7a nossa predestina\u00e7\u00e3o t\u00e3o certa como este do Escapul\u00e1rio, e sob o qual nos devemos acolher com o maior zelo e \u201cconst\u00e2ncia\u201d.<\/p><p>Um grande ap\u00f3stolo da devo\u00e7\u00e3o ao escapul\u00e1rio foi o Servo de Deus, Pe. Francisco Rodrigues da Cruz, o mesmo que foi um dos primeiros a crer nas Apari\u00e7\u00f5es de F\u00e1tima (Dr. Formig\u00e3o) deu a Primeira Comunh\u00e3o a L\u00facia e ensinou muitas ora\u00e7\u00f5es e jaculat\u00f3rias aos tr\u00eas pastorinhos recomendava \u00e0queles a quem ele impunha o escapul\u00e1rio que o osculassem todos os dias de macha, rezando tr\u00eas ave-marias, e pedindo a Nossa Senhora a gra\u00e7a de n\u00e3o cair em pecado grave naquele dia (Cfr. Pe. Jos\u00e9 Leite, Santos de cada Dia, Editorial A. O., Braga, 1987, 3. Vol. P. 427). Faz bem lembrar que na \u00faltima apari\u00e7\u00e3o de Nossa Senhora em F\u00e1tima, a M\u00e3e de Deus apareceu revestida do h\u00e1bito carmelitano.<\/p><p>Este \u201c<em>sinal certo de salva\u00e7\u00e3o<\/em>\u201c, passaporte seguro para o C\u00e9u, n\u00e3o pode prestar-se a abusos? Infelizmente sim, como todas as coisas neste nosso vale de l\u00e1grimas. Por isso o mesmo Papa Pio XII alertava:<\/p><p>\u201cN\u00e3o julgue quem o usar que pode conseguir a vida eterna abandonando-se \u00e0 indol\u00eancia e \u00e0 pregui\u00e7a espiritual\u201d.<\/p><p>Quantos casos houve de pessoas que, abusando dessa promessa, levavam uma vida depravada, gabando-se de que se salvariam porque usavam o escapul\u00e1rio, e que, no momento da morte o tiveram arrancado do pesco\u00e7o por algum acidente ou por si pr\u00f3prios nos estertores da agonia!<\/p><p>Entretanto, se ele n\u00e3o \u00e9 passaporte infal\u00edvel para quem o usa indignamente e com presun\u00e7\u00e3o, pode servir de grande meio de convers\u00e3o, movendo almas empedernidas ao arrependimento e ao amor de Deus. Conta-se de convers\u00f5es obtidas na hora da morte unicamente ao impor-se ao moribundo o escapul\u00e1rio do Carmo.<\/p><p>Por isso, n\u00e3o s\u00f3 usemos piedosamente o escapul\u00e1rio, mas sejamos tamb\u00e9m seus propagadores.<\/p><p>\u00a0<\/p><p><span style=\"font-weight: bolder;\">Mat\u00e9ria extra\u00edda da revista Catolicismo de Julho de 1988<\/span><\/p>\t\t\t\t\t\t<\/div>\n\t\t\t\t<\/div>\n\t\t\t\t\t<\/div>\n\t\t<\/div>\n\t\t\t\t\t<\/div>\n\t\t<\/section>\n\t\t\t\t<\/div>\n\t\t","protected":false},"excerpt":{"rendered":"<p>&nbsp; Pl\u00ednio Corr\u00eaa de Oliveira &nbsp; S\u00e3o Sim\u00e3o Stock e a&nbsp;Ordem do Carmo,o primeiro fil\u00e3o dedevo\u00e7\u00e3o marial no mundo Santo do Dia, 16 de maio de 1966&nbsp; &nbsp; &nbsp; &nbsp; &nbsp; &nbsp; &nbsp; &nbsp; &nbsp; &nbsp; &nbsp; &nbsp; &nbsp; &nbsp; &nbsp; &nbsp; &nbsp; &nbsp; &nbsp; &nbsp; &nbsp; &nbsp; &nbsp; &nbsp; &nbsp; &nbsp; &nbsp; &nbsp; &nbsp; &nbsp; &nbsp; &nbsp; &nbsp; &nbsp; &nbsp; &nbsp; &nbsp; &nbsp; &nbsp; &nbsp; &nbsp; &nbsp; &nbsp; &nbsp; &nbsp; &nbsp; &nbsp; &nbsp; &nbsp; &nbsp; &nbsp; &nbsp; &nbsp; &nbsp; &nbsp; &nbsp; &nbsp; &nbsp; &nbsp; &nbsp; &nbsp; &nbsp; &nbsp; &nbsp; &nbsp; &nbsp; &nbsp; &nbsp; &nbsp; &nbsp; &nbsp; &nbsp; &nbsp; &nbsp;&#8230;<\/p>\n","protected":false},"author":1,"featured_media":0,"comment_status":"open","ping_status":"open","sticky":false,"template":"","format":"standard","meta":{"jetpack_post_was_ever_published":false,"_jetpack_newsletter_access":"","_jetpack_dont_email_post_to_subs":false,"_jetpack_newsletter_tier_id":0,"footnotes":""},"categories":[1],"tags":[],"jetpack_sharing_enabled":true,"jetpack_featured_media_url":"","_links":{"self":[{"href":"https:\/\/ligadosantorosario.com\/index.php?rest_route=\/wp\/v2\/posts\/6529"}],"collection":[{"href":"https:\/\/ligadosantorosario.com\/index.php?rest_route=\/wp\/v2\/posts"}],"about":[{"href":"https:\/\/ligadosantorosario.com\/index.php?rest_route=\/wp\/v2\/types\/post"}],"author":[{"embeddable":true,"href":"https:\/\/ligadosantorosario.com\/index.php?rest_route=\/wp\/v2\/users\/1"}],"replies":[{"embeddable":true,"href":"https:\/\/ligadosantorosario.com\/index.php?rest_route=%2Fwp%2Fv2%2Fcomments&post=6529"}],"version-history":[{"count":45,"href":"https:\/\/ligadosantorosario.com\/index.php?rest_route=\/wp\/v2\/posts\/6529\/revisions"}],"predecessor-version":[{"id":6596,"href":"https:\/\/ligadosantorosario.com\/index.php?rest_route=\/wp\/v2\/posts\/6529\/revisions\/6596"}],"wp:attachment":[{"href":"https:\/\/ligadosantorosario.com\/index.php?rest_route=%2Fwp%2Fv2%2Fmedia&parent=6529"}],"wp:term":[{"taxonomy":"category","embeddable":true,"href":"https:\/\/ligadosantorosario.com\/index.php?rest_route=%2Fwp%2Fv2%2Fcategories&post=6529"},{"taxonomy":"post_tag","embeddable":true,"href":"https:\/\/ligadosantorosario.com\/index.php?rest_route=%2Fwp%2Fv2%2Ftags&post=6529"}],"curies":[{"name":"wp","href":"https:\/\/api.w.org\/{rel}","templated":true}]}}