{"id":753,"date":"2023-07-19T02:48:18","date_gmt":"2023-07-19T02:48:18","guid":{"rendered":"https:\/\/ligadosantorosario.com\/?p=753"},"modified":"2023-07-19T02:57:12","modified_gmt":"2023-07-19T02:57:12","slug":"infalibilidade-papal-e-a-impecabilidade","status":"publish","type":"post","link":"https:\/\/ligadosantorosario.com\/?p=753","title":{"rendered":"Infalibilidade papal e a impecabilidade"},"content":{"rendered":"\t\t<div data-elementor-type=\"wp-post\" data-elementor-id=\"753\" class=\"elementor elementor-753\" data-elementor-post-type=\"post\">\n\t\t\t\t\t\t<section class=\"elementor-section elementor-top-section elementor-element elementor-element-ee8644e elementor-section-boxed elementor-section-height-default elementor-section-height-default\" data-id=\"ee8644e\" data-element_type=\"section\">\n\t\t\t\t\t\t<div class=\"elementor-container elementor-column-gap-default\">\n\t\t\t\t\t<div class=\"elementor-column elementor-col-100 elementor-top-column elementor-element elementor-element-bd7cfdb\" data-id=\"bd7cfdb\" data-element_type=\"column\">\n\t\t\t<div class=\"elementor-widget-wrap elementor-element-populated\">\n\t\t\t\t\t\t<div class=\"elementor-element elementor-element-48f2b08 elementor-widget elementor-widget-spacer\" data-id=\"48f2b08\" data-element_type=\"widget\" data-widget_type=\"spacer.default\">\n\t\t\t\t<div class=\"elementor-widget-container\">\n\t\t\t<style>\/*! elementor - v3.23.0 - 05-08-2024 *\/\n.elementor-column .elementor-spacer-inner{height:var(--spacer-size)}.e-con{--container-widget-width:100%}.e-con-inner>.elementor-widget-spacer,.e-con>.elementor-widget-spacer{width:var(--container-widget-width,var(--spacer-size));--align-self:var(--container-widget-align-self,initial);--flex-shrink:0}.e-con-inner>.elementor-widget-spacer>.elementor-widget-container,.e-con>.elementor-widget-spacer>.elementor-widget-container{height:100%;width:100%}.e-con-inner>.elementor-widget-spacer>.elementor-widget-container>.elementor-spacer,.e-con>.elementor-widget-spacer>.elementor-widget-container>.elementor-spacer{height:100%}.e-con-inner>.elementor-widget-spacer>.elementor-widget-container>.elementor-spacer>.elementor-spacer-inner,.e-con>.elementor-widget-spacer>.elementor-widget-container>.elementor-spacer>.elementor-spacer-inner{height:var(--container-widget-height,var(--spacer-size))}.e-con-inner>.elementor-widget-spacer.elementor-widget-empty,.e-con>.elementor-widget-spacer.elementor-widget-empty{position:relative;min-height:22px;min-width:22px}.e-con-inner>.elementor-widget-spacer.elementor-widget-empty .elementor-widget-empty-icon,.e-con>.elementor-widget-spacer.elementor-widget-empty .elementor-widget-empty-icon{position:absolute;top:0;bottom:0;left:0;right:0;margin:auto;padding:0;width:22px;height:22px}<\/style>\t\t<div class=\"elementor-spacer\">\n\t\t\t<div class=\"elementor-spacer-inner\"><\/div>\n\t\t<\/div>\n\t\t\t\t<\/div>\n\t\t\t\t<\/div>\n\t\t\t\t\t<\/div>\n\t\t<\/div>\n\t\t\t\t\t<\/div>\n\t\t<\/section>\n\t\t\t\t<section class=\"elementor-section elementor-top-section elementor-element elementor-element-da0f5ba elementor-section-boxed elementor-section-height-default elementor-section-height-default\" data-id=\"da0f5ba\" data-element_type=\"section\">\n\t\t\t\t\t\t<div class=\"elementor-container elementor-column-gap-default\">\n\t\t\t\t\t<div class=\"elementor-column elementor-col-100 elementor-top-column elementor-element elementor-element-f44c52d\" data-id=\"f44c52d\" data-element_type=\"column\">\n\t\t\t<div class=\"elementor-widget-wrap elementor-element-populated\">\n\t\t\t\t\t\t<div class=\"elementor-element elementor-element-9691bcc elementor-widget elementor-widget-text-editor\" data-id=\"9691bcc\" data-element_type=\"widget\" data-widget_type=\"text-editor.default\">\n\t\t\t\t<div class=\"elementor-widget-container\">\n\t\t\t<style>\/*! elementor - v3.23.0 - 05-08-2024 *\/\n.elementor-widget-text-editor.elementor-drop-cap-view-stacked .elementor-drop-cap{background-color:#69727d;color:#fff}.elementor-widget-text-editor.elementor-drop-cap-view-framed .elementor-drop-cap{color:#69727d;border:3px solid;background-color:transparent}.elementor-widget-text-editor:not(.elementor-drop-cap-view-default) .elementor-drop-cap{margin-top:8px}.elementor-widget-text-editor:not(.elementor-drop-cap-view-default) .elementor-drop-cap-letter{width:1em;height:1em}.elementor-widget-text-editor .elementor-drop-cap{float:left;text-align:center;line-height:1;font-size:50px}.elementor-widget-text-editor .elementor-drop-cap-letter{display:inline-block}<\/style>\t\t\t\t<p>Nos tempos em que vivemos muitas d\u00favidas pairam no ar e h\u00e1 um s\u00e9rie de perguntas as quais nos fazemos e esperamos do magist\u00e9rio da Igreja uma reposta latente.<\/p>\n<p>Nesse artigo, transcrito de maneira literal do site do Instituto Plinio Correa de Oliveira, o autor Gustavo Solimeo, em breves palavras nos d\u00e1 luz sobre um tema indispens\u00e1vel para todo cat\u00f3lico: a Infalibilidade papal.<\/p>\n<p><\/p>\t\t\t\t\t\t<\/div>\n\t\t\t\t<\/div>\n\t\t\t\t\t<\/div>\n\t\t<\/div>\n\t\t\t\t\t<\/div>\n\t\t<\/section>\n\t\t\t\t<section class=\"elementor-section elementor-top-section elementor-element elementor-element-91dd426 elementor-section-boxed elementor-section-height-default elementor-section-height-default\" data-id=\"91dd426\" data-element_type=\"section\">\n\t\t\t\t\t\t<div class=\"elementor-container elementor-column-gap-default\">\n\t\t\t\t\t<div class=\"elementor-column elementor-col-100 elementor-top-column elementor-element elementor-element-ad7a0f2\" data-id=\"ad7a0f2\" data-element_type=\"column\">\n\t\t\t<div class=\"elementor-widget-wrap elementor-element-populated\">\n\t\t\t\t\t\t<div class=\"elementor-element elementor-element-9708abb elementor-widget elementor-widget-spacer\" data-id=\"9708abb\" data-element_type=\"widget\" data-widget_type=\"spacer.default\">\n\t\t\t\t<div class=\"elementor-widget-container\">\n\t\t\t\t\t<div class=\"elementor-spacer\">\n\t\t\t<div class=\"elementor-spacer-inner\"><\/div>\n\t\t<\/div>\n\t\t\t\t<\/div>\n\t\t\t\t<\/div>\n\t\t\t\t\t<\/div>\n\t\t<\/div>\n\t\t\t\t\t<\/div>\n\t\t<\/section>\n\t\t\t\t<section class=\"elementor-section elementor-top-section elementor-element elementor-element-29f6f3e elementor-section-boxed elementor-section-height-default elementor-section-height-default\" data-id=\"29f6f3e\" data-element_type=\"section\">\n\t\t\t\t\t\t<div class=\"elementor-container elementor-column-gap-default\">\n\t\t\t\t\t<div class=\"elementor-column elementor-col-100 elementor-top-column elementor-element elementor-element-4dfa85c\" data-id=\"4dfa85c\" data-element_type=\"column\">\n\t\t\t<div class=\"elementor-widget-wrap elementor-element-populated\">\n\t\t\t\t\t\t<div class=\"elementor-element elementor-element-43801bb elementor-widget elementor-widget-heading\" data-id=\"43801bb\" data-element_type=\"widget\" data-widget_type=\"heading.default\">\n\t\t\t\t<div class=\"elementor-widget-container\">\n\t\t\t<style>\/*! elementor - v3.23.0 - 05-08-2024 *\/\n.elementor-heading-title{padding:0;margin:0;line-height:1}.elementor-widget-heading .elementor-heading-title[class*=elementor-size-]>a{color:inherit;font-size:inherit;line-height:inherit}.elementor-widget-heading .elementor-heading-title.elementor-size-small{font-size:15px}.elementor-widget-heading .elementor-heading-title.elementor-size-medium{font-size:19px}.elementor-widget-heading .elementor-heading-title.elementor-size-large{font-size:29px}.elementor-widget-heading .elementor-heading-title.elementor-size-xl{font-size:39px}.elementor-widget-heading .elementor-heading-title.elementor-size-xxl{font-size:59px}<\/style><h2 class=\"elementor-heading-title elementor-size-default\">N\u00e3o confundamos infalibilidade papal com impecabilidade<\/h2>\t\t<\/div>\n\t\t\t\t<\/div>\n\t\t\t\t\t<\/div>\n\t\t<\/div>\n\t\t\t\t\t<\/div>\n\t\t<\/section>\n\t\t\t\t<section class=\"elementor-section elementor-top-section elementor-element elementor-element-41da7ec elementor-section-boxed elementor-section-height-default elementor-section-height-default\" data-id=\"41da7ec\" data-element_type=\"section\">\n\t\t\t\t\t\t<div class=\"elementor-container elementor-column-gap-default\">\n\t\t\t\t\t<div class=\"elementor-column elementor-col-100 elementor-top-column elementor-element elementor-element-79169cb\" data-id=\"79169cb\" data-element_type=\"column\">\n\t\t\t<div class=\"elementor-widget-wrap elementor-element-populated\">\n\t\t\t\t\t\t<div class=\"elementor-element elementor-element-7ff2570 elementor-widget elementor-widget-text-editor\" data-id=\"7ff2570\" data-element_type=\"widget\" data-widget_type=\"text-editor.default\">\n\t\t\t\t<div class=\"elementor-widget-container\">\n\t\t\t\t\t\t\t<p>Por Gustavo Solimeo<\/p>\t\t\t\t\t\t<\/div>\n\t\t\t\t<\/div>\n\t\t\t\t\t<\/div>\n\t\t<\/div>\n\t\t\t\t\t<\/div>\n\t\t<\/section>\n\t\t\t\t<section class=\"elementor-section elementor-top-section elementor-element elementor-element-293e021 elementor-section-boxed elementor-section-height-default elementor-section-height-default\" data-id=\"293e021\" data-element_type=\"section\">\n\t\t\t\t\t\t<div class=\"elementor-container elementor-column-gap-default\">\n\t\t\t\t\t<div class=\"elementor-column elementor-col-100 elementor-top-column elementor-element elementor-element-4beddbf\" data-id=\"4beddbf\" data-element_type=\"column\">\n\t\t\t<div class=\"elementor-widget-wrap elementor-element-populated\">\n\t\t\t\t\t\t<div class=\"elementor-element elementor-element-653c2c2 elementor-widget elementor-widget-text-editor\" data-id=\"653c2c2\" data-element_type=\"widget\" data-widget_type=\"text-editor.default\">\n\t\t\t\t<div class=\"elementor-widget-container\">\n\t\t\t\t\t\t\t<p>H\u00e1 muita confus\u00e3o sobre a natureza e o alcance do carisma da infalibilidade do Papa.<\/p>\n<p>Muitos cat\u00f3licos com instru\u00e7\u00e3o religiosa m\u00e9dia pensam que o Romano Pont\u00edfice \u00e9 infal\u00edvel em tudo o que diz ou faz. No entanto, n\u00e3o \u00e9 isso que a doutrina cat\u00f3lica afirma.<\/p>\n<p>Dois Conceitos Diferentes Que S\u00e3o Frequentemente Confundidos<\/p>\n<p>Assim, a maioria dos cat\u00f3licos confunde infalibilidade e impecabilidade. Na realidade, trata-se de dois privil\u00e9gios distintos:<\/p>\n<p>Infalibilidade \u00e9 imunidade a erros.<\/p>\n<p>Impecabilidade \u00e9 isen\u00e7\u00e3o da capacidade de pecar; \u00e9 ser incapaz de pecar.<\/p>\n<p>A primeira (infalibilidade) foi concedida ao Papa; a segunda (impecabilidade) n\u00e3o o foi.<\/p>\n<p>S\u00f3 Nossa Senhora recebeu esse privil\u00e9gio \u00fanico. Tendo sido concebida sem pecado original e confirmada em gra\u00e7a, Ela era incapaz de cometer um pecado grave. E, pela dignidade de M\u00e3e de Deus, foi-lhe tamb\u00e9m dado o dom da isen\u00e7\u00e3o da mais pequena imperfei\u00e7\u00e3o.<\/p>\n<p>Nem mesmo S\u00e3o Pedro \u2012 &nbsp;o primeiro Papa e Ap\u00f3stolo \u2012 &nbsp;foi isento das fraquezas devidas ao pecado original, como no epis\u00f3dio mencionado na Ep\u00edstola aos G\u00e1latas, quando S\u00e3o Paulo \u201cresistiu-lhe em face\u201d (Gal. 2, 11), por causa de certas medidas disciplinares amb\u00edguas, devidas a suas defici\u00eancias e fraquezas humanas.<\/p><p><br><\/p>\n<h4><b>As condi\u00e7\u00f5es necess\u00e1rias para a infalibilidade<\/b><\/h4><div><b><br><\/b><\/div>\n<p>Assim, nem tudo o que os Papas dizem ou fazem \u00e9 infal\u00edvel. Certas condi\u00e7\u00f5es devem ser satisfeitas para que uma declara\u00e7\u00e3o seja em si infal\u00edvel.<\/p>\n<p>A Constitui\u00e7\u00e3o Pastor Aeternus do Conc\u00edlio Vaticano I (1869-1870), cont\u00e9m a defini\u00e7\u00e3o de infalibilidade papal. O documento afirma que o Papa \u00e9 infal\u00edvel&nbsp;\u201cquando fala ex cathedra, isto \u00e9, quando, no desempenho do minist\u00e9rio de Pastor e Doutor de todos os crist\u00e3os, define com sua suprema autoridade apost\u00f3lica alguma doutrina referente \u00e0 f\u00e9 e \u00e0 moral para toda a Igreja, em virtude da assist\u00eancia divina prometida a ele na pessoa de S\u00e3o Pedro\u201d.1<\/p>\n<p>H\u00e1, portanto, quatro condi\u00e7\u00f5es necess\u00e1rias para que um pronunciamento do Magist\u00e9rio Pontif\u00edcio seja infal\u00edvel:<\/p>\n<p>Que o Papa fale como Doutor e Pastor universal;<br>Que ele use a plenitude da sua autoridade apost\u00f3lica;<br>Que ele expresse a vontade de definir;<br>Que a mat\u00e9ria definida trate da F\u00e9 ou da moral.<br>Qualquer pronunciamento que n\u00e3o cumpra esses quatro requisitos n\u00e3o goza de imunidade ao erro. Naturalmente, estas quatro condi\u00e7\u00f5es n\u00e3o est\u00e3o presentes na maioria dos atos e documentos do Magist\u00e9rio Pontif\u00edcio Ordin\u00e1rio. Muito menos nas palavras, gestos e atitudes dos Papas na sua vida quotidiana.<\/p><p><br><\/p>\n<h4><b>Ver a Igreja como Ela \u00e9<\/b><\/h4><div><b><br><\/b><\/div>\n<p>Al\u00e9m disso, a infalibilidade \u00e9 uma faculdade que reside na pessoa do Papa, que \u00e9 dotado de intelig\u00eancia e livre arb\u00edtrio. Ele pode ou n\u00e3o usar desse poder como quiser.<\/p>\n<p>A mesma Constitui\u00e7\u00e3o Pastor Aeternus estabelece os limites da infalibilidade papal:<\/p>\n<p>\u201cO Esp\u00edrito Santo n\u00e3o foi prometido aos sucessores de S. Pedro para que estes, sob a revela\u00e7\u00e3o do mesmo, pregassem uma nova doutrina, mas para que, com a sua assist\u00eancia, conservassem santamente e expusessem fielmente o dep\u00f3sito da f\u00e9, ou seja, a revela\u00e7\u00e3o herdada dos Ap\u00f3stolos.\u201d2<\/p>\n<p>Assim, os fi\u00e9is devem considerar a Igreja como Nosso Senhor Jesus Cristo a fez e a estabeleceu, n\u00e3o como eles a imaginam ser. Os cat\u00f3licos piedosos devem conhec\u00ea-la, am\u00e1-la, admir\u00e1-la e vener\u00e1-la como Ela realmente \u00e9: o Corpo M\u00edstico de Cristo. Os fi\u00e9is devem admirar a Igreja na infalibilidade dos Seus dogmas, na santidade dos Seus sacramentos, na Sua unidade e na catolicidade da Sua miss\u00e3o. Este amor, admira\u00e7\u00e3o e rever\u00eancia, por\u00e9m, n\u00e3o devem lev\u00e1-los a tentar esconder as defici\u00eancias e imperfei\u00e7\u00f5es que possam existir em Seu elemento humano.<\/p><p><br><\/p>\n<h4><b>O Elemento Humano N\u00e3o Obscurece o Divino<\/b><\/h4><div><b><br><\/b><\/div>\n<p>De fato, Cristo permite tais defici\u00eancias, como afirma o Papa Pio XII:<\/p>\n<p>\u201cE se \u00e0s vezes na Igreja se v\u00ea algo em que se manifesta a fraqueza humana, isso n\u00e3o deve atribuir-se a sua constitui\u00e7\u00e3o jur\u00eddica, mas \u00e0quela lament\u00e1vel inclina\u00e7\u00e3o do homem para o mal, que seu divino Fundador \u00e0s vezes permite at\u00e9 nos membros mais altos do seu Corpo m\u00edstico para provar a virtude das ovelhas e dos pastores e para que em todos cres\u00e7am os m\u00e9ritos da f\u00e9 crist\u00e3\u201d.3<\/p>\n<p>A pr\u00f3pria Igreja, na Ladainha de Todos Santos, reconhece esta possibilidade de desvio do reto caminho, quando convida os fi\u00e9is a rezar para que o Santo Padre e os outros Pastores n\u00e3o se afastem da verdadeira religi\u00e3o:<\/p>\n<p><\/p>\n<p>V. Ut domnum Apostolicum et omnes ecclesiasticos ordines in sancta religione conservare digneris,<br>R. Te rogamus, audi nos. V. Que Vos digneis conservar na vossa santa religi\u00e3o o Sumo Pont\u00edfice e todas as ordens da Hierarquia eclesi\u00e1stica,<br>R. N\u00f3s vos rogamos, ouvi-nos.<\/p>\n<p><\/p>\n<p>Assim, o elemento humano da Igreja pode falhar e at\u00e9 falhar gravemente, uma vez que o Papa e a hierarquia n\u00e3o s\u00e3o dotados de impecabilidade. Como seres humanos, eles s\u00e3o capazes de pecar, pois, sendo dotados de livre arb\u00edtrio, podem aceitar ou rejeitar as a\u00e7\u00f5es da gra\u00e7a. No entanto, a falta de impecabilidade papal n\u00e3o afeta a infalibilidade papal, nos termos acima descritos.<\/p>\n<p>Em meio \u00e0 crise atual, os fi\u00e9is devem sempre respeitar a Hierarquia Sagrada, aderir incondicionalmente \u00e0 verdadeira F\u00e9 e amar com extrema dedica\u00e7\u00e3o a Igreja, Aquela que \u00e9 completamente pura e imaculada em Sua constitui\u00e7\u00e3o divina e em Sua realidade m\u00edstica e sobrenatural, sendo como \u00e9 a Esposa de Cristo.<\/p>\t\t\t\t\t\t<\/div>\n\t\t\t\t<\/div>\n\t\t\t\t\t<\/div>\n\t\t<\/div>\n\t\t\t\t\t<\/div>\n\t\t<\/section>\n\t\t\t\t<section class=\"elementor-section elementor-top-section elementor-element elementor-element-cbbca62 elementor-section-boxed elementor-section-height-default elementor-section-height-default\" data-id=\"cbbca62\" data-element_type=\"section\">\n\t\t\t\t\t\t<div class=\"elementor-container elementor-column-gap-default\">\n\t\t\t\t\t<div class=\"elementor-column elementor-col-100 elementor-top-column elementor-element elementor-element-5b2a970\" data-id=\"5b2a970\" data-element_type=\"column\">\n\t\t\t<div class=\"elementor-widget-wrap elementor-element-populated\">\n\t\t\t\t\t\t<div class=\"elementor-element elementor-element-6febbd5 elementor-widget elementor-widget-image\" data-id=\"6febbd5\" data-element_type=\"widget\" data-widget_type=\"image.default\">\n\t\t\t\t<div class=\"elementor-widget-container\">\n\t\t\t<style>\/*! elementor - v3.23.0 - 05-08-2024 *\/\n.elementor-widget-image{text-align:center}.elementor-widget-image a{display:inline-block}.elementor-widget-image a img[src$=\".svg\"]{width:48px}.elementor-widget-image img{vertical-align:middle;display:inline-block}<\/style>\t\t\t\t\t\t\t<figure class=\"wp-caption\">\n\t\t\t\t\t\t\t\t\t\t<img fetchpriority=\"high\" decoding=\"async\" width=\"194\" height=\"260\" src=\"https:\/\/ligadosantorosario.com\/wp-content\/uploads\/PIOIX.jpg\" class=\"attachment-large size-large wp-image-759\" alt=\"\" \/>\t\t\t\t\t\t\t\t\t\t\t<figcaption class=\"widget-image-caption wp-caption-text\">Papa Pio IX<\/figcaption>\n\t\t\t\t\t\t\t\t\t\t<\/figure>\n\t\t\t\t\t\t\t<\/div>\n\t\t\t\t<\/div>\n\t\t\t\t\t<\/div>\n\t\t<\/div>\n\t\t\t\t\t<\/div>\n\t\t<\/section>\n\t\t\t\t<section class=\"elementor-section elementor-top-section elementor-element elementor-element-242d22d elementor-section-boxed elementor-section-height-default elementor-section-height-default\" data-id=\"242d22d\" data-element_type=\"section\">\n\t\t\t\t\t\t<div class=\"elementor-container elementor-column-gap-default\">\n\t\t\t\t\t<div class=\"elementor-column elementor-col-100 elementor-top-column elementor-element elementor-element-2c68bff\" data-id=\"2c68bff\" data-element_type=\"column\">\n\t\t\t<div class=\"elementor-widget-wrap elementor-element-populated\">\n\t\t\t\t\t\t<div class=\"elementor-element elementor-element-cecf28d elementor-widget elementor-widget-spacer\" data-id=\"cecf28d\" data-element_type=\"widget\" data-widget_type=\"spacer.default\">\n\t\t\t\t<div class=\"elementor-widget-container\">\n\t\t\t\t\t<div class=\"elementor-spacer\">\n\t\t\t<div class=\"elementor-spacer-inner\"><\/div>\n\t\t<\/div>\n\t\t\t\t<\/div>\n\t\t\t\t<\/div>\n\t\t\t\t\t<\/div>\n\t\t<\/div>\n\t\t\t\t\t<\/div>\n\t\t<\/section>\n\t\t\t\t<section class=\"elementor-section elementor-top-section elementor-element elementor-element-9781152 elementor-section-boxed elementor-section-height-default elementor-section-height-default\" data-id=\"9781152\" data-element_type=\"section\">\n\t\t\t\t\t\t<div class=\"elementor-container elementor-column-gap-default\">\n\t\t\t\t\t<div class=\"elementor-column elementor-col-100 elementor-top-column elementor-element elementor-element-336dfd0\" data-id=\"336dfd0\" data-element_type=\"column\">\n\t\t\t<div class=\"elementor-widget-wrap elementor-element-populated\">\n\t\t\t\t\t\t<div class=\"elementor-element elementor-element-17455db elementor-widget elementor-widget-heading\" data-id=\"17455db\" data-element_type=\"widget\" data-widget_type=\"heading.default\">\n\t\t\t\t<div class=\"elementor-widget-container\">\n\t\t\t<h4 class=\"elementor-heading-title elementor-size-default\">Fonte <\/h4>\t\t<\/div>\n\t\t\t\t<\/div>\n\t\t\t\t\t<\/div>\n\t\t<\/div>\n\t\t\t\t\t<\/div>\n\t\t<\/section>\n\t\t\t\t<section class=\"elementor-section elementor-top-section elementor-element elementor-element-342ec83 elementor-section-boxed elementor-section-height-default elementor-section-height-default\" data-id=\"342ec83\" data-element_type=\"section\">\n\t\t\t\t\t\t<div class=\"elementor-container elementor-column-gap-default\">\n\t\t\t\t\t<div class=\"elementor-column elementor-col-100 elementor-top-column elementor-element elementor-element-b0d8932\" data-id=\"b0d8932\" data-element_type=\"column\">\n\t\t\t<div class=\"elementor-widget-wrap elementor-element-populated\">\n\t\t\t\t\t\t<div class=\"elementor-element elementor-element-3b8104c elementor-widget elementor-widget-text-editor\" data-id=\"3b8104c\" data-element_type=\"widget\" data-widget_type=\"text-editor.default\">\n\t\t\t\t<div class=\"elementor-widget-container\">\n\t\t\t\t\t\t\t<p>Link original:\u00a0<a style=\"font-family: var( --e-global-typography-text-font-family ), Sans-serif; font-weight: var( --e-global-typography-text-font-weight ); background-color: #ffffff; font-size: 1rem;\" href=\"https:\/\/www.ipco.org.br\/nao-confundamos-infalibilidade-papal-com-impecabilidade\" target=\"_blank\" rel=\"noopener\">https:\/\/www.ipco.org.br\/nao-confundamos-infalibilidade-papal-com-impecabilidade<\/a><\/p>\t\t\t\t\t\t<\/div>\n\t\t\t\t<\/div>\n\t\t\t\t\t<\/div>\n\t\t<\/div>\n\t\t\t\t\t<\/div>\n\t\t<\/section>\n\t\t\t\t<\/div>\n\t\t","protected":false},"excerpt":{"rendered":"<p>Nos tempos em que vivemos muitas d\u00favidas pairam no ar e h\u00e1 um s\u00e9rie de perguntas as quais nos fazemos e esperamos do magist\u00e9rio da Igreja uma reposta latente. Nesse artigo, transcrito de maneira literal do site do Instituto Plinio Correa de Oliveira, o autor Gustavo Solimeo, em breves palavras nos d\u00e1 luz sobre um tema indispens\u00e1vel para todo cat\u00f3lico: a Infalibilidade papal. N\u00e3o confundamos infalibilidade papal com impecabilidade Por Gustavo Solimeo H\u00e1 muita confus\u00e3o sobre a natureza e o alcance do carisma da infalibilidade do Papa. Muitos cat\u00f3licos com instru\u00e7\u00e3o religiosa m\u00e9dia pensam que o Romano Pont\u00edfice \u00e9 infal\u00edvel&#8230;<\/p>\n","protected":false},"author":1,"featured_media":0,"comment_status":"open","ping_status":"open","sticky":false,"template":"","format":"standard","meta":{"jetpack_post_was_ever_published":false,"_jetpack_newsletter_access":"","_jetpack_dont_email_post_to_subs":false,"_jetpack_newsletter_tier_id":0,"footnotes":""},"categories":[1],"tags":[],"jetpack_sharing_enabled":true,"jetpack_featured_media_url":"","_links":{"self":[{"href":"https:\/\/ligadosantorosario.com\/index.php?rest_route=\/wp\/v2\/posts\/753"}],"collection":[{"href":"https:\/\/ligadosantorosario.com\/index.php?rest_route=\/wp\/v2\/posts"}],"about":[{"href":"https:\/\/ligadosantorosario.com\/index.php?rest_route=\/wp\/v2\/types\/post"}],"author":[{"embeddable":true,"href":"https:\/\/ligadosantorosario.com\/index.php?rest_route=\/wp\/v2\/users\/1"}],"replies":[{"embeddable":true,"href":"https:\/\/ligadosantorosario.com\/index.php?rest_route=%2Fwp%2Fv2%2Fcomments&post=753"}],"version-history":[{"count":10,"href":"https:\/\/ligadosantorosario.com\/index.php?rest_route=\/wp\/v2\/posts\/753\/revisions"}],"predecessor-version":[{"id":765,"href":"https:\/\/ligadosantorosario.com\/index.php?rest_route=\/wp\/v2\/posts\/753\/revisions\/765"}],"wp:attachment":[{"href":"https:\/\/ligadosantorosario.com\/index.php?rest_route=%2Fwp%2Fv2%2Fmedia&parent=753"}],"wp:term":[{"taxonomy":"category","embeddable":true,"href":"https:\/\/ligadosantorosario.com\/index.php?rest_route=%2Fwp%2Fv2%2Fcategories&post=753"},{"taxonomy":"post_tag","embeddable":true,"href":"https:\/\/ligadosantorosario.com\/index.php?rest_route=%2Fwp%2Fv2%2Ftags&post=753"}],"curies":[{"name":"wp","href":"https:\/\/api.w.org\/{rel}","templated":true}]}}