{"id":9009,"date":"2025-03-12T19:35:21","date_gmt":"2025-03-12T19:35:21","guid":{"rendered":"https:\/\/ligadosantorosario.com\/?p=9009"},"modified":"2026-03-17T18:31:13","modified_gmt":"2026-03-17T18:31:13","slug":"festa-de-sao-jose-glorioso-patriarca","status":"publish","type":"post","link":"https:\/\/ligadosantorosario.com\/?p=9009","title":{"rendered":"FESTA DE S\u00c3O JOS\u00c9 &#8211; GLORIOSO PATRIARCA"},"content":{"rendered":"\t\t<div data-elementor-type=\"wp-post\" data-elementor-id=\"9009\" class=\"elementor elementor-9009\" data-elementor-post-type=\"post\">\n\t\t\t\t\t\t<section class=\"elementor-section elementor-top-section elementor-element elementor-element-f60a61d elementor-section-boxed elementor-section-height-default elementor-section-height-default\" data-id=\"f60a61d\" data-element_type=\"section\">\n\t\t\t\t\t\t<div class=\"elementor-container elementor-column-gap-default\">\n\t\t\t\t\t<div class=\"elementor-column elementor-col-100 elementor-top-column elementor-element elementor-element-363bc68\" data-id=\"363bc68\" data-element_type=\"column\">\n\t\t\t<div class=\"elementor-widget-wrap elementor-element-populated\">\n\t\t\t\t\t\t<div class=\"elementor-element elementor-element-a8ee4bf elementor-widget elementor-widget-text-editor\" data-id=\"a8ee4bf\" data-element_type=\"widget\" data-widget_type=\"text-editor.default\">\n\t\t\t\t<div class=\"elementor-widget-container\">\n\t\t\t<style>\/*! elementor - v3.23.0 - 05-08-2024 *\/\n.elementor-widget-text-editor.elementor-drop-cap-view-stacked .elementor-drop-cap{background-color:#69727d;color:#fff}.elementor-widget-text-editor.elementor-drop-cap-view-framed .elementor-drop-cap{color:#69727d;border:3px solid;background-color:transparent}.elementor-widget-text-editor:not(.elementor-drop-cap-view-default) .elementor-drop-cap{margin-top:8px}.elementor-widget-text-editor:not(.elementor-drop-cap-view-default) .elementor-drop-cap-letter{width:1em;height:1em}.elementor-widget-text-editor .elementor-drop-cap{float:left;text-align:center;line-height:1;font-size:50px}.elementor-widget-text-editor .elementor-drop-cap-letter{display:inline-block}<\/style>\t\t\t\t<h3><strong><em>Plinio Corr\u00eaa de<a href=\"https:\/\/ligadosantorosario.com\/?attachment_id=9010\" rel=\"attachment wp-att-9010\"><img fetchpriority=\"high\" decoding=\"async\" class=\" wp-image-9010 alignright\" src=\"http:\/\/ligadosantorosario.com\/wp-content\/uploads\/Plinio_escudo-atras-200x300.jpg\" alt=\"\" width=\"296\" height=\"445\" srcset=\"https:\/\/ligadosantorosario.com\/wp-content\/uploads\/Plinio_escudo-atras-200x300.jpg 200w, https:\/\/ligadosantorosario.com\/wp-content\/uploads\/Plinio_escudo-atras-682x1024.jpg 682w, https:\/\/ligadosantorosario.com\/wp-content\/uploads\/Plinio_escudo-atras-768x1153.jpg 768w, https:\/\/ligadosantorosario.com\/wp-content\/uploads\/Plinio_escudo-atras.jpg 922w\" sizes=\"(max-width: 296px) 100vw, 296px\" \/><\/a> Oliveira<\/em><\/strong><\/h3><h2>\u00a0<\/h2><p><strong>\u00a0<\/strong><\/p><p><strong><em>\u00a0<\/em><\/strong><\/p><p><strong><em>\u00a0<\/em><\/strong><\/p><h2><strong><em>Nobreza,\u00a0humildade, calma e a l\u00f3gica<\/em><\/strong><\/h2><h2><strong><em><br \/><\/em><\/strong><strong><em>de S\u00e3o Jos\u00e9<\/em><\/strong><\/h2><div><strong><em>\u00a0<\/em><\/strong><\/div><p>\u00a0<\/p><p><strong><em>Santo do Dia, 19 de mar\u00e7o de 1976<\/em><\/strong><\/p>\t\t\t\t\t\t<\/div>\n\t\t\t\t<\/div>\n\t\t\t\t\t<\/div>\n\t\t<\/div>\n\t\t\t\t\t<\/div>\n\t\t<\/section>\n\t\t\t\t<section class=\"elementor-section elementor-top-section elementor-element elementor-element-ae21a80 elementor-section-boxed elementor-section-height-default elementor-section-height-default\" data-id=\"ae21a80\" data-element_type=\"section\">\n\t\t\t\t\t\t<div class=\"elementor-container elementor-column-gap-default\">\n\t\t\t\t\t<div class=\"elementor-column elementor-col-100 elementor-top-column elementor-element elementor-element-94d9377\" data-id=\"94d9377\" data-element_type=\"column\">\n\t\t\t<div class=\"elementor-widget-wrap\">\n\t\t\t\t\t\t\t<\/div>\n\t\t<\/div>\n\t\t\t\t\t<\/div>\n\t\t<\/section>\n\t\t\t\t<section class=\"elementor-section elementor-top-section elementor-element elementor-element-642cd36 elementor-section-boxed elementor-section-height-default elementor-section-height-default\" data-id=\"642cd36\" data-element_type=\"section\">\n\t\t\t\t\t\t<div class=\"elementor-container elementor-column-gap-default\">\n\t\t\t\t\t<div class=\"elementor-column elementor-col-100 elementor-top-column elementor-element elementor-element-75e136a\" data-id=\"75e136a\" data-element_type=\"column\">\n\t\t\t<div class=\"elementor-widget-wrap elementor-element-populated\">\n\t\t\t\t\t\t<div class=\"elementor-element elementor-element-97454bd elementor-widget elementor-widget-text-editor\" data-id=\"97454bd\" data-element_type=\"widget\" data-widget_type=\"text-editor.default\">\n\t\t\t\t<div class=\"elementor-widget-container\">\n\t\t\t\t\t\t\t<p><strong>A D V E R T \u00ca N C I A<\/strong><\/p><p>O presente texto \u00e9 adapta\u00e7\u00e3o de transcri\u00e7\u00e3o de grava\u00e7\u00e3o de confer\u00eancia do Prof. Plinio Corr\u00eaa de Oliveira a s\u00f3cios e cooperadores da TFP, mantendo portanto o estilo verbal, e n\u00e3o foi revisto pelo autor.<\/p><p>Se o\u00a0Prof.\u00a0Plinio Corr\u00eaa de Oliveira estivesse entre n\u00f3s, certamente pediria que se colocasse expl\u00edcita men\u00e7\u00e3o a sua filial disposi\u00e7\u00e3o de retificar qualquer discrep\u00e2ncia em rela\u00e7\u00e3o ao Magist\u00e9rio da Igreja. \u00c9 o que fazemos aqui constar, com suas pr\u00f3prias palavras, como homenagem\u00a0a\u00a0t\u00e3o belo e constante estado de esp\u00edrito:<\/p><p><strong>\u201cCat\u00f3lico apost\u00f3lico romano, o autor deste texto\u00a0\u00a0se submete com filial ardor ao ensinamento tradicional da Santa Igreja. Se, no entanto,\u00a0 por lapso, algo nele ocorra que n\u00e3o esteja conforme \u00e0quele ensinamento, desde j\u00e1 e categoricamente o rejeita\u201d.<\/strong><\/p><p>As palavras &#8220;Revolu\u00e7\u00e3o&#8221; e &#8220;Contra-Revolu\u00e7\u00e3o&#8221;, s\u00e3o aqui empregadas no sentido que lhes d\u00e1 o Prof. Pl\u00ednio Corr\u00eaa de Oliveira em seu livro &#8220;<a href=\"https:\/\/www.pliniocorreadeoliveira.info\/livros.asp\"><strong>Revolu\u00e7\u00e3o e Contra-Revolu\u00e7\u00e3o<\/strong><\/a>&#8220;, cuja primeira edi\u00e7\u00e3o foi publicada no N\u00ba 100 de\u00a0<a href=\"https:\/\/www.pliniocorreadeoliveira.info\/artigoscatolicismo_1959.asp\"><strong>&#8220;Catolicismo&#8221;<\/strong><\/a>, em abril de 1959.<\/p>\t\t\t\t\t\t<\/div>\n\t\t\t\t<\/div>\n\t\t\t\t\t<\/div>\n\t\t<\/div>\n\t\t\t\t\t<\/div>\n\t\t<\/section>\n\t\t\t\t<section class=\"elementor-section elementor-top-section elementor-element elementor-element-0c2a3f2 elementor-section-boxed elementor-section-height-default elementor-section-height-default\" data-id=\"0c2a3f2\" data-element_type=\"section\">\n\t\t\t\t\t\t<div class=\"elementor-container elementor-column-gap-default\">\n\t\t\t\t\t<div class=\"elementor-column elementor-col-100 elementor-top-column elementor-element elementor-element-55d9179\" data-id=\"55d9179\" data-element_type=\"column\">\n\t\t\t<div class=\"elementor-widget-wrap\">\n\t\t\t\t\t\t\t<\/div>\n\t\t<\/div>\n\t\t\t\t\t<\/div>\n\t\t<\/section>\n\t\t\t\t<section class=\"elementor-section elementor-top-section elementor-element elementor-element-0263e4b elementor-section-boxed elementor-section-height-default elementor-section-height-default\" data-id=\"0263e4b\" data-element_type=\"section\">\n\t\t\t\t\t\t<div class=\"elementor-container elementor-column-gap-default\">\n\t\t\t\t\t<div class=\"elementor-column elementor-col-100 elementor-top-column elementor-element elementor-element-a43eea5\" data-id=\"a43eea5\" data-element_type=\"column\">\n\t\t\t<div class=\"elementor-widget-wrap\">\n\t\t\t\t\t\t\t<\/div>\n\t\t<\/div>\n\t\t\t\t\t<\/div>\n\t\t<\/section>\n\t\t\t\t<section class=\"elementor-section elementor-top-section elementor-element elementor-element-e5b8bab elementor-section-boxed elementor-section-height-default elementor-section-height-default\" data-id=\"e5b8bab\" data-element_type=\"section\">\n\t\t\t\t\t\t<div class=\"elementor-container elementor-column-gap-default\">\n\t\t\t\t\t<div class=\"elementor-column elementor-col-100 elementor-top-column elementor-element elementor-element-db25613\" data-id=\"db25613\" data-element_type=\"column\">\n\t\t\t<div class=\"elementor-widget-wrap elementor-element-populated\">\n\t\t\t\t\t\t<div class=\"elementor-element elementor-element-7ce3ba6 elementor-widget elementor-widget-image\" data-id=\"7ce3ba6\" data-element_type=\"widget\" data-widget_type=\"image.default\">\n\t\t\t\t<div class=\"elementor-widget-container\">\n\t\t\t<style>\/*! elementor - v3.23.0 - 05-08-2024 *\/\n.elementor-widget-image{text-align:center}.elementor-widget-image a{display:inline-block}.elementor-widget-image a img[src$=\".svg\"]{width:48px}.elementor-widget-image img{vertical-align:middle;display:inline-block}<\/style>\t\t\t\t\t\t\t\t\t\t<img decoding=\"async\" width=\"964\" height=\"1600\" src=\"https:\/\/ligadosantorosario.com\/wp-content\/uploads\/SAO-JOSE-1.jpg\" class=\"attachment-full size-full wp-image-12175\" alt=\"\" srcset=\"https:\/\/ligadosantorosario.com\/wp-content\/uploads\/SAO-JOSE-1.jpg 964w, https:\/\/ligadosantorosario.com\/wp-content\/uploads\/SAO-JOSE-1-181x300.jpg 181w, https:\/\/ligadosantorosario.com\/wp-content\/uploads\/SAO-JOSE-1-617x1024.jpg 617w, https:\/\/ligadosantorosario.com\/wp-content\/uploads\/SAO-JOSE-1-768x1275.jpg 768w, https:\/\/ligadosantorosario.com\/wp-content\/uploads\/SAO-JOSE-1-925x1536.jpg 925w\" sizes=\"(max-width: 964px) 100vw, 964px\" \/>\t\t\t\t\t\t\t\t\t\t\t\t\t<\/div>\n\t\t\t\t<\/div>\n\t\t\t\t\t<\/div>\n\t\t<\/div>\n\t\t\t\t\t<\/div>\n\t\t<\/section>\n\t\t\t\t<section class=\"elementor-section elementor-top-section elementor-element elementor-element-7d0d9cf elementor-section-boxed elementor-section-height-default elementor-section-height-default\" data-id=\"7d0d9cf\" data-element_type=\"section\">\n\t\t\t\t\t\t<div class=\"elementor-container elementor-column-gap-default\">\n\t\t\t\t\t<div class=\"elementor-column elementor-col-100 elementor-top-column elementor-element elementor-element-fbfbb4c\" data-id=\"fbfbb4c\" data-element_type=\"column\">\n\t\t\t<div class=\"elementor-widget-wrap elementor-element-populated\">\n\t\t\t\t\t\t<div class=\"elementor-element elementor-element-8364861 elementor-widget elementor-widget-text-editor\" data-id=\"8364861\" data-element_type=\"widget\" data-widget_type=\"text-editor.default\">\n\t\t\t\t<div class=\"elementor-widget-container\">\n\t\t\t\t\t\t\t<p align=\"justify\"><span lang=\"PT-BR\">&nbsp; &nbsp; &nbsp; &nbsp; &nbsp;<\/span><\/p>\n<h4><span style=\"color: inherit; font-family: inherit; font-size: 1.5rem;\"> &nbsp; &nbsp;Vou fazer um \u201cSanto do Dia\u201d com base num texto do livro \u201c<\/span><b style=\"color: inherit; font-family: inherit; font-size: 1.5rem;\"><a href=\"https:\/\/books.google.it\/books?id=PtlhS8Ch_LYC&amp;printsec=frontcover&amp;dq=Summa+donis+Sancti+Joseph&amp;hl=it&amp;ei=qC6DTevqKNW64gazsJyzCQ&amp;sa=X&amp;oi=book_result&amp;ct=result&amp;resnum=1&amp;ved=0CC0Q6AEwAA#v=onepage&amp;q&amp;f=false\">Suma dos dons de S\u00e3o Jos\u00e9<\/a><\/b><span style=\"color: inherit; font-family: inherit; font-size: 1.5rem;\">\u201d, do Padre Isidoro de Isolano, dominicano do s\u00e9culo XVI, um dos primeiros te\u00f3logos cat\u00f3licos a atacar Lutero. \u00c9 um dos mais importantes doutores da teologia sobre S\u00e3o Jos\u00e9. Essa ficha parece que cont\u00e9m dados muito interessantes sobre S\u00e3o Jos\u00e9 e o esp\u00edrito da Contra-Revolu\u00e7\u00e3o.<\/span><\/h4>\n<h4><span lang=\"PT-BR\">Aqui se trata do&nbsp;<\/span><b><span lang=\"PT-BR\">cap\u00edtulo VII \u2013 \u201cObje\u00e7\u00f5es contra a nobreza de S\u00e3o Jos\u00e9\u201d:<\/span><\/b><\/h4>\n<p align=\"center\"><span lang=\"PT-BR\">&nbsp;<img decoding=\"async\" src=\"https:\/\/www.pliniocorreadeoliveira.info\/SanJose_elParlero02.jpg\" alt=\"S\u00e3o Jos\u00e9, &quot;el Parlero&quot; - detalhe\" width=\"420\" height=\"673\" border=\"0\"><\/span><\/p>\n<blockquote>\n<h4><span style=\"font-family: Trebuchet MS;\"><span lang=\"PT-BR\">\u201cN\u00e3o est\u00e1 muito conforme com os mist\u00e9rios das Sagradas Letras, essa nobreza de sangue t\u00e3o louvada em S\u00e3o Jos\u00e9\u201d.<br><\/span><\/span><span lang=\"PT-BR\">Aqui o autor trata de S\u00e3o Jos\u00e9 enquanto nobre de sangue. Sabemos que S\u00e3o Jos\u00e9 era, ao mesmo tempo, trabalhador manual, carpinteiro e como tal pertencente \u2013 ao menos do ponto de vista econ\u00f4mico \u2013 \u00e0 camada mais modesta da sociedade. Mas de outro lado, ele era descendente do rei Davi, e de toda uma linhagem de reis de Israel. A Casa de Davi decaiu e, com o tempo, perdeu o trono, afastou-se do poder. Sua fam\u00edlia continuou a morar em Israel, em Jud\u00e1, mas cada vez menos influente, menos poderosa e menos rica. A tal ponto que, quando afinal, da ra\u00e7a de Davi nasceu Nosso Senhor Jesus Cristo, que era a esperan\u00e7a e a alegria de todo o povo, a Casa de Davi estava no auge de sua decad\u00eancia. Os senhores v\u00eaem S\u00e3o Jos\u00e9 um trabalhador manual, um mero carpinteiro.<br><\/span><span lang=\"PT-BR\">\u00c9 bem verdade que nessas sociedades muito rudimentares as classes sociais e as classes econ\u00f4micas n\u00e3o se diferenciam de um modo absolutamente t\u00e3o n\u00edtido quanto nas sociedades mais desenvolvidas, e que nem sempre \u00e9 um sinal de muita decad\u00eancia econ\u00f4mica o fato da pessoa ter&nbsp;&nbsp;pertencido a uma grande fam\u00edlia e passar a exercer um trabalho manual. Eu conhe\u00e7o zonas do interior do Brasil, por exemplo, em que entre as melhores fam\u00edlias do lugar h\u00e1 gente que \u00e9&nbsp;<i>chauffeur<\/i>&nbsp;de pra\u00e7a, carregador de esta\u00e7\u00e3o etc., mas que depois se casa com ramos mais ricos da fam\u00edlia e sobe de novo. Portanto, essa situa\u00e7\u00e3o de S\u00e3o Jos\u00e9 n\u00e3o queria dizer necessariamente tanta prostra\u00e7\u00e3o quanto seria um descendente de reis que chegasse a ser, hoje em dia, trabalhador manual.<br><\/span><span lang=\"PT-BR\">Mas ao menos se pode dizer que era, na ordem econ\u00f4mica das coisas, o m\u00ednimo que uma pessoa pode ser. Esse era o S\u00e3o Jos\u00e9. Ent\u00e3o, S\u00e3o Jos\u00e9 Oper\u00e1rio pode ser e deve ser cultuado enquanto oper\u00e1rio, mas S\u00e3o Jos\u00e9 pode e deve tamb\u00e9m ser cultuado enquanto pr\u00edncipe da Casa de Davi. \u00c9 por essa raz\u00e3o que, falando a respeito de S\u00e3o Jos\u00e9, o papa Le\u00e3o XIII, que foi um dos Pont\u00edfices que mais inculcaram a devo\u00e7\u00e3o a S\u00e3o Jos\u00e9, disse taxativamente que n\u00e3o s\u00f3 S\u00e3o Jos\u00e9 deve se cultuado tamb\u00e9m como modelo do pr\u00edncipe, mas devia tamb\u00e9m ser o modelo, o \u00e2nimo, o est\u00edmulo de todos aqueles que pertencessem a grandes linhagens decadentes; para compreender como pela virtude, pela fidelidade a Deus essas pessoas podem erguer-se ao mais alto grau da santidade e podem realizar esplendidamente os des\u00edgnios da Provid\u00eancia sobre elas.<br><\/span><span lang=\"PT-BR\">Esse Padre est\u00e1 exatamente analisando S\u00e3o Jos\u00e9 enquanto aristocrata. Ent\u00e3o, diz:<br><\/span><span lang=\"PT-BR\"><i><span style=\"font-family: Trebuchet MS;\">\u201c1\u00ba) S\u00e3o Jos\u00e9 foi&nbsp;&nbsp;eleito para conhecer a verdade do Verbo de Deus. S\u00e3o Paulo disse: N\u00e3o h\u00e1, entre v\u00f3s outros, muitos s\u00e1bios segundo a carne, nem muitos poderosos, nem muitos nobres. Antes escolheu Deus a estultice do mundo para confundir os s\u00e1bios, e a fraqueza para confundir os fortes. Logo, n\u00e3o se deve louvar a nobreza de S\u00e3o Jos\u00e9 escolhido por Deus\u201d.<br><\/span><\/i><\/span><span lang=\"PT-BR\">Ele adota o m\u00e9todo de S\u00e3o Tom\u00e1s de Aquino na Suma Teol\u00f3gica. Por exemplo sobre S\u00e3o Jos\u00e9, S\u00e3o Tom\u00e1s perguntaria: deve S\u00e3o Jos\u00e9 ser louvado tamb\u00e9m enquanto nobre? Ent\u00e3o daria primeiro as raz\u00f5es pelas quais parece que n\u00e3o deve. Depois perguntaria: deve ser louvado como nobre? Parece que deve. S\u00e3o os argumentos positivos. Depois faria como quem est\u00e1 acertando uma conta&nbsp;&nbsp;corrente, tem o d\u00e9bito e tem o cr\u00e9dito. E tiraria a conclus\u00e3o no fim: se tais s\u00e3o os argumentos pr\u00f3 e tais argumentos contra, como responder? Ent\u00e3o refutaria os argumentos da tese impugnada, faria alguma grande cita\u00e7\u00e3o em abono da id\u00e9ia dele \u2013 sobretudo cita\u00e7\u00f5es da Sagrada Escritura \u2013 e depois tiraria a conclus\u00e3o. \u00c9 o m\u00e9todo l\u00f3gico perfeito.<br><\/span><span lang=\"PT-BR\">Este autor adota esse mesmo processo. E come\u00e7a por dar as raz\u00f5es pelas quais n\u00e3o se deve louvar a nobreza de S\u00e3o Jos\u00e9. E aqui est\u00e1 uma raz\u00e3o tirada de S\u00e3o Paulo.<br><\/span><span lang=\"PT-BR\"><i><span style=\"font-family: Trebuchet MS;\">&#8220;Isso mesmo se confirma com a autoridade da glosa sobre essas palavras do Ap\u00f3stolo: \u201cO Deus humilde veio buscar os humildes e n\u00e3o os poderosos, entre os quais s\u00e3o considerados os nobres pelos mortais.\u201d<br><\/span><\/i><\/span><span lang=\"PT-BR\">No s\u00e9culo XVI os nobres eram considerados poderosos. Na reviravolta das coisas de hoje, um diretor de sindicato \u00e9, o mais das vezes, mais poderoso do que um duque. Mas no s\u00e9culo XVI o nobre fazia parte da categoria dos poderosos. Ent\u00e3o, afirma ele: se \u00e9 verdade que Nosso Senhor Jesus Cristo ao encarnar-Se n\u00e3o veio procurar os poderosos, n\u00e3o veio portanto procurar os nobres. N\u00e3o h\u00e1 import\u00e2ncia em ser nobre. Logo n\u00e3o se deve louvar S\u00e3o Jos\u00e9 enquanto nobre. \u00c9 outro argumento.<\/span><\/h4>\n<div>\n<h4 style=\"font-family: Lora, sans-serif; color: #7a7a7a;\"><i>&nbsp;&nbsp;<\/i><span lang=\"PT-BR\"><i><span style=\"font-family: 'Trebuchet MS';\">\u201c3\u00ba) A humildade de Deus foi extrema na Encarna\u00e7\u00e3o. Mais humilha\u00e7\u00e3o era escolher um pai<\/span><\/i><\/span><span lang=\"PT-BR\" style=\"color: inherit; font-family: inherit; font-size: 1.5rem;\"><span lang=\"PT-BR\" style=\"color: var( --e-global-color-text ); font-family: var( --e-global-typography-text-font-family ), Sans-serif; font-size: 1rem; font-weight: var( --e-global-typography-text-font-weight );\">&nbsp;&nbsp;<\/span><\/span><i style=\"color: inherit; font-family: inherit; font-size: 1.5rem;\"><span style=\"font-family: 'Trebuchet MS';\">&nbsp;putativo pobre, do que um nobre. Logo, n\u00e3o deve exaltar-se a nobreza de&nbsp; S\u00e3o Jos\u00e9&#8221;.<\/span><\/i><\/h4>\n<\/div>\n<h4><span lang=\"PT-BR\">Ou seja, Nosso Senhor Jesus Cristo veio para se humilhar. E, para se humilhar, Ele escolheu um pai putativo (da palavra latina&nbsp;<i>putare<\/i>, que quer dizer \u201cimputado\u201d, um pai a quem se atribui uma paternidade). N\u00e3o era o verdadeiro pai. Portanto Nosso Senhor Jesus Cristo no estado de humilha\u00e7\u00e3o veio procurar um pobre. Ent\u00e3o, n\u00e3o tem import\u00e2ncia que esse pobre seja nobre. Ele n\u00e3o olhou para isso, mas s\u00f3 para o lado da pobreza. Ser nobre n\u00e3o vale nada. Como racioc\u00ednio est\u00e1 muito bem desenvolvido!&nbsp;&nbsp;<\/span><\/h4>\n<h4><i><span lang=\"PT-BR\">&nbsp;&nbsp;<\/span><\/i><\/h4>\n<h4><i style=\"color: inherit; font-family: inherit; font-size: 1.5rem;\"><span style=\"font-family: Trebuchet MS;\">&nbsp;<\/span><span style=\"font-family: Trebuchet MS;\">\u201c4\u00ba) A nobreza n\u00e3o parece ser outra coisa se n\u00e3o antig\u00fcidade das riquezas, como disse Arist\u00f3teles. E Jos\u00e9, pobre ao ponto de ter que exercer o of\u00edcio de carpinteiro para ganhar o p\u00e3o de cada dia, n\u00e3o podia gabar-se de ser nobre\u201d.<\/span><\/i><\/h4>\n<\/blockquote>\n<h4><span lang=\"PT-BR\">O argumento \u00e9 interessante. Diz ele que, segundo Arist\u00f3teles, a verdadeira nobreza \u00e9 ter uma fortuna muito antiga. Quem tem uma fortuna que passou por v\u00e1rias gera\u00e7\u00f5es, esse ficou nobre. Ora, S\u00e3o Jos\u00e9 n\u00e3o tinha mais fortuna, logo n\u00e3o era mais nobre. Logo n\u00e3o era o caso de louvar a nobreza dele.<br><\/span><span lang=\"PT-BR\">N\u00e3o sei se esses argumentos est\u00e3o bem claramente expostos por mim. A mim parecem muito bem feitos; o autor sabia objetar bem! E&nbsp;<b>deve fazer parte da destreza de nosso esp\u00edrito que gostemos desse \u201cflorete\u201d da argumenta\u00e7\u00e3o,&nbsp;<\/b>de ver argumentos ainda que sejam contra nossas teses e depois a resposta de nossas teses. \u00c9 como uma esgrima, muito mais alta e bela do que a esgrima material: \u00e9&nbsp;<b>a esgrima da intelig\u00eancia<\/b>. Aqui est\u00e3o quatro estocadas bem desferidas contra n\u00f3s. Vamos ver agora como o nosso bom Padre responde a essas estocadas.<br><\/span><span lang=\"PT-BR\"><i><span style=\"font-family: Trebuchet MS;\">\u201cPara solucionar essas dificuldades, tenha-se em conta que a nobreza humana pode considerar-se em sua causa, em sua ess\u00eancia e em sua a\u00e7\u00e3o\u201d.<\/span><\/i><\/span><\/h4>\n<blockquote>\n<p align=\"justify\">\n<\/p><\/blockquote>\n<h4><span lang=\"PT-BR\">&nbsp;Est<\/span><span lang=\"PT-BR\">\u00e1 bem lan\u00e7ado! Para responder, come\u00e7a por ver o que \u00e9 nobreza. Depois,&nbsp;desencaixar da\u00ed os argumentos<\/span><span lang=\"PT-BR\">&nbsp;contr\u00e1rios. E, para saber o que \u00e9 a nobreza, ela deve ser considerada em sua causa, em sua ess\u00eancia e em suas a\u00e7\u00f5es. No que a causou, no que ela \u00e9 e no que ela causa. Perfeito!&nbsp;<\/span><span lang=\"PT-BR\"> <a href=\"https:\/\/ligadosantorosario.com\/?attachment_id=9025\" rel=\"attachment wp-att-9025\"><img loading=\"lazy\" decoding=\"async\" class=\"alignright\" src=\"http:\/\/ligadosantorosario.com\/wp-content\/uploads\/SaoJose_elparlero-143x300.jpg\" alt=\"\" width=\"232\" height=\"487\"><\/a><br><\/span><span lang=\"PT-BR\"><i><span style=\"font-family: Trebuchet MS;\">\u201cConsiderando-a em sua causa, \u00e9 a nobreza de origem, na que foi singular\u00edssimo S\u00e3o Jos\u00e9, pois tem sua origem numa tr\u00edplice dignidade: corporal, espiritual e celeste. Ou seja, uma dignidade real, sacerdotal e prof\u00e9tica que \u00e9 celestial, pois predizer o futuro \u00e9 s\u00f3 de Deus. Davi foi rei, Abra\u00e3o foi patriarca, Natan profeta e os tr\u00eas foram antepassados de S\u00e3o Jos\u00e9\u201d.<br><\/span><\/i><\/span><span lang=\"PT-BR\">Ele est\u00e1 analisando a causa da nobreza. A causa da nobreza de S\u00e3o Jos\u00e9 foi porque ele descendeu de tr\u00eas esp\u00e9cies de var\u00f5es diferentes, dignos a tr\u00eas t\u00edtulos diferentes: o corpo, o esp\u00edrito e as coisas celestes. S\u00e3o t\u00edtulos bem escolhidos: nobre segundo o corpo \u00e9 um dos elementos constitutivos de nossa personalidade; nobre segundo o esp\u00edrito: a alma \u00e9 o mais alto dos elementos constitutivos de nossa pessoa; nobre segundo as coisas de Deus, \u00e9 mais alto ainda do que n\u00f3s. E aqui est\u00e1 o universo. Porque&nbsp;&nbsp;o que n\u00e3o diz respeito nem ao homem nem a Deus \u00e9&nbsp;&nbsp;parte secund\u00e1ria e ancilar do universo. A parte principal \u00e9 esta.<br><\/span><span lang=\"PT-BR\">Ent\u00e3o, vamos ver como S\u00e3o Jos\u00e9 era nobre segundo o corpo, segundo o esp\u00edrito e segundo Deus. Ele era nobre segundo o corpo, porque era descendente de rei. Daqui a pouco vamos ver o que \u00e9 isso.<\/span><\/h4>\n<p align=\"justify\">&nbsp; &nbsp; &nbsp; &nbsp; &nbsp; &nbsp; &nbsp; &nbsp; &nbsp; &nbsp; &nbsp; &nbsp; &nbsp; &nbsp; &nbsp; &nbsp; &nbsp; &nbsp; &nbsp; &nbsp; &nbsp; &nbsp; &nbsp; &nbsp; &nbsp; &nbsp; &nbsp; &nbsp; &nbsp; &nbsp; &nbsp; &nbsp; &nbsp; &nbsp; &nbsp; &nbsp; &nbsp; &nbsp; &nbsp; &nbsp; &nbsp; &nbsp; &nbsp; &nbsp; &nbsp; &nbsp; &nbsp; &nbsp; &nbsp; &nbsp; &nbsp; &nbsp; &nbsp; &nbsp; &nbsp; &nbsp; &nbsp; &nbsp; &nbsp; &nbsp; &nbsp; &nbsp; &nbsp; &nbsp; &nbsp; &nbsp; &nbsp; &nbsp; &nbsp; &nbsp; &nbsp; &nbsp; &nbsp; &nbsp; &nbsp; &nbsp; &nbsp; &nbsp; &nbsp; &nbsp; &nbsp; &nbsp; &nbsp; &nbsp; &nbsp; &nbsp; &nbsp; &nbsp; &nbsp; &nbsp; &nbsp; &nbsp; &nbsp; &nbsp; &nbsp; &nbsp; &nbsp; &nbsp;S\u00e3o Jos\u00e9, &#8220;el parlero&#8221; (Toledo, espanha)&nbsp; &nbsp; &nbsp; &nbsp; &nbsp; &nbsp; &nbsp; &nbsp; &nbsp; &nbsp; &nbsp; &nbsp; &nbsp; &nbsp; &nbsp; &nbsp; &nbsp; &nbsp; &nbsp; &nbsp; &nbsp; &nbsp; &nbsp; &nbsp; &nbsp; &nbsp; &nbsp; &nbsp; &nbsp; &nbsp; &nbsp; &nbsp; &nbsp; &nbsp; &nbsp; &nbsp; &nbsp; &nbsp; &nbsp; &nbsp;&nbsp;<\/p>\n<h4><span lang=\"PT-BR\">&nbsp;Ele era nobre segundo o esp\u00edrito porque era descendente de sacerdotes. Sabemos que os sacerdotes da Antiga Lei podiam casar. E era nobre segundo as coisas sobrenaturais, porque era descendente de profeta. Ora, o profeta prediz o futuro e predizer o futuro \u00e9 uma coisa celeste. De maneira que descender de reis, profetas e sacerdotes essa \u00e9 a mais alta nobreza que uma pessoa possa ter. \u00c9 mais alto do que&nbsp;&nbsp;descender s\u00f3 de reis, \u00e9 mais alto do que descender s\u00f3 de sacerdotes, \u00e9 mais alto do que descender s\u00f3 de profetas. Ora, diz ele, Davi foi rei; Abra\u00e3o foi patriarca e, portanto, sacerdote (os patriarcas eram sacerdotes); Natan era profeta, e esses tr\u00eas foram antepassados de S\u00e3o Jos\u00e9. \u00c9 esplendidamente bem argumentado!<br><\/span><span lang=\"PT-BR\">&nbsp;Que rela\u00e7\u00e3o h\u00e1 entre rei e corpo? O rei \u00e9 o Chefe de Estado. O Estado cuida, entre os homens, daquilo que diz respeito ao corpo;&nbsp;&nbsp;o sacerdote faz para a alma o que o Estado faz para o corpo. Ele cuida das coisas da alma, do esp\u00edrito. O profeta \u00e9 o representante de Deus, o porta-voz da palavra de Deus. Sobretudo se tratando \u2013 como \u00e9 o caso \u2013 do profetismo oficial. N\u00e3o \u00e9 o profetismo como h\u00e1 na Nova Lei, que \u00e9 extra-oficial. Mas \u00e9 o profetismo de um homem mandado por Deus e cuja miss\u00e3o era garantida com milagres, e que falava oficialmente em nome de Deus, como o embaixador fala oficialmente em nome de seu rei.<br><\/span><span lang=\"PT-BR\">Evidentemente isso \u00e9 uma alt\u00edssima situa\u00e7\u00e3o, uma alt\u00edssima miss\u00e3o. Ent\u00e3o, S\u00e3o Jos\u00e9 tinha as tr\u00eas causas mais altas de nobreza, representativa dos tr\u00eas aspectos da vida do homem: o aspecto material, o aspecto espiritual e a representa\u00e7\u00e3o de Deus. \u00c9 muito bem tratado, superiormente inteligente!<br><\/span><span lang=\"PT-BR\">Ele falou da nobreza na ess\u00eancia, na causa e na opera\u00e7\u00e3o. Ent\u00e3o:&nbsp;<\/span><span lang=\"PT-BR\">&nbsp;<br><\/span><span lang=\"PT-BR\"><i><span style=\"font-family: Trebuchet MS;\">\u201cS\u00e3o Jos\u00e9 era nobre em sua ess\u00eancia, quer dizer, na sua pr\u00f3pria pessoa, porque encontramos nela tr\u00edplice nobreza: ele foi justo na sua alma, alcan\u00e7ou a dignidade de esposo da Rainha do C\u00e9u e teve of\u00edcio de pai nutr\u00edcio do Filho de Deus\u201d.<\/span><\/i><\/span><\/h4>\n<h4><span lang=\"PT-BR\">&nbsp;Realmente, os senhores peguem uma coisa lament\u00e1vel: todos viram nos jornais, ou ouviram falar do div\u00f3rcio desse fot\u00f3grafo, que se casou com a irm\u00e3 da Rainha Elisabeth da Inglaterra, o Armstrong Jones. Antes de fazer o casamento, ele foi elevado \u00e0 dignidade de Lord Snowdon, porque como quem vai se casar com a irm\u00e3 da rainha tem que ficar nobre; a rainha lhe deu um t\u00edtulo de nobreza para ele subir. Mas que pouca coisa \u00e9 ser casado com a irm\u00e3 da rainha, em compara\u00e7\u00e3o de ser casado com a M\u00e3e de Deus! Se isso n\u00e3o constitui um nobre, e se o homem que se casou com a M\u00e3e de Deus n\u00e3o \u00e9 nobre ent\u00e3o n\u00e3o h\u00e1 nobreza na terra. O estado dele \u00e9, por defini\u00e7\u00e3o, um status nobili\u00e1rquico.<br><\/span><span lang=\"PT-BR\">Nossa Senhora \u00e9 Rainha do c\u00e9u e da Terra n\u00e3o por uma alegoria, n\u00e3o apenas por uma imagem, mas Ela \u00e9 a efetiva e aut\u00eantica Rainha do C\u00e9u e da Terra. Se a rainha Elisabeth fosse cat\u00f3lica e reconhecesse, portanto, a realeza de Nossa Senhora, ela aparecendo diante de Nossa Senhora teria que se ajoelhar e colocar a coroa dela aos p\u00e9s de Nossa Senhora. Porque onde Nossa Senhora est\u00e1 ningu\u00e9m \u00e9 rei, ningu\u00e9m \u00e9 rainha, Ela s\u00f3 \u00e9 Rainha, Ela s\u00f3 tem todo o poder. Os reis e rainhas n\u00e3o s\u00e3o sen\u00e3o os representantes dEla. Ela \u00e9 que manda, porque todo o poder que Deus tem sobre o universo, Deus deu a Ela. Ela \u00e9 Rainha de todo o universo.<br><\/span><span lang=\"PT-BR\">Ora, aquele que se casa com a Rainha de todo o universo \u00e9 nobre evidentemente.<br><\/span><span lang=\"PT-BR\">Mas notem a quest\u00e3o interessante: antes dele mencionar a nobreza de S\u00e3o Jos\u00e9 como fidalgo casado com Nossa Senhora, ele menciona a nobreza de S\u00e3o Jos\u00e9 porque ele era justo. Quer dizer, ele era um var\u00e3o virtuoso que vivia na gra\u00e7a de Deus.<br><\/span><span lang=\"PT-BR\">A\u00ed temos uma tese muito interessante em mat\u00e9ria de nobreza: aos olhos dos homens, um nobre pode valer mais do que um plebeu; porque n\u00e3o est\u00e1 escrito na fronte de ningu\u00e9m se ele est\u00e1 ou n\u00e3o na gra\u00e7a de Deus. Mas aos olhos de Deus, o plebeu em estado de gra\u00e7a vale incomparavelmente mais do que o nobre que esteja em estado de pecado. Quer dizer, o primeiro foro de nobreza \u00e9 a gra\u00e7a de Deus.<br><\/span><span lang=\"PT-BR\">De tal maneira que no Reino de Maria, se vier a haver novamente uma&nbsp;&nbsp;nobreza, eu sou de opini\u00e3o de que aqueles que vivam oficial e publicamente em estado de pecado, percam a nobreza.<br><\/span><span lang=\"PT-BR\">Um rei que oficial e publicamente tem uma concubina, perde a nobreza. Porque um fato interior ningu\u00e9m pode documentar. Se ele pecou interiormente, ningu\u00e9m pode depor um homem por causa disso. Mas se pecou exteriormente, a mim parece razo\u00e1vel que perca a nobreza. Poder\u00e1 reobt\u00ea-la depois? \u00c9 uma coisa a se estudar. Enquanto ele vive em estado de pecado mortal oficial, em estado de vergonha, ele n\u00e3o \u00e9 nobre, e seus filhos n\u00e3o podem ser.<br><\/span><span lang=\"PT-BR\">Mas o comentador afirma bem: S\u00e3o Jos\u00e9 n\u00e3o foi apenas o Esposo de Nossa Senhora; ele foi o pai do Menino Jesus. Ora, ser o pai do Filho de Deus \u00e9 a mais alta honra a que um homem possa chegar, depois da honra de ser a M\u00e3e do Filho de Deus, que \u00e9, evidentemente, uma honra maior. Quer dizer, ele n\u00e3o s\u00f3 foi nobre porque se casou com Nossa Senhora, mas porque Nosso Senhor o investiu na mais alta fun\u00e7\u00e3o de governo que possa haver na terra abaixo de Nossa Senhora. O exercer uma alta fun\u00e7\u00e3o de governo, de acordo com os conceitos da sociedade tradicional daquele tempo, nobilitava, conferia nobreza.<br><\/span><span lang=\"PT-BR\">Ora, ser o pai do Menino Jesus, governar o Menino Jesus e governar Nossa Senhora \u00e9 mais do que governar todos os reis e imp\u00e9rios do mundo! Ora, isso n\u00e3o lhe veio s\u00f3 do casamento, Deus o escolheu para isso. Compreendemos ent\u00e3o a nobreza excelsa que lhe vinha disso.&nbsp;<\/span><span lang=\"PT-BR\">&nbsp;<br><\/span><span lang=\"PT-BR\">&#8220;Tamb\u00e9m em suas obras ele deu provas, ao mundo inteiro, de uma singular&nbsp;&nbsp;nobreza. Recebeu em sua casa o Salvador do mundo, O conduziu s\u00e3o e salvo atrav\u00e9s de v\u00e1rios pa\u00edses, O serviu e alimentou durante muitos anos com seus trabalhos e seus suores. Esses s\u00e3o os raios que emite a nobreza do sant\u00edssimo Jos\u00e9, tornando-a mais resplandecente que&nbsp;&nbsp;o mesmo sol\u201d.<br><\/span><span lang=\"PT-BR\">E, respondendo \u00e0 primeira dificuldade \u2013 fazendo como S\u00e3o Tom\u00e1s, ele deu sua tese, defendeu; agora vai destruir as teses contr\u00e1rias \u2013 ent\u00e3o toma a tese inicial de que entre os primeiros cat\u00f3licos havia poucos nobres. Respondendo \u00e0 primeira dificuldade,&nbsp;&nbsp;<br><\/span><span lang=\"PT-BR\">\u201cS\u00e3o Paulo se refere aos pregadores que levariam a f\u00e9 ao mundo, que deviam ser de origem simples e humilde, para que n\u00e3o se atribu\u00edsse ao seu poder e sabedoria a dignidade das maravilhas que obrava a gra\u00e7a de Deus, mediante o minist\u00e9rio deles; restando da\u00ed gl\u00f3ria \u00e0 Cruz de Cristo. Por isso lhes disse a Glosa: se n\u00e3o houvesse um honrado pescador, ter\u00edamos poucos pregadores humildes.\u201d<br><\/span><span lang=\"PT-BR\">&nbsp;&nbsp;O pensamento \u00e9 o seguinte: era natural que entre os primeiros cat\u00f3licos houvesse poucos nobres, e da\u00ed n\u00e3o se tira&nbsp;&nbsp;nenhum argumento contra a nobreza. Porque se entre os primeiros cat\u00f3licos houvesse muitos nobres, muitos poderosos, muitos ricos, dir-se-ia que o Evangelho conquistou toda a terra por causa do prest\u00edgio desses homens, muitos s\u00e1bios. Mas n\u00e3o houve isso. N\u00e3o houve nobres, nem s\u00e1bios, nem ricos. Foram homens simples que conquistaram. De onde o milagre fica patente. E n\u00e3o \u00e9 porque n\u00e3o gostasse da nobreza, ou n\u00e3o lhe desse valor, mas era para glorificar mais especialmente a Deus que foram escolhidos homens de uma condi\u00e7\u00e3o modesta para esse primeiro passo. Est\u00e1 muito bem argumentado!<\/span><\/h4>\n<p align=\"justify\"><span lang=\"PT-BR\">&nbsp;<\/span><\/p>\n<p align=\"center\"><img loading=\"lazy\" decoding=\"async\" src=\"https:\/\/www.pliniocorreadeoliveira.info\/Sao%20Jos%C3%A9%20-%20Brooklyn_Museum_-_Saint_Joseph_and_the_Christ_Child_-_overall.jpg\" width=\"438\" height=\"592\" border=\"0\"><\/p><p align=\"center\"><br><\/p>\n<h4><span lang=\"PT-BR\">&nbsp;Agora, vem outra raz\u00e3o:&nbsp;<\/span><span lang=\"PT-BR\">&nbsp;<br><\/span><span lang=\"PT-BR\">\u201cMas n\u00e3o era apropriado que o Rei dos reis convivesse na intimidade com quem n\u00e3o era nobre nem de esp\u00edrito, nem de sangue\u201d.<br><\/span><span lang=\"PT-BR\">Essa \u00e9 uma bomba terr\u00edvel para o esp\u00edrito igualit\u00e1rio de nossos dias. N\u00e3o era conveniente, n\u00e3o era adequado que o Filho de Deus convivesse com um homem que n\u00e3o tivesse, ao mesmo tempo, as duas nobrezas: a da alma e a do sangue. Sangue: notem como ele coloca no galarim a nobreza do sangue.&nbsp;<\/span><span lang=\"PT-BR\">&nbsp;<br><\/span><span lang=\"PT-BR\">\u201cN\u00e3o era razo\u00e1vel que aquele, a Quem servem milh\u00f5es de Anjos, escolhesse por pai a quem n\u00e3o fosse nobre de linhagem; nem t\u00e3o pouco que a Virgem escolhida por M\u00e3e, e que admiram os moradores da Jerusal\u00e9m celeste, fosse desposada por um homem de origem pleb\u00e9ia&#8221;.<br><\/span><span lang=\"PT-BR\">Isso \u00e9 uma coisa de arrebentar o igualitarismo de nossos dias, mas \u00e9 perfeitamente argumentado.&nbsp;<\/span><span lang=\"PT-BR\">&nbsp;<br><\/span><span lang=\"PT-BR\"><i><span style=\"font-family: Trebuchet MS;\">\u201cSabemos que humildade n\u00e3o \u00e9 incompat\u00edvel com a nobreza, mas que, pelo contr\u00e1rio, \u00e9 o seu melhor ornamento, pois quanto maior \u00e9 um, tanto mais deve humilhar-se em tudo. Deus ama singularmente aos humildes. Assim disse a Sant\u00edssima Virgem: porque Ele olhou a humildade da sua serva, por isso todas as gera\u00e7\u00f5es me chamar\u00e3o bem-aventurada.<br><\/span><\/i><\/span><span lang=\"PT-BR\">Est\u00e1 muito bem argumentado. Ele diz que Deus de fato ama eminentemente a humildade, mas a humildade n\u00e3o \u00e9 s\u00f3 a virtude dos plebeus; \u00e9 tamb\u00e9m a virtude dos nobres, porque \u00e9 a virtude dos grandes e tamb\u00e9m dos pequenos. O que \u00e9 a humildade? A humildade \u00e9 a verdade. E\u2019 humilde daquele homem que olha para si, reconhece a verdade a respeito de si mesmo, se contenta com o que \u00e9, n\u00e3o quer ser mais nem menos do que \u00e9, porque Deus Nosso Senhor que manda nele, o colocou na posi\u00e7\u00e3o que ele tem. Isso \u00e9 ser humilde.<br><\/span><span lang=\"PT-BR\">E por isso, uma pessoa pode ser muito humilde, embora sendo muito grande. E ele cita exatamente as palavras do \u201cMagnificat\u201d. Quer dizer, \u201cporque olhou a minha humildade \u2014 diz Nossa Senhora \u2014 todas as gera\u00e7\u00f5es me chamar\u00e3o bem-aventurada. Ele me colocou no \u00e1pice porque eu era humilde. Quer dizer, eu tinha a respeito de mim uma id\u00e9ia perfeitamente precisa\u201d.<br><\/span><span lang=\"PT-BR\">Se a grandeza fosse incompat\u00edvel com a humildade, colocando Nossa Senhora em tal grandeza Deus teria impedido Nossa Senhora de ser humilde. Ora, Ela foi humilde at\u00e9 o fim da vida, sendo a maior das meras criaturas. Logo, entre a grandeza e a humildade n\u00e3o h\u00e1 incompatibilidade. \u00c9 um argumento que n\u00e3o permite r\u00e9plica! \u00c9 perfeito!<br><\/span><span lang=\"PT-BR\">3\u00ba Argumento:&nbsp;<\/span><span lang=\"PT-BR\">&nbsp;<br><\/span><span lang=\"PT-BR\"><i><span style=\"font-family: Trebuchet MS;\">\u201cConstatamos que a Encarna\u00e7\u00e3o revelou a suprema humildade de Deus: 1\u00ba) o revestir-se da carne humana: \u201cEle se aniquilou, tomando a forma de servo\u201d. 2\u00ba) Por sua humilde vida. \u201cAprendei de mim, que sou manso e humilde de cora\u00e7\u00e3o. 3\u00ba) pelas terr\u00edveis dores de sua Paix\u00e3o: \u201colhai e vede se h\u00e1 dor compar\u00e1vel \u00e0 minha dor\u201d.<br><\/span><\/i><\/span><span lang=\"PT-BR\"><i><span style=\"font-family: Trebuchet MS;\">\u201cContudo, nem sempre apareceu no exterior com a mesma humildade, mas pelo contr\u00e1rio, mostrava sua grandeza quando convinha. Assim vemos que Ele ensinou com autoridade, fez milagres e ressuscitou vitorioso dentre&nbsp;&nbsp;os mortos\u201d.<br><\/span><\/i><\/span><span lang=\"PT-BR\">Tamb\u00e9m est\u00e1 muito bem argumentado. Ele diz: tanto \u00e9 verdade que a grandeza e a humildade n\u00e3o se excluem, que em Nosso Senhor tiveram uma alian\u00e7a admir\u00e1vel. Ningu\u00e9m na vida&nbsp;&nbsp;foi mais humilde do que Nosso Senhor Jesus Cristo, mas ningu\u00e9m teve grandeza maior do que a dEle. E o autor mostra tr\u00eas formas da grandeza de Nosso Senhor. O ensinamento de Nosso Senhor: ensinar \u00e9 um atributo de grandeza.<br><\/span><span lang=\"PT-BR\">De outro lado, mostra o poder de fazer milagres de Nosso Senhor, a ponto de ressuscitar um morto. \u00c9 manifestar uma grandeza que ningu\u00e9m tem. Quando \u00e9 que qualquer potentado da terra, no auge de seu poder, ressuscitou um morto? S\u00f3 Deus pode fazer.<br><\/span><span lang=\"PT-BR\">Mas, terceiro, ressuscitou-se a Si pr\u00f3prio, o que \u00e9 ainda muito maior. Porque estando morto, ressuscitar-se a si pr\u00f3prio, essa \u00e9 uma grandeza que desafia qualquer palavra! Ent\u00e3o, aquele que foi o mais humilde de todos foi o maior; logo, a humildade n\u00e3o \u00e9 incompat\u00edvel com a grandeza. N\u00e3o h\u00e1 o que dizer, est\u00e1 perfeitamente respondido!&nbsp;<\/span><span lang=\"PT-BR\">&nbsp;<br><\/span><span lang=\"PT-BR\"><i><span style=\"font-family: Trebuchet MS;\">\u201cMais ainda: A humilha\u00e7\u00e3o de Deus na Encarna\u00e7\u00e3o n\u00e3o teria sido maior por escolher um pai de origem humilde. Foi extrema a humilha\u00e7\u00e3o e nada poderia acrescentar-se \u00e0 humildade da divindade revestir-se da natureza humana\u201d.<br><\/span><\/i><\/span><span lang=\"PT-BR\">Ele diz que falar que Nosso Senhor se humilhou muito sendo filho de oper\u00e1rio, \u00e9 uma coisa inteiramente secund\u00e1ria. Humilha\u00e7\u00e3o verdadeira foi o Filho de Deus ter consentido em ficar homem. \u00c9 verdade, o Filho de Deus consentir ficar homem, o resto \u00e9 o que? Esse autor \u00e9 muito inteligente!<\/span><\/h4>\n<p align=\"center\"><img loading=\"lazy\" decoding=\"async\" src=\"https:\/\/www.pliniocorreadeoliveira.info\/Sao%20Jos%C3%A9%20el%20Parlero%20-%2002%20(perfil).jpg\" width=\"448\" height=\"670\" border=\"0\"><\/p>\n<blockquote>\n<h4><span lang=\"PT-BR\"><i><span style=\"font-family: Trebuchet MS;\">\u201cPor \u00faltimo, foi pobre em bens de fortuna, mas n\u00e3o na excel\u00eancia de sua pessoa, que \u00e9 o verdadeiro fundamento da nobreza, como j\u00e1 foi declarado.<br><\/span><\/i><\/span><span lang=\"PT-BR\"><i><span style=\"font-family: Trebuchet MS;\">\u201cAl\u00e9m disso ele careceu do sup\u00e9rfluo, mas n\u00e3o do necess\u00e1rio; nem tampouco se op\u00f5e \u00e0 nobreza o ganhar o p\u00e3o com o suor de sua fronte. Antes, o trabalho evita a degrada\u00e7\u00e3o, e ningu\u00e9m pode glorificar-se de sua nobreza se n\u00e3o souber cobrir suas necessidades com o trabalho de suas m\u00e3os.<br><\/span><\/i><\/span><span lang=\"PT-BR\">\u201cA natureza, que d\u00e1 essa nobreza aos homens, aborrece a ociosidade, combatendo-a com todas as suas for\u00e7as. E assim dizia Arist\u00f3teles: Todo o que trabalha ordena sua opera\u00e7\u00e3o ao obrar. O trabalho tem a si mesmo por seu pr\u00f3prio efeito; e tamb\u00e9m Deus e a natureza nada fazem inutilmente\u201d.<br><\/span><span lang=\"PT-BR\">O princ\u00edpio que desenvolve \u00e9 muito interessante. Afirma ele que o trabalhar com suas pr\u00f3prias m\u00e3os de si n\u00e3o destr\u00f3i a nobreza, porque n\u00e3o h\u00e1 uma incompatibilidade radical da nobreza com o trabalho manual. O trabalho manual n\u00e3o \u00e9 uma vergonha, n\u00e3o \u00e9 um pecado. Um nobre pode estar reduzido \u00e0 condi\u00e7\u00e3o de trabalhador manual mas, com isso, n\u00e3o perde a sua nobreza. Ele pode readquirir, de futuro, a sua nobreza, porque [n\u00e3o cometeu uma] a\u00e7\u00e3o vexat\u00f3ria [ou] uma a\u00e7\u00e3o criminosa.<br><\/span><span lang=\"PT-BR\">S\u00e3o Jos\u00e9 foi assim. O que fez com seu trabalho manual foi tudo quanto havia de mais nobre e de mais alto e, por causa disso, n\u00e3o se pode dizer que ele tenha desmerecido da nobreza de seus antepassados trabalhando manualmente.<br><\/span><span lang=\"PT-BR\">Quando eu estava imobilizado por causa do desastre&nbsp;<b>[<a href=\"https:\/\/www.pliniocorreadeoliveira.info\/Cruzado0614.htm\">automobil\u00edstico em 1975<\/a>]<\/b>, eu li um livro sobre a nobreza \u2013 ali\u00e1s, \u00e9 o \u00fanico livro que me caiu nas m\u00e3os, at\u00e9 hoje [1976] \u2013 direta e exclusivamente sobre a nobreza, e muito mal escrito, porque o autor (professor de uma pequena Universidade de Paris) reconhece que, expressamente sobre a nobreza, quase n\u00e3o h\u00e1 livros. O que, ali\u00e1s, \u00e9 um esc\u00e2ndalo! Porque era uma das tr\u00eas classes sociais da antig\u00fcidade; isto mostra o facciosismo de certos estudos hist\u00f3ricos.<\/span><\/h4>\n<div><span lang=\"PT-BR\">&nbsp;<\/span><span lang=\"PT-BR\" style=\"font-size: 1rem;\">&nbsp;<\/span><span style=\"font-size: 1rem;\">&nbsp;<\/span><\/div>\n<\/blockquote>\n<h4><span lang=\"PT-BR\">Mas esse professor narrava que em certas regi\u00f5es da Europa havia essa delicadeza de alma: quando um homem de uma fam\u00edlia nobre perdia a fortuna e era obrigado a trabalhar com suas pr\u00f3prias m\u00e3os, n\u00e3o se dizia que ele tinha perdido a nobreza; dizia-se que sua nobreza estava \u201c<i>en sommeil<\/i>\u201d (em estado de sono) \u2014 express\u00e3o muito bonita! \u2014 e que ela despertaria no dia em que suas condi\u00e7\u00f5es materiais lhe permitissem viver no estado nobre. \u00c9 linda a express\u00e3o!<br><\/span><span lang=\"PT-BR\">\u00c9 um infort\u00fanio: ficou pobre, est\u00e1 trabalhando. Mas n\u00e3o est\u00e1 fazendo nada degradante. \u00c9 verdade que n\u00e3o fica bem dizer-se a um copeiro, por exemplo: \u201cAlteza, me traga uma [\u00e1gua mineral de marca]&nbsp;<i>Caxambu<\/i>&#8230;\u201d A nobreza dele entrou em estado de sono; ela est\u00e1 como que dormindo dentro dele. Mas as circunst\u00e2ncias melhorando, sua nobreza refloresce.<br><\/span><span lang=\"PT-BR\">De maneira que o comentarista aplica isso \u00e0 nobreza de S\u00e3o Jos\u00e9. \u00c9 perfeitamente bem pensado, bem conclu\u00eddo, bem articulado!<br><\/span><span lang=\"PT-BR\">Eu vi com alegria que v\u00e1rios dos srs. \u2013 enquanto eu fazia o coment\u00e1rio do texto desse Padre a respeito de S\u00e3o Jos\u00e9 \u2013 faziam express\u00f5es de fisionomia que indicavam ades\u00e3o e satisfa\u00e7\u00e3o, n\u00e3o s\u00f3 pela tese que o Padre sustenta, mas tamb\u00e9m alegraram-se em ver a agilidade da argumenta\u00e7\u00e3o dele.<br><\/span><span lang=\"PT-BR\">Os senhores me permitir\u00e3o que neste \u201cSanto do Dia\u201d eu trate de uma coisa que est\u00e1 \u00e0 margem do tema, mas n\u00e3o est\u00e1 \u00e0 margem de nossa reuni\u00e3o. Aqueles dos senhores que tiveram algum prazer em ouvir a argumenta\u00e7\u00e3o desse Padre, por onde os senhores, enquanto prestavam aten\u00e7\u00e3o na argumenta\u00e7\u00e3o dele, se esqueceram das preocupa\u00e7\u00f5es e dos aborrecimentos da vida de todos os dias [queiram levantar o bra\u00e7o]&#8230;<br><\/span><span lang=\"PT-BR\">Agora os srs.&nbsp;&nbsp;s\u00e3o convidados a fazer uma compara\u00e7\u00e3o entre a \u201calegria\u201d que d\u00e1 a \u201ctorcida\u201d [o frenesi] e a alegria que d\u00e1 o racioc\u00ednio. A \u201ctorcida\u201d que uma pessoa inclemente e pouco cerimoniosa chamaria o v\u00edcio da gera\u00e7\u00e3o-nova: \u201cvai acontecer, ou n\u00e3o vai&#8230; torce&#8230;\u201d. Comparem a \u201calegria\u201d que pode dar a \u201ctorcida\u201d com essa alegria que d\u00e1 essa serenidade da alma, quando o homem est\u00e1 no estado de repouso, de distens\u00e3o, e acompanha o passo majestoso e cadenciado dos argumentos que se seguem uns aos outros como uma bonita parada; em que ele aprecia o gume da cada arma da l\u00f3gica, e tem esse prazer soberano que \u00e9 de ver a arma da l\u00f3gica entrar na carnatura do erro e fender. \u00c9 bonito isso! Os srs.&nbsp;&nbsp;est\u00e3o vendo uma posi\u00e7\u00e3o errada, que ele menciona na tese impugnada, depois vem o argumento como o bisturi de um m\u00e9dico magn\u00edfico. Entra e talha, corta o tumor e o organismo respira satisfeito.<\/span><\/h4>\n<h4><span lang=\"PT-BR\">Magn\u00edfico! O mal ficou inutilizado, ficou prostrado, ficou arrasado. Assim \u00e9 que fez a l\u00f3gica! Clara, precisa, elegante como um Anjo, mas que dardeja um raio sobre o erro e o liquida. Isto \u00e9 bonito!<br><\/span><span lang=\"PT-BR\">Ent\u00e3o, a gente ver o erro apresentado com todos os seus enfeites, seus adornos; mas depois verem a l\u00f3gica que joga o erro no ch\u00e3o com uma sapecada certa, um&nbsp;&nbsp;golpe certo. Isso \u00e9 bonito! Analis\u00e1-lo \u00e9 fonte de um dos maiores prazeres que na vida se tem.<br><\/span><span lang=\"PT-BR\">S\u00e3o Tom\u00e1s de Aquino dizia que sem um m\u00ednimo de prazer o homem n\u00e3o pode viver. E ele tem evidentemente toda a raz\u00e3o nisso. Mas \u00e9 preciso encontrar o prazer onde ele est\u00e1. N\u00e3o quer dizer ligar a televis\u00e3o dez minutos por dia, porque do contr\u00e1rio morre&#8230; Mas \u00e9 procurar o prazer do esp\u00edrito, onde de fato o prazer est\u00e1!<br><\/span><span lang=\"PT-BR\">Ent\u00e3o, aqui fica um pequeno conselho aos senhores. E esse elogio da l\u00f3gica seja feito a&nbsp;<b>S\u00e3o Jos\u00e9, t\u00e3o l\u00f3gico, t\u00e3o coerente, que levou a l\u00f3gica ao verdadeiro hero\u00edsmo durante sua vida<\/b>.<br><\/span><span lang=\"PT-BR\">Qual foi um lance da vida de S\u00e3o Jos\u00e9 em que ele levou a l\u00f3gica at\u00e9 o hero\u00edsmo? Foi o epis\u00f3dio muito conhecido, quando ele viu que Nossa Senhora tinha concebido um filho do qual ele n\u00e3o era pai. O Evangelho aborda o assunto. Ele foi colocado diante de uma situa\u00e7\u00e3o absurda, pois Nossa Senhora era evidentemente santa. Disso ele n\u00e3o podia duvidar, porque a santidade dEla reluzia de todos os modos poss\u00edveis. Mas, de outro lado, estava criada uma situa\u00e7\u00e3o que ele n\u00e3o conhecia, e com a qual ele n\u00e3o podia conviver. Em vez de denunci\u00e1-La como ordenava a Lei hebraica, ele pensou na \u00fanica sa\u00edda l\u00f3gica: \u201cQuem est\u00e1 de mais nesta casa n\u00e3o \u00e9 essa M\u00e3e, que aqui \u00e9 a dona e rainha; nem o filho que Ela concebeu. Algu\u00e9m est\u00e1 de mais, e esse algu\u00e9m sou eu. Vou abandonar a casa e sumir. N\u00e3o compreendo tal mist\u00e9rio, mas contra ele n\u00e3o me levantarei. Passarei meus dias longe, venerando o mist\u00e9rio que n\u00e3o entendi\u201d.<br><\/span><span lang=\"PT-BR\">E resolveu, quando fosse meia-noite, abandonar a casa, fugir, deixando Nossa Senhora com o fruto de suas entranhas.<\/span><\/h4>\n<p align=\"center\"><img loading=\"lazy\" decoding=\"async\" src=\"https:\/\/www.pliniocorreadeoliveira.info\/Sao%20Jos%C3%A9%20-%20em%20sono%20-%20vitral.jpg\" width=\"380\" height=\"429\" border=\"0\"><\/p>\n<p align=\"justify\"><span lang=\"PT-BR\">&nbsp;<\/span><\/p>\n<h4><span lang=\"PT-BR\">&nbsp;C<i>onsid<\/i>erem a calma de S\u00e3o Jos\u00e9. Essa calma, s\u00f3 os homens l\u00f3gicos a t\u00eam. Ele tinha que abandonar o maior tesouro da Terra, que era Nossa Senhora. E isso representava um sofrimento imenso, inimagin\u00e1vel. O Evangelho narra que ele estava dormindo, quando apareceu o anjo em sonho e lhe deu a explica\u00e7\u00e3o.<br><\/span><span lang=\"PT-BR\">Andando ele com isto no pensamento, eis que um anjo do Senhor lhe apareceu em sonhos, e lhe disse: Jos\u00e9, filho de Davi, n\u00e3o temas receber em tua casa Maria, tua esposa, porque o que nela foi concebido \u00e9 (obra) do Esp\u00edrito Santo. Dar\u00e1 \u00e0 luz um filho, ao qual por\u00e1s o nome de Jesus, porque Ele salvar\u00e1 o seu povo dos seus pecados&#8221; (Mt 1, 20-21).<br><\/span><span lang=\"PT-BR\">Assim, antes desse lance tremendo, S\u00e3o Jos\u00e9 dormia. Ele ia viajar e deveria preparar-se, repousando para tal viagem. Vergado por um enorme sofrimento, entretanto ele dormia. O anjo apareceu-lhe e explicou a situa\u00e7\u00e3o. Ele continuou o sono. Amanheceu e a vida prosseguiu normalmente. Suma normalidade, suma coer\u00eancia, suma l\u00f3gica! Em louvor da l\u00f3gica de S\u00e3o Jos\u00e9, este r\u00e1pido coment\u00e1rio que representa um elogio \u00e0 l\u00f3gica.<\/span><\/h4>\n<p align=\"justify\">\n<\/p>\t\t\t\t\t\t<\/div>\n\t\t\t\t<\/div>\n\t\t\t\t\t<\/div>\n\t\t<\/div>\n\t\t\t\t\t<\/div>\n\t\t<\/section>\n\t\t\t\t<\/div>\n\t\t","protected":false},"excerpt":{"rendered":"<p>Plinio Corr\u00eaa de Oliveira \u00a0 \u00a0 \u00a0 \u00a0 Nobreza,\u00a0humildade, calma e a l\u00f3gica de S\u00e3o Jos\u00e9 \u00a0 \u00a0 Santo do Dia, 19 de mar\u00e7o de 1976 A D V E R T \u00ca N C I A O presente texto \u00e9 adapta\u00e7\u00e3o de transcri\u00e7\u00e3o de grava\u00e7\u00e3o de confer\u00eancia do Prof. Plinio Corr\u00eaa de Oliveira a s\u00f3cios e cooperadores da TFP, mantendo portanto o estilo verbal, e n\u00e3o foi revisto pelo autor. Se o\u00a0Prof.\u00a0Plinio Corr\u00eaa de Oliveira estivesse entre n\u00f3s, certamente pediria que se colocasse expl\u00edcita men\u00e7\u00e3o a sua filial disposi\u00e7\u00e3o de retificar qualquer discrep\u00e2ncia em rela\u00e7\u00e3o ao Magist\u00e9rio da Igreja&#8230;.<\/p>\n","protected":false},"author":1,"featured_media":0,"comment_status":"open","ping_status":"open","sticky":false,"template":"","format":"standard","meta":{"jetpack_post_was_ever_published":false,"_jetpack_newsletter_access":"","_jetpack_dont_email_post_to_subs":false,"_jetpack_newsletter_tier_id":0,"footnotes":""},"categories":[1],"tags":[],"jetpack_sharing_enabled":true,"jetpack_featured_media_url":"","_links":{"self":[{"href":"https:\/\/ligadosantorosario.com\/index.php?rest_route=\/wp\/v2\/posts\/9009"}],"collection":[{"href":"https:\/\/ligadosantorosario.com\/index.php?rest_route=\/wp\/v2\/posts"}],"about":[{"href":"https:\/\/ligadosantorosario.com\/index.php?rest_route=\/wp\/v2\/types\/post"}],"author":[{"embeddable":true,"href":"https:\/\/ligadosantorosario.com\/index.php?rest_route=\/wp\/v2\/users\/1"}],"replies":[{"embeddable":true,"href":"https:\/\/ligadosantorosario.com\/index.php?rest_route=%2Fwp%2Fv2%2Fcomments&post=9009"}],"version-history":[{"count":63,"href":"https:\/\/ligadosantorosario.com\/index.php?rest_route=\/wp\/v2\/posts\/9009\/revisions"}],"predecessor-version":[{"id":12190,"href":"https:\/\/ligadosantorosario.com\/index.php?rest_route=\/wp\/v2\/posts\/9009\/revisions\/12190"}],"wp:attachment":[{"href":"https:\/\/ligadosantorosario.com\/index.php?rest_route=%2Fwp%2Fv2%2Fmedia&parent=9009"}],"wp:term":[{"taxonomy":"category","embeddable":true,"href":"https:\/\/ligadosantorosario.com\/index.php?rest_route=%2Fwp%2Fv2%2Fcategories&post=9009"},{"taxonomy":"post_tag","embeddable":true,"href":"https:\/\/ligadosantorosario.com\/index.php?rest_route=%2Fwp%2Fv2%2Ftags&post=9009"}],"curies":[{"name":"wp","href":"https:\/\/api.w.org\/{rel}","templated":true}]}}