{"id":9297,"date":"2025-03-17T19:34:25","date_gmt":"2025-03-17T19:34:25","guid":{"rendered":"https:\/\/ligadosantorosario.com\/?p=9297"},"modified":"2026-03-22T18:48:46","modified_gmt":"2026-03-22T18:48:46","slug":"a-anunciacao-do-anjo-a-nossa-senhora-e-a-encarnacao-do-verbo","status":"publish","type":"post","link":"https:\/\/ligadosantorosario.com\/?p=9297","title":{"rendered":"A ANUNCIA\u00c7\u00c3O DO ANJO A NOSSA SENHORA E A ENCARNA\u00c7\u00c3O DO VERBO"},"content":{"rendered":"\t\t<div data-elementor-type=\"wp-post\" data-elementor-id=\"9297\" class=\"elementor elementor-9297\" data-elementor-post-type=\"post\">\n\t\t\t\t\t\t<section class=\"elementor-section elementor-top-section elementor-element elementor-element-5ac8357 elementor-section-boxed elementor-section-height-default elementor-section-height-default\" data-id=\"5ac8357\" data-element_type=\"section\">\n\t\t\t\t\t\t<div class=\"elementor-container elementor-column-gap-default\">\n\t\t\t\t\t<div class=\"elementor-column elementor-col-100 elementor-top-column elementor-element elementor-element-638e269\" data-id=\"638e269\" data-element_type=\"column\">\n\t\t\t<div class=\"elementor-widget-wrap\">\n\t\t\t\t\t\t\t<\/div>\n\t\t<\/div>\n\t\t\t\t\t<\/div>\n\t\t<\/section>\n\t\t\t\t<section class=\"elementor-section elementor-top-section elementor-element elementor-element-24701ef elementor-section-boxed elementor-section-height-default elementor-section-height-default\" data-id=\"24701ef\" data-element_type=\"section\">\n\t\t\t\t\t\t<div class=\"elementor-container elementor-column-gap-default\">\n\t\t\t\t\t<div class=\"elementor-column elementor-col-100 elementor-top-column elementor-element elementor-element-2830006\" data-id=\"2830006\" data-element_type=\"column\">\n\t\t\t<div class=\"elementor-widget-wrap\">\n\t\t\t\t\t\t\t<\/div>\n\t\t<\/div>\n\t\t\t\t\t<\/div>\n\t\t<\/section>\n\t\t\t\t<section class=\"elementor-section elementor-top-section elementor-element elementor-element-353a17d elementor-section-boxed elementor-section-height-default elementor-section-height-default\" data-id=\"353a17d\" data-element_type=\"section\">\n\t\t\t\t\t\t<div class=\"elementor-container elementor-column-gap-default\">\n\t\t\t\t\t<div class=\"elementor-column elementor-col-100 elementor-top-column elementor-element elementor-element-7d7acfa\" data-id=\"7d7acfa\" data-element_type=\"column\">\n\t\t\t<div class=\"elementor-widget-wrap elementor-element-populated\">\n\t\t\t\t\t\t<div class=\"elementor-element elementor-element-3f30f5e elementor-widget elementor-widget-text-editor\" data-id=\"3f30f5e\" data-element_type=\"widget\" data-widget_type=\"text-editor.default\">\n\t\t\t\t<div class=\"elementor-widget-container\">\n\t\t\t<style>\/*! elementor - v3.23.0 - 05-08-2024 *\/\n.elementor-widget-text-editor.elementor-drop-cap-view-stacked .elementor-drop-cap{background-color:#69727d;color:#fff}.elementor-widget-text-editor.elementor-drop-cap-view-framed .elementor-drop-cap{color:#69727d;border:3px solid;background-color:transparent}.elementor-widget-text-editor:not(.elementor-drop-cap-view-default) .elementor-drop-cap{margin-top:8px}.elementor-widget-text-editor:not(.elementor-drop-cap-view-default) .elementor-drop-cap-letter{width:1em;height:1em}.elementor-widget-text-editor .elementor-drop-cap{float:left;text-align:center;line-height:1;font-size:50px}.elementor-widget-text-editor .elementor-drop-cap-letter{display:inline-block}<\/style>\t\t\t\t<h2><span style=\"font-family: Arial;\"><b>Plinio Corr\u00eaa de Oliveira<\/b><\/span><\/h2><p align=\"CENTER\"><span style=\"font-family: Arial;\"><a href=\"https:\/\/ligadosantorosario.com\/?attachment_id=9010\" rel=\"attachment wp-att-9010\"><img fetchpriority=\"high\" decoding=\"async\" class=\" wp-image-9010 alignright\" src=\"http:\/\/ligadosantorosario.com\/wp-content\/uploads\/Plinio_escudo-atras-200x300.jpg\" alt=\"\" width=\"293\" height=\"440\" srcset=\"https:\/\/ligadosantorosario.com\/wp-content\/uploads\/Plinio_escudo-atras-200x300.jpg 200w, https:\/\/ligadosantorosario.com\/wp-content\/uploads\/Plinio_escudo-atras-682x1024.jpg 682w, https:\/\/ligadosantorosario.com\/wp-content\/uploads\/Plinio_escudo-atras-768x1153.jpg 768w, https:\/\/ligadosantorosario.com\/wp-content\/uploads\/Plinio_escudo-atras.jpg 922w\" sizes=\"(max-width: 293px) 100vw, 293px\" \/><\/a><\/span><\/p><p align=\"CENTER\"><span style=\"font-family: Arial;\">\u00a0<\/span><\/p><p align=\"CENTER\"><span style=\"font-family: Arial;\">\u00a0<\/span><\/p><p align=\"CENTER\"><span style=\"font-family: Arial;\">\u00a0<\/span><\/p><p align=\"CENTER\">\u00a0<\/p><p align=\"CENTER\">\u00a0<\/p><p align=\"CENTER\">\u00a0<\/p><h5><span style=\"font-family: Arial;\">Confer\u00eancia proferida para s\u00f3cios e cooperadores<\/span><\/h5><div><span style=\"font-family: Arial;\">\u00a0<\/span><\/div><h5><span style=\"color: var( --e-global-color-text ); font-family: var( --e-global-typography-text-font-family ), Sans-serif;\"><span style=\"font-family: Arial;\">\u00a0 \u00a0 \u00a0 \u00a0<i style=\"font-size: 1rem; font-weight: bold;\">da TFP\u00a0 em 24 de mar\u00e7o de 1984<\/i><\/span><\/span><span style=\"color: var( --e-global-color-text ); font-family: var( --e-global-typography-text-font-family ), Sans-serif; font-weight: var( --e-global-typography-text-font-weight ); font-size: 1rem;\">\u00a0<\/span><\/h5><p align=\"CENTER\">\u00a0<\/p><p align=\"CENTER\">\u00a0<\/p><p align=\"CENTER\"><b style=\"color: var( --e-global-color-text ); font-family: var( --e-global-typography-text-font-family ), Sans-serif; font-size: 1rem;\"><span style=\"font-family: Verdana; font-size: small;\">( Transcri\u00e7\u00e3o de fita magn\u00e9tica &#8211; sem revis\u00e3o do autor )<\/span><\/b><\/p>\t\t\t\t\t\t<\/div>\n\t\t\t\t<\/div>\n\t\t\t\t\t<\/div>\n\t\t<\/div>\n\t\t\t\t\t<\/div>\n\t\t<\/section>\n\t\t\t\t<section class=\"elementor-section elementor-top-section elementor-element elementor-element-9b7a99a elementor-section-boxed elementor-section-height-default elementor-section-height-default\" data-id=\"9b7a99a\" data-element_type=\"section\">\n\t\t\t\t\t\t<div class=\"elementor-container elementor-column-gap-default\">\n\t\t\t\t\t<div class=\"elementor-column elementor-col-100 elementor-top-column elementor-element elementor-element-369204d\" data-id=\"369204d\" data-element_type=\"column\">\n\t\t\t<div class=\"elementor-widget-wrap elementor-element-populated\">\n\t\t\t\t\t\t<div class=\"elementor-element elementor-element-1903ae4 elementor-widget elementor-widget-text-editor\" data-id=\"1903ae4\" data-element_type=\"widget\" data-widget_type=\"text-editor.default\">\n\t\t\t\t<div class=\"elementor-widget-container\">\n\t\t\t\t\t\t\t<p><strong>A D V E R T \u00ca N C I A<\/strong><\/p><h6>O presente texto \u00e9 adapta\u00e7\u00e3o de transcri\u00e7\u00e3o de grava\u00e7\u00e3o de confer\u00eancia do Prof. Plinio Corr\u00eaa de Oliveira a s\u00f3cios e cooperadores da TFP, mantendo portanto o estilo verbal, e n\u00e3o foi revisto pelo autor.<br \/><strong>\u201cCat\u00f3lico apost\u00f3lico romano, o autor deste texto\u00a0\u00a0se submete com filial ardor ao ensinamento tradicional da Santa Igreja. Se, no entanto,\u00a0 por lapso, algo nele ocorra que n\u00e3o esteja conforme \u00e0quele ensinamento, desde j\u00e1 e categoricamente o rejeita\u201d.<\/strong><br \/>As palavras &#8220;Revolu\u00e7\u00e3o&#8221; e &#8220;Contra-Revolu\u00e7\u00e3o&#8221;, s\u00e3o aqui empregadas no sentido que lhes d\u00e1 o Prof. Pl\u00ednio Corr\u00eaa de Oliveira em seu livro &#8220;<strong><a href=\"https:\/\/www.pliniocorreadeoliveira.info\/livros.asp#RCR\">Revolu\u00e7\u00e3o e Contra-Revolu\u00e7\u00e3o<\/a><\/strong>&#8220;, cuja primeira edi\u00e7\u00e3o foi publicada no N\u00ba 100 de\u00a0<strong><a href=\"https:\/\/www.pliniocorreadeoliveira.info\/artigoscatolicismo_1959.asp\">&#8220;Catolicismo&#8221;<\/a><\/strong>, em abril de 1959.<\/h6><h6>Se o\u00a0Prof.\u00a0Plinio Corr\u00eaa de Oliveira estivesse entre n\u00f3s, certamente pediria que se colocasse expl\u00edcita men\u00e7\u00e3o a sua filial disposi\u00e7\u00e3o de retificar qualquer discrep\u00e2ncia em rela\u00e7\u00e3o ao Magist\u00e9rio da Igreja. \u00c9 o que fazemos aqui constar, com suas pr\u00f3prias palavras, como homenagem\u00a0a\u00a0t\u00e3o belo e constante estado de esp\u00edrito:<\/h6><h6>\u00a0<\/h6>\t\t\t\t\t\t<\/div>\n\t\t\t\t<\/div>\n\t\t\t\t\t<\/div>\n\t\t<\/div>\n\t\t\t\t\t<\/div>\n\t\t<\/section>\n\t\t\t\t<section class=\"elementor-section elementor-top-section elementor-element elementor-element-013b1a2 elementor-section-boxed elementor-section-height-default elementor-section-height-default\" data-id=\"013b1a2\" data-element_type=\"section\">\n\t\t\t\t\t\t<div class=\"elementor-container elementor-column-gap-default\">\n\t\t\t\t\t<div class=\"elementor-column elementor-col-100 elementor-top-column elementor-element elementor-element-423b69e\" data-id=\"423b69e\" data-element_type=\"column\">\n\t\t\t<div class=\"elementor-widget-wrap elementor-element-populated\">\n\t\t\t\t\t\t<div class=\"elementor-element elementor-element-eea16b5 elementor-widget elementor-widget-text-editor\" data-id=\"eea16b5\" data-element_type=\"widget\" data-widget_type=\"text-editor.default\">\n\t\t\t\t<div class=\"elementor-widget-container\">\n\t\t\t\t\t\t\t<p style=\"font-weight: 400;\">\n<\/p><h5 style=\"\">&nbsp; &nbsp; &nbsp; &nbsp; &nbsp;Meus caros, \u00e9&nbsp; com um gosto todo especial que eu vos falo a respeito desta festa [da Encarna\u00e7\u00e3o]. Festa da qual dizia muito bem S\u00e3o Luiz Maria Grignion de Montfort, citado h\u00e1 pouco, \u00e9 um objeto de especial devo\u00e7\u00e3o da parte de todos aqueles que se consagram a Maria Sant\u00edssima como escravos segundo o m\u00e9todo de S\u00e3o Luiz Maria Grignion de Monfort.<br>Para n\u00f3s termos diante dos olhos um dos muitos aspectos da festa da Encarna\u00e7\u00e3o, eu come\u00e7aria por vos p\u00f4r o seguinte problema: Nosso Senhor Jesus Cristo&nbsp; \u2013&nbsp; fala-se tanto a respeito dEle -, tem-se bem exatamente a id\u00e9ia do papel dEle na cria\u00e7\u00e3o, do papel dEle no universo?<br>Se n\u00f3s considerarmos o universo n\u00f3s veremos que ele \u00e9 constitu\u00eddo de maravilhas. Qualquer coisa do universo feita por Deus \u00e9 uma maravilha: uma gota de \u00e1gua \u00e9 uma maravilha, um passarinho \u00e9 uma maravilha, uma pedra \u00e9 uma maravilha. Mesmo certas coisas que nesta terra de ex\u00edlio s\u00e3o feias como, por exemplo, as formigas, a gente vendo por um microsc\u00f3pio s\u00e3o uns monstros, entretanto, s\u00e3o maravilhas de organiza\u00e7\u00e3o, de sabedoria. N\u00e3o s\u00f3 no modo pelo qual elas agem e que tem sido objeto de estudo de cientista, mas tamb\u00e9m na constitui\u00e7\u00e3o f\u00edsica que elas tem: como \u00e9 o corpo delas, como \u00e9 esse corpo adequado \u00e0 sua finalidade, como \u00e9 que existe, como \u00e9 que morre, como \u00e9 que vive, etc.<img decoding=\"async\" class=\"alignright\" src=\"https:\/\/www.pliniocorreadeoliveira.info\/gota%20d%C3%A1gua.jpg\" alt=\"Gotas d'\u00e1gua\" width=\"319\" height=\"234\">Em tudo do universo, n\u00f3s mexemos um pouco e encontramos uma maravilha. Como seriam essas maravilhas no Para\u00edso? Haveria formigas no Para\u00edso? Seriam belas ou seriam feias as formigas do Para\u00edso?&nbsp;Como seria uma gota de \u00e1gua no Para\u00edso?&nbsp;Como seria uma ta\u00e7a de \u00e1gua no Para\u00edso? No Para\u00edso haveria ta\u00e7as ou haveria flores magn\u00edficas, \u00e0 maneira de copos de leite, nos quais os homens beberiam?<br>Estas s\u00e3o conjeturas \u00e0s quais eu n\u00e3o me entregarei esta noite, mas que eu pretendo algum dia tratar, de mim para comigo, se Nossa Senhora&nbsp; me conceder a gra\u00e7a de ler o Corn\u00e9lio [a Lapide] antes de morrer. Faz parte dos muitos aspectos da doutrina cat\u00f3lica que eu gostaria de conhecer.<\/h5>\n<h5 style=\"font-weight: 400;\">Uma coisa \u00e9 positiva: \u00e9 que Deus fazendo tantas maravilhas no universo, dificilmente se poderia compreender, ou seria talvez incompreens\u00edvel, que Ele n\u00e3o coroasse todas as maravilhas com uma maravilha complementar.<br>Os senhores imaginam um joalheiro que tem um cofre cheio de j\u00f3ias, um escr\u00ednio cheio de pedras preciosas. Mas essas pedras preciosas ainda n\u00e3o est\u00e3o articuladas como j\u00f3ias. Ele as esparrama sobre a mesa, acende sobre elas aquela l\u00e2mpada de joalheiro, tem por debaixo um lindo feltro para poder real\u00e7ar a beleza e o valor de cada pedra e fica olhando&#8230; Fica encantado com todas essas pedras.<br>Se ele \u00e9 um joalheiro inteligente, se ele n\u00e3o \u00e9 um mero espectador ininteligente das coisas, mais cedo ou mais tarde, lhe vir\u00e1 a id\u00e9ia seguinte: como com essas pedras constituir um conjunto? S\u00e3o t\u00e3o belas que elas merecem ser integradas num todo mais belo do que elas! Se as pedras s\u00e3o belas, a j\u00f3ia na qual se encaixam as pedras&nbsp; ainda s\u00e3o mais bonitas, porque o conjunto das coisas ordenadas \u00e9 mais bonito que o puro monturo dessas coisas, o puro amontoamento dessas coisas; o conjunto \u00e9 mais bonito do que as coisas desarticuladas; a ordem \u00e9 um degrau a mais para o esplendor; a beleza propriamente dita decorre n\u00e3o s\u00f3 da beleza de cada parte, mas da ordena\u00e7\u00e3o com que todas as partes est\u00e3o dispostas. Esta \u00e9 a beleza das belezas.<br>E o joalheiro inteligente n\u00e3o poderia deixar de dizer: \u201cessas pedras s\u00e3o assim-assim-assim&#8230; Eu vou constituir com elas uma j\u00f3ia&#8230;\u201d Pensa&#8230; manda fazer a j\u00f3ia. Ele estuda as pedras e diz: \u201cno centro vai aquela brilhante magn\u00edfico que eu estou&#8230; Mas para que a beleza dessa j\u00f3ia irradie mais, eu vou por daquele lado rubis, mais adiante safiras, mais adiante esmeraldas&#8230;\u201d etc., e comp\u00f5e l\u00e1, segundo um bonito desejo, toda a sua j\u00f3ia.<\/h5><h5 style=\"font-weight: 400;\"><br>Uma vez composta essa j\u00f3ia, se ele \u00e9 um grande joalheiro que n\u00e3o tem hesita\u00e7\u00e3o, n\u00e3o tem contradi\u00e7\u00e3o e que no primeiro plano j\u00e1 v\u00ea como \u00e9 que tem que ser a j\u00f3ia e executa, ele olha contente e diz: que bela j\u00f3ia eu fiz! Manda vir um homem que tira uma fotografia daquilo e diz: diga ao ourives para me montar esta j\u00f3ia. N\u00e3o poupe ouro do melhor quilate, n\u00e3o ponha nem demais nem de menos e fa\u00e7a com que a beleza do metal complete a beleza das pedras. Ande e v\u00e1!<br>Quando, dias depois, da parte do ourives&nbsp; \u2013&nbsp; ou ele manda algu\u00e9m ou vem ele mesmo com um lindo escr\u00ednio&nbsp; \u2013&nbsp; abre: veludos; abre: sedas; abre: tira a j\u00f3ia e entrega. Ele diz: Senhor, aqui est\u00e3o as pedras que v\u00f3s obtivestes, aqui est\u00e1 a j\u00f3ia que v\u00f3s pensastes, aqui est\u00e1 a beleza que minhas m\u00e3os vos entrega! Homenagem, homenagem, homenagem!<\/h5>\n<h5 style=\"font-weight: 400;\">Ora, Deus tendo feito todas essas maravilhas que est\u00e3o no nosso universo vis\u00edvel, era imposs\u00edvel que Ele n\u00e3o procurasse p\u00f4r uma ordem nessa maravilha. E ele p\u00f4s, como centro dessa ordem, o homem. E no homem, Ad\u00e3o e Eva. Mas depois a partir de Ad\u00e3o e Eva era inten\u00e7\u00e3o dEle que houvesse governando todas essas maravilhas que Ele tinha posto, governando houvesse, portanto, o g\u00eanero humano. Mas depois que o g\u00eanero humano tivesse homens que o governasse.<br>Mas depois tamb\u00e9m que o g\u00eanero humano tivesse homens gradativamente mais perfeitos, mais perfeitos, mais santos, mais admir\u00e1veis e&#8230; no centro e no \u00e1pice um homem t\u00e3o perfeito, t\u00e3o inteligente, t\u00e3o s\u00e1bio, t\u00e3o poderoso, que ele excedesse em beleza, em sabedoria, em virtude, em poder a todos os homens criados. Em torno deste homem se disporiam todas as perfei\u00e7\u00f5es do universo criado.<br>A maior parte dos te\u00f3logos se inclina a crer que logo que Deus criou o g\u00eanero humano Ele teve como inten\u00e7\u00e3o criar esse homem. Mas a sua inten\u00e7\u00e3o foi t\u00e3o alta, t\u00e3o alta, que al\u00e9m de criar esse homem, ele quis para este homem algo de incomparavelmente maior, ela quis que este homem ficasse colocado numa eleva\u00e7\u00e3o tal que este homem fosse o Homem-Deus.<br>E este homem Deus que algum dia deveria nascer, filho dos homens&nbsp; e Deus, filho dos homens e Filho de Deus, que este Homem-Deus fosse como um h\u00edfen, como uma ponta de ouro ligando magnificamente o C\u00e9u e a Terra.<br>Considerem todas as grandezas que a Hist\u00f3ria apresenta; tomem todos os s\u00e1bios (inclusive os verdadeiros s\u00e1bios da Santa Igreja Cat\u00f3lica), tomem todos os santos, tomem todos os potentados, todos os reis, todos os magnatas, tomem o que quiserem, todos os oradores, o que os senhores quiserem, somem tudo&#8230; como \u00e9 que se pode comparar sequer de longe ao Homem-Deus, Nosso Senhor Jesus Cristo?<\/h5><h5 style=\"font-weight: 400;\"><br>Homem-Deus, homem feito de carne e osso como n\u00f3s, mas homem que est\u00e1 ligado \u00e0 natureza divina de tal maneira que h\u00e1 duas naturezas nEle; uma humana e outra divina, formando uma s\u00f3 pessoa. Assim como n\u00f3s, h\u00e1 a natureza espiritual, princ\u00edpio espiritual e h\u00e1 na mat\u00e9ria o corpo que forma uma s\u00f3 pessoa, em Nosso Senhor Jesus Cristo, o homem e Deus forma uma s\u00f3 pessoa, o Homem-Deus Nosso Senhor Jesus Cristo.<br>Todas as belezas do mar, todas as belezas do C\u00e9u, todas as belezas que est\u00e3o nas entranhas da Terra, todas as belezas da variedade dos animais, da variedade das plantas, todas as grandezas e belezas que tiveram os homens de todos os tempos, tudo isso n\u00e3o eram sen\u00e3o sinais precursores&nbsp; \u2013&nbsp;&nbsp; ou n\u00e3o s\u00e3o sen\u00e3o ecos que se voltam para tr\u00e1s para olhar aquele que fica no centro e no \u00e1pice da hist\u00f3ria, Nosso Senhor Jesus Cristo.<\/h5>\n<p style=\"font-weight: 400;\"><br><em><img decoding=\"async\" class=\"alignleft\" src=\"https:\/\/www.pliniocorreadeoliveira.info\/Santo_Sud%C3%A1rio_Rosto_Otimizado.jpg\" alt=\"Santo Sud\u00e1rio - Rosto\" width=\"277\" height=\"382\"><\/em><\/p>\n<h5 style=\"font-weight: 400;\"><em>Valeria a pena um dia n\u00f3s projetarmos aqui. o Sacro Volto<\/em>&nbsp;[a Sagrada Face] de Turim, o Sud\u00e1rio Santo de Turim, que envolveu o cad\u00e1ver sagrado nos tr\u00eas dias tr\u00e1gicos em que Ele esteve jazendo na sepultura e que durante esse tempo marcou com a figura de Si mesmo milagrosamente esse sud\u00e1rio. Ali se v\u00ea a face de Nosso Senhor Jesus Cristo como era.<br>Do corpo do homem o mais expressivo \u00e9 a face. Na face do homem, o mais expressivo \u00e9 o olhar. No Santo Sud\u00e1rio de Turim os olhos est\u00e3o fechados, o olhar n\u00e3o se v\u00ea, mas que olhar transparece atrav\u00e9s dessas p\u00e1lpebras fechadas! Que grandeza! Que magnific\u00eancia! Que verdadeira maravilha!<\/h5><h5 style=\"font-weight: 400;\"><br>Quando se olha o Sacro Volto, o Sud\u00e1rio de Turim, n\u00e3o passa pela cabe\u00e7a de comparar com nenhum homem. N\u00e3o tem nenhuma compara\u00e7\u00e3o. N\u00e3o \u00e9 poss\u00edvel. N\u00e3o se diz sequer dele que Ele \u00e9 incompar\u00e1vel, porque a id\u00e9ia da compara\u00e7\u00e3o n\u00e3o passa pela cabe\u00e7a. Quando se diz de algu\u00e9m que ele \u00e9 incompar\u00e1vel, a gente tentou&nbsp; comparar e n\u00e3o conseguiu. Com Nosso Senhor Jesus Cristo n\u00e3o se tenta comparar. Logo \u00e0 primeira vista, no primeiro lance, j\u00e1 se esquece da possibilidade de compara\u00e7\u00e3o: Ele \u00e9 \u00fanico, Ele \u00e9 supremo, Ele \u00e9 divino! E Ele, entretanto, \u00e9 humano.<br>Os senhores podem imaginar o que foi a felicidade de tantos que, na Terra, O conheceram pessoalmente, que passaram perto dEle, para quem Ele olhou, para este, aquele ou aquele outro com olhos de meiguice, com olhos de aprova\u00e7\u00e3o, com olhos de c\u00f3lera.<\/h5>\n<p><\/p>\n<h5 style=\"font-weight: 400;\">Inimagin\u00e1vel da parte de quem \u00e9 t\u00e3o perfeito, com olhos de quem solicita um pouco de amor, um pouco de afeto, um pouco de pena e n\u00e3o consegue.<br>Os senhores podem imaginar o que \u00e9 que aconteceu com a Ver\u00f4nica. Conta-se que Ver\u00f4nica enxugou o rosto divino num pano e que nesse pano se estampou a face dEle e que ela guardou isto como uma rel\u00edquia precios\u00edssima e fez disso a sua felicidade. Eu acredito bem e acredito que ela tenha feito disso a sua felicidade.<br>Mas os senhores j\u00e1 pensaram quando Ele olhou para ela agradecendo aquele bem que ela fazia a Ele, o que nesse olhar Ele deu a ela? N\u00e3o \u00e9 verdade de que mais do que naquele pano ficou no fundo da retina dela, no fundo do cora\u00e7\u00e3o dela, no fundo da alma dela, aquele olhar, aqueles dois olhos aflitos, amargurados, carregando o sinal da dor, mas comprazidos e que diziam com a linguagem muda e de uma eloq\u00fc\u00eancia que nenhum orador alcan\u00e7ou, com a linguagem do olhar divino: \u201cMinha filha, obrigado!\u201d Este foi Nosso Senhor Jesus Cristo.<br>O que dizer dEle subindo no C\u00e9u? E o \u00faltimo olhar, que no mais alto das alturas Ele ainda deu para o homem, e olhando para o seu Col\u00e9gio Apost\u00f3lico reunido aos p\u00e9s dEle, para os fi\u00e9is que tinham ido ver a Ascens\u00e3o no Monte das Oliveiras, olhando para eles, olhando, olhando at\u00e9 onde eles podiam perceber um olhar, Ele olhou. E provavelmente olhou para o fundo dos olhos&#8230;<\/h5>\n\n\n\n<h5 style=\"font-weight: 400;\">Os senhores podem imaginar como Ele olhou para cada um, como cada um sentiu ali uma mensagem, uma \u00faltima palavra, uma recomenda\u00e7\u00e3o suprema, um adeus. Um adeus que da parte daquele que \u00e9 eterno tem o sentido de um at\u00e9 logo&#8230;<br>No meio dos Ap\u00f3stolos estava algu\u00e9m&#8230; a M\u00e3e dEle. Os senhores podem imaginar essa \u00faltima troca de olhar? Como Ele olhou para Ela e como Ela olhou para Ele?<br>Deve ter sido tal a ventura de perceber, de discernir essa \u00faltima troca de olhares, que se n\u00f3s tiv\u00e9ssemos simplesmente a ventura de estarmos ajoelhados em dire\u00e7\u00e3o a Nossa Senhora vendo apenas o olhar dEla para Ele, n\u00f3s nos julgar\u00edamos felizes pela vida inteira!<br>Um olhar feito de alegria diante da gl\u00f3ria dEle, porque Ele ia subindo cada vez mais na gl\u00f3ria;&nbsp; um olhar feito de amor pela realiza\u00e7\u00e3o completa de tudo o que tocava a Ele e de tudo quanto era o destino de Deus sobre Ele; um olhar de despedida. E mais uma vez no meio de tanta alegria, algo de dor ou \u00e0 maneira de dor na alma dEla dando uma certa do\u00e7ura que \u00e9 peculiar \u00e0 dor, e que as almas que n\u00e3o sofreram n\u00e3o sabem ver.<\/h5><h5 style=\"font-weight: 400;\"><br>E Ele j\u00e1 fora das condi\u00e7\u00f5es de sofrer, n\u00e3o sofrendo mais, mas despedindo-se dEla e num olhar talvez dizendo a Ela o seguinte (\u00e9 conjetura minha): \u201cLembrai-vos, Minha M\u00e3e, \u00e9 verdade, eu subo, mas eu estou em V\u00f3s, porque tendes em V\u00f3s as sagradas esp\u00e9cies, a Sagrada Eucaristia que nunca mais se corromper\u00e1 em V\u00f3s at\u00e9 ao momento de vossa morte\u201d.<br>At\u00e9 ao momento da morte? Eu n\u00e3o sei&#8230; \u00c9 uma das muitas coisas que eu gostarei de estudar de futuro no Corn\u00e9lio. Eu pretendo deixar o Corn\u00e9lio marcado para os senhores, de maneira que&#8230; Depois disso, podem fazer os seus&nbsp;<em>Santos do Dia<\/em>&nbsp;[confer\u00eancias a respeito de um(a) Santo(a) ou uma festa lit\u00fargica]. Mas \u00e9 um ponto que eu gostaria de esclarecer.<br>Agradar-me-ia pensar que mesmo quando Nossa Senhora morreu, mesmo durante o per\u00edodo da dormi\u00e7\u00e3o, quase se seria tentado a dizer da morte lev\u00edssima dEla, as Sagradas Esp\u00e9cies nEla n\u00e3o se deterioraram e que Ela subiu ao C\u00e9u levando consigo o Sant\u00edssimo Sacramento. Eu queria saber se isto \u00e9 teologicamente poss\u00edvel. Se fosse teologicamente poss\u00edvel, que belo imaginar! Que maravilha considerar isto!<br>Pois bem, esta beleza toda, esta maravilha toda de santidade, de sabedoria, de&nbsp;<em>pulchrum<\/em>&nbsp;que havia de um modo inimagin\u00e1vel na natureza humana de Nosso Senhor Jesus Cristo, de um modo perfeito e absoluto na sua natureza divina, tudo isso Deus quis que fosse&#8230; como comparar? Qual \u00e9 a compara\u00e7\u00e3o que est\u00e1 correta para isso? Talvez uma gota de orvalho nascida dentro da concha desta flor que foi Maria.<\/h5>\n\n\n\n\n\n\n\n<p style=\"font-weight: 400;\"><br><a href=\"https:\/\/ligadosantorosario.com\/?attachment_id=9298\" rel=\"attachment wp-att-9298\"><img loading=\"lazy\" decoding=\"async\" class=\" wp-image-9298 alignright\" src=\"http:\/\/ligadosantorosario.com\/wp-content\/uploads\/Anunciacao_Angelico-298x300.jpg\" alt=\"\" width=\"482\" height=\"486\" srcset=\"https:\/\/ligadosantorosario.com\/wp-content\/uploads\/Anunciacao_Angelico-298x300.jpg 298w, https:\/\/ligadosantorosario.com\/wp-content\/uploads\/Anunciacao_Angelico-1017x1024.jpg 1017w, https:\/\/ligadosantorosario.com\/wp-content\/uploads\/Anunciacao_Angelico-150x150.jpg 150w, https:\/\/ligadosantorosario.com\/wp-content\/uploads\/Anunciacao_Angelico-768x774.jpg 768w, https:\/\/ligadosantorosario.com\/wp-content\/uploads\/Anunciacao_Angelico-1525x1536.jpg 1525w, https:\/\/ligadosantorosario.com\/wp-content\/uploads\/Anunciacao_Angelico.jpg 1919w\" sizes=\"(max-width: 482px) 100vw, 482px\" \/><\/a><h5 style=\"font-weight: 400;\">No dia 25 de mar\u00e7o a Igreja celebra, exatamente, este fato incompar\u00e1vel! Nossa Senhora, os Evangelhos nos contam, Beato Ang\u00e9lico o pintou. Nossa Senhora colocada numa casinha pequena, modesta, limp\u00edssima e colocada em inteira ordem. Ela no claustro composto de umas pobres arcadazinhas e a uma altura qualquer que eu n\u00e3o me lembro bem, em certo ponto, no ch\u00e3o, um vaso ing\u00eanuo do qual sai uma planta reta como uma bengala e em cima, perpendicular, um l\u00edrio que se abre a boca, ou o cora\u00e7\u00e3o, aos olhos&#8230; n\u00e3o sei bem. E que \u00e9 s\u00edmbolo da Virgem Maria.<br>Ela sentada sobre um banquinho, com um material de medita\u00e7\u00e3o, livros ou rolos (n\u00e3o me lembro bem) na m\u00e3o; paz em volta; uma pali\u00e7adazinha assim tamb\u00e9m muito pobre, muito ing\u00eanua, muito novinha e muito bem conservada que fecha a propriedade em&nbsp; rela\u00e7\u00e3o aos vizinhos e que garante a solid\u00e3o. Ela est\u00e1 l\u00e1 e diante dela, ajoelhado, est\u00e1 um anjo. Ela est\u00e1 com a m\u00e3o assim e ouvindo o anjo falar.<br>\u00c9 o fato extraordin\u00e1rio que se deu naquela ocasi\u00e3o, quer dizer, Ela n\u00e3o pensava nisso. Ela n\u00e3o pensava nunca que poderia vir aquele anjo \u00e0quela hora, nem que aquele anjo lhe faria essa mensagem. Mas a mensagem lhe foi apresentada e a mensagem era esta: h\u00e1 quatro mil anos, talvez mais, a humanidade esperava aquele que deveria vir, porque havia uma tend\u00eancia de todos os homens, uma tend\u00eancia de todos os seres para que, afinal, nascesse a criatura perfeita que seria o centro de todas e em fun\u00e7\u00e3o da qual todas se estruturariam.<\/h5><\/p>\n\n\n<h5 style=\"font-weight: 400;\">Em virtude do pecado original os homens estavam num caos, numa desordem medonha. N\u00e3o s\u00f3 num caos e numa desordem, a pior das formas da desordem que \u00e9 a desordem organizada como a do Imp\u00e9rio Romano, organizada ao rev\u00e9s, em que todos os princ\u00edpios da ordem est\u00e3o com as pernas para o ar e que constitui uma ordem.<\/h5>\n<h5 style=\"font-weight: 400;\">Bem, n\u00e3o s\u00f3 assim estavam os povos pag\u00e3os, mas assim tamb\u00e9m estava o povo eleito. O povo judaico, o povo que tinha sido escolhido para a promessa, este povo estava na maior decad\u00eancia e no maior afastamento de Deus Nosso Senhor. Na Terra nada mais se salvava.<br>Uma Virgem, concebida Ela mesma sem pecado original, expressamente para essa miss\u00e3o, esta Virgem nascera de Santa Ana e de S\u00e3o Joaquim e esta Virgem casada, virginalmente, com o esposo virgem S\u00e3o Jos\u00e9, meditava. E sabendo que a \u00fanica solu\u00e7\u00e3o era a vinda do Messias, que a \u00fanica solu\u00e7\u00e3o era que viesse o redentor do g\u00eanero humano, o Salvador, ela meditava, Ela lia a B\u00edblia da qual Ela tinha uma intelig\u00eancia maior do que jamais ningu\u00e9m teve, e Ela via as promessas e Ela pensava a respeito do Messias.<br>Segundo eu li uma vez num livro de leitura espiritual, Ela foi levada pelo desejo de que nascesse o Messias, que Ela pedia instantemente, compondo a figura do Messias com base das Escrituras at\u00e9 que&#8230; com conjeturas etc&#8230; at\u00e9 imaginar como Ele seria. Esta obra prima da sabedoria dela, da virtude, do amor de Deus dela, essa sabedoria, apenas composta e quando Ela, na paz da sua medita\u00e7\u00e3o, acabava de dar o \u00faltimo tra\u00e7o para imaginar como Nosso Senhor Jesus Cristo seria&#8230; psst, uma ilumina\u00e7\u00e3o dentro do jardim! Aparece um anjo e lhe diz: \u201cAve Maria, cheia de gra\u00e7a, bendita tu entre as mulheres.\u201d<br>Ela se perturbou e n\u00e3o sabia qual era essa sauda\u00e7\u00e3o. O anjo, ent\u00e3o, explicou a Ela, n\u00f3s conhecemos todo o desenrolar dos fatos, que Ela seria M\u00e3e do filho de Deus e que o Verbo de Deus, o Messias nasceria dela.<\/h5>\n\n\n\n<h5 style=\"font-weight: 400;\">Os senhores podem imaginar o hum\u00edlimo susto dela. Ela se julgava indigna de ser a escrava da M\u00e3e do Messias e pedia a Deus que lhe desse a gra\u00e7a de conhecer a M\u00e3e do Messias e de servi-la. Era um favor ao qual Ela aspirava, considerando esse favor arrojado. De repente, recebe esse recado! M\u00e3e do Messias? Ser\u00e1s tu!<br>Mais ainda, M\u00e3e do Messias s\u00f3? N\u00e3o! Quem vai ser o pai desse Menino? A natureza humana, Ele a receber\u00e1 de ti, \u00f3 Maria, mas a uni\u00e3o com Deus como \u00e9? Tu ser\u00e1s a Esposa do Esp\u00edrito Santo! O Esp\u00edrito Santo engendrar\u00e1 em Ti, divinamente, espiritualmente, o filho que vai nascer.<br>Quer dizer, \u00e9 um tal c\u00famulo de gra\u00e7as, um tal c\u00famulo de fatores, tanta generosidade que \u00e9 dif\u00edcil calcular como Nossa Senhora se sentiu confundida naquele momento, mas ao mesmo tempo elevada, porque Ela era perfeita e vendo tais obras de Deus Ela n\u00e3o podia deixar de se alegrar enormemente. E vendo que Deus a escolhera para tais obras, a gratid\u00e3o dela n\u00e3o tinha limites e o prazer de se sentir unida com Deus, a alegria de se sentir unida com Deus devia ser maior na alma dela de que todos os mares e todos os oceanos.<br>Entretanto, a resposta hum\u00edlima. Com Deus n\u00e3o se discute: \u201cEis a escrava do Senhor, fa\u00e7a-se em mim segundo a vossa palavra. Quer dizer, Ela aceita, Deus manda nela o que Deus quer que se fa\u00e7a. Ela n\u00e3o vai discutir que Ela n\u00e3o \u00e9 digna, Ela n\u00e3o vai analisar-se a si mesma, nada. Deus quer, \u00e9 perfeito. Ali est\u00e1 Ela, fa\u00e7a-se.<br>E nesse instante um mist\u00e9rio divino do qual n\u00f3s n\u00e3o temos no\u00e7\u00e3o&nbsp; \u2013&nbsp;&nbsp; \u00e9 um dos pontos que eu quero estudar no Corn\u00e9lio para eu me preparar, se at\u00e9 l\u00e1 me levar Nossa Senhora, para chegar at\u00e9 ao C\u00e9u&nbsp; \u2013&nbsp; o que \u00e9 tudo que se pode saber a respeito da Encarna\u00e7\u00e3o; tudo o que se pode saber dos despons\u00f3rios do Esp\u00edrito Santo com Nossa Senhora; o que \u00e9 que nos diz a doutrina da Igreja a esse respeito e como foram da\u00ed por diante as rela\u00e7\u00f5es dela com o Divino Esp\u00edrito Santo, o Esposo dela? Coisa admir\u00e1vel que eu gostaria enormemente de saber.<br>Bem, o Esp\u00edrito Santo ali, no claustro de Maria, gerou a Nosso Senhor Jesus Cristo e come\u00e7ou, desde logo, da carne de Maria, que \u00e9 carne de Cristo \u2013&nbsp;<em>caro Christi caro Mariae<\/em>. Todos os homens s\u00e3o carne de seu pai e de sua m\u00e3e. Nosso Senhor Jesus Cristo \u00e9 carne exclusiva de Maria. N\u00e3o entra um esposo f\u00edsico ali. O cast\u00edssimo Jos\u00e9 \u00e9 apenas o pai legal, o pai adotivo de Nosso Senhor Jesus Cristo. N\u00e3o entra esposo f\u00edsico ali.<\/h5>\n\n\n\n\n\n<h5 style=\"font-weight: 400;\">Ent\u00e3o, o Esposo, o Divino Esp\u00edrito Santo engendra ali a Nosso Senhor Jesus Cristo; e desde o primeiro instante do ser em que esse primeiro elemento do Corpo dele come\u00e7ou a existir, como Ele era perfeito, come\u00e7ou a existir; come\u00e7ou a existir, come\u00e7ou a pensar; come\u00e7ou a pensar, come\u00e7ou a orar. E conhecendo perfeitamente de que M\u00e3e era Filho, Ele certamente disse a Ela uma palavra de amor.<br>Os senhores podem calcular qual foi essa primeira palavra de amor dEle para Nossa Senhora e qual foi a resposta de Nossa Senhora, sentindo esse carinho que lhe vinha do Filho Deus&#8230; Como \u00e9 que Ela disse a Ele? Ela disse: Meus Deus?&#8230; Ela disse: Meu Filho?&#8230; Ela n\u00e3o teria dito, Filhinho?&#8230; Que riqueza de alma era preciso ter para responder adequadamente a esse primeiro carinho! Que no\u00e7\u00e3o dos matizes! Que no\u00e7\u00e3o das situa\u00e7\u00f5es! Que perfeita disponibilidade da alma para corresponder a tudo perfeitamente e oferecer a Ele esta prim\u00edcia incompar\u00e1vel: o primeiro ato de amor que o g\u00eanero humano lhe oferecia!<br>\u00c9 muito bonito na vida de Nossa Senhora fazer-se a correla\u00e7\u00e3o dentre as coisas. O primeiro ato de amor que Ele deu a Ela quando Ele se encarnou \u2013 25 de Mar\u00e7o &#8211; e o \u00faltimo ato de amor que Ele deu a Ela quando Ele morreu. Porque eu n\u00e3o tenho d\u00favida que Ele antes de morrer disse a Ela, ao menos com a alma, alguma coisa que Ela entendeu e que era o ato de amor \u00faltimo que fechava o circuito desta vida, que era o ato de amor-rei, por onde o amor que Ele tinha tido a Ela durante a vida inteira se condensava numa venera\u00e7\u00e3o e numa car\u00edcia suprema.<\/h5>\n\n\n<h5 style=\"font-weight: 400;\">Ela tamb\u00e9m: o primeiro ato de amor dela, como ter\u00e1 sido? Como ter\u00e1 sido o \u00faltimo ato de amor dela? A este Filho que Ela viu morrer naquela situa\u00e7\u00e3o t\u00e3o tr\u00e1gica, t\u00e3o terr\u00edvel e que quanto mais sofredor, mais, mais e mais e mais Ela amava!&#8230; Ela n\u00e3o se teria lembrado naquele momento extremo e \u00faltimo do primeiro afago, da primeira troca de car\u00edcias? Ela n\u00e3o teria se lembrado: como \u00e9 Este que eles est\u00e3o matando? Oh!&#8230; Oh! meu adorado!&#8230;<br>Fazer estas correla\u00e7\u00f5es emite uma beleza toda especial que pelo menos a mim me encanta, eu fico entusiasmado.<br>Esta correla\u00e7\u00e3o abre, por mais magn\u00edfica que ela seja, entretanto, apenas o p\u00f3rtico para uma s\u00e9rie de maravilhas de que n\u00f3s n\u00e3o temos id\u00e9ia. Primeiro esta maravilha que est\u00e1 mais ao nosso alcance. O corpo Sacrat\u00edssimo de Nosso Senhor Jesus Cristo no claustro de Maria ia-se nutrir de todo o elemento necess\u00e1rio para crescer e tomar o tamanho normal para poder nascer. Houve, portanto, durante esse tempo todo, uma entrega de subst\u00e2ncia, se assim me posso exprimir, do corpo dela para o Corpo dele e de assimila\u00e7\u00e3o que o Corpo dele fazia do que recebia do corpo dela, que \u00e9 a pr\u00f3pria gesta\u00e7\u00e3o que procede.<\/h5>\n\n\n<h5 style=\"font-weight: 400;\">Mas n\u00e3o me \u00e9 poss\u00edvel imaginar que isto se tenha passado no terreno apenas org\u00e2nico e que \u00e0 medida que se ia passando assim a forma\u00e7\u00e3o do Corpo dele pela natureza dela, n\u00e3o se ia passando uma uni\u00e3o de alma cada vez maior entre Ele e Ela. De maneira que cada etapa da gesta\u00e7\u00e3o correspondesse mais magnificamente uma etapa da uni\u00e3o.<br>De maneira que quando o Corpo Sagrado de Nosso Senhor Jesus Cristo estava pronto para nascer, a alma de Nossa Senhora estava adornada com todos os adornos inexprim\u00edveis que lhe vinham de uma uni\u00e3o t\u00e3o \u00edntima com ele.<br>Esperado h\u00e1 quatro ou cinco mil anos \u2013 n\u00e3o se sabe quanto&nbsp; \u2013&nbsp; esperado h\u00e1 milhares de anos por todos os homens retos, cantado pelos Profetas, glorificado pelos Anjos, Nosso Senhor Jesus Cristo estava ali. E Ele, entretanto, antes de tomar contato com os homens quis passar nove meses, exclusivamente, na companhia de Maria. E como que fazer a Ela confid\u00eancias que n\u00e3o fez a ningu\u00e9m, ter com Ela um conv\u00edvio que n\u00e3o teve com ningu\u00e9m e ser dela e Ela ser dele como jamais ningu\u00e9m foi de ningu\u00e9m.<br>Os senhores podem imaginar o que isso representa de santidade e de uni\u00e3o. N\u00f3s n\u00e3o podemos aprofundar isto, nem de longe, mas nem de longe! E durante esse tempo todo em que se foi constituindo o corpo dele, o Corpo Sacrat\u00edssimo dele, em que a alma dele foi crescendo em formosura e santidade como seu corpo, e foi crescendo depois de nascido, tamb\u00e9m, Ela crescendo cada vez mais tamb\u00e9m.<br>E no lado da santidade da alma, algo nela se transformava e acrescia de contradit\u00f3rio e de magn\u00edfico. Quer dizer, Ela tinha todo o esplendor de uma Virgem, e nunca o perdeu; mas Ela foi tomando toda a majestade de uma M\u00e3e e nunca a perdeu! Virgem como ningu\u00e9m: Virgem antes do parto, durante o parto e depois do parto Ela o foi. Ela \u00e9 virgem no C\u00e9u&#8230; Mas, de outro lado, \u00e9 Ela M\u00e3e como ningu\u00e9m foi! De maneira que olhando para esta M\u00e3e Virginal a pessoa n\u00e3o saberia o que dizer: \u00f3 Virgem, \u00f3 M\u00e3e! O que exclamar?<\/h5>\n\n\n\n\n<h5 style=\"font-weight: 400;\">Assim se foi adornando a pessoa dela. E quando Ele nasceu, Ela inteiramente M\u00e3e o apresentou a S\u00e3o Jos\u00e9. Era a apresenta\u00e7\u00e3o ao g\u00eanero humano, estava a\u00ed o Salvador! Era o inef\u00e1vel e glorioso termo dos nove meses de gesta\u00e7\u00e3o de Nossa Senhora. Quanto mist\u00e9rio! Quanta maravilha!<br>Um segredo dentro do segredo: S\u00e3o Luiz Grignion alude a esse segredo com a for\u00e7a e delicadeza de express\u00e3o que lhe \u00e9 pr\u00f3pria. Nossa Senhora disse: \u201cEis a escrava do Senhor, fa\u00e7a-se em mim segundo a vossa palavra.\u201d Ato cont\u00ednuo Deus se faz escravo dela! \u00c9 o inimagin\u00e1vel!<br>Mas n\u00e3o h\u00e1 maior sujei\u00e7\u00e3o nesta terra do que a crian\u00e7a \u00e0 sua m\u00e3e, quando sua m\u00e3e o traz consigo. E durante nove meses consecutivos Ele quis pertencer inteiramente a Nossa Senhora. E Ela a quem Ele foi submisso durante todo o tempo, Ele teve para com Ela uma submiss\u00e3o estrita, literal ao p\u00e9 da letra, porque tudo quanto o nascituro faz \u00e9 condicionado ao que faz a m\u00e3e, ele est\u00e1 na depend\u00eancia inteira da m\u00e3e, ele \u00e9 o escravo da sua m\u00e3e. Jesus, o esperado das na\u00e7\u00f5es, o Homem t\u00e3o perfeito que n\u00e3o \u00e9 simplesmente homem, mas \u00e9 o Homem-Deus, porque a Segunda Pessoa da Sant\u00edssima Trindade se uniu hipostaticamente a Ele, Jesus \u00e9 o escravo de Maria; e Ela leva em si o seu pr\u00f3prio Deus.<\/h5><h5 style=\"font-weight: 400;\"><br>H\u00e1 m\u00e3es que enquanto esperam a crian\u00e7a, sentem \u00e0s vezes o movimento da crian\u00e7a. Quanta coisa Nossa Senhora sentiria, quando sentia o Filho mover-se dentro dela? E dizer: Deus se move em Mim! E aquele a quem o C\u00e9u e a Terra n\u00e3o poderiam conter, Este est\u00e1 no meu claustro porque Deus assim o quis. Hei-lo que se move em Mim delicadamente, amorosamente, nobremente, com uma movimenta\u00e7\u00e3o cheia de s\u00edmbolos e de mist\u00e9rios e eu ou\u00e7o, sinto e rezo, porque s\u00e3o mensagens para eu compreender, s\u00e3o comunica\u00e7\u00f5es para eu entender.<br>\u00d3 recolhimento, \u00f3 ora\u00e7\u00e3o, \u00f3 prenuncio do que deveriam ser ao longo dos s\u00e9culos as almas eucar\u00edsticas que tem a felicidade sem nome de, por alguns instantes cada dia, ter no seu pr\u00f3prio peito a Nosso Senhor Jesus Cristo! \u00d3 maravilha!<br>Esta conveni\u00eancia, esta depend\u00eancia inteira de Nosso Senhor Jesus Cristo em rela\u00e7\u00e3o a Ela, S\u00e3o Luiz Grignion acentua muito bem: marca que Nosso Senhor Jesus Cristo, no sentido mais radical da palavra quis vir-nos por meio de Maria. N\u00e3o \u00e9 s\u00f3 que Ela tenha sido o caminho, que Ela tenha sido o meio para chegar at\u00e9 n\u00f3s. N\u00e3o! Ele foi, por assim dizer, produzido por Ela para n\u00f3s.<br>Quer dizer, n\u00f3s devemos a Maria, Nosso Senhor Jesus Cristo. E se n\u00f3s queremos alguma coisa de Nosso Senhor Jesus Cristo n\u00f3s devemos pedir a Maria, porque Aquela que foi o caminho para Ele vir at\u00e9 n\u00f3s, Esta tem que ser o caminho para n\u00f3s irmos at\u00e9 Ele.<br>Nosso Senhor Jesus Cristo cont\u00e9m em si todas as gra\u00e7as, Nossa Senhora medianeira de Nosso Senhor Jesus Cristo para n\u00f3s, Nossa Senhora \u00e9 medianeira de todas as gra\u00e7as para n\u00f3s. E da\u00ed o fato de que tudo, absolutamente tudo, que os homens recebem na Terra, que tudo quanto os conduz ao bem e os leva \u00e0 vida eterna, tudo isso \u00e9 mandado, \u00e9 dado por meio de Maria.<\/h5>\n\n\n\n\n\n\n\n<h5 style=\"font-weight: 400;\">Ainda que a gente n\u00e3o pe\u00e7a, a gente suponha, que \u00e9 rezando para S\u00e3o Tal ou para outro S\u00e3o Tal que n\u00f3s obtivemos e \u00e9 verdade que n\u00f3s obtivemos por meio desse santo, mas obtivemos porque o santo rezou a Maria. Se o santo n\u00e3o rezasse a Maria n\u00e3o teria nada, porque nenhuma ora\u00e7\u00e3o \u00e9 agrad\u00e1vel a Deus, e nenhuma ora\u00e7\u00e3o chega a Nosso Senhor Jesus Cristo a n\u00e3o ser por meio de Maria.<br>Nossa Senhora quando conduzia a Nosso Senhor Jesus Cristo no seu claustro, dava aos homens uma li\u00e7\u00e3o de humildade admir\u00e1vel, porque Ela se deveria sentir, certamente, aniquilada pela despropor\u00e7\u00e3o entre Ela e o H\u00f3spede Divino que morava nela. Mas Ela era ao mesmo tempo uma esp\u00e9cie de ostens\u00f3rio: Nosso Senhor n\u00e3o podia ser visto. Mas Ela era como um ostens\u00f3rio, como uma p\u00edxide: Ele habitava nela e por todos os s\u00e9culos dos s\u00e9culos olhando a Ela os homens diriam: Ela n\u00e3o era sen\u00e3o uma mera criatura, Ele quis ter a condescend\u00eancia de fazer-se carne no claustro dela.<br>N\u00f3s cantamos no Credo, incluindo-nos:&nbsp;<em>et Verbo caro factum est et habitavit in nobis<\/em>. Foi S\u00e3o Luiz [IX, rei de Fran\u00e7a] que introduziu o h\u00e1bito de se inclinarem as pessoas quando no Credo se canta isto: \u201cE o Verbo de Deus se faz carne e habitou entre n\u00f3s\u201d. Bem, deu-se no claustro dela esse fato inenarr\u00e1vel, mas Deus nos deu ali uma li\u00e7\u00e3o de humildade tamb\u00e9m infinita. Ele que era Deus, infinitamente superior a tudo, querer ser escravo, querer estar reduzido a esta como que pris\u00e3o, a esta como que sujei\u00e7\u00e3o a uma mera criatura.<br>Miser\u00e1veis revolucion\u00e1rios que n\u00e3o quereis ter senhor! Miser\u00e1veis revolucion\u00e1rios que n\u00e3o quereis ter Deus! V\u00f3s compreendeis a li\u00e7\u00e3o que vos d\u00e1 Deus? Ele que se faz assim escravo no claustro de Maria para nos mostrar como \u00e9 belo e nobre obedecer?<br>Os senhores v\u00eaem a\u00ed como Deus na Sua Sabedoria disp\u00f5e de meios para nos instruir que nos deixam verdadeiramente sem palavras. Ponham, em tese o problema: Deus pode dar e deve dar li\u00e7\u00f5es de humildade a todos os homens, porque a humildade \u00e9 uma virtude, Ele d\u00e1 li\u00e7\u00e3o de todas as virtudes, logo deve dar li\u00e7\u00e3o da humildade.<br>Agora, que Deus pode ensinar que a humildade \u00e9 uma virtude, est\u00e1 bem&#8230; mas como pode Ele que \u00e9 supremo e perfeito, absoluto, praticar a humildade em rela\u00e7\u00e3o a uma mera criatura? Pois bem, a li\u00e7\u00e3o mais en\u00e9rgica, mais concludente, mais desconcertante est\u00e1 dada: Ele deu a li\u00e7\u00e3o de humildade fazendo-se escravo.<\/h5>\n\n\n\n\n\n<h5 style=\"font-weight: 400;\">H\u00e1 gl\u00f3ria em ser rei de um reino; h\u00e1 gl\u00f3ria de ser imperador de um imp\u00e9rio; h\u00e1 gl\u00f3ria em ser superior de um convento; ou bispo de uma diocese; ou Papa da Santa Igreja Universal. O que s\u00e3o essas gl\u00f3rias em rela\u00e7\u00e3o \u00e0 gloria de ser senhora de Nosso Senhor Jesus Cristo? Essa gl\u00f3ria, Ele reservou a Nossa Senhora!<br>E daquela de quem Ele quis ser escravo, Ele quis ser filho. N\u00e3o sei se os senhores notam as cambian\u00e7as de cores e como tudo isto \u00e9 opalescente e maravilhoso. Os senhores podem por a\u00ed ver quanta maravilha desconcertante h\u00e1 em tudo isto.<br>Mas se n\u00f3s numa pequena medita\u00e7\u00e3o pensamos tantas coisas a respeito disto e n\u00f3s n\u00e3o somos sen\u00e3o n\u00f3s, eu pergunto: o que ter\u00e1 tudo Ela pensado durante esse tempo? E levanta-se a\u00ed mais uma pergunta que eu gostaria de saber no Corn\u00e9lio&nbsp; \u2013&nbsp; se \u00e9 que o Corn\u00e9lio tem material para responder a essa pergunta&nbsp; \u2013&nbsp; eu gostaria de saber esta pergunta: no C\u00e9u aonde Nossa Senhora foi levada, n\u00e3o s\u00f3 em alma mas em corpo e alma&nbsp; \u2013&nbsp; Ela morreu e Ela subiu ao C\u00e9u, Ela teve a sua Assun\u00e7\u00e3o ao C\u00e9u&nbsp; \u2013&nbsp; no c\u00e9u n\u00f3s veremos Nossa Senhora de perto. Os senhores n\u00e3o teriam, depois desta reflex\u00e3o, vontade de se aproximar dela e imaginar que Ela no seu trono, t\u00e3o junto do trono do Divino Filho, se debru\u00e7a para saber o que os senhores querem?<br>Os senhores j\u00e1 se imaginaram pessoalmente nessa situa\u00e7\u00e3o? E um dos senhores, ou talvez eu, fazer a Ela esta pergunta: Minha Senhora, Minha M\u00e3e, podeis-me contar tudo o que meditastes desde o momento da Encarna\u00e7\u00e3o at\u00e9 ao momento do nascimento do Vosso Filho? Mas eu queria saber tudo, n\u00e3o queria que nada me ficasse ignoto, eu queria conhecer ponto por ponto e&#8230; minha M\u00e3e, perdoai meu atrevimento, mas eu queria contado por V\u00f3s mesma!<br>Os senhores, podem imaginar o que seria Nossa Senhora r\u00e9gia, magn\u00edfica, bondos\u00edssima, mel\u00edflua como a chamou S\u00e3o Bernardo, voltar e dizer: filho, come\u00e7ou assim&#8230;<br>Se assim se pudesse dizer, dez eternidades, cem eternidades, mil eternidades para ouvir s\u00f3 isso&#8230; \u00f3 que maravilha! E talvez se o n\u00famero fosse conect\u00e1vel com o conceito de eternidade (n\u00e3o \u00e9 conect\u00e1vel), mil eternidades n\u00e3o bastariam para n\u00f3s sabermos tudo isto que Ela pensou s\u00f3 durante esse tempo: tudo quanto Ele disse a Ela; tudo quanto Ela respondeu; todas as gra\u00e7as que lhe deu, todas as a\u00e7\u00f5es de gra\u00e7as dela, e Ela que rezou por este e por aquele, e por aquele outro&#8230; quem sabe se j\u00e1 ali Ela conheceu profeticamente a exist\u00eancia de todos n\u00f3s e por todos n\u00f3s rezou? E que surpresa vendo-a contar, de repente: e nesse passo, meu filho, eu rezei por ti!<\/h5>\n\n\n\n\n\n<h5 style=\"font-weight: 400;\">Que alegria! Que como\u00e7\u00e3o! Que agradecimento! E que c\u00e2ntico! Uma vez que \u00e9 certo que no C\u00e9u saberemos todos cantar.<br>Os senhores podem ver por essas considera\u00e7\u00f5es r\u00e1pidas&#8230; r\u00e1pidas, j\u00e1 vai longe&nbsp; \u2013&nbsp; os senhores podem ver a torrente de reflex\u00f5es que se podem fazer a respeito s\u00f3 do per\u00edodo da Encarna\u00e7\u00e3o. Os senhores podem por a\u00ed imaginar como Nossa Senhora viveu intensamente esses nove meses que se abrem no momento em que nela floresceu, desde o primeiro instante, Nosso Senhor Jesus Cristo.<\/h5>\n\n<p style=\"font-weight: 400;\"><br><img decoding=\"async\" class=\"alignleft\" src=\"https:\/\/www.pliniocorreadeoliveira.info\/Natividade_Giotto_detalhe.jpg\" alt=\"Natividade - Giotto - Detalhe\"><h5 style=\"font-weight: 400;\">Mas n\u00e3o foi s\u00f3. Esses momentos n\u00e3o foram momentos passageiros. A Encarna\u00e7\u00e3o cessou quando Ele nasceu, \u00e9 evidente! Os senhores podem imaginar o embevecimento dEla quando viu a face dEle? Quando Ela recebeu dEle o primeiro agrado externo sens\u00edvel? Quando Ela o viu voltar-se para S\u00e3o Jos\u00e9 e agradar S\u00e3o Jos\u00e9? E depois quando Ela viu que tinha fome e que competia a Ela, ao leite indizivelmente precioso dEla saciar a fome do Filho de Deus? E depois, quando Ela viu que Ele tinha frio, agasalh\u00e1-lo? E quando Ela viu que o conforto da manjedoura poderia ser aumentado, arranjando um pouco mais aqui, um pouco mais ali, um pouco mais l\u00e1, um pouco mais acol\u00e1.&nbsp;<\/h5><h5 style=\"font-weight: 400;\">Os mil cuidados que Ela inventou? E durante esse tempo na gruta os revoares de anjos? Que ora Ela notava inteiros, ora desapareciam completamente, para, de repente, algum l\u00famen ang\u00e9lico brilhar de c\u00e1, de l\u00e1 e de acol\u00e1&#8230; e era toda uma porta de anjos que passava cantando!<br>A chegada dos primeiros&nbsp; pastores, simples, glorificados pelo canto ang\u00e9lico e caminhando em dire\u00e7\u00e3o a Ela, cheios de amor. E depois o bafo dos animais que aqueciam o filho dEla e Ela dizer: \u201cMeu Deus, t\u00e3o pouco para quem \u00e9 tanto! E o Menino sem falar, dizer a Ela: \u201cO que \u00e9 que \u00e9 pouco para mim, quando Vos tenho a V\u00f3s?\u201d<br>Quem pode imaginar esse di\u00e1logo? E afinal os reis magos que chegam e que se aproximam e Ela que os mostra e come\u00e7a a\u00ed a hist\u00f3ria do mundo. O povo judeu estava ali representado por Nossa Senhora, S\u00e3o Jos\u00e9 e os pastores \u2013 era o povo eleito. Os outros povos que chegam s\u00e3o todas as na\u00e7\u00f5es da Terra representados por aqueles e v\u00e3o adorar o Menino. Ela mostra e o Menino tem palavras de alegria para cada um e Ela pensa: \u201c\u00e9 o Reino de Cristo que est\u00e1 come\u00e7ando!\u201d<\/h5><\/p>\n\n\n<h5 style=\"font-weight: 400;\">Todas essas considera\u00e7\u00f5es, meus caros, n\u00f3s as teremos na festa de amanh\u00e3. Eu lhes recomendo muito que comungando amanh\u00e3, os senhores tenham esta reflex\u00e3o: Nossa Senhora&nbsp; no momento da Encarna\u00e7\u00e3o \u00e9 o modelo daqueles que comungam. No momento em que&nbsp; comungamos Ele entra em n\u00f3s e Ele fica algum tempo em n\u00f3s. E n\u00f3s devemos tentar ter em rela\u00e7\u00e3o a Ele sentimentos an\u00e1logos ao que Ela teve quando Ele habitava nEla.<\/h5>\n<h5 style=\"font-weight: 400;\">Ent\u00e3o, devemos pedir a Ela, pela Sant\u00edssima Encarna\u00e7\u00e3o dEle, que nos d\u00ea essas disposi\u00e7\u00f5es de alma. N\u00e3o basta. Por melhores que sejam essas disposi\u00e7\u00f5es n\u00e3o est\u00e3o \u00e0 altura da situa\u00e7\u00e3o. A gente deve dizer: \u201cMinha M\u00e3e, V\u00f3s encontrastes tantas coisas para dizer a Ele quando Ele estava no vosso claustro. Vede que mis\u00e9rias eu digo, mas dizei por mim a Ele aquilo que eu gostaria de dizer se eu soubesse, aquilo que V\u00f3s dissestes quando Ele estava no vosso claustro. Falai minha M\u00e3e, por mim a Ele, e dizei a Ele tudo quanto eu queria ser capaz de dizer e n\u00e3o sou. Adorai-o como eu queria ador\u00e1-lo e n\u00e3o sou capaz. Dai-lhe a\u00e7\u00e3o de gra\u00e7as que eu queria d\u00e1-las e tamb\u00e9m n\u00e3o sei. Apresentai-lhe atos de repara\u00e7\u00e3o pelos meus pecados e pelos do mundo inteiro com um calor de repara\u00e7\u00e3o que infelizmente eu n\u00e3o tenho. S\u00f3 V\u00f3s o tendes como eu quereria que o meu fosse. Minha M\u00e3e, peti\u00e7\u00e3o, pedi por mim. Tudo o que eu preciso, tudo o que precisam todos os homens para realizar a Vossa gl\u00f3ria, porque, Minha M\u00e3e, o que eu mais pe\u00e7o do que tudo \u00e9 a Vossa gl\u00f3ria, a Vossa gl\u00f3ria e o Vosso Reino em mim e sobre todos os homens. Am\u00e9m\u201d.<\/h5><h5 style=\"font-weight: 400;\"><br>Esta \u00e9, meus caros, uma sugest\u00e3o para a vossa Comunh\u00e3o de amanh\u00e3. Ser\u00e1 uma sugest\u00e3o para a Comunh\u00e3o de outros dias, n\u00f3s trataremos disso numa outra ocasi\u00e3o quando falarmos de Nossa Senhora comungando pela primeira vez.<br>E com isso est\u00e1 terminado o nosso Santo do Dia!&#8230;<br>[Perguntam sobre algum epis\u00f3dio de sua inf\u00e2ncia e que tenha rela\u00e7\u00e3o com o acima exposto]<\/h5>\n\n\n\n<h5 style=\"font-weight: 400;\">Naturalmente estas alt\u00edssimas id\u00e9ias n\u00e3o me estavam presentes na minha mente de menino. Estas s\u00e3o id\u00e9ias que a leitura de coisas da doutrina cat\u00f3lica, sobretudo S\u00e3o Luiz Grignion de Montfort, foram ensinando. Mas eu n\u00e3o as tinha em menino. Tem-nas um menino? Eu diria: sim e n\u00e3o. Porque se \u00e9 verdade que uma crian\u00e7a n\u00e3o sabe de todas estas coisas, h\u00e1, entretanto, um senso cat\u00f3lico que habita na crian\u00e7a e que faz com que ela tenha uma predisposi\u00e7\u00e3o para saber tudo isso, faz com que ela tenha assim uma tend\u00eancia a saber de tudo isso, de maneira que quando lhe contam ela n\u00e3o s\u00f3 aceita, mas fica contente e encontra nisso a sua verdadeira alegria.<\/h5><h5 style=\"font-weight: 400;\"><br>A Igreja do Cora\u00e7\u00e3o de Jesus&#8230; como ela se afigurava a mim em menino? Uma ou outra vez que eu tenho voltado l\u00e1, tenho&nbsp;<em>flash<\/em>&nbsp;com a Igreja: ela me parece como no tempo em que eu era pequeno, \u00e9 um reluzimento, aquilo volta. Eu diria que \u00e9 quase algo de inverso que se d\u00e1: s\u00e3o as nossas que est\u00e3o no claustro da Igreja Cat\u00f3lica. E que ali, no claustro da Igreja, Cat\u00f3lica, v\u00e3o aprendendo coisas, v\u00e3o se modelando, v\u00e3o tomando jeito&nbsp; \u2013&nbsp; n\u00e3o sabem como, mas de tal maneira que elas v\u00e3o se adaptando e v\u00e3o tocando&nbsp; \u2013&nbsp; se eu pudesse dizer, a palavra n\u00e3o \u00e9 correta, a embocadura para a Igreja Cat\u00f3lica.&nbsp; De maneira que quando mais tarde a religi\u00e3o lhes \u00e9 ensinada, eles t\u00eam a impress\u00e3o que est\u00e1 explicitando uma coisa que vagamente j\u00e1 tinham pressentido: \u00e9 assim, \u00e9 assim, e assim a crian\u00e7a vai crendo.<\/h5><h5 style=\"font-weight: 400;\"><br>A Igreja do Cora\u00e7\u00e3o de Jesus, pequena igreja de par\u00f3quia, t\u00e3o grande na S\u00e3o Paulinho daquele tempo, a igreja do Cora\u00e7\u00e3o de Jesus com discretas mas expressivas harmonias de forma e, no meu tempo de pequeno, tamb\u00e9m de cor. (&#8230;) Mas h\u00e1 uma mistura de cores que filtram por aqueles vitrais e h\u00e1 um n\u00e3o sei o que ali que faz a crian\u00e7a antever mais ou menos, ou pressentir, tudo aquilo que ela saber\u00e1.&nbsp; Todas as belezas que eu aprendi da Santa Igreja Cat\u00f3lica e at\u00e9 mesmo das que eu conto aprender no Corn\u00e9lio, todas essas belezas eu tenho a impress\u00e3o que estavam contidas nas harmonias inef\u00e1veis e inexprim\u00edveis da igreja do Cora\u00e7\u00e3o de Jesus, da imagem de Nosso Senhor Jesus Cristo com o Cora\u00e7\u00e3o mostrando aos homens, daquele quadro que tem dEle pintado no teto onde Ele diz a Santa Margarida Maria: \u201cEis o Cora\u00e7\u00e3o que tanto amou os homens e que por eles foi t\u00e3o pouco amado\u201d; e do sorriso triunfante e condescendente de Nossa Senhora Auxiliadora. Este \u00e9 o nexo entre uma coisa e outra.&nbsp;<\/h5>\n\n\n<p style=\"font-weight: 400;\">\n<\/p>\t\t\t\t\t\t<\/div>\n\t\t\t\t<\/div>\n\t\t\t\t\t<\/div>\n\t\t<\/div>\n\t\t\t\t\t<\/div>\n\t\t<\/section>\n\t\t\t\t<\/div>\n\t\t","protected":false},"excerpt":{"rendered":"<p>Plinio Corr\u00eaa de Oliveira \u00a0 \u00a0 \u00a0 \u00a0 \u00a0 \u00a0 Confer\u00eancia proferida para s\u00f3cios e cooperadores \u00a0 \u00a0 \u00a0 \u00a0 \u00a0da TFP\u00a0 em 24 de mar\u00e7o de 1984\u00a0 \u00a0 \u00a0 ( Transcri\u00e7\u00e3o de fita magn\u00e9tica &#8211; sem revis\u00e3o do autor ) A D V E R T \u00ca N C I A O presente texto \u00e9 adapta\u00e7\u00e3o de transcri\u00e7\u00e3o de grava\u00e7\u00e3o de confer\u00eancia do Prof. Plinio Corr\u00eaa de Oliveira a s\u00f3cios e cooperadores da TFP, mantendo portanto o estilo verbal, e n\u00e3o foi revisto pelo autor.\u201cCat\u00f3lico apost\u00f3lico romano, o autor deste texto\u00a0\u00a0se submete com filial ardor ao ensinamento tradicional da&#8230;<\/p>\n","protected":false},"author":1,"featured_media":0,"comment_status":"open","ping_status":"open","sticky":false,"template":"","format":"standard","meta":{"jetpack_post_was_ever_published":false,"_jetpack_newsletter_access":"","_jetpack_dont_email_post_to_subs":false,"_jetpack_newsletter_tier_id":0,"footnotes":""},"categories":[1],"tags":[],"jetpack_sharing_enabled":true,"jetpack_featured_media_url":"","_links":{"self":[{"href":"https:\/\/ligadosantorosario.com\/index.php?rest_route=\/wp\/v2\/posts\/9297"}],"collection":[{"href":"https:\/\/ligadosantorosario.com\/index.php?rest_route=\/wp\/v2\/posts"}],"about":[{"href":"https:\/\/ligadosantorosario.com\/index.php?rest_route=\/wp\/v2\/types\/post"}],"author":[{"embeddable":true,"href":"https:\/\/ligadosantorosario.com\/index.php?rest_route=\/wp\/v2\/users\/1"}],"replies":[{"embeddable":true,"href":"https:\/\/ligadosantorosario.com\/index.php?rest_route=%2Fwp%2Fv2%2Fcomments&post=9297"}],"version-history":[{"count":18,"href":"https:\/\/ligadosantorosario.com\/index.php?rest_route=\/wp\/v2\/posts\/9297\/revisions"}],"predecessor-version":[{"id":12211,"href":"https:\/\/ligadosantorosario.com\/index.php?rest_route=\/wp\/v2\/posts\/9297\/revisions\/12211"}],"wp:attachment":[{"href":"https:\/\/ligadosantorosario.com\/index.php?rest_route=%2Fwp%2Fv2%2Fmedia&parent=9297"}],"wp:term":[{"taxonomy":"category","embeddable":true,"href":"https:\/\/ligadosantorosario.com\/index.php?rest_route=%2Fwp%2Fv2%2Fcategories&post=9297"},{"taxonomy":"post_tag","embeddable":true,"href":"https:\/\/ligadosantorosario.com\/index.php?rest_route=%2Fwp%2Fv2%2Ftags&post=9297"}],"curies":[{"name":"wp","href":"https:\/\/api.w.org\/{rel}","templated":true}]}}